{"id":2912,"date":"2018-04-16T01:00:51","date_gmt":"2018-04-15T23:00:51","guid":{"rendered":"http:\/\/www.3lo.walbrzych.pl\/wordpress\/?p=2912"},"modified":"2018-04-16T01:00:51","modified_gmt":"2018-04-15T23:00:51","slug":"uczennica-iii-lo-w-finale-konkursu-osmiu-wspanialych","status":"publish","type":"post","link":"https:\/\/www.3lo.walbrzych.pl\/wordpress\/uczennica-iii-lo-w-finale-konkursu-osmiu-wspanialych\/","title":{"rendered":"Uczennica III LO w finale Konkursu &#8222;O\u015bmiu Wspania\u0142ych&#8221;"},"content":{"rendered":"<p>Uczennica klasy II C liceum <strong>Weronika Kwiatkowska<\/strong> \u2013 gospodarz Klubu O\u015bmiu &#8222;Kopernik&#8221;\u00a0 dzia\u0142aj\u0105cego w naszej szkole, po pierwszym etapie Samorz\u0105dowego Konkursu &#8222;O\u015bmiu Wspania\u0142ych&#8221;, kt\u00f3ry odby\u0142 si\u0119 w Wa\u0142brzychu, zosta\u0142a zakwalifikowana i wzi\u0119\u0142a udzia\u0142 w eliminacjach do XXIV Og\u00f3lnopolskiej Edycji Samorz\u0105dowego Konkursu &#8222;O\u015bmiu Wspania\u0142ych&#8221;. Eliminacje mia\u0142y miejsce<strong>\u00a05.04.2018\u00a0 w M\u0142odzie\u017cowym Domu Kultury im. M. Gwizdak w Warszawie<\/strong><\/p>\n<p><strong>Kandydaci ubiegaj\u0105 si\u0119 o tytu\u0142 Wspania\u0142ego Polski.<\/strong><\/p>\n<p><strong>\u00a0<\/strong><\/p>\n<p><strong>WERONICE GRATULUJEMY I \u017bYCZYMY SUKCESU!!!!!<\/strong><\/p>\n","protected":false},"excerpt":{"rendered":"<p>Uczennica klasy II C liceum Weronika Kwiatkowska \u2013 gospodarz Klubu O\u015bmiu &#8222;Kopernik&#8221;\u00a0 dzia\u0142aj\u0105cego w naszej szkole, po pierwszym etapie Samorz\u0105dowego Konkursu &#8222;O\u015bmiu Wspania\u0142ych&#8221;, kt\u00f3ry odby\u0142 si\u0119 w Wa\u0142brzychu, zosta\u0142a zakwalifikowana i wzi\u0119\u0142a udzia\u0142 w eliminacjach do XXIV Og\u00f3lnopolskiej Edycji Samorz\u0105dowego Konkursu &#8222;O\u015bmiu Wspania\u0142ych&#8221;. Eliminacje mia\u0142y miejsce\u00a05.04.2018\u00a0 w M\u0142odzie\u017cowym Domu Kultury im. M. Gwizdak w Warszawie [&hellip;]<\/p>\n","protected":false},"author":4,"featured_media":8,"comment_status":"closed","ping_status":"closed","sticky":false,"template":"","format":"standard","meta":{"footnotes":""},"categories":[19],"tags":[],"class_list":["post-2912","post","type-post","status-publish","format-standard","has-post-thumbnail","hentry","category-aktualnosci"],"yoast_head":"<!-- This site is optimized with the Yoast SEO plugin v28.4 - https:\/\/yoast.com\/product\/yoast-seo-wordpress\/ -->\n<title>Uczennica III LO w finale Konkursu &quot;O\u015bmiu Wspania\u0142ych&quot; - III Liceum Og\u00f3lnokszta\u0142c\u0105ce im. Miko\u0142aja Kopernika<\/title>\n<meta name=\"robots\" content=\"index, follow, max-snippet:-1, max-image-preview:large, max-video-preview:-1\" \/>\n<link rel=\"canonical\" href=\"https:\/\/www.3lo.walbrzych.pl\/wordpress\/uczennica-iii-lo-w-finale-konkursu-osmiu-wspanialych\/\" \/>\n<meta property=\"og:locale\" content=\"pl_PL\" \/>\n<meta property=\"og:type\" content=\"article\" \/>\n<meta property=\"og:title\" content=\"Uczennica III LO w finale Konkursu &quot;O\u015bmiu Wspania\u0142ych&quot; - III Liceum Og\u00f3lnokszta\u0142c\u0105ce im. Miko\u0142aja Kopernika\" \/>\n<meta property=\"og:description\" content=\"Uczennica klasy II C liceum Weronika Kwiatkowska \u2013 gospodarz Klubu O\u015bmiu &#8222;Kopernik&#8221;\u00a0 dzia\u0142aj\u0105cego w naszej szkole, po pierwszym etapie Samorz\u0105dowego Konkursu &#8222;O\u015bmiu Wspania\u0142ych&#8221;, kt\u00f3ry odby\u0142 si\u0119 w Wa\u0142brzychu, zosta\u0142a zakwalifikowana i wzi\u0119\u0142a udzia\u0142 w eliminacjach do XXIV Og\u00f3lnopolskiej Edycji Samorz\u0105dowego Konkursu &#8222;O\u015bmiu Wspania\u0142ych&#8221;. Eliminacje mia\u0142y miejsce\u00a05.04.2018\u00a0 w M\u0142odzie\u017cowym Domu Kultury im. M. Gwizdak w Warszawie [&hellip;]\" \/>\n<meta property=\"og:url\" content=\"https:\/\/www.3lo.walbrzych.pl\/wordpress\/uczennica-iii-lo-w-finale-konkursu-osmiu-wspanialych\/\" \/>\n<meta property=\"og:site_name\" content=\"III Liceum Og\u00f3lnokszta\u0142c\u0105ce im. Miko\u0142aja Kopernika\" \/>\n<meta property=\"article:published_time\" content=\"2018-04-15T23:00:51+00:00\" \/>\n<meta property=\"og:image\" content=\"https:\/\/www.3lo.walbrzych.pl\/wordpress\/wp-content\/uploads\/2015\/08\/szkola_1.jpg\" \/>\n\t<meta property=\"og:image:width\" content=\"1000\" \/>\n\t<meta property=\"og:image:height\" content=\"581\" \/>\n\t<meta property=\"og:image:type\" content=\"image\/jpeg\" \/>\n<meta name=\"author\" content=\"Tomasz Smejlis\" \/>\n<meta name=\"twitter:card\" content=\"summary_large_image\" \/>\n<meta name=\"twitter:label1\" content=\"Napisane przez\" \/>\n\t<meta name=\"twitter:data1\" content=\"Tomasz Smejlis\" \/>\n<script type=\"application\/ld+json\" class=\"yoast-schema-graph\">{\"@context\":\"https:\\\/\\\/schema.org\",\"@graph\":[{\"@type\":\"Article\",\"@id\":\"https:\\\/\\\/www.3lo.walbrzych.pl\\\/wordpress\\\/uczennica-iii-lo-w-finale-konkursu-osmiu-wspanialych\\\/#article\",\"isPartOf\":{\"@id\":\"https:\\\/\\\/www.3lo.walbrzych.pl\\\/wordpress\\\/uczennica-iii-lo-w-finale-konkursu-osmiu-wspanialych\\\/\"},\"author\":{\"name\":\"Tomasz Smejlis\",\"@id\":\"https:\\\/\\\/www.3lo.walbrzych.pl\\\/wordpress\\\/#\\\/schema\\\/person\\\/a5a3335dddd08a52fc05f69d575fd448\"},\"headline\":\"Uczennica III LO w finale Konkursu &#8222;O\u015bmiu Wspania\u0142ych&#8221;\",\"datePublished\":\"2018-04-15T23:00:51+00:00\",\"mainEntityOfPage\":{\"@id\":\"https:\\\/\\\/www.3lo.walbrzych.pl\\\/wordpress\\\/uczennica-iii-lo-w-finale-konkursu-osmiu-wspanialych\\\/\"},\"wordCount\":94,\"publisher\":{\"@id\":\"https:\\\/\\\/www.3lo.walbrzych.pl\\\/wordpress\\\/#organization\"},\"image\":{\"@id\":\"https:\\\/\\\/www.3lo.walbrzych.pl\\\/wordpress\\\/uczennica-iii-lo-w-finale-konkursu-osmiu-wspanialych\\\/#primaryimage\"},\"thumbnailUrl\":\"https:\\\/\\\/www.3lo.walbrzych.pl\\\/wordpress\\\/wp-content\\\/uploads\\\/2015\\\/08\\\/szkola_1.jpg\",\"articleSection\":[\"Aktualno\u015bci\"],\"inLanguage\":\"pl-PL\"},{\"@type\":\"WebPage\",\"@id\":\"https:\\\/\\\/www.3lo.walbrzych.pl\\\/wordpress\\\/uczennica-iii-lo-w-finale-konkursu-osmiu-wspanialych\\\/\",\"url\":\"https:\\\/\\\/www.3lo.walbrzych.pl\\\/wordpress\\\/uczennica-iii-lo-w-finale-konkursu-osmiu-wspanialych\\\/\",\"name\":\"Uczennica III LO w finale Konkursu \\\"O\u015bmiu Wspania\u0142ych\\\" - III Liceum Og\u00f3lnokszta\u0142c\u0105ce im. Miko\u0142aja Kopernika\",\"isPartOf\":{\"@id\":\"https:\\\/\\\/www.3lo.walbrzych.pl\\\/wordpress\\\/#website\"},\"primaryImageOfPage\":{\"@id\":\"https:\\\/\\\/www.3lo.walbrzych.pl\\\/wordpress\\\/uczennica-iii-lo-w-finale-konkursu-osmiu-wspanialych\\\/#primaryimage\"},\"image\":{\"@id\":\"https:\\\/\\\/www.3lo.walbrzych.pl\\\/wordpress\\\/uczennica-iii-lo-w-finale-konkursu-osmiu-wspanialych\\\/#primaryimage\"},\"thumbnailUrl\":\"https:\\\/\\\/www.3lo.walbrzych.pl\\\/wordpress\\\/wp-content\\\/uploads\\\/2015\\\/08\\\/szkola_1.jpg\",\"datePublished\":\"2018-04-15T23:00:51+00:00\",\"breadcrumb\":{\"@id\":\"https:\\\/\\\/www.3lo.walbrzych.pl\\\/wordpress\\\/uczennica-iii-lo-w-finale-konkursu-osmiu-wspanialych\\\/#breadcrumb\"},\"inLanguage\":\"pl-PL\",\"potentialAction\":[{\"@type\":\"ReadAction\",\"target\":[\"https:\\\/\\\/www.3lo.walbrzych.pl\\\/wordpress\\\/uczennica-iii-lo-w-finale-konkursu-osmiu-wspanialych\\\/\"]}]},{\"@type\":\"ImageObject\",\"inLanguage\":\"pl-PL\",\"@id\":\"https:\\\/\\\/www.3lo.walbrzych.pl\\\/wordpress\\\/uczennica-iii-lo-w-finale-konkursu-osmiu-wspanialych\\\/#primaryimage\",\"url\":\"https:\\\/\\\/www.3lo.walbrzych.pl\\\/wordpress\\\/wp-content\\\/uploads\\\/2015\\\/08\\\/szkola_1.jpg\",\"contentUrl\":\"https:\\\/\\\/www.3lo.walbrzych.pl\\\/wordpress\\\/wp-content\\\/uploads\\\/2015\\\/08\\\/szkola_1.jpg\",\"width\":1000,\"height\":581},{\"@type\":\"BreadcrumbList\",\"@id\":\"https:\\\/\\\/www.3lo.walbrzych.pl\\\/wordpress\\\/uczennica-iii-lo-w-finale-konkursu-osmiu-wspanialych\\\/#breadcrumb\",\"itemListElement\":[{\"@type\":\"ListItem\",\"position\":1,\"name\":\"Strona g\u0142\u00f3wna\",\"item\":\"https:\\\/\\\/www.3lo.walbrzych.pl\\\/wordpress\\\/\"},{\"@type\":\"ListItem\",\"position\":2,\"name\":\"Uczennica III LO w finale Konkursu &#8222;O\u015bmiu Wspania\u0142ych&#8221;\"}]},{\"@type\":\"WebSite\",\"@id\":\"https:\\\/\\\/www.3lo.walbrzych.pl\\\/wordpress\\\/#website\",\"url\":\"https:\\\/\\\/www.3lo.walbrzych.pl\\\/wordpress\\\/\",\"name\":\"III Liceum Og\u00f3lnokszta\u0142c\u0105ce im. Miko\u0142aja Kopernika\",\"description\":\"\",\"publisher\":{\"@id\":\"https:\\\/\\\/www.3lo.walbrzych.pl\\\/wordpress\\\/#organization\"},\"potentialAction\":[{\"@type\":\"SearchAction\",\"target\":{\"@type\":\"EntryPoint\",\"urlTemplate\":\"https:\\\/\\\/www.3lo.walbrzych.pl\\\/wordpress\\\/?s={search_term_string}\"},\"query-input\":{\"@type\":\"PropertyValueSpecification\",\"valueRequired\":true,\"valueName\":\"search_term_string\"}}],\"inLanguage\":\"pl-PL\"},{\"@type\":\"Organization\",\"@id\":\"https:\\\/\\\/www.3lo.walbrzych.pl\\\/wordpress\\\/#organization\",\"name\":\"III Liceum Og\u00f3lnokszta\u0142c\u0105ce im. Miko\u0142aja Kopernika\",\"url\":\"https:\\\/\\\/www.3lo.walbrzych.pl\\\/wordpress\\\/\",\"logo\":{\"@type\":\"ImageObject\",\"inLanguage\":\"pl-PL\",\"@id\":\"https:\\\/\\\/www.3lo.walbrzych.pl\\\/wordpress\\\/#\\\/schema\\\/logo\\\/image\\\/\",\"url\":\"https:\\\/\\\/www.3lo.walbrzych.pl\\\/wordpress\\\/wp-content\\\/uploads\\\/2025\\\/09\\\/logo-szkoly-scaled.jpg\",\"contentUrl\":\"https:\\\/\\\/www.3lo.walbrzych.pl\\\/wordpress\\\/wp-content\\\/uploads\\\/2025\\\/09\\\/logo-szkoly-scaled.jpg\",\"width\":2560,\"height\":914,\"caption\":\"III Liceum Og\u00f3lnokszta\u0142c\u0105ce im. Miko\u0142aja Kopernika\"},\"image\":{\"@id\":\"https:\\\/\\\/www.3lo.walbrzych.pl\\\/wordpress\\\/#\\\/schema\\\/logo\\\/image\\\/\"}},{\"@type\":\"Person\",\"@id\":\"https:\\\/\\\/www.3lo.walbrzych.pl\\\/wordpress\\\/#\\\/schema\\\/person\\\/a5a3335dddd08a52fc05f69d575fd448\",\"name\":\"Tomasz Smejlis\",\"url\":\"https:\\\/\\\/www.3lo.walbrzych.pl\\\/wordpress\\\/author\\\/tfox\\\/\"}]}<\/script>\n<!-- \/ Yoast SEO plugin. -->","yoast_head_json":{"title":"Uczennica III LO w finale Konkursu \"O\u015bmiu Wspania\u0142ych\" - III Liceum Og\u00f3lnokszta\u0142c\u0105ce im. Miko\u0142aja Kopernika","robots":{"index":"index","follow":"follow","max-snippet":"max-snippet:-1","max-image-preview":"max-image-preview:large","max-video-preview":"max-video-preview:-1"},"canonical":"https:\/\/www.3lo.walbrzych.pl\/wordpress\/uczennica-iii-lo-w-finale-konkursu-osmiu-wspanialych\/","og_locale":"pl_PL","og_type":"article","og_title":"Uczennica III LO w finale Konkursu \"O\u015bmiu Wspania\u0142ych\" - III Liceum Og\u00f3lnokszta\u0142c\u0105ce im. Miko\u0142aja Kopernika","og_description":"Uczennica klasy II C liceum Weronika Kwiatkowska \u2013 gospodarz Klubu O\u015bmiu &#8222;Kopernik&#8221;\u00a0 dzia\u0142aj\u0105cego w naszej szkole, po pierwszym etapie Samorz\u0105dowego Konkursu &#8222;O\u015bmiu Wspania\u0142ych&#8221;, kt\u00f3ry odby\u0142 si\u0119 w Wa\u0142brzychu, zosta\u0142a zakwalifikowana i wzi\u0119\u0142a udzia\u0142 w eliminacjach do XXIV Og\u00f3lnopolskiej Edycji Samorz\u0105dowego Konkursu &#8222;O\u015bmiu Wspania\u0142ych&#8221;. Eliminacje mia\u0142y miejsce\u00a05.04.2018\u00a0 w M\u0142odzie\u017cowym Domu Kultury im. M. Gwizdak w Warszawie [&hellip;]","og_url":"https:\/\/www.3lo.walbrzych.pl\/wordpress\/uczennica-iii-lo-w-finale-konkursu-osmiu-wspanialych\/","og_site_name":"III Liceum Og\u00f3lnokszta\u0142c\u0105ce im. Miko\u0142aja Kopernika","article_published_time":"2018-04-15T23:00:51+00:00","og_image":[{"width":1000,"height":581,"url":"https:\/\/www.3lo.walbrzych.pl\/wordpress\/wp-content\/uploads\/2015\/08\/szkola_1.jpg","type":"image\/jpeg"}],"author":"Tomasz Smejlis","twitter_card":"summary_large_image","twitter_misc":{"Napisane przez":"Tomasz Smejlis"},"schema":{"@context":"https:\/\/schema.org","@graph":[{"@type":"Article","@id":"https:\/\/www.3lo.walbrzych.pl\/wordpress\/uczennica-iii-lo-w-finale-konkursu-osmiu-wspanialych\/#article","isPartOf":{"@id":"https:\/\/www.3lo.walbrzych.pl\/wordpress\/uczennica-iii-lo-w-finale-konkursu-osmiu-wspanialych\/"},"author":{"name":"Tomasz Smejlis","@id":"https:\/\/www.3lo.walbrzych.pl\/wordpress\/#\/schema\/person\/a5a3335dddd08a52fc05f69d575fd448"},"headline":"Uczennica III LO w finale Konkursu &#8222;O\u015bmiu Wspania\u0142ych&#8221;","datePublished":"2018-04-15T23:00:51+00:00","mainEntityOfPage":{"@id":"https:\/\/www.3lo.walbrzych.pl\/wordpress\/uczennica-iii-lo-w-finale-konkursu-osmiu-wspanialych\/"},"wordCount":94,"publisher":{"@id":"https:\/\/www.3lo.walbrzych.pl\/wordpress\/#organization"},"image":{"@id":"https:\/\/www.3lo.walbrzych.pl\/wordpress\/uczennica-iii-lo-w-finale-konkursu-osmiu-wspanialych\/#primaryimage"},"thumbnailUrl":"https:\/\/www.3lo.walbrzych.pl\/wordpress\/wp-content\/uploads\/2015\/08\/szkola_1.jpg","articleSection":["Aktualno\u015bci"],"inLanguage":"pl-PL"},{"@type":"WebPage","@id":"https:\/\/www.3lo.walbrzych.pl\/wordpress\/uczennica-iii-lo-w-finale-konkursu-osmiu-wspanialych\/","url":"https:\/\/www.3lo.walbrzych.pl\/wordpress\/uczennica-iii-lo-w-finale-konkursu-osmiu-wspanialych\/","name":"Uczennica III LO w finale Konkursu \"O\u015bmiu Wspania\u0142ych\" - III Liceum Og\u00f3lnokszta\u0142c\u0105ce im. Miko\u0142aja Kopernika","isPartOf":{"@id":"https:\/\/www.3lo.walbrzych.pl\/wordpress\/#website"},"primaryImageOfPage":{"@id":"https:\/\/www.3lo.walbrzych.pl\/wordpress\/uczennica-iii-lo-w-finale-konkursu-osmiu-wspanialych\/#primaryimage"},"image":{"@id":"https:\/\/www.3lo.walbrzych.pl\/wordpress\/uczennica-iii-lo-w-finale-konkursu-osmiu-wspanialych\/#primaryimage"},"thumbnailUrl":"https:\/\/www.3lo.walbrzych.pl\/wordpress\/wp-content\/uploads\/2015\/08\/szkola_1.jpg","datePublished":"2018-04-15T23:00:51+00:00","breadcrumb":{"@id":"https:\/\/www.3lo.walbrzych.pl\/wordpress\/uczennica-iii-lo-w-finale-konkursu-osmiu-wspanialych\/#breadcrumb"},"inLanguage":"pl-PL","potentialAction":[{"@type":"ReadAction","target":["https:\/\/www.3lo.walbrzych.pl\/wordpress\/uczennica-iii-lo-w-finale-konkursu-osmiu-wspanialych\/"]}]},{"@type":"ImageObject","inLanguage":"pl-PL","@id":"https:\/\/www.3lo.walbrzych.pl\/wordpress\/uczennica-iii-lo-w-finale-konkursu-osmiu-wspanialych\/#primaryimage","url":"https:\/\/www.3lo.walbrzych.pl\/wordpress\/wp-content\/uploads\/2015\/08\/szkola_1.jpg","contentUrl":"https:\/\/www.3lo.walbrzych.pl\/wordpress\/wp-content\/uploads\/2015\/08\/szkola_1.jpg","width":1000,"height":581},{"@type":"BreadcrumbList","@id":"https:\/\/www.3lo.walbrzych.pl\/wordpress\/uczennica-iii-lo-w-finale-konkursu-osmiu-wspanialych\/#breadcrumb","itemListElement":[{"@type":"ListItem","position":1,"name":"Strona g\u0142\u00f3wna","item":"https:\/\/www.3lo.walbrzych.pl\/wordpress\/"},{"@type":"ListItem","position":2,"name":"Uczennica III LO w finale Konkursu &#8222;O\u015bmiu Wspania\u0142ych&#8221;"}]},{"@type":"WebSite","@id":"https:\/\/www.3lo.walbrzych.pl\/wordpress\/#website","url":"https:\/\/www.3lo.walbrzych.pl\/wordpress\/","name":"III Liceum Og\u00f3lnokszta\u0142c\u0105ce im. Miko\u0142aja Kopernika","description":"","publisher":{"@id":"https:\/\/www.3lo.walbrzych.pl\/wordpress\/#organization"},"potentialAction":[{"@type":"SearchAction","target":{"@type":"EntryPoint","urlTemplate":"https:\/\/www.3lo.walbrzych.pl\/wordpress\/?s={search_term_string}"},"query-input":{"@type":"PropertyValueSpecification","valueRequired":true,"valueName":"search_term_string"}}],"inLanguage":"pl-PL"},{"@type":"Organization","@id":"https:\/\/www.3lo.walbrzych.pl\/wordpress\/#organization","name":"III Liceum Og\u00f3lnokszta\u0142c\u0105ce im. Miko\u0142aja Kopernika","url":"https:\/\/www.3lo.walbrzych.pl\/wordpress\/","logo":{"@type":"ImageObject","inLanguage":"pl-PL","@id":"https:\/\/www.3lo.walbrzych.pl\/wordpress\/#\/schema\/logo\/image\/","url":"https:\/\/www.3lo.walbrzych.pl\/wordpress\/wp-content\/uploads\/2025\/09\/logo-szkoly-scaled.jpg","contentUrl":"https:\/\/www.3lo.walbrzych.pl\/wordpress\/wp-content\/uploads\/2025\/09\/logo-szkoly-scaled.jpg","width":2560,"height":914,"caption":"III Liceum Og\u00f3lnokszta\u0142c\u0105ce im. Miko\u0142aja Kopernika"},"image":{"@id":"https:\/\/www.3lo.walbrzych.pl\/wordpress\/#\/schema\/logo\/image\/"}},{"@type":"Person","@id":"https:\/\/www.3lo.walbrzych.pl\/wordpress\/#\/schema\/person\/a5a3335dddd08a52fc05f69d575fd448","name":"Tomasz Smejlis","url":"https:\/\/www.3lo.walbrzych.pl\/wordpress\/author\/tfox\/"}]}},"_links":{"self":[{"href":"https:\/\/www.3lo.walbrzych.pl\/wordpress\/wp-json\/wp\/v2\/posts\/2912","targetHints":{"allow":["GET"]}}],"collection":[{"href":"https:\/\/www.3lo.walbrzych.pl\/wordpress\/wp-json\/wp\/v2\/posts"}],"about":[{"href":"https:\/\/www.3lo.walbrzych.pl\/wordpress\/wp-json\/wp\/v2\/types\/post"}],"author":[{"embeddable":true,"href":"https:\/\/www.3lo.walbrzych.pl\/wordpress\/wp-json\/wp\/v2\/users\/4"}],"replies":[{"embeddable":true,"href":"https:\/\/www.3lo.walbrzych.pl\/wordpress\/wp-json\/wp\/v2\/comments?post=2912"}],"version-history":[{"count":1,"href":"https:\/\/www.3lo.walbrzych.pl\/wordpress\/wp-json\/wp\/v2\/posts\/2912\/revisions"}],"predecessor-version":[{"id":2913,"href":"https:\/\/www.3lo.walbrzych.pl\/wordpress\/wp-json\/wp\/v2\/posts\/2912\/revisions\/2913"}],"wp:featuredmedia":[{"embeddable":true,"href":"https:\/\/www.3lo.walbrzych.pl\/wordpress\/wp-json\/wp\/v2\/media\/8"}],"wp:attachment":[{"href":"https:\/\/www.3lo.walbrzych.pl\/wordpress\/wp-json\/wp\/v2\/media?parent=2912"}],"wp:term":[{"taxonomy":"category","embeddable":true,"href":"https:\/\/www.3lo.walbrzych.pl\/wordpress\/wp-json\/wp\/v2\/categories?post=2912"},{"taxonomy":"post_tag","embeddable":true,"href":"https:\/\/www.3lo.walbrzych.pl\/wordpress\/wp-json\/wp\/v2\/tags?post=2912"}],"curies":[{"name":"wp","href":"https:\/\/api.w.org\/{rel}","templated":true}]}}