{"id":2974,"date":"2018-04-26T06:56:56","date_gmt":"2018-04-26T04:56:56","guid":{"rendered":"http:\/\/www.3lo.walbrzych.pl\/wordpress\/?p=2974"},"modified":"2018-04-26T07:00:55","modified_gmt":"2018-04-26T05:00:55","slug":"v-diecezjalny-konkurs-misyjny-2","status":"publish","type":"post","link":"https:\/\/www.3lo.walbrzych.pl\/wordpress\/v-diecezjalny-konkurs-misyjny-2\/","title":{"rendered":"V DIECEZJALNY KONKURS MISYJNY"},"content":{"rendered":"<p>Etap diecezjalny Konkursu Misyjnego <em>\u201eMatka Afryki\u201d b\u0142. Maria Teresa Led\u00f3chowska\u00a0<\/em>odby\u0142 si\u0119 12 kwietnia 2018 r. w auli \u015awidnickiej Kurii Biskupiej o godz. 10.00. Nasz\u0105 szko\u0142\u0119 reprezentowa\u0142y uczennice <strong>NIKOLA BRU\u017bEWICZ<\/strong> i <strong>MARTYNA BONIOWSKA<\/strong> z klasy drugiej gimnazjum. Uplasowa\u0142y si\u0119 na 10 i 12 miejscu na oko\u0142o 50 zg\u0142oszonych uczestnik\u00f3w konkursu misyjnego.<\/p>\n<p>Do zebranej m\u0142odzie\u017cy w ciep\u0142ych s\u0142owach przem\u00f3wi\u0142 ordynariusz naszej diecezji ks. bp Ignacy Dec. Nast\u0119pnie zabra\u0142 g\u0142os ks. Tadeusz Fary\u015b \u2013 Dyrektor Diecezjalny PDM, kt\u00f3ry dokona\u0142 wprowadzenia w sam przebieg konkursu i przypomnia\u0142, \u017ce odbywa si\u0119 on w przeddzie\u0144 155 rocznicy urodzin b\u0142. Marii Teresy Led\u00f3chowskiej.<\/p>\n<p><a href=\"https:\/\/www.3lo.walbrzych.pl\/wordpress\/wp-content\/uploads\/2018\/04\/20180412_115139-1.jpg\"><img loading=\"lazy\" decoding=\"async\" class=\"aligncenter size-large wp-image-2976\" src=\"https:\/\/www.3lo.walbrzych.pl\/wordpress\/wp-content\/uploads\/2018\/04\/20180412_115139-1-1024x576.jpg\" alt=\"\" width=\"1024\" height=\"576\" srcset=\"https:\/\/www.3lo.walbrzych.pl\/wordpress\/wp-content\/uploads\/2018\/04\/20180412_115139-1-1024x576.jpg 1024w, https:\/\/www.3lo.walbrzych.pl\/wordpress\/wp-content\/uploads\/2018\/04\/20180412_115139-1-300x169.jpg 300w, https:\/\/www.3lo.walbrzych.pl\/wordpress\/wp-content\/uploads\/2018\/04\/20180412_115139-1-768x432.jpg 768w\" sizes=\"auto, (max-width: 1024px) 100vw, 1024px\" \/><\/a><\/p>\n<p>M\u0142odzie\u017c i katecheci mieli mo\u017cliwo\u015b\u0107 spotkania si\u0119 z duchowymi c\u00f3rkami \u201eMatki Afryki\u201d, kt\u00f3re przyby\u0142y z Nigerii. By\u0142y to siostry klawerianki: s. Cynthia i s. Anthonia. Siostry ukaza\u0142y sytuacj\u0119 Ko\u015bcio\u0142a katolickiego w Nigerii i \u017cycie codzienne nigeryjskich dzieci oraz zach\u0119ci\u0142y do wdzi\u0119czno\u015bci za dar wiary, mo\u017cliwo\u015b\u0107 bezp\u0142atnej nauki i inne dary, kt\u00f3re m\u0142odzie\u017c w Polsce otrzymuje ka\u017cdego dnia od Pana Boga. Przybli\u017cy\u0142y tak\u017ce kultur\u0119 afryka\u0144sk\u0105, wykonuj\u0105c wsp\u00f3lnie z m\u0142odzie\u017c\u0105 piosenki w j\u0119zyku <em>ibu <\/em>(narzecze, kt\u00f3rego u\u017cywa si\u0119 w Nigerii).<\/p>\n<p><a href=\"https:\/\/www.3lo.walbrzych.pl\/wordpress\/wp-content\/uploads\/2018\/04\/1.jpg\"><img loading=\"lazy\" decoding=\"async\" class=\"aligncenter size-full wp-image-2979\" src=\"https:\/\/www.3lo.walbrzych.pl\/wordpress\/wp-content\/uploads\/2018\/04\/1.jpg\" alt=\"\" width=\"764\" height=\"510\" srcset=\"https:\/\/www.3lo.walbrzych.pl\/wordpress\/wp-content\/uploads\/2018\/04\/1.jpg 764w, https:\/\/www.3lo.walbrzych.pl\/wordpress\/wp-content\/uploads\/2018\/04\/1-300x200.jpg 300w\" sizes=\"auto, (max-width: 764px) 100vw, 764px\" \/><\/a> <a href=\"https:\/\/www.3lo.walbrzych.pl\/wordpress\/wp-content\/uploads\/2018\/04\/2.jpg\"><img loading=\"lazy\" decoding=\"async\" class=\"aligncenter size-full wp-image-2980\" src=\"https:\/\/www.3lo.walbrzych.pl\/wordpress\/wp-content\/uploads\/2018\/04\/2.jpg\" alt=\"\" width=\"764\" height=\"510\" srcset=\"https:\/\/www.3lo.walbrzych.pl\/wordpress\/wp-content\/uploads\/2018\/04\/2.jpg 764w, https:\/\/www.3lo.walbrzych.pl\/wordpress\/wp-content\/uploads\/2018\/04\/2-300x200.jpg 300w\" sizes=\"auto, (max-width: 764px) 100vw, 764px\" \/><\/a> <a href=\"https:\/\/www.3lo.walbrzych.pl\/wordpress\/wp-content\/uploads\/2018\/04\/3.jpg\"><img loading=\"lazy\" decoding=\"async\" class=\"aligncenter size-full wp-image-2981\" src=\"https:\/\/www.3lo.walbrzych.pl\/wordpress\/wp-content\/uploads\/2018\/04\/3.jpg\" alt=\"\" width=\"764\" height=\"510\" srcset=\"https:\/\/www.3lo.walbrzych.pl\/wordpress\/wp-content\/uploads\/2018\/04\/3.jpg 764w, https:\/\/www.3lo.walbrzych.pl\/wordpress\/wp-content\/uploads\/2018\/04\/3-300x200.jpg 300w\" sizes=\"auto, (max-width: 764px) 100vw, 764px\" \/><\/a><\/p>\n<p><span style=\"font-size: 10pt;\">Dzi\u0119kujemy redakcji &#8222;Go\u015bcia Niedzielnego&#8221; za mo\u017cliwo\u015b\u0107 wykorzystania zdj\u0119\u0107 na naszej stronie<\/span><\/p>\n","protected":false},"excerpt":{"rendered":"<p>Etap diecezjalny Konkursu Misyjnego \u201eMatka Afryki\u201d b\u0142. Maria Teresa Led\u00f3chowska\u00a0odby\u0142 si\u0119 12 kwietnia 2018 r. w auli \u015awidnickiej Kurii Biskupiej o godz. 10.00. Nasz\u0105 szko\u0142\u0119 reprezentowa\u0142y uczennice NIKOLA BRU\u017bEWICZ i MARTYNA BONIOWSKA z klasy drugiej gimnazjum. Uplasowa\u0142y si\u0119 na 10 i 12 miejscu na oko\u0142o 50 zg\u0142oszonych uczestnik\u00f3w konkursu misyjnego. Do zebranej m\u0142odzie\u017cy w ciep\u0142ych [&hellip;]<\/p>\n","protected":false},"author":4,"featured_media":2975,"comment_status":"closed","ping_status":"closed","sticky":false,"template":"","format":"standard","meta":{"footnotes":""},"categories":[19,20],"tags":[],"class_list":["post-2974","post","type-post","status-publish","format-standard","has-post-thumbnail","hentry","category-aktualnosci","category-konkursy"],"yoast_head":"<!-- This site is optimized with the Yoast SEO plugin v28.4 - https:\/\/yoast.com\/product\/yoast-seo-wordpress\/ -->\n<title>V DIECEZJALNY KONKURS MISYJNY - III Liceum Og\u00f3lnokszta\u0142c\u0105ce im. Miko\u0142aja Kopernika<\/title>\n<meta name=\"robots\" content=\"index, follow, max-snippet:-1, max-image-preview:large, max-video-preview:-1\" \/>\n<link rel=\"canonical\" href=\"https:\/\/www.3lo.walbrzych.pl\/wordpress\/v-diecezjalny-konkurs-misyjny-2\/\" \/>\n<meta property=\"og:locale\" content=\"pl_PL\" \/>\n<meta property=\"og:type\" content=\"article\" \/>\n<meta property=\"og:title\" content=\"V DIECEZJALNY KONKURS MISYJNY - III Liceum Og\u00f3lnokszta\u0142c\u0105ce im. Miko\u0142aja Kopernika\" \/>\n<meta property=\"og:description\" content=\"Etap diecezjalny Konkursu Misyjnego \u201eMatka Afryki\u201d b\u0142. Maria Teresa Led\u00f3chowska\u00a0odby\u0142 si\u0119 12 kwietnia 2018 r. w auli \u015awidnickiej Kurii Biskupiej o godz. 10.00. Nasz\u0105 szko\u0142\u0119 reprezentowa\u0142y uczennice NIKOLA BRU\u017bEWICZ i MARTYNA BONIOWSKA z klasy drugiej gimnazjum. Uplasowa\u0142y si\u0119 na 10 i 12 miejscu na oko\u0142o 50 zg\u0142oszonych uczestnik\u00f3w konkursu misyjnego. Do zebranej m\u0142odzie\u017cy w ciep\u0142ych [&hellip;]\" \/>\n<meta property=\"og:url\" content=\"https:\/\/www.3lo.walbrzych.pl\/wordpress\/v-diecezjalny-konkurs-misyjny-2\/\" \/>\n<meta property=\"og:site_name\" content=\"III Liceum Og\u00f3lnokszta\u0142c\u0105ce im. Miko\u0142aja Kopernika\" \/>\n<meta property=\"article:published_time\" content=\"2018-04-26T04:56:56+00:00\" \/>\n<meta property=\"article:modified_time\" content=\"2018-04-26T05:00:55+00:00\" \/>\n<meta property=\"og:image\" content=\"https:\/\/www.3lo.walbrzych.pl\/wordpress\/wp-content\/uploads\/2018\/04\/20180412_130022-1024x576.jpg\" \/>\n\t<meta property=\"og:image:width\" content=\"1024\" \/>\n\t<meta property=\"og:image:height\" content=\"576\" \/>\n\t<meta property=\"og:image:type\" content=\"image\/jpeg\" \/>\n<meta name=\"author\" content=\"Tomasz Smejlis\" \/>\n<meta name=\"twitter:card\" content=\"summary_large_image\" \/>\n<meta name=\"twitter:label1\" content=\"Napisane przez\" \/>\n\t<meta name=\"twitter:data1\" content=\"Tomasz Smejlis\" \/>\n\t<meta name=\"twitter:label2\" content=\"Szacowany czas czytania\" \/>\n\t<meta name=\"twitter:data2\" content=\"1 minuta\" \/>\n<script type=\"application\/ld+json\" class=\"yoast-schema-graph\">{\"@context\":\"https:\\\/\\\/schema.org\",\"@graph\":[{\"@type\":\"Article\",\"@id\":\"https:\\\/\\\/www.3lo.walbrzych.pl\\\/wordpress\\\/v-diecezjalny-konkurs-misyjny-2\\\/#article\",\"isPartOf\":{\"@id\":\"https:\\\/\\\/www.3lo.walbrzych.pl\\\/wordpress\\\/v-diecezjalny-konkurs-misyjny-2\\\/\"},\"author\":{\"name\":\"Tomasz Smejlis\",\"@id\":\"https:\\\/\\\/www.3lo.walbrzych.pl\\\/wordpress\\\/#\\\/schema\\\/person\\\/a5a3335dddd08a52fc05f69d575fd448\"},\"headline\":\"V DIECEZJALNY KONKURS MISYJNY\",\"datePublished\":\"2018-04-26T04:56:56+00:00\",\"dateModified\":\"2018-04-26T05:00:55+00:00\",\"mainEntityOfPage\":{\"@id\":\"https:\\\/\\\/www.3lo.walbrzych.pl\\\/wordpress\\\/v-diecezjalny-konkurs-misyjny-2\\\/\"},\"wordCount\":229,\"publisher\":{\"@id\":\"https:\\\/\\\/www.3lo.walbrzych.pl\\\/wordpress\\\/#organization\"},\"image\":{\"@id\":\"https:\\\/\\\/www.3lo.walbrzych.pl\\\/wordpress\\\/v-diecezjalny-konkurs-misyjny-2\\\/#primaryimage\"},\"thumbnailUrl\":\"https:\\\/\\\/www.3lo.walbrzych.pl\\\/wordpress\\\/wp-content\\\/uploads\\\/2018\\\/04\\\/20180412_130022.jpg\",\"articleSection\":[\"Aktualno\u015bci\",\"Konkursy\"],\"inLanguage\":\"pl-PL\"},{\"@type\":\"WebPage\",\"@id\":\"https:\\\/\\\/www.3lo.walbrzych.pl\\\/wordpress\\\/v-diecezjalny-konkurs-misyjny-2\\\/\",\"url\":\"https:\\\/\\\/www.3lo.walbrzych.pl\\\/wordpress\\\/v-diecezjalny-konkurs-misyjny-2\\\/\",\"name\":\"V DIECEZJALNY KONKURS MISYJNY - III Liceum Og\u00f3lnokszta\u0142c\u0105ce im. Miko\u0142aja Kopernika\",\"isPartOf\":{\"@id\":\"https:\\\/\\\/www.3lo.walbrzych.pl\\\/wordpress\\\/#website\"},\"primaryImageOfPage\":{\"@id\":\"https:\\\/\\\/www.3lo.walbrzych.pl\\\/wordpress\\\/v-diecezjalny-konkurs-misyjny-2\\\/#primaryimage\"},\"image\":{\"@id\":\"https:\\\/\\\/www.3lo.walbrzych.pl\\\/wordpress\\\/v-diecezjalny-konkurs-misyjny-2\\\/#primaryimage\"},\"thumbnailUrl\":\"https:\\\/\\\/www.3lo.walbrzych.pl\\\/wordpress\\\/wp-content\\\/uploads\\\/2018\\\/04\\\/20180412_130022.jpg\",\"datePublished\":\"2018-04-26T04:56:56+00:00\",\"dateModified\":\"2018-04-26T05:00:55+00:00\",\"breadcrumb\":{\"@id\":\"https:\\\/\\\/www.3lo.walbrzych.pl\\\/wordpress\\\/v-diecezjalny-konkurs-misyjny-2\\\/#breadcrumb\"},\"inLanguage\":\"pl-PL\",\"potentialAction\":[{\"@type\":\"ReadAction\",\"target\":[\"https:\\\/\\\/www.3lo.walbrzych.pl\\\/wordpress\\\/v-diecezjalny-konkurs-misyjny-2\\\/\"]}]},{\"@type\":\"ImageObject\",\"inLanguage\":\"pl-PL\",\"@id\":\"https:\\\/\\\/www.3lo.walbrzych.pl\\\/wordpress\\\/v-diecezjalny-konkurs-misyjny-2\\\/#primaryimage\",\"url\":\"https:\\\/\\\/www.3lo.walbrzych.pl\\\/wordpress\\\/wp-content\\\/uploads\\\/2018\\\/04\\\/20180412_130022.jpg\",\"contentUrl\":\"https:\\\/\\\/www.3lo.walbrzych.pl\\\/wordpress\\\/wp-content\\\/uploads\\\/2018\\\/04\\\/20180412_130022.jpg\",\"width\":4128,\"height\":2322},{\"@type\":\"BreadcrumbList\",\"@id\":\"https:\\\/\\\/www.3lo.walbrzych.pl\\\/wordpress\\\/v-diecezjalny-konkurs-misyjny-2\\\/#breadcrumb\",\"itemListElement\":[{\"@type\":\"ListItem\",\"position\":1,\"name\":\"Strona g\u0142\u00f3wna\",\"item\":\"https:\\\/\\\/www.3lo.walbrzych.pl\\\/wordpress\\\/\"},{\"@type\":\"ListItem\",\"position\":2,\"name\":\"V DIECEZJALNY KONKURS MISYJNY\"}]},{\"@type\":\"WebSite\",\"@id\":\"https:\\\/\\\/www.3lo.walbrzych.pl\\\/wordpress\\\/#website\",\"url\":\"https:\\\/\\\/www.3lo.walbrzych.pl\\\/wordpress\\\/\",\"name\":\"III Liceum Og\u00f3lnokszta\u0142c\u0105ce im. Miko\u0142aja Kopernika\",\"description\":\"\",\"publisher\":{\"@id\":\"https:\\\/\\\/www.3lo.walbrzych.pl\\\/wordpress\\\/#organization\"},\"potentialAction\":[{\"@type\":\"SearchAction\",\"target\":{\"@type\":\"EntryPoint\",\"urlTemplate\":\"https:\\\/\\\/www.3lo.walbrzych.pl\\\/wordpress\\\/?s={search_term_string}\"},\"query-input\":{\"@type\":\"PropertyValueSpecification\",\"valueRequired\":true,\"valueName\":\"search_term_string\"}}],\"inLanguage\":\"pl-PL\"},{\"@type\":\"Organization\",\"@id\":\"https:\\\/\\\/www.3lo.walbrzych.pl\\\/wordpress\\\/#organization\",\"name\":\"III Liceum Og\u00f3lnokszta\u0142c\u0105ce im. Miko\u0142aja Kopernika\",\"url\":\"https:\\\/\\\/www.3lo.walbrzych.pl\\\/wordpress\\\/\",\"logo\":{\"@type\":\"ImageObject\",\"inLanguage\":\"pl-PL\",\"@id\":\"https:\\\/\\\/www.3lo.walbrzych.pl\\\/wordpress\\\/#\\\/schema\\\/logo\\\/image\\\/\",\"url\":\"https:\\\/\\\/www.3lo.walbrzych.pl\\\/wordpress\\\/wp-content\\\/uploads\\\/2025\\\/09\\\/logo-szkoly-scaled.jpg\",\"contentUrl\":\"https:\\\/\\\/www.3lo.walbrzych.pl\\\/wordpress\\\/wp-content\\\/uploads\\\/2025\\\/09\\\/logo-szkoly-scaled.jpg\",\"width\":2560,\"height\":914,\"caption\":\"III Liceum Og\u00f3lnokszta\u0142c\u0105ce im. Miko\u0142aja Kopernika\"},\"image\":{\"@id\":\"https:\\\/\\\/www.3lo.walbrzych.pl\\\/wordpress\\\/#\\\/schema\\\/logo\\\/image\\\/\"}},{\"@type\":\"Person\",\"@id\":\"https:\\\/\\\/www.3lo.walbrzych.pl\\\/wordpress\\\/#\\\/schema\\\/person\\\/a5a3335dddd08a52fc05f69d575fd448\",\"name\":\"Tomasz Smejlis\",\"url\":\"https:\\\/\\\/www.3lo.walbrzych.pl\\\/wordpress\\\/author\\\/tfox\\\/\"}]}<\/script>\n<!-- \/ Yoast SEO plugin. -->","yoast_head_json":{"title":"V DIECEZJALNY KONKURS MISYJNY - III Liceum Og\u00f3lnokszta\u0142c\u0105ce im. Miko\u0142aja Kopernika","robots":{"index":"index","follow":"follow","max-snippet":"max-snippet:-1","max-image-preview":"max-image-preview:large","max-video-preview":"max-video-preview:-1"},"canonical":"https:\/\/www.3lo.walbrzych.pl\/wordpress\/v-diecezjalny-konkurs-misyjny-2\/","og_locale":"pl_PL","og_type":"article","og_title":"V DIECEZJALNY KONKURS MISYJNY - III Liceum Og\u00f3lnokszta\u0142c\u0105ce im. Miko\u0142aja Kopernika","og_description":"Etap diecezjalny Konkursu Misyjnego \u201eMatka Afryki\u201d b\u0142. Maria Teresa Led\u00f3chowska\u00a0odby\u0142 si\u0119 12 kwietnia 2018 r. w auli \u015awidnickiej Kurii Biskupiej o godz. 10.00. Nasz\u0105 szko\u0142\u0119 reprezentowa\u0142y uczennice NIKOLA BRU\u017bEWICZ i MARTYNA BONIOWSKA z klasy drugiej gimnazjum. Uplasowa\u0142y si\u0119 na 10 i 12 miejscu na oko\u0142o 50 zg\u0142oszonych uczestnik\u00f3w konkursu misyjnego. Do zebranej m\u0142odzie\u017cy w ciep\u0142ych [&hellip;]","og_url":"https:\/\/www.3lo.walbrzych.pl\/wordpress\/v-diecezjalny-konkurs-misyjny-2\/","og_site_name":"III Liceum Og\u00f3lnokszta\u0142c\u0105ce im. Miko\u0142aja Kopernika","article_published_time":"2018-04-26T04:56:56+00:00","article_modified_time":"2018-04-26T05:00:55+00:00","og_image":[{"width":1024,"height":576,"url":"https:\/\/www.3lo.walbrzych.pl\/wordpress\/wp-content\/uploads\/2018\/04\/20180412_130022-1024x576.jpg","type":"image\/jpeg"}],"author":"Tomasz Smejlis","twitter_card":"summary_large_image","twitter_misc":{"Napisane przez":"Tomasz Smejlis","Szacowany czas czytania":"1 minuta"},"schema":{"@context":"https:\/\/schema.org","@graph":[{"@type":"Article","@id":"https:\/\/www.3lo.walbrzych.pl\/wordpress\/v-diecezjalny-konkurs-misyjny-2\/#article","isPartOf":{"@id":"https:\/\/www.3lo.walbrzych.pl\/wordpress\/v-diecezjalny-konkurs-misyjny-2\/"},"author":{"name":"Tomasz Smejlis","@id":"https:\/\/www.3lo.walbrzych.pl\/wordpress\/#\/schema\/person\/a5a3335dddd08a52fc05f69d575fd448"},"headline":"V DIECEZJALNY KONKURS MISYJNY","datePublished":"2018-04-26T04:56:56+00:00","dateModified":"2018-04-26T05:00:55+00:00","mainEntityOfPage":{"@id":"https:\/\/www.3lo.walbrzych.pl\/wordpress\/v-diecezjalny-konkurs-misyjny-2\/"},"wordCount":229,"publisher":{"@id":"https:\/\/www.3lo.walbrzych.pl\/wordpress\/#organization"},"image":{"@id":"https:\/\/www.3lo.walbrzych.pl\/wordpress\/v-diecezjalny-konkurs-misyjny-2\/#primaryimage"},"thumbnailUrl":"https:\/\/www.3lo.walbrzych.pl\/wordpress\/wp-content\/uploads\/2018\/04\/20180412_130022.jpg","articleSection":["Aktualno\u015bci","Konkursy"],"inLanguage":"pl-PL"},{"@type":"WebPage","@id":"https:\/\/www.3lo.walbrzych.pl\/wordpress\/v-diecezjalny-konkurs-misyjny-2\/","url":"https:\/\/www.3lo.walbrzych.pl\/wordpress\/v-diecezjalny-konkurs-misyjny-2\/","name":"V DIECEZJALNY KONKURS MISYJNY - III Liceum Og\u00f3lnokszta\u0142c\u0105ce im. Miko\u0142aja Kopernika","isPartOf":{"@id":"https:\/\/www.3lo.walbrzych.pl\/wordpress\/#website"},"primaryImageOfPage":{"@id":"https:\/\/www.3lo.walbrzych.pl\/wordpress\/v-diecezjalny-konkurs-misyjny-2\/#primaryimage"},"image":{"@id":"https:\/\/www.3lo.walbrzych.pl\/wordpress\/v-diecezjalny-konkurs-misyjny-2\/#primaryimage"},"thumbnailUrl":"https:\/\/www.3lo.walbrzych.pl\/wordpress\/wp-content\/uploads\/2018\/04\/20180412_130022.jpg","datePublished":"2018-04-26T04:56:56+00:00","dateModified":"2018-04-26T05:00:55+00:00","breadcrumb":{"@id":"https:\/\/www.3lo.walbrzych.pl\/wordpress\/v-diecezjalny-konkurs-misyjny-2\/#breadcrumb"},"inLanguage":"pl-PL","potentialAction":[{"@type":"ReadAction","target":["https:\/\/www.3lo.walbrzych.pl\/wordpress\/v-diecezjalny-konkurs-misyjny-2\/"]}]},{"@type":"ImageObject","inLanguage":"pl-PL","@id":"https:\/\/www.3lo.walbrzych.pl\/wordpress\/v-diecezjalny-konkurs-misyjny-2\/#primaryimage","url":"https:\/\/www.3lo.walbrzych.pl\/wordpress\/wp-content\/uploads\/2018\/04\/20180412_130022.jpg","contentUrl":"https:\/\/www.3lo.walbrzych.pl\/wordpress\/wp-content\/uploads\/2018\/04\/20180412_130022.jpg","width":4128,"height":2322},{"@type":"BreadcrumbList","@id":"https:\/\/www.3lo.walbrzych.pl\/wordpress\/v-diecezjalny-konkurs-misyjny-2\/#breadcrumb","itemListElement":[{"@type":"ListItem","position":1,"name":"Strona g\u0142\u00f3wna","item":"https:\/\/www.3lo.walbrzych.pl\/wordpress\/"},{"@type":"ListItem","position":2,"name":"V DIECEZJALNY KONKURS MISYJNY"}]},{"@type":"WebSite","@id":"https:\/\/www.3lo.walbrzych.pl\/wordpress\/#website","url":"https:\/\/www.3lo.walbrzych.pl\/wordpress\/","name":"III Liceum Og\u00f3lnokszta\u0142c\u0105ce im. Miko\u0142aja Kopernika","description":"","publisher":{"@id":"https:\/\/www.3lo.walbrzych.pl\/wordpress\/#organization"},"potentialAction":[{"@type":"SearchAction","target":{"@type":"EntryPoint","urlTemplate":"https:\/\/www.3lo.walbrzych.pl\/wordpress\/?s={search_term_string}"},"query-input":{"@type":"PropertyValueSpecification","valueRequired":true,"valueName":"search_term_string"}}],"inLanguage":"pl-PL"},{"@type":"Organization","@id":"https:\/\/www.3lo.walbrzych.pl\/wordpress\/#organization","name":"III Liceum Og\u00f3lnokszta\u0142c\u0105ce im. Miko\u0142aja Kopernika","url":"https:\/\/www.3lo.walbrzych.pl\/wordpress\/","logo":{"@type":"ImageObject","inLanguage":"pl-PL","@id":"https:\/\/www.3lo.walbrzych.pl\/wordpress\/#\/schema\/logo\/image\/","url":"https:\/\/www.3lo.walbrzych.pl\/wordpress\/wp-content\/uploads\/2025\/09\/logo-szkoly-scaled.jpg","contentUrl":"https:\/\/www.3lo.walbrzych.pl\/wordpress\/wp-content\/uploads\/2025\/09\/logo-szkoly-scaled.jpg","width":2560,"height":914,"caption":"III Liceum Og\u00f3lnokszta\u0142c\u0105ce im. Miko\u0142aja Kopernika"},"image":{"@id":"https:\/\/www.3lo.walbrzych.pl\/wordpress\/#\/schema\/logo\/image\/"}},{"@type":"Person","@id":"https:\/\/www.3lo.walbrzych.pl\/wordpress\/#\/schema\/person\/a5a3335dddd08a52fc05f69d575fd448","name":"Tomasz Smejlis","url":"https:\/\/www.3lo.walbrzych.pl\/wordpress\/author\/tfox\/"}]}},"_links":{"self":[{"href":"https:\/\/www.3lo.walbrzych.pl\/wordpress\/wp-json\/wp\/v2\/posts\/2974","targetHints":{"allow":["GET"]}}],"collection":[{"href":"https:\/\/www.3lo.walbrzych.pl\/wordpress\/wp-json\/wp\/v2\/posts"}],"about":[{"href":"https:\/\/www.3lo.walbrzych.pl\/wordpress\/wp-json\/wp\/v2\/types\/post"}],"author":[{"embeddable":true,"href":"https:\/\/www.3lo.walbrzych.pl\/wordpress\/wp-json\/wp\/v2\/users\/4"}],"replies":[{"embeddable":true,"href":"https:\/\/www.3lo.walbrzych.pl\/wordpress\/wp-json\/wp\/v2\/comments?post=2974"}],"version-history":[{"count":3,"href":"https:\/\/www.3lo.walbrzych.pl\/wordpress\/wp-json\/wp\/v2\/posts\/2974\/revisions"}],"predecessor-version":[{"id":2983,"href":"https:\/\/www.3lo.walbrzych.pl\/wordpress\/wp-json\/wp\/v2\/posts\/2974\/revisions\/2983"}],"wp:featuredmedia":[{"embeddable":true,"href":"https:\/\/www.3lo.walbrzych.pl\/wordpress\/wp-json\/wp\/v2\/media\/2975"}],"wp:attachment":[{"href":"https:\/\/www.3lo.walbrzych.pl\/wordpress\/wp-json\/wp\/v2\/media?parent=2974"}],"wp:term":[{"taxonomy":"category","embeddable":true,"href":"https:\/\/www.3lo.walbrzych.pl\/wordpress\/wp-json\/wp\/v2\/categories?post=2974"},{"taxonomy":"post_tag","embeddable":true,"href":"https:\/\/www.3lo.walbrzych.pl\/wordpress\/wp-json\/wp\/v2\/tags?post=2974"}],"curies":[{"name":"wp","href":"https:\/\/api.w.org\/{rel}","templated":true}]}}