{"id":3015,"date":"2018-05-11T00:17:48","date_gmt":"2018-05-10T22:17:48","guid":{"rendered":"http:\/\/www.3lo.walbrzych.pl\/wordpress\/?p=3015"},"modified":"2018-05-11T00:17:48","modified_gmt":"2018-05-10T22:17:48","slug":"vi-festiwal-wizualny","status":"publish","type":"post","link":"https:\/\/www.3lo.walbrzych.pl\/wordpress\/vi-festiwal-wizualny\/","title":{"rendered":"VI Festiwal Wizualny"},"content":{"rendered":"<p>&nbsp;<\/p>\n<p>Wszystko przemija, czasu nie spos\u00f3b pokona\u0107. Takie prze\u015bwiadczenie jest jednym z aksjomat\u00f3w kultury. Znikomo\u015b\u0107 cz\u0142owieka i jego dzie\u0142 wobec up\u0142ywaj\u0105cych lat i wiek\u00f3w zdaje si\u0119 by\u0107 niepodwa\u017calne. Tymczasem na przek\u00f3r takim stwierdzeniom podczas sz\u00f3stej ods\u0142ony Festiwalu Wizualnego chcemy zastanowi\u0107 si\u0119, czy czas da si\u0119 powstrzyma\u0107. Wszak ju\u017c Herbert George Wells, jeden z ojc\u00f3w fantastyki naukowej zauwa\u017cy\u0142, \u017ce \u201eczas jest tylko szczeg\u00f3ln\u0105 form\u0105 przestrzeni\u201d. Cho\u0107 podr\u00f3\u017ce w czasie to wci\u0105\u017c jedynie pobo\u017cne \u017cyczenia, to przecie\u017c nauka nie zaprzecza im. Skoro czas jest przestrzeni\u0105, mo\u017cna po nim podr\u00f3\u017cowa\u0107, przemierza\u0107 go, nawet je\u015bli jest to podr\u00f3\u017c jedynie w wymiarze symbolicznym. Dlatego has\u0142o przewodnie tegorocznego Festiwalu brzmi: \u201eWbrew wskaz\u00f3wkom zegara\u201d.<\/p>\n<p>Przez trzy dni festiwalu czas b\u0119dzie g\u0142\u00f3wnym bohaterem naszych rozwa\u017ca\u0144. Projekcje, g\u0142\u00f3wnie wsp\u00f3\u0142czesnego kina fabularnego, odnosi\u0107 si\u0119 b\u0119d\u0105 do przewodniego tematu imprezy. Przy czym podobnie jak rok wcze\u015bniej jeden z dni festiwalowych po\u015bwi\u0119cony zostanie wybranemu zjawisku filmowemu. Tym razem w kr\u0119gu naszego zainteresowania znajduje si\u0119 japo\u0144ska animacja, popularne anime. Zmierzymy si\u0119 z naros\u0142ymi wok\u00f3\u0142 tematu stereotypami i mitami, staraj\u0105c si\u0119 przedstawi\u0107 produkcje niebanalne, ambitne i nietypowe. R\u00f3wnolegle do projekcji filmowych w ci\u0105gu dwu dni odb\u0119d\u0105 si\u0119 wyk\u0142ady, prelekcje i zaj\u0119cia warsztatowe zwi\u0105zane z tematem Festiwalu. Jak co roku zapraszamy do uczestnictwa w konkursach fotograficznych.<\/p>\n<p>Tradycyjnie zapraszamy wszystkich mieszka\u0144c\u00f3w Wa\u0142brzycha i okolic. Bez wzgl\u0119du na wiek i do\u015bwiadczenie. Liczymy na Pa\u0144stwa wsparcie. Mam nadziej\u0119, \u017ce zmotywujecie Pa\u0144stwo swoich podopiecznych do uczestnictwa w konkursach jak i przygotowanych projekcjach oraz wyk\u0142adach.<\/p>\n<p>VI Festiwal Wizualny zosta\u0142 obj\u0119ty honorowym patronatem <strong>Prezydenta Miasta Wa\u0142brzycha <\/strong>Romana Sze\u0142emeja.<\/p>\n","protected":false},"excerpt":{"rendered":"<p>&nbsp; Wszystko przemija, czasu nie spos\u00f3b pokona\u0107. Takie prze\u015bwiadczenie jest jednym z aksjomat\u00f3w kultury. Znikomo\u015b\u0107 cz\u0142owieka i jego dzie\u0142 wobec up\u0142ywaj\u0105cych lat i wiek\u00f3w zdaje si\u0119 by\u0107 niepodwa\u017calne. Tymczasem na przek\u00f3r takim stwierdzeniom podczas sz\u00f3stej ods\u0142ony Festiwalu Wizualnego chcemy zastanowi\u0107 si\u0119, czy czas da si\u0119 powstrzyma\u0107. Wszak ju\u017c Herbert George Wells, jeden z ojc\u00f3w fantastyki [&hellip;]<\/p>\n","protected":false},"author":4,"featured_media":3016,"comment_status":"closed","ping_status":"closed","sticky":false,"template":"","format":"standard","meta":{"footnotes":""},"categories":[19],"tags":[],"class_list":["post-3015","post","type-post","status-publish","format-standard","has-post-thumbnail","hentry","category-aktualnosci"],"yoast_head":"<!-- This site is optimized with the Yoast SEO plugin v28.4 - https:\/\/yoast.com\/product\/yoast-seo-wordpress\/ -->\n<title>VI Festiwal Wizualny - III Liceum Og\u00f3lnokszta\u0142c\u0105ce im. Miko\u0142aja Kopernika<\/title>\n<meta name=\"robots\" content=\"index, follow, max-snippet:-1, max-image-preview:large, max-video-preview:-1\" \/>\n<link rel=\"canonical\" href=\"https:\/\/www.3lo.walbrzych.pl\/wordpress\/vi-festiwal-wizualny\/\" \/>\n<meta property=\"og:locale\" content=\"pl_PL\" \/>\n<meta property=\"og:type\" content=\"article\" \/>\n<meta property=\"og:title\" content=\"VI Festiwal Wizualny - III Liceum Og\u00f3lnokszta\u0142c\u0105ce im. Miko\u0142aja Kopernika\" \/>\n<meta property=\"og:description\" content=\"&nbsp; Wszystko przemija, czasu nie spos\u00f3b pokona\u0107. Takie prze\u015bwiadczenie jest jednym z aksjomat\u00f3w kultury. Znikomo\u015b\u0107 cz\u0142owieka i jego dzie\u0142 wobec up\u0142ywaj\u0105cych lat i wiek\u00f3w zdaje si\u0119 by\u0107 niepodwa\u017calne. Tymczasem na przek\u00f3r takim stwierdzeniom podczas sz\u00f3stej ods\u0142ony Festiwalu Wizualnego chcemy zastanowi\u0107 si\u0119, czy czas da si\u0119 powstrzyma\u0107. Wszak ju\u017c Herbert George Wells, jeden z ojc\u00f3w fantastyki [&hellip;]\" \/>\n<meta property=\"og:url\" content=\"https:\/\/www.3lo.walbrzych.pl\/wordpress\/vi-festiwal-wizualny\/\" \/>\n<meta property=\"og:site_name\" content=\"III Liceum Og\u00f3lnokszta\u0142c\u0105ce im. Miko\u0142aja Kopernika\" \/>\n<meta property=\"article:published_time\" content=\"2018-05-10T22:17:48+00:00\" \/>\n<meta property=\"og:image\" content=\"https:\/\/www.3lo.walbrzych.pl\/wordpress\/wp-content\/uploads\/2018\/05\/plakatfestiwal-v2-copy-724x1024.jpg\" \/>\n\t<meta property=\"og:image:width\" content=\"724\" \/>\n\t<meta property=\"og:image:height\" content=\"1024\" \/>\n\t<meta property=\"og:image:type\" content=\"image\/jpeg\" \/>\n<meta name=\"author\" content=\"Tomasz Smejlis\" \/>\n<meta name=\"twitter:card\" content=\"summary_large_image\" \/>\n<meta name=\"twitter:label1\" content=\"Napisane przez\" \/>\n\t<meta name=\"twitter:data1\" content=\"Tomasz Smejlis\" \/>\n\t<meta name=\"twitter:label2\" content=\"Szacowany czas czytania\" \/>\n\t<meta name=\"twitter:data2\" content=\"1 minuta\" \/>\n<script type=\"application\/ld+json\" class=\"yoast-schema-graph\">{\"@context\":\"https:\\\/\\\/schema.org\",\"@graph\":[{\"@type\":\"Article\",\"@id\":\"https:\\\/\\\/www.3lo.walbrzych.pl\\\/wordpress\\\/vi-festiwal-wizualny\\\/#article\",\"isPartOf\":{\"@id\":\"https:\\\/\\\/www.3lo.walbrzych.pl\\\/wordpress\\\/vi-festiwal-wizualny\\\/\"},\"author\":{\"name\":\"Tomasz Smejlis\",\"@id\":\"https:\\\/\\\/www.3lo.walbrzych.pl\\\/wordpress\\\/#\\\/schema\\\/person\\\/a5a3335dddd08a52fc05f69d575fd448\"},\"headline\":\"VI Festiwal Wizualny\",\"datePublished\":\"2018-05-10T22:17:48+00:00\",\"mainEntityOfPage\":{\"@id\":\"https:\\\/\\\/www.3lo.walbrzych.pl\\\/wordpress\\\/vi-festiwal-wizualny\\\/\"},\"wordCount\":301,\"publisher\":{\"@id\":\"https:\\\/\\\/www.3lo.walbrzych.pl\\\/wordpress\\\/#organization\"},\"image\":{\"@id\":\"https:\\\/\\\/www.3lo.walbrzych.pl\\\/wordpress\\\/vi-festiwal-wizualny\\\/#primaryimage\"},\"thumbnailUrl\":\"https:\\\/\\\/www.3lo.walbrzych.pl\\\/wordpress\\\/wp-content\\\/uploads\\\/2018\\\/05\\\/plakatfestiwal-v2-copy.jpg\",\"articleSection\":[\"Aktualno\u015bci\"],\"inLanguage\":\"pl-PL\"},{\"@type\":\"WebPage\",\"@id\":\"https:\\\/\\\/www.3lo.walbrzych.pl\\\/wordpress\\\/vi-festiwal-wizualny\\\/\",\"url\":\"https:\\\/\\\/www.3lo.walbrzych.pl\\\/wordpress\\\/vi-festiwal-wizualny\\\/\",\"name\":\"VI Festiwal Wizualny - III Liceum Og\u00f3lnokszta\u0142c\u0105ce im. Miko\u0142aja Kopernika\",\"isPartOf\":{\"@id\":\"https:\\\/\\\/www.3lo.walbrzych.pl\\\/wordpress\\\/#website\"},\"primaryImageOfPage\":{\"@id\":\"https:\\\/\\\/www.3lo.walbrzych.pl\\\/wordpress\\\/vi-festiwal-wizualny\\\/#primaryimage\"},\"image\":{\"@id\":\"https:\\\/\\\/www.3lo.walbrzych.pl\\\/wordpress\\\/vi-festiwal-wizualny\\\/#primaryimage\"},\"thumbnailUrl\":\"https:\\\/\\\/www.3lo.walbrzych.pl\\\/wordpress\\\/wp-content\\\/uploads\\\/2018\\\/05\\\/plakatfestiwal-v2-copy.jpg\",\"datePublished\":\"2018-05-10T22:17:48+00:00\",\"breadcrumb\":{\"@id\":\"https:\\\/\\\/www.3lo.walbrzych.pl\\\/wordpress\\\/vi-festiwal-wizualny\\\/#breadcrumb\"},\"inLanguage\":\"pl-PL\",\"potentialAction\":[{\"@type\":\"ReadAction\",\"target\":[\"https:\\\/\\\/www.3lo.walbrzych.pl\\\/wordpress\\\/vi-festiwal-wizualny\\\/\"]}]},{\"@type\":\"ImageObject\",\"inLanguage\":\"pl-PL\",\"@id\":\"https:\\\/\\\/www.3lo.walbrzych.pl\\\/wordpress\\\/vi-festiwal-wizualny\\\/#primaryimage\",\"url\":\"https:\\\/\\\/www.3lo.walbrzych.pl\\\/wordpress\\\/wp-content\\\/uploads\\\/2018\\\/05\\\/plakatfestiwal-v2-copy.jpg\",\"contentUrl\":\"https:\\\/\\\/www.3lo.walbrzych.pl\\\/wordpress\\\/wp-content\\\/uploads\\\/2018\\\/05\\\/plakatfestiwal-v2-copy.jpg\",\"width\":4200,\"height\":5940},{\"@type\":\"BreadcrumbList\",\"@id\":\"https:\\\/\\\/www.3lo.walbrzych.pl\\\/wordpress\\\/vi-festiwal-wizualny\\\/#breadcrumb\",\"itemListElement\":[{\"@type\":\"ListItem\",\"position\":1,\"name\":\"Strona g\u0142\u00f3wna\",\"item\":\"https:\\\/\\\/www.3lo.walbrzych.pl\\\/wordpress\\\/\"},{\"@type\":\"ListItem\",\"position\":2,\"name\":\"VI Festiwal Wizualny\"}]},{\"@type\":\"WebSite\",\"@id\":\"https:\\\/\\\/www.3lo.walbrzych.pl\\\/wordpress\\\/#website\",\"url\":\"https:\\\/\\\/www.3lo.walbrzych.pl\\\/wordpress\\\/\",\"name\":\"III Liceum Og\u00f3lnokszta\u0142c\u0105ce im. Miko\u0142aja Kopernika\",\"description\":\"\",\"publisher\":{\"@id\":\"https:\\\/\\\/www.3lo.walbrzych.pl\\\/wordpress\\\/#organization\"},\"potentialAction\":[{\"@type\":\"SearchAction\",\"target\":{\"@type\":\"EntryPoint\",\"urlTemplate\":\"https:\\\/\\\/www.3lo.walbrzych.pl\\\/wordpress\\\/?s={search_term_string}\"},\"query-input\":{\"@type\":\"PropertyValueSpecification\",\"valueRequired\":true,\"valueName\":\"search_term_string\"}}],\"inLanguage\":\"pl-PL\"},{\"@type\":\"Organization\",\"@id\":\"https:\\\/\\\/www.3lo.walbrzych.pl\\\/wordpress\\\/#organization\",\"name\":\"III Liceum Og\u00f3lnokszta\u0142c\u0105ce im. Miko\u0142aja Kopernika\",\"url\":\"https:\\\/\\\/www.3lo.walbrzych.pl\\\/wordpress\\\/\",\"logo\":{\"@type\":\"ImageObject\",\"inLanguage\":\"pl-PL\",\"@id\":\"https:\\\/\\\/www.3lo.walbrzych.pl\\\/wordpress\\\/#\\\/schema\\\/logo\\\/image\\\/\",\"url\":\"https:\\\/\\\/www.3lo.walbrzych.pl\\\/wordpress\\\/wp-content\\\/uploads\\\/2025\\\/09\\\/logo-szkoly-scaled.jpg\",\"contentUrl\":\"https:\\\/\\\/www.3lo.walbrzych.pl\\\/wordpress\\\/wp-content\\\/uploads\\\/2025\\\/09\\\/logo-szkoly-scaled.jpg\",\"width\":2560,\"height\":914,\"caption\":\"III Liceum Og\u00f3lnokszta\u0142c\u0105ce im. Miko\u0142aja Kopernika\"},\"image\":{\"@id\":\"https:\\\/\\\/www.3lo.walbrzych.pl\\\/wordpress\\\/#\\\/schema\\\/logo\\\/image\\\/\"}},{\"@type\":\"Person\",\"@id\":\"https:\\\/\\\/www.3lo.walbrzych.pl\\\/wordpress\\\/#\\\/schema\\\/person\\\/a5a3335dddd08a52fc05f69d575fd448\",\"name\":\"Tomasz Smejlis\",\"url\":\"https:\\\/\\\/www.3lo.walbrzych.pl\\\/wordpress\\\/author\\\/tfox\\\/\"}]}<\/script>\n<!-- \/ Yoast SEO plugin. -->","yoast_head_json":{"title":"VI Festiwal Wizualny - III Liceum Og\u00f3lnokszta\u0142c\u0105ce im. Miko\u0142aja Kopernika","robots":{"index":"index","follow":"follow","max-snippet":"max-snippet:-1","max-image-preview":"max-image-preview:large","max-video-preview":"max-video-preview:-1"},"canonical":"https:\/\/www.3lo.walbrzych.pl\/wordpress\/vi-festiwal-wizualny\/","og_locale":"pl_PL","og_type":"article","og_title":"VI Festiwal Wizualny - III Liceum Og\u00f3lnokszta\u0142c\u0105ce im. Miko\u0142aja Kopernika","og_description":"&nbsp; Wszystko przemija, czasu nie spos\u00f3b pokona\u0107. Takie prze\u015bwiadczenie jest jednym z aksjomat\u00f3w kultury. Znikomo\u015b\u0107 cz\u0142owieka i jego dzie\u0142 wobec up\u0142ywaj\u0105cych lat i wiek\u00f3w zdaje si\u0119 by\u0107 niepodwa\u017calne. Tymczasem na przek\u00f3r takim stwierdzeniom podczas sz\u00f3stej ods\u0142ony Festiwalu Wizualnego chcemy zastanowi\u0107 si\u0119, czy czas da si\u0119 powstrzyma\u0107. Wszak ju\u017c Herbert George Wells, jeden z ojc\u00f3w fantastyki [&hellip;]","og_url":"https:\/\/www.3lo.walbrzych.pl\/wordpress\/vi-festiwal-wizualny\/","og_site_name":"III Liceum Og\u00f3lnokszta\u0142c\u0105ce im. Miko\u0142aja Kopernika","article_published_time":"2018-05-10T22:17:48+00:00","og_image":[{"width":724,"height":1024,"url":"https:\/\/www.3lo.walbrzych.pl\/wordpress\/wp-content\/uploads\/2018\/05\/plakatfestiwal-v2-copy-724x1024.jpg","type":"image\/jpeg"}],"author":"Tomasz Smejlis","twitter_card":"summary_large_image","twitter_misc":{"Napisane przez":"Tomasz Smejlis","Szacowany czas czytania":"1 minuta"},"schema":{"@context":"https:\/\/schema.org","@graph":[{"@type":"Article","@id":"https:\/\/www.3lo.walbrzych.pl\/wordpress\/vi-festiwal-wizualny\/#article","isPartOf":{"@id":"https:\/\/www.3lo.walbrzych.pl\/wordpress\/vi-festiwal-wizualny\/"},"author":{"name":"Tomasz Smejlis","@id":"https:\/\/www.3lo.walbrzych.pl\/wordpress\/#\/schema\/person\/a5a3335dddd08a52fc05f69d575fd448"},"headline":"VI Festiwal Wizualny","datePublished":"2018-05-10T22:17:48+00:00","mainEntityOfPage":{"@id":"https:\/\/www.3lo.walbrzych.pl\/wordpress\/vi-festiwal-wizualny\/"},"wordCount":301,"publisher":{"@id":"https:\/\/www.3lo.walbrzych.pl\/wordpress\/#organization"},"image":{"@id":"https:\/\/www.3lo.walbrzych.pl\/wordpress\/vi-festiwal-wizualny\/#primaryimage"},"thumbnailUrl":"https:\/\/www.3lo.walbrzych.pl\/wordpress\/wp-content\/uploads\/2018\/05\/plakatfestiwal-v2-copy.jpg","articleSection":["Aktualno\u015bci"],"inLanguage":"pl-PL"},{"@type":"WebPage","@id":"https:\/\/www.3lo.walbrzych.pl\/wordpress\/vi-festiwal-wizualny\/","url":"https:\/\/www.3lo.walbrzych.pl\/wordpress\/vi-festiwal-wizualny\/","name":"VI Festiwal Wizualny - III Liceum Og\u00f3lnokszta\u0142c\u0105ce im. Miko\u0142aja Kopernika","isPartOf":{"@id":"https:\/\/www.3lo.walbrzych.pl\/wordpress\/#website"},"primaryImageOfPage":{"@id":"https:\/\/www.3lo.walbrzych.pl\/wordpress\/vi-festiwal-wizualny\/#primaryimage"},"image":{"@id":"https:\/\/www.3lo.walbrzych.pl\/wordpress\/vi-festiwal-wizualny\/#primaryimage"},"thumbnailUrl":"https:\/\/www.3lo.walbrzych.pl\/wordpress\/wp-content\/uploads\/2018\/05\/plakatfestiwal-v2-copy.jpg","datePublished":"2018-05-10T22:17:48+00:00","breadcrumb":{"@id":"https:\/\/www.3lo.walbrzych.pl\/wordpress\/vi-festiwal-wizualny\/#breadcrumb"},"inLanguage":"pl-PL","potentialAction":[{"@type":"ReadAction","target":["https:\/\/www.3lo.walbrzych.pl\/wordpress\/vi-festiwal-wizualny\/"]}]},{"@type":"ImageObject","inLanguage":"pl-PL","@id":"https:\/\/www.3lo.walbrzych.pl\/wordpress\/vi-festiwal-wizualny\/#primaryimage","url":"https:\/\/www.3lo.walbrzych.pl\/wordpress\/wp-content\/uploads\/2018\/05\/plakatfestiwal-v2-copy.jpg","contentUrl":"https:\/\/www.3lo.walbrzych.pl\/wordpress\/wp-content\/uploads\/2018\/05\/plakatfestiwal-v2-copy.jpg","width":4200,"height":5940},{"@type":"BreadcrumbList","@id":"https:\/\/www.3lo.walbrzych.pl\/wordpress\/vi-festiwal-wizualny\/#breadcrumb","itemListElement":[{"@type":"ListItem","position":1,"name":"Strona g\u0142\u00f3wna","item":"https:\/\/www.3lo.walbrzych.pl\/wordpress\/"},{"@type":"ListItem","position":2,"name":"VI Festiwal Wizualny"}]},{"@type":"WebSite","@id":"https:\/\/www.3lo.walbrzych.pl\/wordpress\/#website","url":"https:\/\/www.3lo.walbrzych.pl\/wordpress\/","name":"III Liceum Og\u00f3lnokszta\u0142c\u0105ce im. Miko\u0142aja Kopernika","description":"","publisher":{"@id":"https:\/\/www.3lo.walbrzych.pl\/wordpress\/#organization"},"potentialAction":[{"@type":"SearchAction","target":{"@type":"EntryPoint","urlTemplate":"https:\/\/www.3lo.walbrzych.pl\/wordpress\/?s={search_term_string}"},"query-input":{"@type":"PropertyValueSpecification","valueRequired":true,"valueName":"search_term_string"}}],"inLanguage":"pl-PL"},{"@type":"Organization","@id":"https:\/\/www.3lo.walbrzych.pl\/wordpress\/#organization","name":"III Liceum Og\u00f3lnokszta\u0142c\u0105ce im. Miko\u0142aja Kopernika","url":"https:\/\/www.3lo.walbrzych.pl\/wordpress\/","logo":{"@type":"ImageObject","inLanguage":"pl-PL","@id":"https:\/\/www.3lo.walbrzych.pl\/wordpress\/#\/schema\/logo\/image\/","url":"https:\/\/www.3lo.walbrzych.pl\/wordpress\/wp-content\/uploads\/2025\/09\/logo-szkoly-scaled.jpg","contentUrl":"https:\/\/www.3lo.walbrzych.pl\/wordpress\/wp-content\/uploads\/2025\/09\/logo-szkoly-scaled.jpg","width":2560,"height":914,"caption":"III Liceum Og\u00f3lnokszta\u0142c\u0105ce im. Miko\u0142aja Kopernika"},"image":{"@id":"https:\/\/www.3lo.walbrzych.pl\/wordpress\/#\/schema\/logo\/image\/"}},{"@type":"Person","@id":"https:\/\/www.3lo.walbrzych.pl\/wordpress\/#\/schema\/person\/a5a3335dddd08a52fc05f69d575fd448","name":"Tomasz Smejlis","url":"https:\/\/www.3lo.walbrzych.pl\/wordpress\/author\/tfox\/"}]}},"_links":{"self":[{"href":"https:\/\/www.3lo.walbrzych.pl\/wordpress\/wp-json\/wp\/v2\/posts\/3015","targetHints":{"allow":["GET"]}}],"collection":[{"href":"https:\/\/www.3lo.walbrzych.pl\/wordpress\/wp-json\/wp\/v2\/posts"}],"about":[{"href":"https:\/\/www.3lo.walbrzych.pl\/wordpress\/wp-json\/wp\/v2\/types\/post"}],"author":[{"embeddable":true,"href":"https:\/\/www.3lo.walbrzych.pl\/wordpress\/wp-json\/wp\/v2\/users\/4"}],"replies":[{"embeddable":true,"href":"https:\/\/www.3lo.walbrzych.pl\/wordpress\/wp-json\/wp\/v2\/comments?post=3015"}],"version-history":[{"count":1,"href":"https:\/\/www.3lo.walbrzych.pl\/wordpress\/wp-json\/wp\/v2\/posts\/3015\/revisions"}],"predecessor-version":[{"id":3017,"href":"https:\/\/www.3lo.walbrzych.pl\/wordpress\/wp-json\/wp\/v2\/posts\/3015\/revisions\/3017"}],"wp:featuredmedia":[{"embeddable":true,"href":"https:\/\/www.3lo.walbrzych.pl\/wordpress\/wp-json\/wp\/v2\/media\/3016"}],"wp:attachment":[{"href":"https:\/\/www.3lo.walbrzych.pl\/wordpress\/wp-json\/wp\/v2\/media?parent=3015"}],"wp:term":[{"taxonomy":"category","embeddable":true,"href":"https:\/\/www.3lo.walbrzych.pl\/wordpress\/wp-json\/wp\/v2\/categories?post=3015"},{"taxonomy":"post_tag","embeddable":true,"href":"https:\/\/www.3lo.walbrzych.pl\/wordpress\/wp-json\/wp\/v2\/tags?post=3015"}],"curies":[{"name":"wp","href":"https:\/\/api.w.org\/{rel}","templated":true}]}}