{"id":3029,"date":"2018-05-27T11:02:37","date_gmt":"2018-05-27T09:02:37","guid":{"rendered":"http:\/\/www.3lo.walbrzych.pl\/wordpress\/?p=3029"},"modified":"2018-05-27T11:02:37","modified_gmt":"2018-05-27T09:02:37","slug":"vi-festiwal-wizualny-otwarcie","status":"publish","type":"post","link":"https:\/\/www.3lo.walbrzych.pl\/wordpress\/vi-festiwal-wizualny-otwarcie\/","title":{"rendered":"VI Festiwal Wizualny &#8211; otwarcie"},"content":{"rendered":"<p>Sz\u00f3sta ods\u0142ona Festiwalu Wizualnego sta\u0142a si\u0119 faktem. 25 maja o 12.00 w Teatrze Dramatycznym im. Jerze Szaniawskiego uroczy\u015bcie otwarto Festiwal Wizualny, tym razem pod has\u0142em &#8222;Wbrew wskaz\u00f3wkom zegara&#8221;. W tym roku zdecydowali\u015bmy si\u0119 podj\u0105\u0107 temat czasu, zar\u00f3wno od strony dos\u0142ownej jak i filozoficznej. Temu tematowi po\u015bwi\u0119cone s\u0105 zar\u00f3wno projekcje filmowe, ale tak\u017ce cz\u0119\u015b\u0107 wyk\u0142ad\u00f3w oraz, co chyba najwa\u017cniejsze, temat konkursu fotograficznego. Mi\u0142o nam og\u0142osi\u0107, \u017ce laureatami konkursu zostali:<\/p>\n<p>I miejsce &#8211; Kinga Ku\u015btak &#8211; III Liceum Og\u00f3lnokszta\u0142c\u0105ce w Wa\u0142brzychu<\/p>\n<p>II miejsce &#8211; Maciej Grobelny<\/p>\n<p>III miejsce &#8211; Sara Majewska &#8211; Spo\u0142eczne Gimnazjum Edukacji Europejskiej w Kamiennej G\u00f3rze<\/p>\n<p>&nbsp;<\/p>\n<p>Wyr\u00f3\u017cnienia:<\/p>\n<p>Nadia Suchecka &#8211; Zesp\u00f3\u0142 Szk\u00f3\u0142 im. Marii Sk\u0142odowskiej-Curie w Szczawnie-Zdroju<\/p>\n<p>Wiktoria Malczewska\u00a0 &#8211; Szko\u0142a Podstawowa w Starych Bogaczowicach<\/p>\n<p>Daria Majewska &#8211; III Liceum Og\u00f3lnokszta\u0142c\u0105ce w Wa\u0142brzychu<\/p>\n<figure id=\"attachment_3033\" aria-describedby=\"caption-attachment-3033\" style=\"width: 768px\" class=\"wp-caption aligncenter\"><a href=\"https:\/\/www.3lo.walbrzych.pl\/wordpress\/wp-content\/uploads\/2018\/05\/20180525_140809-e1527411537812.jpg\"><img loading=\"lazy\" decoding=\"async\" class=\"size-large wp-image-3033\" src=\"https:\/\/www.3lo.walbrzych.pl\/wordpress\/wp-content\/uploads\/2018\/05\/20180525_140809-e1527411537812-768x1024.jpg\" alt=\"\" width=\"768\" height=\"1024\" srcset=\"https:\/\/www.3lo.walbrzych.pl\/wordpress\/wp-content\/uploads\/2018\/05\/20180525_140809-e1527411537812-768x1024.jpg 768w, https:\/\/www.3lo.walbrzych.pl\/wordpress\/wp-content\/uploads\/2018\/05\/20180525_140809-e1527411537812-225x300.jpg 225w\" sizes=\"auto, (max-width: 768px) 100vw, 768px\" \/><\/a><figcaption id=\"caption-attachment-3033\" class=\"wp-caption-text\">Prace na wystawie fotograficznej w foyer teatralnym<\/figcaption><\/figure>\n<p>Jak co roku na uroczysto\u015b\u0107 otwarcia proponujemy film. Staramy si\u0119 wybra\u0107 dzie\u0142o niebanalne, ciekawe i przede wszystkim optymistyczne. W tym roku pad\u0142o na film &#8222;Kedi. Sekretne \u017cycie kot\u00f3w&#8221; &#8211; portret kot\u00f3w \u017cyj\u0105cych w Stambule autorstwa tureckiej re\u017cyserki, Ceydy Torum. A przed filmem, w ramach wprowadzenia go\u015bcie uczestniczyli w kr\u00f3tkim filmoznawczym wyk\u0142adzie prowadzonym przez nauczycieli III LO: Micha\u0142a Ceter\u0119 i Tomasza Smejlisa.<\/p>\n<figure id=\"attachment_3031\" aria-describedby=\"caption-attachment-3031\" style=\"width: 1024px\" class=\"wp-caption aligncenter\"><a href=\"https:\/\/www.3lo.walbrzych.pl\/wordpress\/wp-content\/uploads\/2018\/05\/20180525_121951.jpg\"><img loading=\"lazy\" decoding=\"async\" class=\"size-large wp-image-3031\" src=\"https:\/\/www.3lo.walbrzych.pl\/wordpress\/wp-content\/uploads\/2018\/05\/20180525_121951-1024x576.jpg\" alt=\"\" width=\"1024\" height=\"576\" srcset=\"https:\/\/www.3lo.walbrzych.pl\/wordpress\/wp-content\/uploads\/2018\/05\/20180525_121951-1024x576.jpg 1024w, https:\/\/www.3lo.walbrzych.pl\/wordpress\/wp-content\/uploads\/2018\/05\/20180525_121951-300x169.jpg 300w, https:\/\/www.3lo.walbrzych.pl\/wordpress\/wp-content\/uploads\/2018\/05\/20180525_121951-768x432.jpg 768w\" sizes=\"auto, (max-width: 1024px) 100vw, 1024px\" \/><\/a><figcaption id=\"caption-attachment-3031\" class=\"wp-caption-text\">DKF w wydaniu festiwalowym &#8211; Smejlis et Cetera et feles (czyli koty)<\/figcaption><\/figure>\n<figure id=\"attachment_3030\" aria-describedby=\"caption-attachment-3030\" style=\"width: 1024px\" class=\"wp-caption aligncenter\"><a href=\"https:\/\/www.3lo.walbrzych.pl\/wordpress\/wp-content\/uploads\/2018\/05\/20180525_121548.jpg\"><img loading=\"lazy\" decoding=\"async\" class=\"size-large wp-image-3030\" src=\"https:\/\/www.3lo.walbrzych.pl\/wordpress\/wp-content\/uploads\/2018\/05\/20180525_121548-1024x576.jpg\" alt=\"\" width=\"1024\" height=\"576\" srcset=\"https:\/\/www.3lo.walbrzych.pl\/wordpress\/wp-content\/uploads\/2018\/05\/20180525_121548-1024x576.jpg 1024w, https:\/\/www.3lo.walbrzych.pl\/wordpress\/wp-content\/uploads\/2018\/05\/20180525_121548-300x169.jpg 300w, https:\/\/www.3lo.walbrzych.pl\/wordpress\/wp-content\/uploads\/2018\/05\/20180525_121548-768x432.jpg 768w\" sizes=\"auto, (max-width: 1024px) 100vw, 1024px\" \/><\/a><figcaption id=\"caption-attachment-3030\" class=\"wp-caption-text\">Wr\u0119czenie nagr\u00f3d przez dyrektora III LO Waldemara S\u0119czyka<\/figcaption><\/figure>\n<figure id=\"attachment_3032\" aria-describedby=\"caption-attachment-3032\" style=\"width: 1024px\" class=\"wp-caption aligncenter\"><a href=\"https:\/\/www.3lo.walbrzych.pl\/wordpress\/wp-content\/uploads\/2018\/05\/20180525_140732.jpg\"><img loading=\"lazy\" decoding=\"async\" class=\"size-large wp-image-3032\" src=\"https:\/\/www.3lo.walbrzych.pl\/wordpress\/wp-content\/uploads\/2018\/05\/20180525_140732-1024x768.jpg\" alt=\"\" width=\"1024\" height=\"768\" srcset=\"https:\/\/www.3lo.walbrzych.pl\/wordpress\/wp-content\/uploads\/2018\/05\/20180525_140732-1024x768.jpg 1024w, https:\/\/www.3lo.walbrzych.pl\/wordpress\/wp-content\/uploads\/2018\/05\/20180525_140732-300x225.jpg 300w, https:\/\/www.3lo.walbrzych.pl\/wordpress\/wp-content\/uploads\/2018\/05\/20180525_140732-768x576.jpg 768w\" sizes=\"auto, (max-width: 1024px) 100vw, 1024px\" \/><\/a><figcaption id=\"caption-attachment-3032\" class=\"wp-caption-text\">Prace na wystawie fotograficznej w foyer teatralnym<\/figcaption><\/figure>\n","protected":false},"excerpt":{"rendered":"<p>Sz\u00f3sta ods\u0142ona Festiwalu Wizualnego sta\u0142a si\u0119 faktem. 25 maja o 12.00 w Teatrze Dramatycznym im. Jerze Szaniawskiego uroczy\u015bcie otwarto Festiwal Wizualny, tym razem pod has\u0142em &#8222;Wbrew wskaz\u00f3wkom zegara&#8221;. W tym roku zdecydowali\u015bmy si\u0119 podj\u0105\u0107 temat czasu, zar\u00f3wno od strony dos\u0142ownej jak i filozoficznej. Temu tematowi po\u015bwi\u0119cone s\u0105 zar\u00f3wno projekcje filmowe, ale tak\u017ce cz\u0119\u015b\u0107 wyk\u0142ad\u00f3w oraz, [&hellip;]<\/p>\n","protected":false},"author":4,"featured_media":3034,"comment_status":"closed","ping_status":"closed","sticky":false,"template":"","format":"standard","meta":{"footnotes":""},"categories":[19],"tags":[],"class_list":["post-3029","post","type-post","status-publish","format-standard","has-post-thumbnail","hentry","category-aktualnosci"],"yoast_head":"<!-- This site is optimized with the Yoast SEO plugin v28.4 - https:\/\/yoast.com\/product\/yoast-seo-wordpress\/ -->\n<title>VI Festiwal Wizualny - otwarcie - III Liceum Og\u00f3lnokszta\u0142c\u0105ce im. Miko\u0142aja Kopernika<\/title>\n<meta name=\"robots\" content=\"index, follow, max-snippet:-1, max-image-preview:large, max-video-preview:-1\" \/>\n<link rel=\"canonical\" href=\"https:\/\/www.3lo.walbrzych.pl\/wordpress\/vi-festiwal-wizualny-otwarcie\/\" \/>\n<meta property=\"og:locale\" content=\"pl_PL\" \/>\n<meta property=\"og:type\" content=\"article\" \/>\n<meta property=\"og:title\" content=\"VI Festiwal Wizualny - otwarcie - III Liceum Og\u00f3lnokszta\u0142c\u0105ce im. Miko\u0142aja Kopernika\" \/>\n<meta property=\"og:description\" content=\"Sz\u00f3sta ods\u0142ona Festiwalu Wizualnego sta\u0142a si\u0119 faktem. 25 maja o 12.00 w Teatrze Dramatycznym im. Jerze Szaniawskiego uroczy\u015bcie otwarto Festiwal Wizualny, tym razem pod has\u0142em &#8222;Wbrew wskaz\u00f3wkom zegara&#8221;. W tym roku zdecydowali\u015bmy si\u0119 podj\u0105\u0107 temat czasu, zar\u00f3wno od strony dos\u0142ownej jak i filozoficznej. Temu tematowi po\u015bwi\u0119cone s\u0105 zar\u00f3wno projekcje filmowe, ale tak\u017ce cz\u0119\u015b\u0107 wyk\u0142ad\u00f3w oraz, [&hellip;]\" \/>\n<meta property=\"og:url\" content=\"https:\/\/www.3lo.walbrzych.pl\/wordpress\/vi-festiwal-wizualny-otwarcie\/\" \/>\n<meta property=\"og:site_name\" content=\"III Liceum Og\u00f3lnokszta\u0142c\u0105ce im. Miko\u0142aja Kopernika\" \/>\n<meta property=\"article:published_time\" content=\"2018-05-27T09:02:37+00:00\" \/>\n<meta property=\"og:image\" content=\"https:\/\/www.3lo.walbrzych.pl\/wordpress\/wp-content\/uploads\/2018\/05\/Screenshot_20180525-214330-e1527411525852.png\" \/>\n\t<meta property=\"og:image:width\" content=\"2560\" \/>\n\t<meta property=\"og:image:height\" content=\"1440\" \/>\n\t<meta property=\"og:image:type\" content=\"image\/png\" \/>\n<meta name=\"author\" content=\"Tomasz Smejlis\" \/>\n<meta name=\"twitter:card\" content=\"summary_large_image\" \/>\n<meta name=\"twitter:label1\" content=\"Napisane przez\" \/>\n\t<meta name=\"twitter:data1\" content=\"Tomasz Smejlis\" \/>\n\t<meta name=\"twitter:label2\" content=\"Szacowany czas czytania\" \/>\n\t<meta name=\"twitter:data2\" content=\"1 minuta\" \/>\n<script type=\"application\/ld+json\" class=\"yoast-schema-graph\">{\"@context\":\"https:\\\/\\\/schema.org\",\"@graph\":[{\"@type\":\"Article\",\"@id\":\"https:\\\/\\\/www.3lo.walbrzych.pl\\\/wordpress\\\/vi-festiwal-wizualny-otwarcie\\\/#article\",\"isPartOf\":{\"@id\":\"https:\\\/\\\/www.3lo.walbrzych.pl\\\/wordpress\\\/vi-festiwal-wizualny-otwarcie\\\/\"},\"author\":{\"name\":\"Tomasz Smejlis\",\"@id\":\"https:\\\/\\\/www.3lo.walbrzych.pl\\\/wordpress\\\/#\\\/schema\\\/person\\\/a5a3335dddd08a52fc05f69d575fd448\"},\"headline\":\"VI Festiwal Wizualny &#8211; otwarcie\",\"datePublished\":\"2018-05-27T09:02:37+00:00\",\"mainEntityOfPage\":{\"@id\":\"https:\\\/\\\/www.3lo.walbrzych.pl\\\/wordpress\\\/vi-festiwal-wizualny-otwarcie\\\/\"},\"wordCount\":296,\"publisher\":{\"@id\":\"https:\\\/\\\/www.3lo.walbrzych.pl\\\/wordpress\\\/#organization\"},\"image\":{\"@id\":\"https:\\\/\\\/www.3lo.walbrzych.pl\\\/wordpress\\\/vi-festiwal-wizualny-otwarcie\\\/#primaryimage\"},\"thumbnailUrl\":\"https:\\\/\\\/www.3lo.walbrzych.pl\\\/wordpress\\\/wp-content\\\/uploads\\\/2018\\\/05\\\/Screenshot_20180525-214330-e1527411525852.png\",\"articleSection\":[\"Aktualno\u015bci\"],\"inLanguage\":\"pl-PL\"},{\"@type\":\"WebPage\",\"@id\":\"https:\\\/\\\/www.3lo.walbrzych.pl\\\/wordpress\\\/vi-festiwal-wizualny-otwarcie\\\/\",\"url\":\"https:\\\/\\\/www.3lo.walbrzych.pl\\\/wordpress\\\/vi-festiwal-wizualny-otwarcie\\\/\",\"name\":\"VI Festiwal Wizualny - otwarcie - III Liceum Og\u00f3lnokszta\u0142c\u0105ce im. Miko\u0142aja Kopernika\",\"isPartOf\":{\"@id\":\"https:\\\/\\\/www.3lo.walbrzych.pl\\\/wordpress\\\/#website\"},\"primaryImageOfPage\":{\"@id\":\"https:\\\/\\\/www.3lo.walbrzych.pl\\\/wordpress\\\/vi-festiwal-wizualny-otwarcie\\\/#primaryimage\"},\"image\":{\"@id\":\"https:\\\/\\\/www.3lo.walbrzych.pl\\\/wordpress\\\/vi-festiwal-wizualny-otwarcie\\\/#primaryimage\"},\"thumbnailUrl\":\"https:\\\/\\\/www.3lo.walbrzych.pl\\\/wordpress\\\/wp-content\\\/uploads\\\/2018\\\/05\\\/Screenshot_20180525-214330-e1527411525852.png\",\"datePublished\":\"2018-05-27T09:02:37+00:00\",\"breadcrumb\":{\"@id\":\"https:\\\/\\\/www.3lo.walbrzych.pl\\\/wordpress\\\/vi-festiwal-wizualny-otwarcie\\\/#breadcrumb\"},\"inLanguage\":\"pl-PL\",\"potentialAction\":[{\"@type\":\"ReadAction\",\"target\":[\"https:\\\/\\\/www.3lo.walbrzych.pl\\\/wordpress\\\/vi-festiwal-wizualny-otwarcie\\\/\"]}]},{\"@type\":\"ImageObject\",\"inLanguage\":\"pl-PL\",\"@id\":\"https:\\\/\\\/www.3lo.walbrzych.pl\\\/wordpress\\\/vi-festiwal-wizualny-otwarcie\\\/#primaryimage\",\"url\":\"https:\\\/\\\/www.3lo.walbrzych.pl\\\/wordpress\\\/wp-content\\\/uploads\\\/2018\\\/05\\\/Screenshot_20180525-214330-e1527411525852.png\",\"contentUrl\":\"https:\\\/\\\/www.3lo.walbrzych.pl\\\/wordpress\\\/wp-content\\\/uploads\\\/2018\\\/05\\\/Screenshot_20180525-214330-e1527411525852.png\",\"width\":2560,\"height\":1440},{\"@type\":\"BreadcrumbList\",\"@id\":\"https:\\\/\\\/www.3lo.walbrzych.pl\\\/wordpress\\\/vi-festiwal-wizualny-otwarcie\\\/#breadcrumb\",\"itemListElement\":[{\"@type\":\"ListItem\",\"position\":1,\"name\":\"Strona g\u0142\u00f3wna\",\"item\":\"https:\\\/\\\/www.3lo.walbrzych.pl\\\/wordpress\\\/\"},{\"@type\":\"ListItem\",\"position\":2,\"name\":\"VI Festiwal Wizualny &#8211; otwarcie\"}]},{\"@type\":\"WebSite\",\"@id\":\"https:\\\/\\\/www.3lo.walbrzych.pl\\\/wordpress\\\/#website\",\"url\":\"https:\\\/\\\/www.3lo.walbrzych.pl\\\/wordpress\\\/\",\"name\":\"III Liceum Og\u00f3lnokszta\u0142c\u0105ce im. Miko\u0142aja Kopernika\",\"description\":\"\",\"publisher\":{\"@id\":\"https:\\\/\\\/www.3lo.walbrzych.pl\\\/wordpress\\\/#organization\"},\"potentialAction\":[{\"@type\":\"SearchAction\",\"target\":{\"@type\":\"EntryPoint\",\"urlTemplate\":\"https:\\\/\\\/www.3lo.walbrzych.pl\\\/wordpress\\\/?s={search_term_string}\"},\"query-input\":{\"@type\":\"PropertyValueSpecification\",\"valueRequired\":true,\"valueName\":\"search_term_string\"}}],\"inLanguage\":\"pl-PL\"},{\"@type\":\"Organization\",\"@id\":\"https:\\\/\\\/www.3lo.walbrzych.pl\\\/wordpress\\\/#organization\",\"name\":\"III Liceum Og\u00f3lnokszta\u0142c\u0105ce im. Miko\u0142aja Kopernika\",\"url\":\"https:\\\/\\\/www.3lo.walbrzych.pl\\\/wordpress\\\/\",\"logo\":{\"@type\":\"ImageObject\",\"inLanguage\":\"pl-PL\",\"@id\":\"https:\\\/\\\/www.3lo.walbrzych.pl\\\/wordpress\\\/#\\\/schema\\\/logo\\\/image\\\/\",\"url\":\"https:\\\/\\\/www.3lo.walbrzych.pl\\\/wordpress\\\/wp-content\\\/uploads\\\/2025\\\/09\\\/logo-szkoly-scaled.jpg\",\"contentUrl\":\"https:\\\/\\\/www.3lo.walbrzych.pl\\\/wordpress\\\/wp-content\\\/uploads\\\/2025\\\/09\\\/logo-szkoly-scaled.jpg\",\"width\":2560,\"height\":914,\"caption\":\"III Liceum Og\u00f3lnokszta\u0142c\u0105ce im. Miko\u0142aja Kopernika\"},\"image\":{\"@id\":\"https:\\\/\\\/www.3lo.walbrzych.pl\\\/wordpress\\\/#\\\/schema\\\/logo\\\/image\\\/\"}},{\"@type\":\"Person\",\"@id\":\"https:\\\/\\\/www.3lo.walbrzych.pl\\\/wordpress\\\/#\\\/schema\\\/person\\\/a5a3335dddd08a52fc05f69d575fd448\",\"name\":\"Tomasz Smejlis\",\"url\":\"https:\\\/\\\/www.3lo.walbrzych.pl\\\/wordpress\\\/author\\\/tfox\\\/\"}]}<\/script>\n<!-- \/ Yoast SEO plugin. -->","yoast_head_json":{"title":"VI Festiwal Wizualny - otwarcie - III Liceum Og\u00f3lnokszta\u0142c\u0105ce im. Miko\u0142aja Kopernika","robots":{"index":"index","follow":"follow","max-snippet":"max-snippet:-1","max-image-preview":"max-image-preview:large","max-video-preview":"max-video-preview:-1"},"canonical":"https:\/\/www.3lo.walbrzych.pl\/wordpress\/vi-festiwal-wizualny-otwarcie\/","og_locale":"pl_PL","og_type":"article","og_title":"VI Festiwal Wizualny - otwarcie - III Liceum Og\u00f3lnokszta\u0142c\u0105ce im. Miko\u0142aja Kopernika","og_description":"Sz\u00f3sta ods\u0142ona Festiwalu Wizualnego sta\u0142a si\u0119 faktem. 25 maja o 12.00 w Teatrze Dramatycznym im. Jerze Szaniawskiego uroczy\u015bcie otwarto Festiwal Wizualny, tym razem pod has\u0142em &#8222;Wbrew wskaz\u00f3wkom zegara&#8221;. W tym roku zdecydowali\u015bmy si\u0119 podj\u0105\u0107 temat czasu, zar\u00f3wno od strony dos\u0142ownej jak i filozoficznej. Temu tematowi po\u015bwi\u0119cone s\u0105 zar\u00f3wno projekcje filmowe, ale tak\u017ce cz\u0119\u015b\u0107 wyk\u0142ad\u00f3w oraz, [&hellip;]","og_url":"https:\/\/www.3lo.walbrzych.pl\/wordpress\/vi-festiwal-wizualny-otwarcie\/","og_site_name":"III Liceum Og\u00f3lnokszta\u0142c\u0105ce im. Miko\u0142aja Kopernika","article_published_time":"2018-05-27T09:02:37+00:00","og_image":[{"width":2560,"height":1440,"url":"https:\/\/www.3lo.walbrzych.pl\/wordpress\/wp-content\/uploads\/2018\/05\/Screenshot_20180525-214330-e1527411525852.png","type":"image\/png"}],"author":"Tomasz Smejlis","twitter_card":"summary_large_image","twitter_misc":{"Napisane przez":"Tomasz Smejlis","Szacowany czas czytania":"1 minuta"},"schema":{"@context":"https:\/\/schema.org","@graph":[{"@type":"Article","@id":"https:\/\/www.3lo.walbrzych.pl\/wordpress\/vi-festiwal-wizualny-otwarcie\/#article","isPartOf":{"@id":"https:\/\/www.3lo.walbrzych.pl\/wordpress\/vi-festiwal-wizualny-otwarcie\/"},"author":{"name":"Tomasz Smejlis","@id":"https:\/\/www.3lo.walbrzych.pl\/wordpress\/#\/schema\/person\/a5a3335dddd08a52fc05f69d575fd448"},"headline":"VI Festiwal Wizualny &#8211; otwarcie","datePublished":"2018-05-27T09:02:37+00:00","mainEntityOfPage":{"@id":"https:\/\/www.3lo.walbrzych.pl\/wordpress\/vi-festiwal-wizualny-otwarcie\/"},"wordCount":296,"publisher":{"@id":"https:\/\/www.3lo.walbrzych.pl\/wordpress\/#organization"},"image":{"@id":"https:\/\/www.3lo.walbrzych.pl\/wordpress\/vi-festiwal-wizualny-otwarcie\/#primaryimage"},"thumbnailUrl":"https:\/\/www.3lo.walbrzych.pl\/wordpress\/wp-content\/uploads\/2018\/05\/Screenshot_20180525-214330-e1527411525852.png","articleSection":["Aktualno\u015bci"],"inLanguage":"pl-PL"},{"@type":"WebPage","@id":"https:\/\/www.3lo.walbrzych.pl\/wordpress\/vi-festiwal-wizualny-otwarcie\/","url":"https:\/\/www.3lo.walbrzych.pl\/wordpress\/vi-festiwal-wizualny-otwarcie\/","name":"VI Festiwal Wizualny - otwarcie - III Liceum Og\u00f3lnokszta\u0142c\u0105ce im. Miko\u0142aja Kopernika","isPartOf":{"@id":"https:\/\/www.3lo.walbrzych.pl\/wordpress\/#website"},"primaryImageOfPage":{"@id":"https:\/\/www.3lo.walbrzych.pl\/wordpress\/vi-festiwal-wizualny-otwarcie\/#primaryimage"},"image":{"@id":"https:\/\/www.3lo.walbrzych.pl\/wordpress\/vi-festiwal-wizualny-otwarcie\/#primaryimage"},"thumbnailUrl":"https:\/\/www.3lo.walbrzych.pl\/wordpress\/wp-content\/uploads\/2018\/05\/Screenshot_20180525-214330-e1527411525852.png","datePublished":"2018-05-27T09:02:37+00:00","breadcrumb":{"@id":"https:\/\/www.3lo.walbrzych.pl\/wordpress\/vi-festiwal-wizualny-otwarcie\/#breadcrumb"},"inLanguage":"pl-PL","potentialAction":[{"@type":"ReadAction","target":["https:\/\/www.3lo.walbrzych.pl\/wordpress\/vi-festiwal-wizualny-otwarcie\/"]}]},{"@type":"ImageObject","inLanguage":"pl-PL","@id":"https:\/\/www.3lo.walbrzych.pl\/wordpress\/vi-festiwal-wizualny-otwarcie\/#primaryimage","url":"https:\/\/www.3lo.walbrzych.pl\/wordpress\/wp-content\/uploads\/2018\/05\/Screenshot_20180525-214330-e1527411525852.png","contentUrl":"https:\/\/www.3lo.walbrzych.pl\/wordpress\/wp-content\/uploads\/2018\/05\/Screenshot_20180525-214330-e1527411525852.png","width":2560,"height":1440},{"@type":"BreadcrumbList","@id":"https:\/\/www.3lo.walbrzych.pl\/wordpress\/vi-festiwal-wizualny-otwarcie\/#breadcrumb","itemListElement":[{"@type":"ListItem","position":1,"name":"Strona g\u0142\u00f3wna","item":"https:\/\/www.3lo.walbrzych.pl\/wordpress\/"},{"@type":"ListItem","position":2,"name":"VI Festiwal Wizualny &#8211; otwarcie"}]},{"@type":"WebSite","@id":"https:\/\/www.3lo.walbrzych.pl\/wordpress\/#website","url":"https:\/\/www.3lo.walbrzych.pl\/wordpress\/","name":"III Liceum Og\u00f3lnokszta\u0142c\u0105ce im. Miko\u0142aja Kopernika","description":"","publisher":{"@id":"https:\/\/www.3lo.walbrzych.pl\/wordpress\/#organization"},"potentialAction":[{"@type":"SearchAction","target":{"@type":"EntryPoint","urlTemplate":"https:\/\/www.3lo.walbrzych.pl\/wordpress\/?s={search_term_string}"},"query-input":{"@type":"PropertyValueSpecification","valueRequired":true,"valueName":"search_term_string"}}],"inLanguage":"pl-PL"},{"@type":"Organization","@id":"https:\/\/www.3lo.walbrzych.pl\/wordpress\/#organization","name":"III Liceum Og\u00f3lnokszta\u0142c\u0105ce im. Miko\u0142aja Kopernika","url":"https:\/\/www.3lo.walbrzych.pl\/wordpress\/","logo":{"@type":"ImageObject","inLanguage":"pl-PL","@id":"https:\/\/www.3lo.walbrzych.pl\/wordpress\/#\/schema\/logo\/image\/","url":"https:\/\/www.3lo.walbrzych.pl\/wordpress\/wp-content\/uploads\/2025\/09\/logo-szkoly-scaled.jpg","contentUrl":"https:\/\/www.3lo.walbrzych.pl\/wordpress\/wp-content\/uploads\/2025\/09\/logo-szkoly-scaled.jpg","width":2560,"height":914,"caption":"III Liceum Og\u00f3lnokszta\u0142c\u0105ce im. Miko\u0142aja Kopernika"},"image":{"@id":"https:\/\/www.3lo.walbrzych.pl\/wordpress\/#\/schema\/logo\/image\/"}},{"@type":"Person","@id":"https:\/\/www.3lo.walbrzych.pl\/wordpress\/#\/schema\/person\/a5a3335dddd08a52fc05f69d575fd448","name":"Tomasz Smejlis","url":"https:\/\/www.3lo.walbrzych.pl\/wordpress\/author\/tfox\/"}]}},"_links":{"self":[{"href":"https:\/\/www.3lo.walbrzych.pl\/wordpress\/wp-json\/wp\/v2\/posts\/3029","targetHints":{"allow":["GET"]}}],"collection":[{"href":"https:\/\/www.3lo.walbrzych.pl\/wordpress\/wp-json\/wp\/v2\/posts"}],"about":[{"href":"https:\/\/www.3lo.walbrzych.pl\/wordpress\/wp-json\/wp\/v2\/types\/post"}],"author":[{"embeddable":true,"href":"https:\/\/www.3lo.walbrzych.pl\/wordpress\/wp-json\/wp\/v2\/users\/4"}],"replies":[{"embeddable":true,"href":"https:\/\/www.3lo.walbrzych.pl\/wordpress\/wp-json\/wp\/v2\/comments?post=3029"}],"version-history":[{"count":1,"href":"https:\/\/www.3lo.walbrzych.pl\/wordpress\/wp-json\/wp\/v2\/posts\/3029\/revisions"}],"predecessor-version":[{"id":3035,"href":"https:\/\/www.3lo.walbrzych.pl\/wordpress\/wp-json\/wp\/v2\/posts\/3029\/revisions\/3035"}],"wp:featuredmedia":[{"embeddable":true,"href":"https:\/\/www.3lo.walbrzych.pl\/wordpress\/wp-json\/wp\/v2\/media\/3034"}],"wp:attachment":[{"href":"https:\/\/www.3lo.walbrzych.pl\/wordpress\/wp-json\/wp\/v2\/media?parent=3029"}],"wp:term":[{"taxonomy":"category","embeddable":true,"href":"https:\/\/www.3lo.walbrzych.pl\/wordpress\/wp-json\/wp\/v2\/categories?post=3029"},{"taxonomy":"post_tag","embeddable":true,"href":"https:\/\/www.3lo.walbrzych.pl\/wordpress\/wp-json\/wp\/v2\/tags?post=3029"}],"curies":[{"name":"wp","href":"https:\/\/api.w.org\/{rel}","templated":true}]}}