{"id":3053,"date":"2018-06-06T01:07:22","date_gmt":"2018-06-05T23:07:22","guid":{"rendered":"http:\/\/www.3lo.walbrzych.pl\/wordpress\/?p=3053"},"modified":"2018-06-06T17:55:40","modified_gmt":"2018-06-06T15:55:40","slug":"po-festiwalu-wizualnym","status":"publish","type":"post","link":"https:\/\/www.3lo.walbrzych.pl\/wordpress\/po-festiwalu-wizualnym\/","title":{"rendered":"Po Festiwalu Wizualnym"},"content":{"rendered":"<p>Min\u0105\u0142 tydzie\u0144 od zako\u0144czenia naszych dzia\u0142a\u0144 w ramach Festiwalu Wizualnego. Opad\u0142 kurz, zabrali\u015bmy ze strychu galeri\u0119&#8230; Teraz mo\u017cna podsumowa\u0107 sz\u00f3st\u0105 edycj\u0119 Festiwalu.<\/p>\n<p><strong>Prace i nagrodzeni<\/strong><\/p>\n<p>Na konkurs fotograficzny dostarczono ponad 20 prac. Nagrodzonymi byli:<\/p>\n<p>Wyr\u00f3\u017cnienia:<\/p>\n<p>Daria Majewska (Kamienna G\u00f3ra)<\/p>\n<p>Wiktoria Malczewska (Stare Bogaczowice)<\/p>\n<p>Nadia Suchecka (Szczawno-Zdr\u00f3j)<\/p>\n<p>&nbsp;<\/p>\n<p>I miejsce \u2013 Kinga Ku\u015btak (Wa\u0142brzych)<\/p>\n<p>II miejsce \u2013 Maciej Grobelny (Wa\u0142brzych)<\/p>\n<p>III miejsce \u2013 Sara Majewska (Kamienna G\u00f3ra)<\/p>\n<p><a href=\"https:\/\/www.3lo.walbrzych.pl\/wordpress\/wp-content\/uploads\/2018\/06\/DSC04559.jpg\"><img loading=\"lazy\" decoding=\"async\" class=\"aligncenter size-large wp-image-3066\" src=\"https:\/\/www.3lo.walbrzych.pl\/wordpress\/wp-content\/uploads\/2018\/06\/DSC04559-1024x768.jpg\" alt=\"\" width=\"1024\" height=\"768\" srcset=\"https:\/\/www.3lo.walbrzych.pl\/wordpress\/wp-content\/uploads\/2018\/06\/DSC04559-1024x768.jpg 1024w, https:\/\/www.3lo.walbrzych.pl\/wordpress\/wp-content\/uploads\/2018\/06\/DSC04559-300x225.jpg 300w, https:\/\/www.3lo.walbrzych.pl\/wordpress\/wp-content\/uploads\/2018\/06\/DSC04559-768x576.jpg 768w\" sizes=\"auto, (max-width: 1024px) 100vw, 1024px\" \/><br \/>\n<\/a><\/p>\n<p>Nowym punktem Festiwalu by\u0142 konkurs plastyczny dla dzieci w wieku 6-11 lat, kt\u00f3rego tematem by\u0142a \u201ePosta\u0107 z bajki w moim \u015bwiecie\u201d. G\u0142\u00f3wnym nagrodzonym by\u0142 ucze\u0144 Zespo\u0142u Szkolno-Przedszkolnego nr 1 w Wa\u0142brzychu \u2013 \u0141ukasz Miracki.<\/p>\n<p><strong>Wsp\u00f3\u0142praca<\/strong><\/p>\n<p>Teatr Dramatyczny im. Jerzego Szaniawskiego w Wa\u0142brzychu<\/p>\n<p>Studio Fotograficzne STROP we Wroc\u0142awiu<\/p>\n<figure id=\"attachment_3069\" aria-describedby=\"caption-attachment-3069\" style=\"width: 1024px\" class=\"wp-caption aligncenter\"><a href=\"https:\/\/www.3lo.walbrzych.pl\/wordpress\/wp-content\/uploads\/2018\/06\/Screenshot_20180525-214330.png\"><img loading=\"lazy\" decoding=\"async\" class=\"wp-image-3069 size-large\" src=\"https:\/\/www.3lo.walbrzych.pl\/wordpress\/wp-content\/uploads\/2018\/06\/Screenshot_20180525-214330-e1528239985950-1024x576.png\" alt=\"\" width=\"1024\" height=\"576\" srcset=\"https:\/\/www.3lo.walbrzych.pl\/wordpress\/wp-content\/uploads\/2018\/06\/Screenshot_20180525-214330-e1528239985950-1024x576.png 1024w, https:\/\/www.3lo.walbrzych.pl\/wordpress\/wp-content\/uploads\/2018\/06\/Screenshot_20180525-214330-e1528239985950-300x169.png 300w, https:\/\/www.3lo.walbrzych.pl\/wordpress\/wp-content\/uploads\/2018\/06\/Screenshot_20180525-214330-e1528239985950-768x432.png 768w\" sizes=\"auto, (max-width: 1024px) 100vw, 1024px\" \/><\/a><figcaption id=\"caption-attachment-3069\" class=\"wp-caption-text\">Otwarcie Festiwalu w Teatrze Dramatycznym &#8211; dr Tomasz Smejlis i organizatorki: Paulina Kot, Weronika Kwiatkowska, Paulina Mi\u015b<\/figcaption><\/figure>\n<p><strong>Warsztaty<\/strong><\/p>\n<p>Sta\u0142ym punktem programu festiwalowego s\u0105 warsztaty fotograficznego. Ponownie w tym roku zaprosili\u015bmy Waldemara \u0141om\u017c\u0119 i Marcina Jagiellicza, profesjonalnych fotografik\u00f3w, dla kt\u00f3rych fotografia to pasja i praca.<\/p>\n<p>Nowo\u015bci\u0105 by\u0142o spotkanie z Tomaszem G\u00f3r\u0105, tw\u00f3rc\u0105 sztuk wizualnych i autorem gry komputerowej <em>8874<\/em>, kt\u00f3rej sceneri\u0119 stanowi\u0105 przetworzone obrazy Wa\u0142brzycha i okolic. Tomek G\u00f3ra zaprezentowa\u0142 m.in. jak powstaje grafika w grze komputerowej, przedstawi\u0142 podstawy fotografii dronowej, a tak\u017ce opowiedzia\u0142 o procesie tworzenia gier video.<\/p>\n<figure id=\"attachment_3061\" aria-describedby=\"caption-attachment-3061\" style=\"width: 1024px\" class=\"wp-caption aligncenter\"><a href=\"https:\/\/www.3lo.walbrzych.pl\/wordpress\/wp-content\/uploads\/2018\/06\/DSC04380.jpg\"><img loading=\"lazy\" decoding=\"async\" class=\"wp-image-3061 size-large\" src=\"https:\/\/www.3lo.walbrzych.pl\/wordpress\/wp-content\/uploads\/2018\/06\/DSC04380-1024x768.jpg\" alt=\"\" width=\"1024\" height=\"768\" srcset=\"https:\/\/www.3lo.walbrzych.pl\/wordpress\/wp-content\/uploads\/2018\/06\/DSC04380-1024x768.jpg 1024w, https:\/\/www.3lo.walbrzych.pl\/wordpress\/wp-content\/uploads\/2018\/06\/DSC04380-300x225.jpg 300w, https:\/\/www.3lo.walbrzych.pl\/wordpress\/wp-content\/uploads\/2018\/06\/DSC04380-768x576.jpg 768w\" sizes=\"auto, (max-width: 1024px) 100vw, 1024px\" \/><\/a><figcaption id=\"caption-attachment-3061\" class=\"wp-caption-text\">Marcin Jagiellicz<\/figcaption><\/figure>\n<figure id=\"attachment_3060\" aria-describedby=\"caption-attachment-3060\" style=\"width: 1024px\" class=\"wp-caption aligncenter\"><a href=\"https:\/\/www.3lo.walbrzych.pl\/wordpress\/wp-content\/uploads\/2018\/06\/DSC04300.jpg\"><img loading=\"lazy\" decoding=\"async\" class=\"wp-image-3060 size-large\" src=\"https:\/\/www.3lo.walbrzych.pl\/wordpress\/wp-content\/uploads\/2018\/06\/DSC04300-1024x768.jpg\" alt=\"\" width=\"1024\" height=\"768\" srcset=\"https:\/\/www.3lo.walbrzych.pl\/wordpress\/wp-content\/uploads\/2018\/06\/DSC04300-1024x768.jpg 1024w, https:\/\/www.3lo.walbrzych.pl\/wordpress\/wp-content\/uploads\/2018\/06\/DSC04300-300x225.jpg 300w, https:\/\/www.3lo.walbrzych.pl\/wordpress\/wp-content\/uploads\/2018\/06\/DSC04300-768x576.jpg 768w\" sizes=\"auto, (max-width: 1024px) 100vw, 1024px\" \/><\/a><figcaption id=\"caption-attachment-3060\" class=\"wp-caption-text\">Tomasz G\u00f3ra<\/figcaption><\/figure>\n<p><strong>Wyk\u0142ady<\/strong><\/p>\n<p>W tym roku obok wyk\u0142ad\u00f3w popkulturowych o historii muzyki rockowej, animacji japo\u0144skiej, polskim kabarecie oraz postaciach z animacji dla dzieci, pojawi\u0142y si\u0119 po raz pierwszy wyk\u0142ady podr\u00f3\u017cnicze. Andrzej Wojto\u0144 opowiedzia\u0142 o Japonii i Korei, a Daniel Guzik o wyprawach do Chin i Tajlandii.<\/p>\n<figure id=\"attachment_3055\" aria-describedby=\"caption-attachment-3055\" style=\"width: 849px\" class=\"wp-caption aligncenter\"><a href=\"https:\/\/www.3lo.walbrzych.pl\/wordpress\/wp-content\/uploads\/2018\/06\/DSC04252.jpg\"><img loading=\"lazy\" decoding=\"async\" class=\"wp-image-3055\" src=\"https:\/\/www.3lo.walbrzych.pl\/wordpress\/wp-content\/uploads\/2018\/06\/DSC04252-1024x768.jpg\" alt=\"\" width=\"849\" height=\"636\" srcset=\"https:\/\/www.3lo.walbrzych.pl\/wordpress\/wp-content\/uploads\/2018\/06\/DSC04252-1024x768.jpg 1024w, https:\/\/www.3lo.walbrzych.pl\/wordpress\/wp-content\/uploads\/2018\/06\/DSC04252-300x225.jpg 300w, https:\/\/www.3lo.walbrzych.pl\/wordpress\/wp-content\/uploads\/2018\/06\/DSC04252-768x576.jpg 768w\" sizes=\"auto, (max-width: 849px) 100vw, 849px\" \/><\/a><figcaption id=\"caption-attachment-3055\" class=\"wp-caption-text\">Oliwia Michalska opowiada o anime<\/figcaption><\/figure>\n<figure id=\"attachment_3065\" aria-describedby=\"caption-attachment-3065\" style=\"width: 929px\" class=\"wp-caption aligncenter\"><a href=\"https:\/\/www.3lo.walbrzych.pl\/wordpress\/wp-content\/uploads\/2018\/06\/DSC04530.jpg\"><img loading=\"lazy\" decoding=\"async\" class=\"wp-image-3065\" src=\"https:\/\/www.3lo.walbrzych.pl\/wordpress\/wp-content\/uploads\/2018\/06\/DSC04530-1024x768.jpg\" alt=\"\" width=\"929\" height=\"696\" srcset=\"https:\/\/www.3lo.walbrzych.pl\/wordpress\/wp-content\/uploads\/2018\/06\/DSC04530-1024x768.jpg 1024w, https:\/\/www.3lo.walbrzych.pl\/wordpress\/wp-content\/uploads\/2018\/06\/DSC04530-300x225.jpg 300w, https:\/\/www.3lo.walbrzych.pl\/wordpress\/wp-content\/uploads\/2018\/06\/DSC04530-768x576.jpg 768w\" sizes=\"auto, (max-width: 929px) 100vw, 929px\" \/><\/a><figcaption id=\"caption-attachment-3065\" class=\"wp-caption-text\">Micha\u0142 Cetera &#8211; przemiana bohater\u00f3w popkultury na przestrzeni lat<\/figcaption><\/figure>\n<figure id=\"attachment_3062\" aria-describedby=\"caption-attachment-3062\" style=\"width: 861px\" class=\"wp-caption aligncenter\"><a href=\"https:\/\/www.3lo.walbrzych.pl\/wordpress\/wp-content\/uploads\/2018\/06\/DSC04414.jpg\"><img loading=\"lazy\" decoding=\"async\" class=\"wp-image-3062\" src=\"https:\/\/www.3lo.walbrzych.pl\/wordpress\/wp-content\/uploads\/2018\/06\/DSC04414-1024x768.jpg\" alt=\"\" width=\"861\" height=\"646\" srcset=\"https:\/\/www.3lo.walbrzych.pl\/wordpress\/wp-content\/uploads\/2018\/06\/DSC04414-1024x768.jpg 1024w, https:\/\/www.3lo.walbrzych.pl\/wordpress\/wp-content\/uploads\/2018\/06\/DSC04414-300x225.jpg 300w, https:\/\/www.3lo.walbrzych.pl\/wordpress\/wp-content\/uploads\/2018\/06\/DSC04414-768x576.jpg 768w\" sizes=\"auto, (max-width: 861px) 100vw, 861px\" \/><\/a><figcaption id=\"caption-attachment-3062\" class=\"wp-caption-text\">Ewelina Wo\u017aniak, Tomasz Smejlis &#8211; historia rocka<\/figcaption><\/figure>\n<p><strong>V Festiwal Wizualny w liczbach<\/strong><\/p>\n<p>Dni festiwalowe \u2013 3<\/p>\n<p>Projekcje filmowe \u2013 13<\/p>\n<p>Warsztaty \u2013 3<\/p>\n<p>Wyk\u0142ady \u2013 5<\/p>\n<p>Uczestnik\u00f3w konkursu \u2013 23<\/p>\n<p>Prac wystawionych w galerii \u2013 170<\/p>\n<p><a href=\"https:\/\/www.3lo.walbrzych.pl\/wordpress\/wp-content\/uploads\/2018\/06\/DSC04263.jpg\"><img loading=\"lazy\" decoding=\"async\" class=\"aligncenter size-large wp-image-3056\" src=\"https:\/\/www.3lo.walbrzych.pl\/wordpress\/wp-content\/uploads\/2018\/06\/DSC04263-1024x768.jpg\" alt=\"\" width=\"1024\" height=\"768\" srcset=\"https:\/\/www.3lo.walbrzych.pl\/wordpress\/wp-content\/uploads\/2018\/06\/DSC04263-1024x768.jpg 1024w, https:\/\/www.3lo.walbrzych.pl\/wordpress\/wp-content\/uploads\/2018\/06\/DSC04263-300x225.jpg 300w, https:\/\/www.3lo.walbrzych.pl\/wordpress\/wp-content\/uploads\/2018\/06\/DSC04263-768x576.jpg 768w\" sizes=\"auto, (max-width: 1024px) 100vw, 1024px\" \/><\/a> <a href=\"https:\/\/www.3lo.walbrzych.pl\/wordpress\/wp-content\/uploads\/2018\/06\/DSCN4362.jpg\"><img loading=\"lazy\" decoding=\"async\" class=\"aligncenter size-large wp-image-3067\" src=\"https:\/\/www.3lo.walbrzych.pl\/wordpress\/wp-content\/uploads\/2018\/06\/DSCN4362-1024x576.jpg\" alt=\"\" width=\"1024\" height=\"576\" srcset=\"https:\/\/www.3lo.walbrzych.pl\/wordpress\/wp-content\/uploads\/2018\/06\/DSCN4362-1024x576.jpg 1024w, https:\/\/www.3lo.walbrzych.pl\/wordpress\/wp-content\/uploads\/2018\/06\/DSCN4362-300x169.jpg 300w, https:\/\/www.3lo.walbrzych.pl\/wordpress\/wp-content\/uploads\/2018\/06\/DSCN4362-768x432.jpg 768w\" sizes=\"auto, (max-width: 1024px) 100vw, 1024px\" \/><\/a><a href=\"https:\/\/www.3lo.walbrzych.pl\/wordpress\/wp-content\/uploads\/2018\/06\/DSCN4365.jpg\"><img loading=\"lazy\" decoding=\"async\" class=\"aligncenter size-large wp-image-3068\" src=\"https:\/\/www.3lo.walbrzych.pl\/wordpress\/wp-content\/uploads\/2018\/06\/DSCN4365-1024x576.jpg\" alt=\"\" width=\"1024\" height=\"576\" srcset=\"https:\/\/www.3lo.walbrzych.pl\/wordpress\/wp-content\/uploads\/2018\/06\/DSCN4365-1024x576.jpg 1024w, https:\/\/www.3lo.walbrzych.pl\/wordpress\/wp-content\/uploads\/2018\/06\/DSCN4365-300x169.jpg 300w, https:\/\/www.3lo.walbrzych.pl\/wordpress\/wp-content\/uploads\/2018\/06\/DSCN4365-768x432.jpg 768w\" sizes=\"auto, (max-width: 1024px) 100vw, 1024px\" \/><\/a><a href=\"https:\/\/www.3lo.walbrzych.pl\/wordpress\/wp-content\/uploads\/2018\/06\/DSC04267.jpg\"><img loading=\"lazy\" decoding=\"async\" class=\"aligncenter size-large wp-image-3058\" src=\"https:\/\/www.3lo.walbrzych.pl\/wordpress\/wp-content\/uploads\/2018\/06\/DSC04267-1024x768.jpg\" alt=\"\" width=\"1024\" height=\"768\" srcset=\"https:\/\/www.3lo.walbrzych.pl\/wordpress\/wp-content\/uploads\/2018\/06\/DSC04267-1024x768.jpg 1024w, https:\/\/www.3lo.walbrzych.pl\/wordpress\/wp-content\/uploads\/2018\/06\/DSC04267-300x225.jpg 300w, https:\/\/www.3lo.walbrzych.pl\/wordpress\/wp-content\/uploads\/2018\/06\/DSC04267-768x576.jpg 768w\" sizes=\"auto, (max-width: 1024px) 100vw, 1024px\" \/><\/a><\/p>\n","protected":false},"excerpt":{"rendered":"<p>Min\u0105\u0142 tydzie\u0144 od zako\u0144czenia naszych dzia\u0142a\u0144 w ramach Festiwalu Wizualnego. Opad\u0142 kurz, zabrali\u015bmy ze strychu galeri\u0119&#8230; Teraz mo\u017cna podsumowa\u0107 sz\u00f3st\u0105 edycj\u0119 Festiwalu. Prace i nagrodzeni Na konkurs fotograficzny dostarczono ponad 20 prac. Nagrodzonymi byli: Wyr\u00f3\u017cnienia: Daria Majewska (Kamienna G\u00f3ra) Wiktoria Malczewska (Stare Bogaczowice) Nadia Suchecka (Szczawno-Zdr\u00f3j) &nbsp; I miejsce \u2013 Kinga Ku\u015btak (Wa\u0142brzych) II miejsce [&hellip;]<\/p>\n","protected":false},"author":4,"featured_media":3054,"comment_status":"closed","ping_status":"closed","sticky":false,"template":"","format":"standard","meta":{"footnotes":""},"categories":[19],"tags":[],"class_list":["post-3053","post","type-post","status-publish","format-standard","has-post-thumbnail","hentry","category-aktualnosci"],"yoast_head":"<!-- This site is optimized with the Yoast SEO plugin v28.4 - https:\/\/yoast.com\/product\/yoast-seo-wordpress\/ -->\n<title>Po Festiwalu Wizualnym - III Liceum Og\u00f3lnokszta\u0142c\u0105ce im. Miko\u0142aja Kopernika<\/title>\n<meta name=\"robots\" content=\"index, follow, max-snippet:-1, max-image-preview:large, max-video-preview:-1\" \/>\n<link rel=\"canonical\" href=\"https:\/\/www.3lo.walbrzych.pl\/wordpress\/po-festiwalu-wizualnym\/\" \/>\n<meta property=\"og:locale\" content=\"pl_PL\" \/>\n<meta property=\"og:type\" content=\"article\" \/>\n<meta property=\"og:title\" content=\"Po Festiwalu Wizualnym - III Liceum Og\u00f3lnokszta\u0142c\u0105ce im. Miko\u0142aja Kopernika\" \/>\n<meta property=\"og:description\" content=\"Min\u0105\u0142 tydzie\u0144 od zako\u0144czenia naszych dzia\u0142a\u0144 w ramach Festiwalu Wizualnego. Opad\u0142 kurz, zabrali\u015bmy ze strychu galeri\u0119&#8230; Teraz mo\u017cna podsumowa\u0107 sz\u00f3st\u0105 edycj\u0119 Festiwalu. Prace i nagrodzeni Na konkurs fotograficzny dostarczono ponad 20 prac. Nagrodzonymi byli: Wyr\u00f3\u017cnienia: Daria Majewska (Kamienna G\u00f3ra) Wiktoria Malczewska (Stare Bogaczowice) Nadia Suchecka (Szczawno-Zdr\u00f3j) &nbsp; I miejsce \u2013 Kinga Ku\u015btak (Wa\u0142brzych) II miejsce [&hellip;]\" \/>\n<meta property=\"og:url\" content=\"https:\/\/www.3lo.walbrzych.pl\/wordpress\/po-festiwalu-wizualnym\/\" \/>\n<meta property=\"og:site_name\" content=\"III Liceum Og\u00f3lnokszta\u0142c\u0105ce im. Miko\u0142aja Kopernika\" \/>\n<meta property=\"article:published_time\" content=\"2018-06-05T23:07:22+00:00\" \/>\n<meta property=\"article:modified_time\" content=\"2018-06-06T15:55:40+00:00\" \/>\n<meta property=\"og:image\" content=\"https:\/\/www.3lo.walbrzych.pl\/wordpress\/wp-content\/uploads\/2018\/06\/DSC04105.jpg\" \/>\n\t<meta property=\"og:image:width\" content=\"2592\" \/>\n\t<meta property=\"og:image:height\" content=\"1944\" \/>\n\t<meta property=\"og:image:type\" content=\"image\/jpeg\" \/>\n<meta name=\"author\" content=\"Tomasz Smejlis\" \/>\n<meta name=\"twitter:card\" content=\"summary_large_image\" \/>\n<meta name=\"twitter:label1\" content=\"Napisane przez\" \/>\n\t<meta name=\"twitter:data1\" content=\"Tomasz Smejlis\" \/>\n\t<meta name=\"twitter:label2\" content=\"Szacowany czas czytania\" \/>\n\t<meta name=\"twitter:data2\" content=\"2 minuty\" \/>\n<script type=\"application\/ld+json\" class=\"yoast-schema-graph\">{\"@context\":\"https:\\\/\\\/schema.org\",\"@graph\":[{\"@type\":\"Article\",\"@id\":\"https:\\\/\\\/www.3lo.walbrzych.pl\\\/wordpress\\\/po-festiwalu-wizualnym\\\/#article\",\"isPartOf\":{\"@id\":\"https:\\\/\\\/www.3lo.walbrzych.pl\\\/wordpress\\\/po-festiwalu-wizualnym\\\/\"},\"author\":{\"name\":\"Tomasz Smejlis\",\"@id\":\"https:\\\/\\\/www.3lo.walbrzych.pl\\\/wordpress\\\/#\\\/schema\\\/person\\\/a5a3335dddd08a52fc05f69d575fd448\"},\"headline\":\"Po Festiwalu Wizualnym\",\"datePublished\":\"2018-06-05T23:07:22+00:00\",\"dateModified\":\"2018-06-06T15:55:40+00:00\",\"mainEntityOfPage\":{\"@id\":\"https:\\\/\\\/www.3lo.walbrzych.pl\\\/wordpress\\\/po-festiwalu-wizualnym\\\/\"},\"wordCount\":370,\"publisher\":{\"@id\":\"https:\\\/\\\/www.3lo.walbrzych.pl\\\/wordpress\\\/#organization\"},\"image\":{\"@id\":\"https:\\\/\\\/www.3lo.walbrzych.pl\\\/wordpress\\\/po-festiwalu-wizualnym\\\/#primaryimage\"},\"thumbnailUrl\":\"https:\\\/\\\/www.3lo.walbrzych.pl\\\/wordpress\\\/wp-content\\\/uploads\\\/2018\\\/06\\\/DSC04105.jpg\",\"articleSection\":[\"Aktualno\u015bci\"],\"inLanguage\":\"pl-PL\"},{\"@type\":\"WebPage\",\"@id\":\"https:\\\/\\\/www.3lo.walbrzych.pl\\\/wordpress\\\/po-festiwalu-wizualnym\\\/\",\"url\":\"https:\\\/\\\/www.3lo.walbrzych.pl\\\/wordpress\\\/po-festiwalu-wizualnym\\\/\",\"name\":\"Po Festiwalu Wizualnym - III Liceum Og\u00f3lnokszta\u0142c\u0105ce im. Miko\u0142aja Kopernika\",\"isPartOf\":{\"@id\":\"https:\\\/\\\/www.3lo.walbrzych.pl\\\/wordpress\\\/#website\"},\"primaryImageOfPage\":{\"@id\":\"https:\\\/\\\/www.3lo.walbrzych.pl\\\/wordpress\\\/po-festiwalu-wizualnym\\\/#primaryimage\"},\"image\":{\"@id\":\"https:\\\/\\\/www.3lo.walbrzych.pl\\\/wordpress\\\/po-festiwalu-wizualnym\\\/#primaryimage\"},\"thumbnailUrl\":\"https:\\\/\\\/www.3lo.walbrzych.pl\\\/wordpress\\\/wp-content\\\/uploads\\\/2018\\\/06\\\/DSC04105.jpg\",\"datePublished\":\"2018-06-05T23:07:22+00:00\",\"dateModified\":\"2018-06-06T15:55:40+00:00\",\"breadcrumb\":{\"@id\":\"https:\\\/\\\/www.3lo.walbrzych.pl\\\/wordpress\\\/po-festiwalu-wizualnym\\\/#breadcrumb\"},\"inLanguage\":\"pl-PL\",\"potentialAction\":[{\"@type\":\"ReadAction\",\"target\":[\"https:\\\/\\\/www.3lo.walbrzych.pl\\\/wordpress\\\/po-festiwalu-wizualnym\\\/\"]}]},{\"@type\":\"ImageObject\",\"inLanguage\":\"pl-PL\",\"@id\":\"https:\\\/\\\/www.3lo.walbrzych.pl\\\/wordpress\\\/po-festiwalu-wizualnym\\\/#primaryimage\",\"url\":\"https:\\\/\\\/www.3lo.walbrzych.pl\\\/wordpress\\\/wp-content\\\/uploads\\\/2018\\\/06\\\/DSC04105.jpg\",\"contentUrl\":\"https:\\\/\\\/www.3lo.walbrzych.pl\\\/wordpress\\\/wp-content\\\/uploads\\\/2018\\\/06\\\/DSC04105.jpg\",\"width\":2592,\"height\":1944},{\"@type\":\"BreadcrumbList\",\"@id\":\"https:\\\/\\\/www.3lo.walbrzych.pl\\\/wordpress\\\/po-festiwalu-wizualnym\\\/#breadcrumb\",\"itemListElement\":[{\"@type\":\"ListItem\",\"position\":1,\"name\":\"Strona g\u0142\u00f3wna\",\"item\":\"https:\\\/\\\/www.3lo.walbrzych.pl\\\/wordpress\\\/\"},{\"@type\":\"ListItem\",\"position\":2,\"name\":\"Po Festiwalu Wizualnym\"}]},{\"@type\":\"WebSite\",\"@id\":\"https:\\\/\\\/www.3lo.walbrzych.pl\\\/wordpress\\\/#website\",\"url\":\"https:\\\/\\\/www.3lo.walbrzych.pl\\\/wordpress\\\/\",\"name\":\"III Liceum Og\u00f3lnokszta\u0142c\u0105ce im. Miko\u0142aja Kopernika\",\"description\":\"\",\"publisher\":{\"@id\":\"https:\\\/\\\/www.3lo.walbrzych.pl\\\/wordpress\\\/#organization\"},\"potentialAction\":[{\"@type\":\"SearchAction\",\"target\":{\"@type\":\"EntryPoint\",\"urlTemplate\":\"https:\\\/\\\/www.3lo.walbrzych.pl\\\/wordpress\\\/?s={search_term_string}\"},\"query-input\":{\"@type\":\"PropertyValueSpecification\",\"valueRequired\":true,\"valueName\":\"search_term_string\"}}],\"inLanguage\":\"pl-PL\"},{\"@type\":\"Organization\",\"@id\":\"https:\\\/\\\/www.3lo.walbrzych.pl\\\/wordpress\\\/#organization\",\"name\":\"III Liceum Og\u00f3lnokszta\u0142c\u0105ce im. Miko\u0142aja Kopernika\",\"url\":\"https:\\\/\\\/www.3lo.walbrzych.pl\\\/wordpress\\\/\",\"logo\":{\"@type\":\"ImageObject\",\"inLanguage\":\"pl-PL\",\"@id\":\"https:\\\/\\\/www.3lo.walbrzych.pl\\\/wordpress\\\/#\\\/schema\\\/logo\\\/image\\\/\",\"url\":\"https:\\\/\\\/www.3lo.walbrzych.pl\\\/wordpress\\\/wp-content\\\/uploads\\\/2025\\\/09\\\/logo-szkoly-scaled.jpg\",\"contentUrl\":\"https:\\\/\\\/www.3lo.walbrzych.pl\\\/wordpress\\\/wp-content\\\/uploads\\\/2025\\\/09\\\/logo-szkoly-scaled.jpg\",\"width\":2560,\"height\":914,\"caption\":\"III Liceum Og\u00f3lnokszta\u0142c\u0105ce im. Miko\u0142aja Kopernika\"},\"image\":{\"@id\":\"https:\\\/\\\/www.3lo.walbrzych.pl\\\/wordpress\\\/#\\\/schema\\\/logo\\\/image\\\/\"}},{\"@type\":\"Person\",\"@id\":\"https:\\\/\\\/www.3lo.walbrzych.pl\\\/wordpress\\\/#\\\/schema\\\/person\\\/a5a3335dddd08a52fc05f69d575fd448\",\"name\":\"Tomasz Smejlis\",\"url\":\"https:\\\/\\\/www.3lo.walbrzych.pl\\\/wordpress\\\/author\\\/tfox\\\/\"}]}<\/script>\n<!-- \/ Yoast SEO plugin. -->","yoast_head_json":{"title":"Po Festiwalu Wizualnym - III Liceum Og\u00f3lnokszta\u0142c\u0105ce im. Miko\u0142aja Kopernika","robots":{"index":"index","follow":"follow","max-snippet":"max-snippet:-1","max-image-preview":"max-image-preview:large","max-video-preview":"max-video-preview:-1"},"canonical":"https:\/\/www.3lo.walbrzych.pl\/wordpress\/po-festiwalu-wizualnym\/","og_locale":"pl_PL","og_type":"article","og_title":"Po Festiwalu Wizualnym - III Liceum Og\u00f3lnokszta\u0142c\u0105ce im. Miko\u0142aja Kopernika","og_description":"Min\u0105\u0142 tydzie\u0144 od zako\u0144czenia naszych dzia\u0142a\u0144 w ramach Festiwalu Wizualnego. Opad\u0142 kurz, zabrali\u015bmy ze strychu galeri\u0119&#8230; Teraz mo\u017cna podsumowa\u0107 sz\u00f3st\u0105 edycj\u0119 Festiwalu. Prace i nagrodzeni Na konkurs fotograficzny dostarczono ponad 20 prac. Nagrodzonymi byli: Wyr\u00f3\u017cnienia: Daria Majewska (Kamienna G\u00f3ra) Wiktoria Malczewska (Stare Bogaczowice) Nadia Suchecka (Szczawno-Zdr\u00f3j) &nbsp; I miejsce \u2013 Kinga Ku\u015btak (Wa\u0142brzych) II miejsce [&hellip;]","og_url":"https:\/\/www.3lo.walbrzych.pl\/wordpress\/po-festiwalu-wizualnym\/","og_site_name":"III Liceum Og\u00f3lnokszta\u0142c\u0105ce im. Miko\u0142aja Kopernika","article_published_time":"2018-06-05T23:07:22+00:00","article_modified_time":"2018-06-06T15:55:40+00:00","og_image":[{"width":2592,"height":1944,"url":"https:\/\/www.3lo.walbrzych.pl\/wordpress\/wp-content\/uploads\/2018\/06\/DSC04105.jpg","type":"image\/jpeg"}],"author":"Tomasz Smejlis","twitter_card":"summary_large_image","twitter_misc":{"Napisane przez":"Tomasz Smejlis","Szacowany czas czytania":"2 minuty"},"schema":{"@context":"https:\/\/schema.org","@graph":[{"@type":"Article","@id":"https:\/\/www.3lo.walbrzych.pl\/wordpress\/po-festiwalu-wizualnym\/#article","isPartOf":{"@id":"https:\/\/www.3lo.walbrzych.pl\/wordpress\/po-festiwalu-wizualnym\/"},"author":{"name":"Tomasz Smejlis","@id":"https:\/\/www.3lo.walbrzych.pl\/wordpress\/#\/schema\/person\/a5a3335dddd08a52fc05f69d575fd448"},"headline":"Po Festiwalu Wizualnym","datePublished":"2018-06-05T23:07:22+00:00","dateModified":"2018-06-06T15:55:40+00:00","mainEntityOfPage":{"@id":"https:\/\/www.3lo.walbrzych.pl\/wordpress\/po-festiwalu-wizualnym\/"},"wordCount":370,"publisher":{"@id":"https:\/\/www.3lo.walbrzych.pl\/wordpress\/#organization"},"image":{"@id":"https:\/\/www.3lo.walbrzych.pl\/wordpress\/po-festiwalu-wizualnym\/#primaryimage"},"thumbnailUrl":"https:\/\/www.3lo.walbrzych.pl\/wordpress\/wp-content\/uploads\/2018\/06\/DSC04105.jpg","articleSection":["Aktualno\u015bci"],"inLanguage":"pl-PL"},{"@type":"WebPage","@id":"https:\/\/www.3lo.walbrzych.pl\/wordpress\/po-festiwalu-wizualnym\/","url":"https:\/\/www.3lo.walbrzych.pl\/wordpress\/po-festiwalu-wizualnym\/","name":"Po Festiwalu Wizualnym - III Liceum Og\u00f3lnokszta\u0142c\u0105ce im. Miko\u0142aja Kopernika","isPartOf":{"@id":"https:\/\/www.3lo.walbrzych.pl\/wordpress\/#website"},"primaryImageOfPage":{"@id":"https:\/\/www.3lo.walbrzych.pl\/wordpress\/po-festiwalu-wizualnym\/#primaryimage"},"image":{"@id":"https:\/\/www.3lo.walbrzych.pl\/wordpress\/po-festiwalu-wizualnym\/#primaryimage"},"thumbnailUrl":"https:\/\/www.3lo.walbrzych.pl\/wordpress\/wp-content\/uploads\/2018\/06\/DSC04105.jpg","datePublished":"2018-06-05T23:07:22+00:00","dateModified":"2018-06-06T15:55:40+00:00","breadcrumb":{"@id":"https:\/\/www.3lo.walbrzych.pl\/wordpress\/po-festiwalu-wizualnym\/#breadcrumb"},"inLanguage":"pl-PL","potentialAction":[{"@type":"ReadAction","target":["https:\/\/www.3lo.walbrzych.pl\/wordpress\/po-festiwalu-wizualnym\/"]}]},{"@type":"ImageObject","inLanguage":"pl-PL","@id":"https:\/\/www.3lo.walbrzych.pl\/wordpress\/po-festiwalu-wizualnym\/#primaryimage","url":"https:\/\/www.3lo.walbrzych.pl\/wordpress\/wp-content\/uploads\/2018\/06\/DSC04105.jpg","contentUrl":"https:\/\/www.3lo.walbrzych.pl\/wordpress\/wp-content\/uploads\/2018\/06\/DSC04105.jpg","width":2592,"height":1944},{"@type":"BreadcrumbList","@id":"https:\/\/www.3lo.walbrzych.pl\/wordpress\/po-festiwalu-wizualnym\/#breadcrumb","itemListElement":[{"@type":"ListItem","position":1,"name":"Strona g\u0142\u00f3wna","item":"https:\/\/www.3lo.walbrzych.pl\/wordpress\/"},{"@type":"ListItem","position":2,"name":"Po Festiwalu Wizualnym"}]},{"@type":"WebSite","@id":"https:\/\/www.3lo.walbrzych.pl\/wordpress\/#website","url":"https:\/\/www.3lo.walbrzych.pl\/wordpress\/","name":"III Liceum Og\u00f3lnokszta\u0142c\u0105ce im. Miko\u0142aja Kopernika","description":"","publisher":{"@id":"https:\/\/www.3lo.walbrzych.pl\/wordpress\/#organization"},"potentialAction":[{"@type":"SearchAction","target":{"@type":"EntryPoint","urlTemplate":"https:\/\/www.3lo.walbrzych.pl\/wordpress\/?s={search_term_string}"},"query-input":{"@type":"PropertyValueSpecification","valueRequired":true,"valueName":"search_term_string"}}],"inLanguage":"pl-PL"},{"@type":"Organization","@id":"https:\/\/www.3lo.walbrzych.pl\/wordpress\/#organization","name":"III Liceum Og\u00f3lnokszta\u0142c\u0105ce im. Miko\u0142aja Kopernika","url":"https:\/\/www.3lo.walbrzych.pl\/wordpress\/","logo":{"@type":"ImageObject","inLanguage":"pl-PL","@id":"https:\/\/www.3lo.walbrzych.pl\/wordpress\/#\/schema\/logo\/image\/","url":"https:\/\/www.3lo.walbrzych.pl\/wordpress\/wp-content\/uploads\/2025\/09\/logo-szkoly-scaled.jpg","contentUrl":"https:\/\/www.3lo.walbrzych.pl\/wordpress\/wp-content\/uploads\/2025\/09\/logo-szkoly-scaled.jpg","width":2560,"height":914,"caption":"III Liceum Og\u00f3lnokszta\u0142c\u0105ce im. Miko\u0142aja Kopernika"},"image":{"@id":"https:\/\/www.3lo.walbrzych.pl\/wordpress\/#\/schema\/logo\/image\/"}},{"@type":"Person","@id":"https:\/\/www.3lo.walbrzych.pl\/wordpress\/#\/schema\/person\/a5a3335dddd08a52fc05f69d575fd448","name":"Tomasz Smejlis","url":"https:\/\/www.3lo.walbrzych.pl\/wordpress\/author\/tfox\/"}]}},"_links":{"self":[{"href":"https:\/\/www.3lo.walbrzych.pl\/wordpress\/wp-json\/wp\/v2\/posts\/3053","targetHints":{"allow":["GET"]}}],"collection":[{"href":"https:\/\/www.3lo.walbrzych.pl\/wordpress\/wp-json\/wp\/v2\/posts"}],"about":[{"href":"https:\/\/www.3lo.walbrzych.pl\/wordpress\/wp-json\/wp\/v2\/types\/post"}],"author":[{"embeddable":true,"href":"https:\/\/www.3lo.walbrzych.pl\/wordpress\/wp-json\/wp\/v2\/users\/4"}],"replies":[{"embeddable":true,"href":"https:\/\/www.3lo.walbrzych.pl\/wordpress\/wp-json\/wp\/v2\/comments?post=3053"}],"version-history":[{"count":4,"href":"https:\/\/www.3lo.walbrzych.pl\/wordpress\/wp-json\/wp\/v2\/posts\/3053\/revisions"}],"predecessor-version":[{"id":3088,"href":"https:\/\/www.3lo.walbrzych.pl\/wordpress\/wp-json\/wp\/v2\/posts\/3053\/revisions\/3088"}],"wp:featuredmedia":[{"embeddable":true,"href":"https:\/\/www.3lo.walbrzych.pl\/wordpress\/wp-json\/wp\/v2\/media\/3054"}],"wp:attachment":[{"href":"https:\/\/www.3lo.walbrzych.pl\/wordpress\/wp-json\/wp\/v2\/media?parent=3053"}],"wp:term":[{"taxonomy":"category","embeddable":true,"href":"https:\/\/www.3lo.walbrzych.pl\/wordpress\/wp-json\/wp\/v2\/categories?post=3053"},{"taxonomy":"post_tag","embeddable":true,"href":"https:\/\/www.3lo.walbrzych.pl\/wordpress\/wp-json\/wp\/v2\/tags?post=3053"}],"curies":[{"name":"wp","href":"https:\/\/api.w.org\/{rel}","templated":true}]}}