{"id":3083,"date":"2018-06-07T11:14:52","date_gmt":"2018-06-07T09:14:52","guid":{"rendered":"http:\/\/www.3lo.walbrzych.pl\/wordpress\/?p=3083"},"modified":"2018-06-06T21:54:09","modified_gmt":"2018-06-06T19:54:09","slug":"debiut-literacki-joanny-chodak-absolwentki-naszej-szkoly","status":"publish","type":"post","link":"https:\/\/www.3lo.walbrzych.pl\/wordpress\/debiut-literacki-joanny-chodak-absolwentki-naszej-szkoly\/","title":{"rendered":"Debiut literacki Joanny Chodak &#8211; absolwentki naszej szko\u0142y"},"content":{"rendered":"<p><em>Tylko zako\u0144czone historie mog\u0105 da\u0107 pocz\u0105tek nowym.<\/em><\/p>\n<p><em>Czy mo\u017cna kocha\u0107 kogo\u015b od wielu lat i wci\u0105\u017c nie by\u0107 pewnym, \u017ce to odpowiedni cz\u0142owiek? Mo\u017cna. Czy mo\u017cna wci\u0105\u017c do siebie wraca\u0107 i wci\u0105\u017c znika\u0107 ze swojego \u017cycia? Mo\u017cna. Ale&#8230;czy tak da si\u0119 \u017cy\u0107? Nie. Wkr\u00f3tce przekona si\u0119 o tym Anka, kt\u00f3ra nie potrafi uwolni\u0107 si\u0119 od widma swojej nieszcz\u0119\u015bliwej nastoletniej mi\u0142o\u015bci. Chc\u0105c raz na zawsze pogodzi\u0107 si\u0119 z bolesn\u0105 przesz\u0142o\u015bci\u0105 i rozpocz\u0105\u0107 nowy rozdzia\u0142 w swoim \u017cyciu, b\u0119dzie musia\u0142a skonfrontowa\u0107 si\u0119 z t\u0142umionymi przez siebie pragnieniami i spr\u00f3bowa\u0107 znale\u017a\u0107 odpowiedzi na pytania, kt\u00f3re dr\u0119cz\u0105 j\u0105 od lat.<\/em><\/p>\n<p><em>To ksi\u0105\u017cka dla tych, kt\u00f3rzy pr\u00f3buj\u0105 poradzi\u0107 sobie ze swoimi demonami. Dla tych, kt\u00f3rzy podejmuj\u0105 walk\u0119 o lepsze jutro i dla wszystkich, kt\u00f3rym z mi\u0142o\u015bci\u0105 nie do twarzy.<\/em><\/p>\n<p><a href=\"https:\/\/www.3lo.walbrzych.pl\/wordpress\/wp-content\/uploads\/2018\/06\/32313574_1658195610953978_1449049037125713920_n.jpg\"><img loading=\"lazy\" decoding=\"async\" class=\"aligncenter size-large wp-image-3090\" src=\"https:\/\/www.3lo.walbrzych.pl\/wordpress\/wp-content\/uploads\/2018\/06\/32313574_1658195610953978_1449049037125713920_n-1024x1024.jpg\" alt=\"\" width=\"1024\" height=\"1024\" srcset=\"https:\/\/www.3lo.walbrzych.pl\/wordpress\/wp-content\/uploads\/2018\/06\/32313574_1658195610953978_1449049037125713920_n-1024x1024.jpg 1024w, https:\/\/www.3lo.walbrzych.pl\/wordpress\/wp-content\/uploads\/2018\/06\/32313574_1658195610953978_1449049037125713920_n-150x150.jpg 150w, https:\/\/www.3lo.walbrzych.pl\/wordpress\/wp-content\/uploads\/2018\/06\/32313574_1658195610953978_1449049037125713920_n-300x300.jpg 300w, https:\/\/www.3lo.walbrzych.pl\/wordpress\/wp-content\/uploads\/2018\/06\/32313574_1658195610953978_1449049037125713920_n-768x768.jpg 768w, https:\/\/www.3lo.walbrzych.pl\/wordpress\/wp-content\/uploads\/2018\/06\/32313574_1658195610953978_1449049037125713920_n-365x365.jpg 365w, https:\/\/www.3lo.walbrzych.pl\/wordpress\/wp-content\/uploads\/2018\/06\/32313574_1658195610953978_1449049037125713920_n-500x500.jpg 500w, https:\/\/www.3lo.walbrzych.pl\/wordpress\/wp-content\/uploads\/2018\/06\/32313574_1658195610953978_1449049037125713920_n.jpg 1280w\" sizes=\"auto, (max-width: 1024px) 100vw, 1024px\" \/><\/a><\/p>\n<p>Tak anonsuje debiut literacki Joanny Chodak wydawnictwo Novae Res. Autorka, absolwentka III LO (rocznik 2013), od zawsze marzy\u0142a o pisaniu i w\u0142a\u015bnie uda\u0142o jej si\u0119 zrealizowa\u0107 swoje marzenia. Powie\u015b\u0107 &#8222;Liczone w latach&#8221; ju\u017c wkr\u00f3tce uka\u017ce si\u0119 w ksi\u0119garniach, a w chwili obecnej mo\u017cna zapozna\u0107 si\u0119 z bardzo pozytywnymi recenzjami. M.in. <a href=\"http:\/\/panipisarka.blogspot.com\/2018\/05\/liczone-w-latach-joanna-chodak.html\">tu<\/a>, <a href=\"http:\/\/recenzjekrolewskie.blogspot.com\/2018\/05\/przedpremierowo-liczone-w-latach.html\">tu<\/a> i jeszcze <a href=\"http:\/\/www.mellod.pl\/2018\/04\/joanna-chodak-liczone-w-latach.html\">tu<\/a>. Serdecznie gratulujemy pani Joannie Chodak sukcesu, z kt\u00f3rego wynika wspania\u0142a nauka dla nas wszystkich. Je\u015bli o czym\u015b marzysz, je\u015bli chcesz si\u0119 rozwija\u0107, \u015bwiat stoi przed Tob\u0105 otworem. Marzysz o zostaniu pisarzem? Pr\u00f3buj. My\u015bl\u0119, \u017ce Autorka popar\u0142aby nasze s\u0142owa.<\/p>\n<p><a href=\"https:\/\/www.3lo.walbrzych.pl\/wordpress\/wp-content\/uploads\/2018\/06\/IMG_20180405_224717.jpg\"><img loading=\"lazy\" decoding=\"async\" class=\"aligncenter size-full wp-image-3091\" src=\"https:\/\/www.3lo.walbrzych.pl\/wordpress\/wp-content\/uploads\/2018\/06\/IMG_20180405_224717.jpg\" alt=\"\" width=\"640\" height=\"480\" srcset=\"https:\/\/www.3lo.walbrzych.pl\/wordpress\/wp-content\/uploads\/2018\/06\/IMG_20180405_224717.jpg 640w, https:\/\/www.3lo.walbrzych.pl\/wordpress\/wp-content\/uploads\/2018\/06\/IMG_20180405_224717-300x225.jpg 300w\" sizes=\"auto, (max-width: 640px) 100vw, 640px\" \/><\/a><\/p>\n","protected":false},"excerpt":{"rendered":"<p>Tylko zako\u0144czone historie mog\u0105 da\u0107 pocz\u0105tek nowym. Czy mo\u017cna kocha\u0107 kogo\u015b od wielu lat i wci\u0105\u017c nie by\u0107 pewnym, \u017ce to odpowiedni cz\u0142owiek? Mo\u017cna. Czy mo\u017cna wci\u0105\u017c do siebie wraca\u0107 i wci\u0105\u017c znika\u0107 ze swojego \u017cycia? Mo\u017cna. Ale&#8230;czy tak da si\u0119 \u017cy\u0107? Nie. Wkr\u00f3tce przekona si\u0119 o tym Anka, kt\u00f3ra nie potrafi uwolni\u0107 si\u0119 od [&hellip;]<\/p>\n","protected":false},"author":4,"featured_media":3084,"comment_status":"closed","ping_status":"closed","sticky":false,"template":"","format":"standard","meta":{"footnotes":""},"categories":[19],"tags":[],"class_list":["post-3083","post","type-post","status-publish","format-standard","has-post-thumbnail","hentry","category-aktualnosci"],"yoast_head":"<!-- This site is optimized with the Yoast SEO plugin v28.4 - https:\/\/yoast.com\/product\/yoast-seo-wordpress\/ -->\n<title>Debiut literacki Joanny Chodak - absolwentki naszej szko\u0142y - III Liceum Og\u00f3lnokszta\u0142c\u0105ce im. Miko\u0142aja Kopernika<\/title>\n<meta name=\"robots\" content=\"index, follow, max-snippet:-1, max-image-preview:large, max-video-preview:-1\" \/>\n<link rel=\"canonical\" href=\"https:\/\/www.3lo.walbrzych.pl\/wordpress\/debiut-literacki-joanny-chodak-absolwentki-naszej-szkoly\/\" \/>\n<meta property=\"og:locale\" content=\"pl_PL\" \/>\n<meta property=\"og:type\" content=\"article\" \/>\n<meta property=\"og:title\" content=\"Debiut literacki Joanny Chodak - absolwentki naszej szko\u0142y - III Liceum Og\u00f3lnokszta\u0142c\u0105ce im. Miko\u0142aja Kopernika\" \/>\n<meta property=\"og:description\" content=\"Tylko zako\u0144czone historie mog\u0105 da\u0107 pocz\u0105tek nowym. Czy mo\u017cna kocha\u0107 kogo\u015b od wielu lat i wci\u0105\u017c nie by\u0107 pewnym, \u017ce to odpowiedni cz\u0142owiek? Mo\u017cna. Czy mo\u017cna wci\u0105\u017c do siebie wraca\u0107 i wci\u0105\u017c znika\u0107 ze swojego \u017cycia? Mo\u017cna. Ale&#8230;czy tak da si\u0119 \u017cy\u0107? Nie. Wkr\u00f3tce przekona si\u0119 o tym Anka, kt\u00f3ra nie potrafi uwolni\u0107 si\u0119 od [&hellip;]\" \/>\n<meta property=\"og:url\" content=\"https:\/\/www.3lo.walbrzych.pl\/wordpress\/debiut-literacki-joanny-chodak-absolwentki-naszej-szkoly\/\" \/>\n<meta property=\"og:site_name\" content=\"III Liceum Og\u00f3lnokszta\u0142c\u0105ce im. Miko\u0142aja Kopernika\" \/>\n<meta property=\"article:published_time\" content=\"2018-06-07T09:14:52+00:00\" \/>\n<meta property=\"og:image\" content=\"https:\/\/www.3lo.walbrzych.pl\/wordpress\/wp-content\/uploads\/2018\/06\/6ed6895b672-liczone-w-latach.jpg\" \/>\n\t<meta property=\"og:image:width\" content=\"500\" \/>\n\t<meta property=\"og:image:height\" content=\"800\" \/>\n\t<meta property=\"og:image:type\" content=\"image\/jpeg\" \/>\n<meta name=\"author\" content=\"Tomasz Smejlis\" \/>\n<meta name=\"twitter:card\" content=\"summary_large_image\" \/>\n<meta name=\"twitter:label1\" content=\"Napisane przez\" \/>\n\t<meta name=\"twitter:data1\" content=\"Tomasz Smejlis\" \/>\n\t<meta name=\"twitter:label2\" content=\"Szacowany czas czytania\" \/>\n\t<meta name=\"twitter:data2\" content=\"1 minuta\" \/>\n<script type=\"application\/ld+json\" class=\"yoast-schema-graph\">{\"@context\":\"https:\\\/\\\/schema.org\",\"@graph\":[{\"@type\":\"Article\",\"@id\":\"https:\\\/\\\/www.3lo.walbrzych.pl\\\/wordpress\\\/debiut-literacki-joanny-chodak-absolwentki-naszej-szkoly\\\/#article\",\"isPartOf\":{\"@id\":\"https:\\\/\\\/www.3lo.walbrzych.pl\\\/wordpress\\\/debiut-literacki-joanny-chodak-absolwentki-naszej-szkoly\\\/\"},\"author\":{\"name\":\"Tomasz Smejlis\",\"@id\":\"https:\\\/\\\/www.3lo.walbrzych.pl\\\/wordpress\\\/#\\\/schema\\\/person\\\/a5a3335dddd08a52fc05f69d575fd448\"},\"headline\":\"Debiut literacki Joanny Chodak &#8211; absolwentki naszej szko\u0142y\",\"datePublished\":\"2018-06-07T09:14:52+00:00\",\"mainEntityOfPage\":{\"@id\":\"https:\\\/\\\/www.3lo.walbrzych.pl\\\/wordpress\\\/debiut-literacki-joanny-chodak-absolwentki-naszej-szkoly\\\/\"},\"wordCount\":271,\"publisher\":{\"@id\":\"https:\\\/\\\/www.3lo.walbrzych.pl\\\/wordpress\\\/#organization\"},\"image\":{\"@id\":\"https:\\\/\\\/www.3lo.walbrzych.pl\\\/wordpress\\\/debiut-literacki-joanny-chodak-absolwentki-naszej-szkoly\\\/#primaryimage\"},\"thumbnailUrl\":\"https:\\\/\\\/www.3lo.walbrzych.pl\\\/wordpress\\\/wp-content\\\/uploads\\\/2018\\\/06\\\/6ed6895b672-liczone-w-latach.jpg\",\"articleSection\":[\"Aktualno\u015bci\"],\"inLanguage\":\"pl-PL\"},{\"@type\":\"WebPage\",\"@id\":\"https:\\\/\\\/www.3lo.walbrzych.pl\\\/wordpress\\\/debiut-literacki-joanny-chodak-absolwentki-naszej-szkoly\\\/\",\"url\":\"https:\\\/\\\/www.3lo.walbrzych.pl\\\/wordpress\\\/debiut-literacki-joanny-chodak-absolwentki-naszej-szkoly\\\/\",\"name\":\"Debiut literacki Joanny Chodak - absolwentki naszej szko\u0142y - III Liceum Og\u00f3lnokszta\u0142c\u0105ce im. Miko\u0142aja Kopernika\",\"isPartOf\":{\"@id\":\"https:\\\/\\\/www.3lo.walbrzych.pl\\\/wordpress\\\/#website\"},\"primaryImageOfPage\":{\"@id\":\"https:\\\/\\\/www.3lo.walbrzych.pl\\\/wordpress\\\/debiut-literacki-joanny-chodak-absolwentki-naszej-szkoly\\\/#primaryimage\"},\"image\":{\"@id\":\"https:\\\/\\\/www.3lo.walbrzych.pl\\\/wordpress\\\/debiut-literacki-joanny-chodak-absolwentki-naszej-szkoly\\\/#primaryimage\"},\"thumbnailUrl\":\"https:\\\/\\\/www.3lo.walbrzych.pl\\\/wordpress\\\/wp-content\\\/uploads\\\/2018\\\/06\\\/6ed6895b672-liczone-w-latach.jpg\",\"datePublished\":\"2018-06-07T09:14:52+00:00\",\"breadcrumb\":{\"@id\":\"https:\\\/\\\/www.3lo.walbrzych.pl\\\/wordpress\\\/debiut-literacki-joanny-chodak-absolwentki-naszej-szkoly\\\/#breadcrumb\"},\"inLanguage\":\"pl-PL\",\"potentialAction\":[{\"@type\":\"ReadAction\",\"target\":[\"https:\\\/\\\/www.3lo.walbrzych.pl\\\/wordpress\\\/debiut-literacki-joanny-chodak-absolwentki-naszej-szkoly\\\/\"]}]},{\"@type\":\"ImageObject\",\"inLanguage\":\"pl-PL\",\"@id\":\"https:\\\/\\\/www.3lo.walbrzych.pl\\\/wordpress\\\/debiut-literacki-joanny-chodak-absolwentki-naszej-szkoly\\\/#primaryimage\",\"url\":\"https:\\\/\\\/www.3lo.walbrzych.pl\\\/wordpress\\\/wp-content\\\/uploads\\\/2018\\\/06\\\/6ed6895b672-liczone-w-latach.jpg\",\"contentUrl\":\"https:\\\/\\\/www.3lo.walbrzych.pl\\\/wordpress\\\/wp-content\\\/uploads\\\/2018\\\/06\\\/6ed6895b672-liczone-w-latach.jpg\",\"width\":500,\"height\":800},{\"@type\":\"BreadcrumbList\",\"@id\":\"https:\\\/\\\/www.3lo.walbrzych.pl\\\/wordpress\\\/debiut-literacki-joanny-chodak-absolwentki-naszej-szkoly\\\/#breadcrumb\",\"itemListElement\":[{\"@type\":\"ListItem\",\"position\":1,\"name\":\"Strona g\u0142\u00f3wna\",\"item\":\"https:\\\/\\\/www.3lo.walbrzych.pl\\\/wordpress\\\/\"},{\"@type\":\"ListItem\",\"position\":2,\"name\":\"Debiut literacki Joanny Chodak &#8211; absolwentki naszej szko\u0142y\"}]},{\"@type\":\"WebSite\",\"@id\":\"https:\\\/\\\/www.3lo.walbrzych.pl\\\/wordpress\\\/#website\",\"url\":\"https:\\\/\\\/www.3lo.walbrzych.pl\\\/wordpress\\\/\",\"name\":\"III Liceum Og\u00f3lnokszta\u0142c\u0105ce im. Miko\u0142aja Kopernika\",\"description\":\"\",\"publisher\":{\"@id\":\"https:\\\/\\\/www.3lo.walbrzych.pl\\\/wordpress\\\/#organization\"},\"potentialAction\":[{\"@type\":\"SearchAction\",\"target\":{\"@type\":\"EntryPoint\",\"urlTemplate\":\"https:\\\/\\\/www.3lo.walbrzych.pl\\\/wordpress\\\/?s={search_term_string}\"},\"query-input\":{\"@type\":\"PropertyValueSpecification\",\"valueRequired\":true,\"valueName\":\"search_term_string\"}}],\"inLanguage\":\"pl-PL\"},{\"@type\":\"Organization\",\"@id\":\"https:\\\/\\\/www.3lo.walbrzych.pl\\\/wordpress\\\/#organization\",\"name\":\"III Liceum Og\u00f3lnokszta\u0142c\u0105ce im. Miko\u0142aja Kopernika\",\"url\":\"https:\\\/\\\/www.3lo.walbrzych.pl\\\/wordpress\\\/\",\"logo\":{\"@type\":\"ImageObject\",\"inLanguage\":\"pl-PL\",\"@id\":\"https:\\\/\\\/www.3lo.walbrzych.pl\\\/wordpress\\\/#\\\/schema\\\/logo\\\/image\\\/\",\"url\":\"https:\\\/\\\/www.3lo.walbrzych.pl\\\/wordpress\\\/wp-content\\\/uploads\\\/2025\\\/09\\\/logo-szkoly-scaled.jpg\",\"contentUrl\":\"https:\\\/\\\/www.3lo.walbrzych.pl\\\/wordpress\\\/wp-content\\\/uploads\\\/2025\\\/09\\\/logo-szkoly-scaled.jpg\",\"width\":2560,\"height\":914,\"caption\":\"III Liceum Og\u00f3lnokszta\u0142c\u0105ce im. Miko\u0142aja Kopernika\"},\"image\":{\"@id\":\"https:\\\/\\\/www.3lo.walbrzych.pl\\\/wordpress\\\/#\\\/schema\\\/logo\\\/image\\\/\"}},{\"@type\":\"Person\",\"@id\":\"https:\\\/\\\/www.3lo.walbrzych.pl\\\/wordpress\\\/#\\\/schema\\\/person\\\/a5a3335dddd08a52fc05f69d575fd448\",\"name\":\"Tomasz Smejlis\",\"url\":\"https:\\\/\\\/www.3lo.walbrzych.pl\\\/wordpress\\\/author\\\/tfox\\\/\"}]}<\/script>\n<!-- \/ Yoast SEO plugin. -->","yoast_head_json":{"title":"Debiut literacki Joanny Chodak - absolwentki naszej szko\u0142y - III Liceum Og\u00f3lnokszta\u0142c\u0105ce im. Miko\u0142aja Kopernika","robots":{"index":"index","follow":"follow","max-snippet":"max-snippet:-1","max-image-preview":"max-image-preview:large","max-video-preview":"max-video-preview:-1"},"canonical":"https:\/\/www.3lo.walbrzych.pl\/wordpress\/debiut-literacki-joanny-chodak-absolwentki-naszej-szkoly\/","og_locale":"pl_PL","og_type":"article","og_title":"Debiut literacki Joanny Chodak - absolwentki naszej szko\u0142y - III Liceum Og\u00f3lnokszta\u0142c\u0105ce im. Miko\u0142aja Kopernika","og_description":"Tylko zako\u0144czone historie mog\u0105 da\u0107 pocz\u0105tek nowym. Czy mo\u017cna kocha\u0107 kogo\u015b od wielu lat i wci\u0105\u017c nie by\u0107 pewnym, \u017ce to odpowiedni cz\u0142owiek? Mo\u017cna. Czy mo\u017cna wci\u0105\u017c do siebie wraca\u0107 i wci\u0105\u017c znika\u0107 ze swojego \u017cycia? Mo\u017cna. Ale&#8230;czy tak da si\u0119 \u017cy\u0107? Nie. Wkr\u00f3tce przekona si\u0119 o tym Anka, kt\u00f3ra nie potrafi uwolni\u0107 si\u0119 od [&hellip;]","og_url":"https:\/\/www.3lo.walbrzych.pl\/wordpress\/debiut-literacki-joanny-chodak-absolwentki-naszej-szkoly\/","og_site_name":"III Liceum Og\u00f3lnokszta\u0142c\u0105ce im. Miko\u0142aja Kopernika","article_published_time":"2018-06-07T09:14:52+00:00","og_image":[{"width":500,"height":800,"url":"https:\/\/www.3lo.walbrzych.pl\/wordpress\/wp-content\/uploads\/2018\/06\/6ed6895b672-liczone-w-latach.jpg","type":"image\/jpeg"}],"author":"Tomasz Smejlis","twitter_card":"summary_large_image","twitter_misc":{"Napisane przez":"Tomasz Smejlis","Szacowany czas czytania":"1 minuta"},"schema":{"@context":"https:\/\/schema.org","@graph":[{"@type":"Article","@id":"https:\/\/www.3lo.walbrzych.pl\/wordpress\/debiut-literacki-joanny-chodak-absolwentki-naszej-szkoly\/#article","isPartOf":{"@id":"https:\/\/www.3lo.walbrzych.pl\/wordpress\/debiut-literacki-joanny-chodak-absolwentki-naszej-szkoly\/"},"author":{"name":"Tomasz Smejlis","@id":"https:\/\/www.3lo.walbrzych.pl\/wordpress\/#\/schema\/person\/a5a3335dddd08a52fc05f69d575fd448"},"headline":"Debiut literacki Joanny Chodak &#8211; absolwentki naszej szko\u0142y","datePublished":"2018-06-07T09:14:52+00:00","mainEntityOfPage":{"@id":"https:\/\/www.3lo.walbrzych.pl\/wordpress\/debiut-literacki-joanny-chodak-absolwentki-naszej-szkoly\/"},"wordCount":271,"publisher":{"@id":"https:\/\/www.3lo.walbrzych.pl\/wordpress\/#organization"},"image":{"@id":"https:\/\/www.3lo.walbrzych.pl\/wordpress\/debiut-literacki-joanny-chodak-absolwentki-naszej-szkoly\/#primaryimage"},"thumbnailUrl":"https:\/\/www.3lo.walbrzych.pl\/wordpress\/wp-content\/uploads\/2018\/06\/6ed6895b672-liczone-w-latach.jpg","articleSection":["Aktualno\u015bci"],"inLanguage":"pl-PL"},{"@type":"WebPage","@id":"https:\/\/www.3lo.walbrzych.pl\/wordpress\/debiut-literacki-joanny-chodak-absolwentki-naszej-szkoly\/","url":"https:\/\/www.3lo.walbrzych.pl\/wordpress\/debiut-literacki-joanny-chodak-absolwentki-naszej-szkoly\/","name":"Debiut literacki Joanny Chodak - absolwentki naszej szko\u0142y - III Liceum Og\u00f3lnokszta\u0142c\u0105ce im. Miko\u0142aja Kopernika","isPartOf":{"@id":"https:\/\/www.3lo.walbrzych.pl\/wordpress\/#website"},"primaryImageOfPage":{"@id":"https:\/\/www.3lo.walbrzych.pl\/wordpress\/debiut-literacki-joanny-chodak-absolwentki-naszej-szkoly\/#primaryimage"},"image":{"@id":"https:\/\/www.3lo.walbrzych.pl\/wordpress\/debiut-literacki-joanny-chodak-absolwentki-naszej-szkoly\/#primaryimage"},"thumbnailUrl":"https:\/\/www.3lo.walbrzych.pl\/wordpress\/wp-content\/uploads\/2018\/06\/6ed6895b672-liczone-w-latach.jpg","datePublished":"2018-06-07T09:14:52+00:00","breadcrumb":{"@id":"https:\/\/www.3lo.walbrzych.pl\/wordpress\/debiut-literacki-joanny-chodak-absolwentki-naszej-szkoly\/#breadcrumb"},"inLanguage":"pl-PL","potentialAction":[{"@type":"ReadAction","target":["https:\/\/www.3lo.walbrzych.pl\/wordpress\/debiut-literacki-joanny-chodak-absolwentki-naszej-szkoly\/"]}]},{"@type":"ImageObject","inLanguage":"pl-PL","@id":"https:\/\/www.3lo.walbrzych.pl\/wordpress\/debiut-literacki-joanny-chodak-absolwentki-naszej-szkoly\/#primaryimage","url":"https:\/\/www.3lo.walbrzych.pl\/wordpress\/wp-content\/uploads\/2018\/06\/6ed6895b672-liczone-w-latach.jpg","contentUrl":"https:\/\/www.3lo.walbrzych.pl\/wordpress\/wp-content\/uploads\/2018\/06\/6ed6895b672-liczone-w-latach.jpg","width":500,"height":800},{"@type":"BreadcrumbList","@id":"https:\/\/www.3lo.walbrzych.pl\/wordpress\/debiut-literacki-joanny-chodak-absolwentki-naszej-szkoly\/#breadcrumb","itemListElement":[{"@type":"ListItem","position":1,"name":"Strona g\u0142\u00f3wna","item":"https:\/\/www.3lo.walbrzych.pl\/wordpress\/"},{"@type":"ListItem","position":2,"name":"Debiut literacki Joanny Chodak &#8211; absolwentki naszej szko\u0142y"}]},{"@type":"WebSite","@id":"https:\/\/www.3lo.walbrzych.pl\/wordpress\/#website","url":"https:\/\/www.3lo.walbrzych.pl\/wordpress\/","name":"III Liceum Og\u00f3lnokszta\u0142c\u0105ce im. Miko\u0142aja Kopernika","description":"","publisher":{"@id":"https:\/\/www.3lo.walbrzych.pl\/wordpress\/#organization"},"potentialAction":[{"@type":"SearchAction","target":{"@type":"EntryPoint","urlTemplate":"https:\/\/www.3lo.walbrzych.pl\/wordpress\/?s={search_term_string}"},"query-input":{"@type":"PropertyValueSpecification","valueRequired":true,"valueName":"search_term_string"}}],"inLanguage":"pl-PL"},{"@type":"Organization","@id":"https:\/\/www.3lo.walbrzych.pl\/wordpress\/#organization","name":"III Liceum Og\u00f3lnokszta\u0142c\u0105ce im. Miko\u0142aja Kopernika","url":"https:\/\/www.3lo.walbrzych.pl\/wordpress\/","logo":{"@type":"ImageObject","inLanguage":"pl-PL","@id":"https:\/\/www.3lo.walbrzych.pl\/wordpress\/#\/schema\/logo\/image\/","url":"https:\/\/www.3lo.walbrzych.pl\/wordpress\/wp-content\/uploads\/2025\/09\/logo-szkoly-scaled.jpg","contentUrl":"https:\/\/www.3lo.walbrzych.pl\/wordpress\/wp-content\/uploads\/2025\/09\/logo-szkoly-scaled.jpg","width":2560,"height":914,"caption":"III Liceum Og\u00f3lnokszta\u0142c\u0105ce im. Miko\u0142aja Kopernika"},"image":{"@id":"https:\/\/www.3lo.walbrzych.pl\/wordpress\/#\/schema\/logo\/image\/"}},{"@type":"Person","@id":"https:\/\/www.3lo.walbrzych.pl\/wordpress\/#\/schema\/person\/a5a3335dddd08a52fc05f69d575fd448","name":"Tomasz Smejlis","url":"https:\/\/www.3lo.walbrzych.pl\/wordpress\/author\/tfox\/"}]}},"_links":{"self":[{"href":"https:\/\/www.3lo.walbrzych.pl\/wordpress\/wp-json\/wp\/v2\/posts\/3083","targetHints":{"allow":["GET"]}}],"collection":[{"href":"https:\/\/www.3lo.walbrzych.pl\/wordpress\/wp-json\/wp\/v2\/posts"}],"about":[{"href":"https:\/\/www.3lo.walbrzych.pl\/wordpress\/wp-json\/wp\/v2\/types\/post"}],"author":[{"embeddable":true,"href":"https:\/\/www.3lo.walbrzych.pl\/wordpress\/wp-json\/wp\/v2\/users\/4"}],"replies":[{"embeddable":true,"href":"https:\/\/www.3lo.walbrzych.pl\/wordpress\/wp-json\/wp\/v2\/comments?post=3083"}],"version-history":[{"count":2,"href":"https:\/\/www.3lo.walbrzych.pl\/wordpress\/wp-json\/wp\/v2\/posts\/3083\/revisions"}],"predecessor-version":[{"id":3092,"href":"https:\/\/www.3lo.walbrzych.pl\/wordpress\/wp-json\/wp\/v2\/posts\/3083\/revisions\/3092"}],"wp:featuredmedia":[{"embeddable":true,"href":"https:\/\/www.3lo.walbrzych.pl\/wordpress\/wp-json\/wp\/v2\/media\/3084"}],"wp:attachment":[{"href":"https:\/\/www.3lo.walbrzych.pl\/wordpress\/wp-json\/wp\/v2\/media?parent=3083"}],"wp:term":[{"taxonomy":"category","embeddable":true,"href":"https:\/\/www.3lo.walbrzych.pl\/wordpress\/wp-json\/wp\/v2\/categories?post=3083"},{"taxonomy":"post_tag","embeddable":true,"href":"https:\/\/www.3lo.walbrzych.pl\/wordpress\/wp-json\/wp\/v2\/tags?post=3083"}],"curies":[{"name":"wp","href":"https:\/\/api.w.org\/{rel}","templated":true}]}}