{"id":3597,"date":"2019-01-03T21:52:53","date_gmt":"2019-01-03T20:52:53","guid":{"rendered":"http:\/\/www.3lo.walbrzych.pl\/wordpress\/?p=3597"},"modified":"2019-01-03T21:52:54","modified_gmt":"2019-01-03T20:52:54","slug":"wigilia-wolontariuszy","status":"publish","type":"post","link":"https:\/\/www.3lo.walbrzych.pl\/wordpress\/wigilia-wolontariuszy\/","title":{"rendered":"Wigilia wolontariuszy"},"content":{"rendered":"\n<p class=\"wp-block-paragraph\">\u015awi\u0105tecznych wspomnie\u0144 czar\u2026 <\/p>\n\n\n\n<figure class=\"wp-block-image is-resized\"><img loading=\"lazy\" decoding=\"async\" src=\"https:\/\/www.3lo.walbrzych.pl\/wordpress\/wp-content\/uploads\/2019\/01\/IMG_7124.jpeg\" alt=\"\" class=\"wp-image-3599\" width=\"504\" height=\"376\" srcset=\"https:\/\/www.3lo.walbrzych.pl\/wordpress\/wp-content\/uploads\/2019\/01\/IMG_7124.jpeg 316w, https:\/\/www.3lo.walbrzych.pl\/wordpress\/wp-content\/uploads\/2019\/01\/IMG_7124-300x224.jpeg 300w\" sizes=\"auto, (max-width: 504px) 100vw, 504px\" \/><\/figure>\n\n\n\n<p class=\"wp-block-paragraph\">19 grudnia odby\u0142a si\u0119 uroczysta Wigilia Wolontariuszy zorganizowana przez Zesp\u00f3\u0142 Szk\u00f3\u0142 Nr 5 im. M.T. Hubera. Wolontariusze Zespo\u0142u Szk\u00f3\u0142 nr 3 wraz z opiekunkami tradycyjnie przybyli na ni\u0105. Dzi\u0119ki temu mogli obejrze\u0107 weso\u0142\u0105 wersj\u0119 Jase\u0142ek, przygotowanych przez uczni\u00f3w ZS nr 5. Spr\u00f3bowali tak\u017ce smako\u0142yk\u00f3w, kt\u00f3re ka\u017cdy z Klub\u00f3w O\u015bmiu przyni\u00f3s\u0142 ze sob\u0105, a tak\u017ce po\u015bpiewali wsp\u00f3lnie kol\u0119dy. Magiczna atmosfera tego spotkania zostanie im w serduchach na d\u0142ugo, poniewa\u017c dobro jednoczy, nie tylko od \u015bwi\u0119ta. <\/p>\n\n\n\n<figure class=\"wp-block-image is-resized\"><img loading=\"lazy\" decoding=\"async\" src=\"https:\/\/www.3lo.walbrzych.pl\/wordpress\/wp-content\/uploads\/2019\/01\/IMG_7119.jpeg\" alt=\"\" class=\"wp-image-3600\" width=\"547\" height=\"409\" srcset=\"https:\/\/www.3lo.walbrzych.pl\/wordpress\/wp-content\/uploads\/2019\/01\/IMG_7119.jpeg 316w, https:\/\/www.3lo.walbrzych.pl\/wordpress\/wp-content\/uploads\/2019\/01\/IMG_7119-300x224.jpeg 300w\" sizes=\"auto, (max-width: 547px) 100vw, 547px\" \/><\/figure>\n","protected":false},"excerpt":{"rendered":"<p>\u015awi\u0105tecznych wspomnie\u0144 czar\u2026 19 grudnia odby\u0142a si\u0119 uroczysta Wigilia Wolontariuszy zorganizowana przez Zesp\u00f3\u0142 Szk\u00f3\u0142 Nr 5 im. M.T. Hubera. Wolontariusze Zespo\u0142u Szk\u00f3\u0142 nr 3 wraz z opiekunkami tradycyjnie przybyli na ni\u0105. Dzi\u0119ki temu mogli obejrze\u0107 weso\u0142\u0105 wersj\u0119 Jase\u0142ek, przygotowanych przez uczni\u00f3w ZS nr 5. Spr\u00f3bowali tak\u017ce smako\u0142yk\u00f3w, kt\u00f3re ka\u017cdy z Klub\u00f3w O\u015bmiu przyni\u00f3s\u0142 ze sob\u0105, [&hellip;]<\/p>\n","protected":false},"author":4,"featured_media":3598,"comment_status":"closed","ping_status":"closed","sticky":false,"template":"","format":"standard","meta":{"footnotes":""},"categories":[19],"tags":[],"class_list":["post-3597","post","type-post","status-publish","format-standard","has-post-thumbnail","hentry","category-aktualnosci"],"yoast_head":"<!-- This site is optimized with the Yoast SEO plugin v28.4 - https:\/\/yoast.com\/product\/yoast-seo-wordpress\/ -->\n<title>Wigilia wolontariuszy - III Liceum Og\u00f3lnokszta\u0142c\u0105ce im. Miko\u0142aja Kopernika<\/title>\n<meta name=\"robots\" content=\"index, follow, max-snippet:-1, max-image-preview:large, max-video-preview:-1\" \/>\n<link rel=\"canonical\" href=\"https:\/\/www.3lo.walbrzych.pl\/wordpress\/wigilia-wolontariuszy\/\" \/>\n<meta property=\"og:locale\" content=\"pl_PL\" \/>\n<meta property=\"og:type\" content=\"article\" \/>\n<meta property=\"og:title\" content=\"Wigilia wolontariuszy - III Liceum Og\u00f3lnokszta\u0142c\u0105ce im. Miko\u0142aja Kopernika\" \/>\n<meta property=\"og:description\" content=\"\u015awi\u0105tecznych wspomnie\u0144 czar\u2026 19 grudnia odby\u0142a si\u0119 uroczysta Wigilia Wolontariuszy zorganizowana przez Zesp\u00f3\u0142 Szk\u00f3\u0142 Nr 5 im. M.T. Hubera. Wolontariusze Zespo\u0142u Szk\u00f3\u0142 nr 3 wraz z opiekunkami tradycyjnie przybyli na ni\u0105. Dzi\u0119ki temu mogli obejrze\u0107 weso\u0142\u0105 wersj\u0119 Jase\u0142ek, przygotowanych przez uczni\u00f3w ZS nr 5. Spr\u00f3bowali tak\u017ce smako\u0142yk\u00f3w, kt\u00f3re ka\u017cdy z Klub\u00f3w O\u015bmiu przyni\u00f3s\u0142 ze sob\u0105, [&hellip;]\" \/>\n<meta property=\"og:url\" content=\"https:\/\/www.3lo.walbrzych.pl\/wordpress\/wigilia-wolontariuszy\/\" \/>\n<meta property=\"og:site_name\" content=\"III Liceum Og\u00f3lnokszta\u0142c\u0105ce im. Miko\u0142aja Kopernika\" \/>\n<meta property=\"article:published_time\" content=\"2019-01-03T20:52:53+00:00\" \/>\n<meta property=\"article:modified_time\" content=\"2019-01-03T20:52:54+00:00\" \/>\n<meta property=\"og:image\" content=\"https:\/\/www.3lo.walbrzych.pl\/wordpress\/wp-content\/uploads\/2019\/01\/IMG_7117.jpeg\" \/>\n\t<meta property=\"og:image:width\" content=\"316\" \/>\n\t<meta property=\"og:image:height\" content=\"236\" \/>\n\t<meta property=\"og:image:type\" content=\"image\/jpeg\" \/>\n<meta name=\"author\" content=\"Tomasz Smejlis\" \/>\n<meta name=\"twitter:card\" content=\"summary_large_image\" \/>\n<meta name=\"twitter:label1\" content=\"Napisane przez\" \/>\n\t<meta name=\"twitter:data1\" content=\"Tomasz Smejlis\" \/>\n<script type=\"application\/ld+json\" class=\"yoast-schema-graph\">{\"@context\":\"https:\\\/\\\/schema.org\",\"@graph\":[{\"@type\":\"Article\",\"@id\":\"https:\\\/\\\/www.3lo.walbrzych.pl\\\/wordpress\\\/wigilia-wolontariuszy\\\/#article\",\"isPartOf\":{\"@id\":\"https:\\\/\\\/www.3lo.walbrzych.pl\\\/wordpress\\\/wigilia-wolontariuszy\\\/\"},\"author\":{\"name\":\"Tomasz Smejlis\",\"@id\":\"https:\\\/\\\/www.3lo.walbrzych.pl\\\/wordpress\\\/#\\\/schema\\\/person\\\/a5a3335dddd08a52fc05f69d575fd448\"},\"headline\":\"Wigilia wolontariuszy\",\"datePublished\":\"2019-01-03T20:52:53+00:00\",\"dateModified\":\"2019-01-03T20:52:54+00:00\",\"mainEntityOfPage\":{\"@id\":\"https:\\\/\\\/www.3lo.walbrzych.pl\\\/wordpress\\\/wigilia-wolontariuszy\\\/\"},\"wordCount\":97,\"publisher\":{\"@id\":\"https:\\\/\\\/www.3lo.walbrzych.pl\\\/wordpress\\\/#organization\"},\"image\":{\"@id\":\"https:\\\/\\\/www.3lo.walbrzych.pl\\\/wordpress\\\/wigilia-wolontariuszy\\\/#primaryimage\"},\"thumbnailUrl\":\"https:\\\/\\\/www.3lo.walbrzych.pl\\\/wordpress\\\/wp-content\\\/uploads\\\/2019\\\/01\\\/IMG_7117.jpeg\",\"articleSection\":[\"Aktualno\u015bci\"],\"inLanguage\":\"pl-PL\"},{\"@type\":\"WebPage\",\"@id\":\"https:\\\/\\\/www.3lo.walbrzych.pl\\\/wordpress\\\/wigilia-wolontariuszy\\\/\",\"url\":\"https:\\\/\\\/www.3lo.walbrzych.pl\\\/wordpress\\\/wigilia-wolontariuszy\\\/\",\"name\":\"Wigilia wolontariuszy - III Liceum Og\u00f3lnokszta\u0142c\u0105ce im. Miko\u0142aja Kopernika\",\"isPartOf\":{\"@id\":\"https:\\\/\\\/www.3lo.walbrzych.pl\\\/wordpress\\\/#website\"},\"primaryImageOfPage\":{\"@id\":\"https:\\\/\\\/www.3lo.walbrzych.pl\\\/wordpress\\\/wigilia-wolontariuszy\\\/#primaryimage\"},\"image\":{\"@id\":\"https:\\\/\\\/www.3lo.walbrzych.pl\\\/wordpress\\\/wigilia-wolontariuszy\\\/#primaryimage\"},\"thumbnailUrl\":\"https:\\\/\\\/www.3lo.walbrzych.pl\\\/wordpress\\\/wp-content\\\/uploads\\\/2019\\\/01\\\/IMG_7117.jpeg\",\"datePublished\":\"2019-01-03T20:52:53+00:00\",\"dateModified\":\"2019-01-03T20:52:54+00:00\",\"breadcrumb\":{\"@id\":\"https:\\\/\\\/www.3lo.walbrzych.pl\\\/wordpress\\\/wigilia-wolontariuszy\\\/#breadcrumb\"},\"inLanguage\":\"pl-PL\",\"potentialAction\":[{\"@type\":\"ReadAction\",\"target\":[\"https:\\\/\\\/www.3lo.walbrzych.pl\\\/wordpress\\\/wigilia-wolontariuszy\\\/\"]}]},{\"@type\":\"ImageObject\",\"inLanguage\":\"pl-PL\",\"@id\":\"https:\\\/\\\/www.3lo.walbrzych.pl\\\/wordpress\\\/wigilia-wolontariuszy\\\/#primaryimage\",\"url\":\"https:\\\/\\\/www.3lo.walbrzych.pl\\\/wordpress\\\/wp-content\\\/uploads\\\/2019\\\/01\\\/IMG_7117.jpeg\",\"contentUrl\":\"https:\\\/\\\/www.3lo.walbrzych.pl\\\/wordpress\\\/wp-content\\\/uploads\\\/2019\\\/01\\\/IMG_7117.jpeg\",\"width\":316,\"height\":236},{\"@type\":\"BreadcrumbList\",\"@id\":\"https:\\\/\\\/www.3lo.walbrzych.pl\\\/wordpress\\\/wigilia-wolontariuszy\\\/#breadcrumb\",\"itemListElement\":[{\"@type\":\"ListItem\",\"position\":1,\"name\":\"Strona g\u0142\u00f3wna\",\"item\":\"https:\\\/\\\/www.3lo.walbrzych.pl\\\/wordpress\\\/\"},{\"@type\":\"ListItem\",\"position\":2,\"name\":\"Wigilia wolontariuszy\"}]},{\"@type\":\"WebSite\",\"@id\":\"https:\\\/\\\/www.3lo.walbrzych.pl\\\/wordpress\\\/#website\",\"url\":\"https:\\\/\\\/www.3lo.walbrzych.pl\\\/wordpress\\\/\",\"name\":\"III Liceum Og\u00f3lnokszta\u0142c\u0105ce im. Miko\u0142aja Kopernika\",\"description\":\"\",\"publisher\":{\"@id\":\"https:\\\/\\\/www.3lo.walbrzych.pl\\\/wordpress\\\/#organization\"},\"potentialAction\":[{\"@type\":\"SearchAction\",\"target\":{\"@type\":\"EntryPoint\",\"urlTemplate\":\"https:\\\/\\\/www.3lo.walbrzych.pl\\\/wordpress\\\/?s={search_term_string}\"},\"query-input\":{\"@type\":\"PropertyValueSpecification\",\"valueRequired\":true,\"valueName\":\"search_term_string\"}}],\"inLanguage\":\"pl-PL\"},{\"@type\":\"Organization\",\"@id\":\"https:\\\/\\\/www.3lo.walbrzych.pl\\\/wordpress\\\/#organization\",\"name\":\"III Liceum Og\u00f3lnokszta\u0142c\u0105ce im. Miko\u0142aja Kopernika\",\"url\":\"https:\\\/\\\/www.3lo.walbrzych.pl\\\/wordpress\\\/\",\"logo\":{\"@type\":\"ImageObject\",\"inLanguage\":\"pl-PL\",\"@id\":\"https:\\\/\\\/www.3lo.walbrzych.pl\\\/wordpress\\\/#\\\/schema\\\/logo\\\/image\\\/\",\"url\":\"https:\\\/\\\/www.3lo.walbrzych.pl\\\/wordpress\\\/wp-content\\\/uploads\\\/2025\\\/09\\\/logo-szkoly-scaled.jpg\",\"contentUrl\":\"https:\\\/\\\/www.3lo.walbrzych.pl\\\/wordpress\\\/wp-content\\\/uploads\\\/2025\\\/09\\\/logo-szkoly-scaled.jpg\",\"width\":2560,\"height\":914,\"caption\":\"III Liceum Og\u00f3lnokszta\u0142c\u0105ce im. Miko\u0142aja Kopernika\"},\"image\":{\"@id\":\"https:\\\/\\\/www.3lo.walbrzych.pl\\\/wordpress\\\/#\\\/schema\\\/logo\\\/image\\\/\"}},{\"@type\":\"Person\",\"@id\":\"https:\\\/\\\/www.3lo.walbrzych.pl\\\/wordpress\\\/#\\\/schema\\\/person\\\/a5a3335dddd08a52fc05f69d575fd448\",\"name\":\"Tomasz Smejlis\",\"url\":\"https:\\\/\\\/www.3lo.walbrzych.pl\\\/wordpress\\\/author\\\/tfox\\\/\"}]}<\/script>\n<!-- \/ Yoast SEO plugin. -->","yoast_head_json":{"title":"Wigilia wolontariuszy - III Liceum Og\u00f3lnokszta\u0142c\u0105ce im. Miko\u0142aja Kopernika","robots":{"index":"index","follow":"follow","max-snippet":"max-snippet:-1","max-image-preview":"max-image-preview:large","max-video-preview":"max-video-preview:-1"},"canonical":"https:\/\/www.3lo.walbrzych.pl\/wordpress\/wigilia-wolontariuszy\/","og_locale":"pl_PL","og_type":"article","og_title":"Wigilia wolontariuszy - III Liceum Og\u00f3lnokszta\u0142c\u0105ce im. Miko\u0142aja Kopernika","og_description":"\u015awi\u0105tecznych wspomnie\u0144 czar\u2026 19 grudnia odby\u0142a si\u0119 uroczysta Wigilia Wolontariuszy zorganizowana przez Zesp\u00f3\u0142 Szk\u00f3\u0142 Nr 5 im. M.T. Hubera. Wolontariusze Zespo\u0142u Szk\u00f3\u0142 nr 3 wraz z opiekunkami tradycyjnie przybyli na ni\u0105. Dzi\u0119ki temu mogli obejrze\u0107 weso\u0142\u0105 wersj\u0119 Jase\u0142ek, przygotowanych przez uczni\u00f3w ZS nr 5. Spr\u00f3bowali tak\u017ce smako\u0142yk\u00f3w, kt\u00f3re ka\u017cdy z Klub\u00f3w O\u015bmiu przyni\u00f3s\u0142 ze sob\u0105, [&hellip;]","og_url":"https:\/\/www.3lo.walbrzych.pl\/wordpress\/wigilia-wolontariuszy\/","og_site_name":"III Liceum Og\u00f3lnokszta\u0142c\u0105ce im. Miko\u0142aja Kopernika","article_published_time":"2019-01-03T20:52:53+00:00","article_modified_time":"2019-01-03T20:52:54+00:00","og_image":[{"width":316,"height":236,"url":"https:\/\/www.3lo.walbrzych.pl\/wordpress\/wp-content\/uploads\/2019\/01\/IMG_7117.jpeg","type":"image\/jpeg"}],"author":"Tomasz Smejlis","twitter_card":"summary_large_image","twitter_misc":{"Napisane przez":"Tomasz Smejlis"},"schema":{"@context":"https:\/\/schema.org","@graph":[{"@type":"Article","@id":"https:\/\/www.3lo.walbrzych.pl\/wordpress\/wigilia-wolontariuszy\/#article","isPartOf":{"@id":"https:\/\/www.3lo.walbrzych.pl\/wordpress\/wigilia-wolontariuszy\/"},"author":{"name":"Tomasz Smejlis","@id":"https:\/\/www.3lo.walbrzych.pl\/wordpress\/#\/schema\/person\/a5a3335dddd08a52fc05f69d575fd448"},"headline":"Wigilia wolontariuszy","datePublished":"2019-01-03T20:52:53+00:00","dateModified":"2019-01-03T20:52:54+00:00","mainEntityOfPage":{"@id":"https:\/\/www.3lo.walbrzych.pl\/wordpress\/wigilia-wolontariuszy\/"},"wordCount":97,"publisher":{"@id":"https:\/\/www.3lo.walbrzych.pl\/wordpress\/#organization"},"image":{"@id":"https:\/\/www.3lo.walbrzych.pl\/wordpress\/wigilia-wolontariuszy\/#primaryimage"},"thumbnailUrl":"https:\/\/www.3lo.walbrzych.pl\/wordpress\/wp-content\/uploads\/2019\/01\/IMG_7117.jpeg","articleSection":["Aktualno\u015bci"],"inLanguage":"pl-PL"},{"@type":"WebPage","@id":"https:\/\/www.3lo.walbrzych.pl\/wordpress\/wigilia-wolontariuszy\/","url":"https:\/\/www.3lo.walbrzych.pl\/wordpress\/wigilia-wolontariuszy\/","name":"Wigilia wolontariuszy - III Liceum Og\u00f3lnokszta\u0142c\u0105ce im. Miko\u0142aja Kopernika","isPartOf":{"@id":"https:\/\/www.3lo.walbrzych.pl\/wordpress\/#website"},"primaryImageOfPage":{"@id":"https:\/\/www.3lo.walbrzych.pl\/wordpress\/wigilia-wolontariuszy\/#primaryimage"},"image":{"@id":"https:\/\/www.3lo.walbrzych.pl\/wordpress\/wigilia-wolontariuszy\/#primaryimage"},"thumbnailUrl":"https:\/\/www.3lo.walbrzych.pl\/wordpress\/wp-content\/uploads\/2019\/01\/IMG_7117.jpeg","datePublished":"2019-01-03T20:52:53+00:00","dateModified":"2019-01-03T20:52:54+00:00","breadcrumb":{"@id":"https:\/\/www.3lo.walbrzych.pl\/wordpress\/wigilia-wolontariuszy\/#breadcrumb"},"inLanguage":"pl-PL","potentialAction":[{"@type":"ReadAction","target":["https:\/\/www.3lo.walbrzych.pl\/wordpress\/wigilia-wolontariuszy\/"]}]},{"@type":"ImageObject","inLanguage":"pl-PL","@id":"https:\/\/www.3lo.walbrzych.pl\/wordpress\/wigilia-wolontariuszy\/#primaryimage","url":"https:\/\/www.3lo.walbrzych.pl\/wordpress\/wp-content\/uploads\/2019\/01\/IMG_7117.jpeg","contentUrl":"https:\/\/www.3lo.walbrzych.pl\/wordpress\/wp-content\/uploads\/2019\/01\/IMG_7117.jpeg","width":316,"height":236},{"@type":"BreadcrumbList","@id":"https:\/\/www.3lo.walbrzych.pl\/wordpress\/wigilia-wolontariuszy\/#breadcrumb","itemListElement":[{"@type":"ListItem","position":1,"name":"Strona g\u0142\u00f3wna","item":"https:\/\/www.3lo.walbrzych.pl\/wordpress\/"},{"@type":"ListItem","position":2,"name":"Wigilia wolontariuszy"}]},{"@type":"WebSite","@id":"https:\/\/www.3lo.walbrzych.pl\/wordpress\/#website","url":"https:\/\/www.3lo.walbrzych.pl\/wordpress\/","name":"III Liceum Og\u00f3lnokszta\u0142c\u0105ce im. Miko\u0142aja Kopernika","description":"","publisher":{"@id":"https:\/\/www.3lo.walbrzych.pl\/wordpress\/#organization"},"potentialAction":[{"@type":"SearchAction","target":{"@type":"EntryPoint","urlTemplate":"https:\/\/www.3lo.walbrzych.pl\/wordpress\/?s={search_term_string}"},"query-input":{"@type":"PropertyValueSpecification","valueRequired":true,"valueName":"search_term_string"}}],"inLanguage":"pl-PL"},{"@type":"Organization","@id":"https:\/\/www.3lo.walbrzych.pl\/wordpress\/#organization","name":"III Liceum Og\u00f3lnokszta\u0142c\u0105ce im. Miko\u0142aja Kopernika","url":"https:\/\/www.3lo.walbrzych.pl\/wordpress\/","logo":{"@type":"ImageObject","inLanguage":"pl-PL","@id":"https:\/\/www.3lo.walbrzych.pl\/wordpress\/#\/schema\/logo\/image\/","url":"https:\/\/www.3lo.walbrzych.pl\/wordpress\/wp-content\/uploads\/2025\/09\/logo-szkoly-scaled.jpg","contentUrl":"https:\/\/www.3lo.walbrzych.pl\/wordpress\/wp-content\/uploads\/2025\/09\/logo-szkoly-scaled.jpg","width":2560,"height":914,"caption":"III Liceum Og\u00f3lnokszta\u0142c\u0105ce im. Miko\u0142aja Kopernika"},"image":{"@id":"https:\/\/www.3lo.walbrzych.pl\/wordpress\/#\/schema\/logo\/image\/"}},{"@type":"Person","@id":"https:\/\/www.3lo.walbrzych.pl\/wordpress\/#\/schema\/person\/a5a3335dddd08a52fc05f69d575fd448","name":"Tomasz Smejlis","url":"https:\/\/www.3lo.walbrzych.pl\/wordpress\/author\/tfox\/"}]}},"_links":{"self":[{"href":"https:\/\/www.3lo.walbrzych.pl\/wordpress\/wp-json\/wp\/v2\/posts\/3597","targetHints":{"allow":["GET"]}}],"collection":[{"href":"https:\/\/www.3lo.walbrzych.pl\/wordpress\/wp-json\/wp\/v2\/posts"}],"about":[{"href":"https:\/\/www.3lo.walbrzych.pl\/wordpress\/wp-json\/wp\/v2\/types\/post"}],"author":[{"embeddable":true,"href":"https:\/\/www.3lo.walbrzych.pl\/wordpress\/wp-json\/wp\/v2\/users\/4"}],"replies":[{"embeddable":true,"href":"https:\/\/www.3lo.walbrzych.pl\/wordpress\/wp-json\/wp\/v2\/comments?post=3597"}],"version-history":[{"count":1,"href":"https:\/\/www.3lo.walbrzych.pl\/wordpress\/wp-json\/wp\/v2\/posts\/3597\/revisions"}],"predecessor-version":[{"id":3601,"href":"https:\/\/www.3lo.walbrzych.pl\/wordpress\/wp-json\/wp\/v2\/posts\/3597\/revisions\/3601"}],"wp:featuredmedia":[{"embeddable":true,"href":"https:\/\/www.3lo.walbrzych.pl\/wordpress\/wp-json\/wp\/v2\/media\/3598"}],"wp:attachment":[{"href":"https:\/\/www.3lo.walbrzych.pl\/wordpress\/wp-json\/wp\/v2\/media?parent=3597"}],"wp:term":[{"taxonomy":"category","embeddable":true,"href":"https:\/\/www.3lo.walbrzych.pl\/wordpress\/wp-json\/wp\/v2\/categories?post=3597"},{"taxonomy":"post_tag","embeddable":true,"href":"https:\/\/www.3lo.walbrzych.pl\/wordpress\/wp-json\/wp\/v2\/tags?post=3597"}],"curies":[{"name":"wp","href":"https:\/\/api.w.org\/{rel}","templated":true}]}}