{"id":3613,"date":"2019-01-14T22:40:10","date_gmt":"2019-01-14T21:40:10","guid":{"rendered":"http:\/\/www.3lo.walbrzych.pl\/wordpress\/?p=3613"},"modified":"2019-01-14T22:50:25","modified_gmt":"2019-01-14T21:50:25","slug":"mroczne-miasto-w-starej-kopalni","status":"publish","type":"post","link":"https:\/\/www.3lo.walbrzych.pl\/wordpress\/mroczne-miasto-w-starej-kopalni\/","title":{"rendered":"&#8222;Mroczne miasto&#8221; w Starej Kopalni"},"content":{"rendered":"\n<p class=\"wp-block-paragraph\">W zesz\u0142y czwartek, 10.01,  odby\u0142o si\u0119 pierwsze w tym roku kalendarzowym spotkanie Dyskusyjnego Klubu Filmowego &#8222;Smejlis et Cetera&#8221;. <\/p>\n\n\n\n<figure class=\"wp-block-image\"><img loading=\"lazy\" decoding=\"async\" width=\"960\" height=\"640\" src=\"https:\/\/www.3lo.walbrzych.pl\/wordpress\/wp-content\/uploads\/2019\/01\/49898992_289486138430971_2691895324275900416_n.jpg\" alt=\"\" class=\"wp-image-3614\" srcset=\"https:\/\/www.3lo.walbrzych.pl\/wordpress\/wp-content\/uploads\/2019\/01\/49898992_289486138430971_2691895324275900416_n.jpg 960w, https:\/\/www.3lo.walbrzych.pl\/wordpress\/wp-content\/uploads\/2019\/01\/49898992_289486138430971_2691895324275900416_n-300x200.jpg 300w, https:\/\/www.3lo.walbrzych.pl\/wordpress\/wp-content\/uploads\/2019\/01\/49898992_289486138430971_2691895324275900416_n-768x512.jpg 768w\" sizes=\"auto, (max-width: 960px) 100vw, 960px\" \/><figcaption><br><\/figcaption><\/figure>\n\n\n\n<figure class=\"wp-block-image\"><img loading=\"lazy\" decoding=\"async\" width=\"960\" height=\"640\" src=\"https:\/\/www.3lo.walbrzych.pl\/wordpress\/wp-content\/uploads\/2019\/01\/49542288_2056816477699918_501948631700471808_n.jpg\" alt=\"\" class=\"wp-image-3615\" srcset=\"https:\/\/www.3lo.walbrzych.pl\/wordpress\/wp-content\/uploads\/2019\/01\/49542288_2056816477699918_501948631700471808_n.jpg 960w, https:\/\/www.3lo.walbrzych.pl\/wordpress\/wp-content\/uploads\/2019\/01\/49542288_2056816477699918_501948631700471808_n-300x200.jpg 300w, https:\/\/www.3lo.walbrzych.pl\/wordpress\/wp-content\/uploads\/2019\/01\/49542288_2056816477699918_501948631700471808_n-768x512.jpg 768w\" sizes=\"auto, (max-width: 960px) 100vw, 960px\" \/><\/figure>\n\n\n\n<p class=\"wp-block-paragraph\">Tym razem m\u0142odzie\u017c mia\u0142a okazj\u0119 zobaczy\u0107 ponur\u0105 produkcj\u0119 sci-fi pt. &#8222;Mroczne miasto&#8221; oraz wys\u0142ucha\u0107 wyk\u0142adu na temat gatunk\u00f3w filmowych i literackich jakimi s\u0105 neo-noir oraz cyberpunk. <\/p>\n\n\n\n<figure class=\"wp-block-image\"><img loading=\"lazy\" decoding=\"async\" width=\"960\" height=\"640\" src=\"https:\/\/www.3lo.walbrzych.pl\/wordpress\/wp-content\/uploads\/2019\/01\/49948214_535622696947577_1199838163980255232_n.jpg\" alt=\"\" class=\"wp-image-3616\" srcset=\"https:\/\/www.3lo.walbrzych.pl\/wordpress\/wp-content\/uploads\/2019\/01\/49948214_535622696947577_1199838163980255232_n.jpg 960w, https:\/\/www.3lo.walbrzych.pl\/wordpress\/wp-content\/uploads\/2019\/01\/49948214_535622696947577_1199838163980255232_n-300x200.jpg 300w, https:\/\/www.3lo.walbrzych.pl\/wordpress\/wp-content\/uploads\/2019\/01\/49948214_535622696947577_1199838163980255232_n-768x512.jpg 768w\" sizes=\"auto, (max-width: 960px) 100vw, 960px\" \/><\/figure>\n\n\n\n<figure class=\"wp-block-image\"><img loading=\"lazy\" decoding=\"async\" width=\"960\" height=\"640\" src=\"https:\/\/www.3lo.walbrzych.pl\/wordpress\/wp-content\/uploads\/2019\/01\/50583720_224633458483949_1411350992477224960_n.jpg\" alt=\"\" class=\"wp-image-3617\" srcset=\"https:\/\/www.3lo.walbrzych.pl\/wordpress\/wp-content\/uploads\/2019\/01\/50583720_224633458483949_1411350992477224960_n.jpg 960w, https:\/\/www.3lo.walbrzych.pl\/wordpress\/wp-content\/uploads\/2019\/01\/50583720_224633458483949_1411350992477224960_n-300x200.jpg 300w, https:\/\/www.3lo.walbrzych.pl\/wordpress\/wp-content\/uploads\/2019\/01\/50583720_224633458483949_1411350992477224960_n-768x512.jpg 768w\" sizes=\"auto, (max-width: 960px) 100vw, 960px\" \/><\/figure>\n\n\n\n<p class=\"wp-block-paragraph\">Na kolejne spotkanie zapraszamy ju\u017c 31.01, jak zawsze w sali audiowizualnej Starej Kopalni! \ud83d\ude42<\/p>\n","protected":false},"excerpt":{"rendered":"<p>W zesz\u0142y czwartek, 10.01, odby\u0142o si\u0119 pierwsze w tym roku kalendarzowym spotkanie Dyskusyjnego Klubu Filmowego &#8222;Smejlis et Cetera&#8221;. Tym razem m\u0142odzie\u017c mia\u0142a okazj\u0119 zobaczy\u0107 ponur\u0105 produkcj\u0119 sci-fi pt. &#8222;Mroczne miasto&#8221; oraz wys\u0142ucha\u0107 wyk\u0142adu na temat gatunk\u00f3w filmowych i literackich jakimi s\u0105 neo-noir oraz cyberpunk. Na kolejne spotkanie zapraszamy ju\u017c 31.01, jak zawsze w sali audiowizualnej [&hellip;]<\/p>\n","protected":false},"author":48,"featured_media":3614,"comment_status":"closed","ping_status":"closed","sticky":false,"template":"","format":"standard","meta":{"footnotes":""},"categories":[19],"tags":[],"class_list":["post-3613","post","type-post","status-publish","format-standard","has-post-thumbnail","hentry","category-aktualnosci"],"yoast_head":"<!-- This site is optimized with the Yoast SEO plugin v28.4 - https:\/\/yoast.com\/product\/yoast-seo-wordpress\/ -->\n<title>&quot;Mroczne miasto&quot; w Starej Kopalni - III Liceum Og\u00f3lnokszta\u0142c\u0105ce im. Miko\u0142aja Kopernika<\/title>\n<meta name=\"robots\" content=\"index, follow, max-snippet:-1, max-image-preview:large, max-video-preview:-1\" \/>\n<link rel=\"canonical\" href=\"https:\/\/www.3lo.walbrzych.pl\/wordpress\/mroczne-miasto-w-starej-kopalni\/\" \/>\n<meta property=\"og:locale\" content=\"pl_PL\" \/>\n<meta property=\"og:type\" content=\"article\" \/>\n<meta property=\"og:title\" content=\"&quot;Mroczne miasto&quot; w Starej Kopalni - III Liceum Og\u00f3lnokszta\u0142c\u0105ce im. Miko\u0142aja Kopernika\" \/>\n<meta property=\"og:description\" content=\"W zesz\u0142y czwartek, 10.01, odby\u0142o si\u0119 pierwsze w tym roku kalendarzowym spotkanie Dyskusyjnego Klubu Filmowego &#8222;Smejlis et Cetera&#8221;. Tym razem m\u0142odzie\u017c mia\u0142a okazj\u0119 zobaczy\u0107 ponur\u0105 produkcj\u0119 sci-fi pt. &#8222;Mroczne miasto&#8221; oraz wys\u0142ucha\u0107 wyk\u0142adu na temat gatunk\u00f3w filmowych i literackich jakimi s\u0105 neo-noir oraz cyberpunk. Na kolejne spotkanie zapraszamy ju\u017c 31.01, jak zawsze w sali audiowizualnej [&hellip;]\" \/>\n<meta property=\"og:url\" content=\"https:\/\/www.3lo.walbrzych.pl\/wordpress\/mroczne-miasto-w-starej-kopalni\/\" \/>\n<meta property=\"og:site_name\" content=\"III Liceum Og\u00f3lnokszta\u0142c\u0105ce im. Miko\u0142aja Kopernika\" \/>\n<meta property=\"article:published_time\" content=\"2019-01-14T21:40:10+00:00\" \/>\n<meta property=\"article:modified_time\" content=\"2019-01-14T21:50:25+00:00\" \/>\n<meta property=\"og:image\" content=\"https:\/\/www.3lo.walbrzych.pl\/wordpress\/wp-content\/uploads\/2019\/01\/49898992_289486138430971_2691895324275900416_n.jpg\" \/>\n\t<meta property=\"og:image:width\" content=\"960\" \/>\n\t<meta property=\"og:image:height\" content=\"640\" \/>\n\t<meta property=\"og:image:type\" content=\"image\/jpeg\" \/>\n<meta name=\"author\" content=\"Micha\u0142 Cetera\" \/>\n<meta name=\"twitter:card\" content=\"summary_large_image\" \/>\n<meta name=\"twitter:label1\" content=\"Napisane przez\" \/>\n\t<meta name=\"twitter:data1\" content=\"Micha\u0142 Cetera\" \/>\n<script type=\"application\/ld+json\" class=\"yoast-schema-graph\">{\"@context\":\"https:\\\/\\\/schema.org\",\"@graph\":[{\"@type\":\"Article\",\"@id\":\"https:\\\/\\\/www.3lo.walbrzych.pl\\\/wordpress\\\/mroczne-miasto-w-starej-kopalni\\\/#article\",\"isPartOf\":{\"@id\":\"https:\\\/\\\/www.3lo.walbrzych.pl\\\/wordpress\\\/mroczne-miasto-w-starej-kopalni\\\/\"},\"author\":{\"name\":\"Micha\u0142 Cetera\",\"@id\":\"https:\\\/\\\/www.3lo.walbrzych.pl\\\/wordpress\\\/#\\\/schema\\\/person\\\/ff9afc6eca5e68699c4be1e41f0ec427\"},\"headline\":\"&#8222;Mroczne miasto&#8221; w Starej Kopalni\",\"datePublished\":\"2019-01-14T21:40:10+00:00\",\"dateModified\":\"2019-01-14T21:50:25+00:00\",\"mainEntityOfPage\":{\"@id\":\"https:\\\/\\\/www.3lo.walbrzych.pl\\\/wordpress\\\/mroczne-miasto-w-starej-kopalni\\\/\"},\"wordCount\":67,\"publisher\":{\"@id\":\"https:\\\/\\\/www.3lo.walbrzych.pl\\\/wordpress\\\/#organization\"},\"image\":{\"@id\":\"https:\\\/\\\/www.3lo.walbrzych.pl\\\/wordpress\\\/mroczne-miasto-w-starej-kopalni\\\/#primaryimage\"},\"thumbnailUrl\":\"https:\\\/\\\/www.3lo.walbrzych.pl\\\/wordpress\\\/wp-content\\\/uploads\\\/2019\\\/01\\\/49898992_289486138430971_2691895324275900416_n.jpg\",\"articleSection\":[\"Aktualno\u015bci\"],\"inLanguage\":\"pl-PL\"},{\"@type\":\"WebPage\",\"@id\":\"https:\\\/\\\/www.3lo.walbrzych.pl\\\/wordpress\\\/mroczne-miasto-w-starej-kopalni\\\/\",\"url\":\"https:\\\/\\\/www.3lo.walbrzych.pl\\\/wordpress\\\/mroczne-miasto-w-starej-kopalni\\\/\",\"name\":\"\\\"Mroczne miasto\\\" w Starej Kopalni - III Liceum Og\u00f3lnokszta\u0142c\u0105ce im. Miko\u0142aja Kopernika\",\"isPartOf\":{\"@id\":\"https:\\\/\\\/www.3lo.walbrzych.pl\\\/wordpress\\\/#website\"},\"primaryImageOfPage\":{\"@id\":\"https:\\\/\\\/www.3lo.walbrzych.pl\\\/wordpress\\\/mroczne-miasto-w-starej-kopalni\\\/#primaryimage\"},\"image\":{\"@id\":\"https:\\\/\\\/www.3lo.walbrzych.pl\\\/wordpress\\\/mroczne-miasto-w-starej-kopalni\\\/#primaryimage\"},\"thumbnailUrl\":\"https:\\\/\\\/www.3lo.walbrzych.pl\\\/wordpress\\\/wp-content\\\/uploads\\\/2019\\\/01\\\/49898992_289486138430971_2691895324275900416_n.jpg\",\"datePublished\":\"2019-01-14T21:40:10+00:00\",\"dateModified\":\"2019-01-14T21:50:25+00:00\",\"breadcrumb\":{\"@id\":\"https:\\\/\\\/www.3lo.walbrzych.pl\\\/wordpress\\\/mroczne-miasto-w-starej-kopalni\\\/#breadcrumb\"},\"inLanguage\":\"pl-PL\",\"potentialAction\":[{\"@type\":\"ReadAction\",\"target\":[\"https:\\\/\\\/www.3lo.walbrzych.pl\\\/wordpress\\\/mroczne-miasto-w-starej-kopalni\\\/\"]}]},{\"@type\":\"ImageObject\",\"inLanguage\":\"pl-PL\",\"@id\":\"https:\\\/\\\/www.3lo.walbrzych.pl\\\/wordpress\\\/mroczne-miasto-w-starej-kopalni\\\/#primaryimage\",\"url\":\"https:\\\/\\\/www.3lo.walbrzych.pl\\\/wordpress\\\/wp-content\\\/uploads\\\/2019\\\/01\\\/49898992_289486138430971_2691895324275900416_n.jpg\",\"contentUrl\":\"https:\\\/\\\/www.3lo.walbrzych.pl\\\/wordpress\\\/wp-content\\\/uploads\\\/2019\\\/01\\\/49898992_289486138430971_2691895324275900416_n.jpg\",\"width\":960,\"height\":640},{\"@type\":\"BreadcrumbList\",\"@id\":\"https:\\\/\\\/www.3lo.walbrzych.pl\\\/wordpress\\\/mroczne-miasto-w-starej-kopalni\\\/#breadcrumb\",\"itemListElement\":[{\"@type\":\"ListItem\",\"position\":1,\"name\":\"Strona g\u0142\u00f3wna\",\"item\":\"https:\\\/\\\/www.3lo.walbrzych.pl\\\/wordpress\\\/\"},{\"@type\":\"ListItem\",\"position\":2,\"name\":\"&#8222;Mroczne miasto&#8221; w Starej Kopalni\"}]},{\"@type\":\"WebSite\",\"@id\":\"https:\\\/\\\/www.3lo.walbrzych.pl\\\/wordpress\\\/#website\",\"url\":\"https:\\\/\\\/www.3lo.walbrzych.pl\\\/wordpress\\\/\",\"name\":\"III Liceum Og\u00f3lnokszta\u0142c\u0105ce im. Miko\u0142aja Kopernika\",\"description\":\"\",\"publisher\":{\"@id\":\"https:\\\/\\\/www.3lo.walbrzych.pl\\\/wordpress\\\/#organization\"},\"potentialAction\":[{\"@type\":\"SearchAction\",\"target\":{\"@type\":\"EntryPoint\",\"urlTemplate\":\"https:\\\/\\\/www.3lo.walbrzych.pl\\\/wordpress\\\/?s={search_term_string}\"},\"query-input\":{\"@type\":\"PropertyValueSpecification\",\"valueRequired\":true,\"valueName\":\"search_term_string\"}}],\"inLanguage\":\"pl-PL\"},{\"@type\":\"Organization\",\"@id\":\"https:\\\/\\\/www.3lo.walbrzych.pl\\\/wordpress\\\/#organization\",\"name\":\"III Liceum Og\u00f3lnokszta\u0142c\u0105ce im. Miko\u0142aja Kopernika\",\"url\":\"https:\\\/\\\/www.3lo.walbrzych.pl\\\/wordpress\\\/\",\"logo\":{\"@type\":\"ImageObject\",\"inLanguage\":\"pl-PL\",\"@id\":\"https:\\\/\\\/www.3lo.walbrzych.pl\\\/wordpress\\\/#\\\/schema\\\/logo\\\/image\\\/\",\"url\":\"https:\\\/\\\/www.3lo.walbrzych.pl\\\/wordpress\\\/wp-content\\\/uploads\\\/2025\\\/09\\\/logo-szkoly-scaled.jpg\",\"contentUrl\":\"https:\\\/\\\/www.3lo.walbrzych.pl\\\/wordpress\\\/wp-content\\\/uploads\\\/2025\\\/09\\\/logo-szkoly-scaled.jpg\",\"width\":2560,\"height\":914,\"caption\":\"III Liceum Og\u00f3lnokszta\u0142c\u0105ce im. Miko\u0142aja Kopernika\"},\"image\":{\"@id\":\"https:\\\/\\\/www.3lo.walbrzych.pl\\\/wordpress\\\/#\\\/schema\\\/logo\\\/image\\\/\"}},{\"@type\":\"Person\",\"@id\":\"https:\\\/\\\/www.3lo.walbrzych.pl\\\/wordpress\\\/#\\\/schema\\\/person\\\/ff9afc6eca5e68699c4be1e41f0ec427\",\"name\":\"Micha\u0142 Cetera\",\"url\":\"https:\\\/\\\/www.3lo.walbrzych.pl\\\/wordpress\\\/author\\\/mcetera\\\/\"}]}<\/script>\n<!-- \/ Yoast SEO plugin. -->","yoast_head_json":{"title":"\"Mroczne miasto\" w Starej Kopalni - III Liceum Og\u00f3lnokszta\u0142c\u0105ce im. Miko\u0142aja Kopernika","robots":{"index":"index","follow":"follow","max-snippet":"max-snippet:-1","max-image-preview":"max-image-preview:large","max-video-preview":"max-video-preview:-1"},"canonical":"https:\/\/www.3lo.walbrzych.pl\/wordpress\/mroczne-miasto-w-starej-kopalni\/","og_locale":"pl_PL","og_type":"article","og_title":"\"Mroczne miasto\" w Starej Kopalni - III Liceum Og\u00f3lnokszta\u0142c\u0105ce im. Miko\u0142aja Kopernika","og_description":"W zesz\u0142y czwartek, 10.01, odby\u0142o si\u0119 pierwsze w tym roku kalendarzowym spotkanie Dyskusyjnego Klubu Filmowego &#8222;Smejlis et Cetera&#8221;. Tym razem m\u0142odzie\u017c mia\u0142a okazj\u0119 zobaczy\u0107 ponur\u0105 produkcj\u0119 sci-fi pt. &#8222;Mroczne miasto&#8221; oraz wys\u0142ucha\u0107 wyk\u0142adu na temat gatunk\u00f3w filmowych i literackich jakimi s\u0105 neo-noir oraz cyberpunk. Na kolejne spotkanie zapraszamy ju\u017c 31.01, jak zawsze w sali audiowizualnej [&hellip;]","og_url":"https:\/\/www.3lo.walbrzych.pl\/wordpress\/mroczne-miasto-w-starej-kopalni\/","og_site_name":"III Liceum Og\u00f3lnokszta\u0142c\u0105ce im. Miko\u0142aja Kopernika","article_published_time":"2019-01-14T21:40:10+00:00","article_modified_time":"2019-01-14T21:50:25+00:00","og_image":[{"width":960,"height":640,"url":"https:\/\/www.3lo.walbrzych.pl\/wordpress\/wp-content\/uploads\/2019\/01\/49898992_289486138430971_2691895324275900416_n.jpg","type":"image\/jpeg"}],"author":"Micha\u0142 Cetera","twitter_card":"summary_large_image","twitter_misc":{"Napisane przez":"Micha\u0142 Cetera"},"schema":{"@context":"https:\/\/schema.org","@graph":[{"@type":"Article","@id":"https:\/\/www.3lo.walbrzych.pl\/wordpress\/mroczne-miasto-w-starej-kopalni\/#article","isPartOf":{"@id":"https:\/\/www.3lo.walbrzych.pl\/wordpress\/mroczne-miasto-w-starej-kopalni\/"},"author":{"name":"Micha\u0142 Cetera","@id":"https:\/\/www.3lo.walbrzych.pl\/wordpress\/#\/schema\/person\/ff9afc6eca5e68699c4be1e41f0ec427"},"headline":"&#8222;Mroczne miasto&#8221; w Starej Kopalni","datePublished":"2019-01-14T21:40:10+00:00","dateModified":"2019-01-14T21:50:25+00:00","mainEntityOfPage":{"@id":"https:\/\/www.3lo.walbrzych.pl\/wordpress\/mroczne-miasto-w-starej-kopalni\/"},"wordCount":67,"publisher":{"@id":"https:\/\/www.3lo.walbrzych.pl\/wordpress\/#organization"},"image":{"@id":"https:\/\/www.3lo.walbrzych.pl\/wordpress\/mroczne-miasto-w-starej-kopalni\/#primaryimage"},"thumbnailUrl":"https:\/\/www.3lo.walbrzych.pl\/wordpress\/wp-content\/uploads\/2019\/01\/49898992_289486138430971_2691895324275900416_n.jpg","articleSection":["Aktualno\u015bci"],"inLanguage":"pl-PL"},{"@type":"WebPage","@id":"https:\/\/www.3lo.walbrzych.pl\/wordpress\/mroczne-miasto-w-starej-kopalni\/","url":"https:\/\/www.3lo.walbrzych.pl\/wordpress\/mroczne-miasto-w-starej-kopalni\/","name":"\"Mroczne miasto\" w Starej Kopalni - III Liceum Og\u00f3lnokszta\u0142c\u0105ce im. Miko\u0142aja Kopernika","isPartOf":{"@id":"https:\/\/www.3lo.walbrzych.pl\/wordpress\/#website"},"primaryImageOfPage":{"@id":"https:\/\/www.3lo.walbrzych.pl\/wordpress\/mroczne-miasto-w-starej-kopalni\/#primaryimage"},"image":{"@id":"https:\/\/www.3lo.walbrzych.pl\/wordpress\/mroczne-miasto-w-starej-kopalni\/#primaryimage"},"thumbnailUrl":"https:\/\/www.3lo.walbrzych.pl\/wordpress\/wp-content\/uploads\/2019\/01\/49898992_289486138430971_2691895324275900416_n.jpg","datePublished":"2019-01-14T21:40:10+00:00","dateModified":"2019-01-14T21:50:25+00:00","breadcrumb":{"@id":"https:\/\/www.3lo.walbrzych.pl\/wordpress\/mroczne-miasto-w-starej-kopalni\/#breadcrumb"},"inLanguage":"pl-PL","potentialAction":[{"@type":"ReadAction","target":["https:\/\/www.3lo.walbrzych.pl\/wordpress\/mroczne-miasto-w-starej-kopalni\/"]}]},{"@type":"ImageObject","inLanguage":"pl-PL","@id":"https:\/\/www.3lo.walbrzych.pl\/wordpress\/mroczne-miasto-w-starej-kopalni\/#primaryimage","url":"https:\/\/www.3lo.walbrzych.pl\/wordpress\/wp-content\/uploads\/2019\/01\/49898992_289486138430971_2691895324275900416_n.jpg","contentUrl":"https:\/\/www.3lo.walbrzych.pl\/wordpress\/wp-content\/uploads\/2019\/01\/49898992_289486138430971_2691895324275900416_n.jpg","width":960,"height":640},{"@type":"BreadcrumbList","@id":"https:\/\/www.3lo.walbrzych.pl\/wordpress\/mroczne-miasto-w-starej-kopalni\/#breadcrumb","itemListElement":[{"@type":"ListItem","position":1,"name":"Strona g\u0142\u00f3wna","item":"https:\/\/www.3lo.walbrzych.pl\/wordpress\/"},{"@type":"ListItem","position":2,"name":"&#8222;Mroczne miasto&#8221; w Starej Kopalni"}]},{"@type":"WebSite","@id":"https:\/\/www.3lo.walbrzych.pl\/wordpress\/#website","url":"https:\/\/www.3lo.walbrzych.pl\/wordpress\/","name":"III Liceum Og\u00f3lnokszta\u0142c\u0105ce im. Miko\u0142aja Kopernika","description":"","publisher":{"@id":"https:\/\/www.3lo.walbrzych.pl\/wordpress\/#organization"},"potentialAction":[{"@type":"SearchAction","target":{"@type":"EntryPoint","urlTemplate":"https:\/\/www.3lo.walbrzych.pl\/wordpress\/?s={search_term_string}"},"query-input":{"@type":"PropertyValueSpecification","valueRequired":true,"valueName":"search_term_string"}}],"inLanguage":"pl-PL"},{"@type":"Organization","@id":"https:\/\/www.3lo.walbrzych.pl\/wordpress\/#organization","name":"III Liceum Og\u00f3lnokszta\u0142c\u0105ce im. Miko\u0142aja Kopernika","url":"https:\/\/www.3lo.walbrzych.pl\/wordpress\/","logo":{"@type":"ImageObject","inLanguage":"pl-PL","@id":"https:\/\/www.3lo.walbrzych.pl\/wordpress\/#\/schema\/logo\/image\/","url":"https:\/\/www.3lo.walbrzych.pl\/wordpress\/wp-content\/uploads\/2025\/09\/logo-szkoly-scaled.jpg","contentUrl":"https:\/\/www.3lo.walbrzych.pl\/wordpress\/wp-content\/uploads\/2025\/09\/logo-szkoly-scaled.jpg","width":2560,"height":914,"caption":"III Liceum Og\u00f3lnokszta\u0142c\u0105ce im. Miko\u0142aja Kopernika"},"image":{"@id":"https:\/\/www.3lo.walbrzych.pl\/wordpress\/#\/schema\/logo\/image\/"}},{"@type":"Person","@id":"https:\/\/www.3lo.walbrzych.pl\/wordpress\/#\/schema\/person\/ff9afc6eca5e68699c4be1e41f0ec427","name":"Micha\u0142 Cetera","url":"https:\/\/www.3lo.walbrzych.pl\/wordpress\/author\/mcetera\/"}]}},"_links":{"self":[{"href":"https:\/\/www.3lo.walbrzych.pl\/wordpress\/wp-json\/wp\/v2\/posts\/3613","targetHints":{"allow":["GET"]}}],"collection":[{"href":"https:\/\/www.3lo.walbrzych.pl\/wordpress\/wp-json\/wp\/v2\/posts"}],"about":[{"href":"https:\/\/www.3lo.walbrzych.pl\/wordpress\/wp-json\/wp\/v2\/types\/post"}],"author":[{"embeddable":true,"href":"https:\/\/www.3lo.walbrzych.pl\/wordpress\/wp-json\/wp\/v2\/users\/48"}],"replies":[{"embeddable":true,"href":"https:\/\/www.3lo.walbrzych.pl\/wordpress\/wp-json\/wp\/v2\/comments?post=3613"}],"version-history":[{"count":2,"href":"https:\/\/www.3lo.walbrzych.pl\/wordpress\/wp-json\/wp\/v2\/posts\/3613\/revisions"}],"predecessor-version":[{"id":3619,"href":"https:\/\/www.3lo.walbrzych.pl\/wordpress\/wp-json\/wp\/v2\/posts\/3613\/revisions\/3619"}],"wp:featuredmedia":[{"embeddable":true,"href":"https:\/\/www.3lo.walbrzych.pl\/wordpress\/wp-json\/wp\/v2\/media\/3614"}],"wp:attachment":[{"href":"https:\/\/www.3lo.walbrzych.pl\/wordpress\/wp-json\/wp\/v2\/media?parent=3613"}],"wp:term":[{"taxonomy":"category","embeddable":true,"href":"https:\/\/www.3lo.walbrzych.pl\/wordpress\/wp-json\/wp\/v2\/categories?post=3613"},{"taxonomy":"post_tag","embeddable":true,"href":"https:\/\/www.3lo.walbrzych.pl\/wordpress\/wp-json\/wp\/v2\/tags?post=3613"}],"curies":[{"name":"wp","href":"https:\/\/api.w.org\/{rel}","templated":true}]}}