{"id":3653,"date":"2019-01-17T17:43:27","date_gmt":"2019-01-17T16:43:27","guid":{"rendered":"http:\/\/www.3lo.walbrzych.pl\/wordpress\/?p=3653"},"modified":"2019-01-17T17:43:27","modified_gmt":"2019-01-17T16:43:27","slug":"v-powiatowy-konkurs-o-samorzadzie-terytorialnym-zapowiedz","status":"publish","type":"post","link":"https:\/\/www.3lo.walbrzych.pl\/wordpress\/v-powiatowy-konkurs-o-samorzadzie-terytorialnym-zapowiedz\/","title":{"rendered":"V Powiatowy Konkurs o Samorz\u0105dzie Terytorialnym &#8211; zapowied\u017a"},"content":{"rendered":"\n<p class=\"wp-block-paragraph\">Mamy przyjemno\u015b\u0107 powiadomi\u0107, \u017ce organizowany co roku przez nasz\u0105 szko\u0142\u0119 Powiatowy Konkurs o Samorz\u0105dzie Terytorialnym zosta\u0142 umieszczony w przygotowanym przez Kuratorium O\u015bwiaty wykazie zawod\u00f3w wiedzy, artystycznych i sportowych, kt\u00f3re mog\u0105 by\u0107 wymienione na \u015bwiadectwie uko\u0144czenia szko\u0142y gimnazjalnej gimnazjum lub szko\u0142y podstawowej. Dzi\u0119ki temu zwyci\u0119zcy konkursu i zdobywcy wysokich miejsc uzyskaj\u0105 dodatkowe punkty przy rekrutacji do szk\u00f3\u0142 ponadgimnazjalnych (ponadpodstawowych).<\/p>\n\n\n\n<h3 class=\"wp-block-heading\"><\/h3>\n","protected":false},"excerpt":{"rendered":"<p>Mamy przyjemno\u015b\u0107 powiadomi\u0107, \u017ce organizowany co roku przez nasz\u0105 szko\u0142\u0119 Powiatowy Konkurs o Samorz\u0105dzie Terytorialnym zosta\u0142 umieszczony w przygotowanym przez Kuratorium O\u015bwiaty wykazie zawod\u00f3w wiedzy, artystycznych i sportowych, kt\u00f3re mog\u0105 by\u0107 wymienione na \u015bwiadectwie uko\u0144czenia szko\u0142y gimnazjalnej gimnazjum lub szko\u0142y podstawowej. Dzi\u0119ki temu zwyci\u0119zcy konkursu i zdobywcy wysokich miejsc uzyskaj\u0105 dodatkowe punkty przy rekrutacji do [&hellip;]<\/p>\n","protected":false},"author":4,"featured_media":8,"comment_status":"closed","ping_status":"closed","sticky":false,"template":"","format":"standard","meta":{"footnotes":""},"categories":[19],"tags":[],"class_list":["post-3653","post","type-post","status-publish","format-standard","has-post-thumbnail","hentry","category-aktualnosci"],"yoast_head":"<!-- This site is optimized with the Yoast SEO plugin v28.4 - https:\/\/yoast.com\/product\/yoast-seo-wordpress\/ -->\n<title>V Powiatowy Konkurs o Samorz\u0105dzie Terytorialnym - zapowied\u017a - III Liceum Og\u00f3lnokszta\u0142c\u0105ce im. Miko\u0142aja Kopernika<\/title>\n<meta name=\"robots\" content=\"index, follow, max-snippet:-1, max-image-preview:large, max-video-preview:-1\" \/>\n<link rel=\"canonical\" href=\"https:\/\/www.3lo.walbrzych.pl\/wordpress\/v-powiatowy-konkurs-o-samorzadzie-terytorialnym-zapowiedz\/\" \/>\n<meta property=\"og:locale\" content=\"pl_PL\" \/>\n<meta property=\"og:type\" content=\"article\" \/>\n<meta property=\"og:title\" content=\"V Powiatowy Konkurs o Samorz\u0105dzie Terytorialnym - zapowied\u017a - III Liceum Og\u00f3lnokszta\u0142c\u0105ce im. Miko\u0142aja Kopernika\" \/>\n<meta property=\"og:description\" content=\"Mamy przyjemno\u015b\u0107 powiadomi\u0107, \u017ce organizowany co roku przez nasz\u0105 szko\u0142\u0119 Powiatowy Konkurs o Samorz\u0105dzie Terytorialnym zosta\u0142 umieszczony w przygotowanym przez Kuratorium O\u015bwiaty wykazie zawod\u00f3w wiedzy, artystycznych i sportowych, kt\u00f3re mog\u0105 by\u0107 wymienione na \u015bwiadectwie uko\u0144czenia szko\u0142y gimnazjalnej gimnazjum lub szko\u0142y podstawowej. Dzi\u0119ki temu zwyci\u0119zcy konkursu i zdobywcy wysokich miejsc uzyskaj\u0105 dodatkowe punkty przy rekrutacji do [&hellip;]\" \/>\n<meta property=\"og:url\" content=\"https:\/\/www.3lo.walbrzych.pl\/wordpress\/v-powiatowy-konkurs-o-samorzadzie-terytorialnym-zapowiedz\/\" \/>\n<meta property=\"og:site_name\" content=\"III Liceum Og\u00f3lnokszta\u0142c\u0105ce im. Miko\u0142aja Kopernika\" \/>\n<meta property=\"article:published_time\" content=\"2019-01-17T16:43:27+00:00\" \/>\n<meta property=\"og:image\" content=\"https:\/\/www.3lo.walbrzych.pl\/wordpress\/wp-content\/uploads\/2015\/08\/szkola_1.jpg\" \/>\n\t<meta property=\"og:image:width\" content=\"1000\" \/>\n\t<meta property=\"og:image:height\" content=\"581\" \/>\n\t<meta property=\"og:image:type\" content=\"image\/jpeg\" \/>\n<meta name=\"author\" content=\"Tomasz Smejlis\" \/>\n<meta name=\"twitter:card\" content=\"summary_large_image\" \/>\n<meta name=\"twitter:label1\" content=\"Napisane przez\" \/>\n\t<meta name=\"twitter:data1\" content=\"Tomasz Smejlis\" \/>\n<script type=\"application\/ld+json\" class=\"yoast-schema-graph\">{\"@context\":\"https:\\\/\\\/schema.org\",\"@graph\":[{\"@type\":\"Article\",\"@id\":\"https:\\\/\\\/www.3lo.walbrzych.pl\\\/wordpress\\\/v-powiatowy-konkurs-o-samorzadzie-terytorialnym-zapowiedz\\\/#article\",\"isPartOf\":{\"@id\":\"https:\\\/\\\/www.3lo.walbrzych.pl\\\/wordpress\\\/v-powiatowy-konkurs-o-samorzadzie-terytorialnym-zapowiedz\\\/\"},\"author\":{\"name\":\"Tomasz Smejlis\",\"@id\":\"https:\\\/\\\/www.3lo.walbrzych.pl\\\/wordpress\\\/#\\\/schema\\\/person\\\/a5a3335dddd08a52fc05f69d575fd448\"},\"headline\":\"V Powiatowy Konkurs o Samorz\u0105dzie Terytorialnym &#8211; zapowied\u017a\",\"datePublished\":\"2019-01-17T16:43:27+00:00\",\"mainEntityOfPage\":{\"@id\":\"https:\\\/\\\/www.3lo.walbrzych.pl\\\/wordpress\\\/v-powiatowy-konkurs-o-samorzadzie-terytorialnym-zapowiedz\\\/\"},\"wordCount\":76,\"publisher\":{\"@id\":\"https:\\\/\\\/www.3lo.walbrzych.pl\\\/wordpress\\\/#organization\"},\"image\":{\"@id\":\"https:\\\/\\\/www.3lo.walbrzych.pl\\\/wordpress\\\/v-powiatowy-konkurs-o-samorzadzie-terytorialnym-zapowiedz\\\/#primaryimage\"},\"thumbnailUrl\":\"https:\\\/\\\/www.3lo.walbrzych.pl\\\/wordpress\\\/wp-content\\\/uploads\\\/2015\\\/08\\\/szkola_1.jpg\",\"articleSection\":[\"Aktualno\u015bci\"],\"inLanguage\":\"pl-PL\"},{\"@type\":\"WebPage\",\"@id\":\"https:\\\/\\\/www.3lo.walbrzych.pl\\\/wordpress\\\/v-powiatowy-konkurs-o-samorzadzie-terytorialnym-zapowiedz\\\/\",\"url\":\"https:\\\/\\\/www.3lo.walbrzych.pl\\\/wordpress\\\/v-powiatowy-konkurs-o-samorzadzie-terytorialnym-zapowiedz\\\/\",\"name\":\"V Powiatowy Konkurs o Samorz\u0105dzie Terytorialnym - zapowied\u017a - III Liceum Og\u00f3lnokszta\u0142c\u0105ce im. Miko\u0142aja Kopernika\",\"isPartOf\":{\"@id\":\"https:\\\/\\\/www.3lo.walbrzych.pl\\\/wordpress\\\/#website\"},\"primaryImageOfPage\":{\"@id\":\"https:\\\/\\\/www.3lo.walbrzych.pl\\\/wordpress\\\/v-powiatowy-konkurs-o-samorzadzie-terytorialnym-zapowiedz\\\/#primaryimage\"},\"image\":{\"@id\":\"https:\\\/\\\/www.3lo.walbrzych.pl\\\/wordpress\\\/v-powiatowy-konkurs-o-samorzadzie-terytorialnym-zapowiedz\\\/#primaryimage\"},\"thumbnailUrl\":\"https:\\\/\\\/www.3lo.walbrzych.pl\\\/wordpress\\\/wp-content\\\/uploads\\\/2015\\\/08\\\/szkola_1.jpg\",\"datePublished\":\"2019-01-17T16:43:27+00:00\",\"breadcrumb\":{\"@id\":\"https:\\\/\\\/www.3lo.walbrzych.pl\\\/wordpress\\\/v-powiatowy-konkurs-o-samorzadzie-terytorialnym-zapowiedz\\\/#breadcrumb\"},\"inLanguage\":\"pl-PL\",\"potentialAction\":[{\"@type\":\"ReadAction\",\"target\":[\"https:\\\/\\\/www.3lo.walbrzych.pl\\\/wordpress\\\/v-powiatowy-konkurs-o-samorzadzie-terytorialnym-zapowiedz\\\/\"]}]},{\"@type\":\"ImageObject\",\"inLanguage\":\"pl-PL\",\"@id\":\"https:\\\/\\\/www.3lo.walbrzych.pl\\\/wordpress\\\/v-powiatowy-konkurs-o-samorzadzie-terytorialnym-zapowiedz\\\/#primaryimage\",\"url\":\"https:\\\/\\\/www.3lo.walbrzych.pl\\\/wordpress\\\/wp-content\\\/uploads\\\/2015\\\/08\\\/szkola_1.jpg\",\"contentUrl\":\"https:\\\/\\\/www.3lo.walbrzych.pl\\\/wordpress\\\/wp-content\\\/uploads\\\/2015\\\/08\\\/szkola_1.jpg\",\"width\":1000,\"height\":581},{\"@type\":\"BreadcrumbList\",\"@id\":\"https:\\\/\\\/www.3lo.walbrzych.pl\\\/wordpress\\\/v-powiatowy-konkurs-o-samorzadzie-terytorialnym-zapowiedz\\\/#breadcrumb\",\"itemListElement\":[{\"@type\":\"ListItem\",\"position\":1,\"name\":\"Strona g\u0142\u00f3wna\",\"item\":\"https:\\\/\\\/www.3lo.walbrzych.pl\\\/wordpress\\\/\"},{\"@type\":\"ListItem\",\"position\":2,\"name\":\"V Powiatowy Konkurs o Samorz\u0105dzie Terytorialnym &#8211; zapowied\u017a\"}]},{\"@type\":\"WebSite\",\"@id\":\"https:\\\/\\\/www.3lo.walbrzych.pl\\\/wordpress\\\/#website\",\"url\":\"https:\\\/\\\/www.3lo.walbrzych.pl\\\/wordpress\\\/\",\"name\":\"III Liceum Og\u00f3lnokszta\u0142c\u0105ce im. Miko\u0142aja Kopernika\",\"description\":\"\",\"publisher\":{\"@id\":\"https:\\\/\\\/www.3lo.walbrzych.pl\\\/wordpress\\\/#organization\"},\"potentialAction\":[{\"@type\":\"SearchAction\",\"target\":{\"@type\":\"EntryPoint\",\"urlTemplate\":\"https:\\\/\\\/www.3lo.walbrzych.pl\\\/wordpress\\\/?s={search_term_string}\"},\"query-input\":{\"@type\":\"PropertyValueSpecification\",\"valueRequired\":true,\"valueName\":\"search_term_string\"}}],\"inLanguage\":\"pl-PL\"},{\"@type\":\"Organization\",\"@id\":\"https:\\\/\\\/www.3lo.walbrzych.pl\\\/wordpress\\\/#organization\",\"name\":\"III Liceum Og\u00f3lnokszta\u0142c\u0105ce im. Miko\u0142aja Kopernika\",\"url\":\"https:\\\/\\\/www.3lo.walbrzych.pl\\\/wordpress\\\/\",\"logo\":{\"@type\":\"ImageObject\",\"inLanguage\":\"pl-PL\",\"@id\":\"https:\\\/\\\/www.3lo.walbrzych.pl\\\/wordpress\\\/#\\\/schema\\\/logo\\\/image\\\/\",\"url\":\"https:\\\/\\\/www.3lo.walbrzych.pl\\\/wordpress\\\/wp-content\\\/uploads\\\/2025\\\/09\\\/logo-szkoly-scaled.jpg\",\"contentUrl\":\"https:\\\/\\\/www.3lo.walbrzych.pl\\\/wordpress\\\/wp-content\\\/uploads\\\/2025\\\/09\\\/logo-szkoly-scaled.jpg\",\"width\":2560,\"height\":914,\"caption\":\"III Liceum Og\u00f3lnokszta\u0142c\u0105ce im. Miko\u0142aja Kopernika\"},\"image\":{\"@id\":\"https:\\\/\\\/www.3lo.walbrzych.pl\\\/wordpress\\\/#\\\/schema\\\/logo\\\/image\\\/\"}},{\"@type\":\"Person\",\"@id\":\"https:\\\/\\\/www.3lo.walbrzych.pl\\\/wordpress\\\/#\\\/schema\\\/person\\\/a5a3335dddd08a52fc05f69d575fd448\",\"name\":\"Tomasz Smejlis\",\"url\":\"https:\\\/\\\/www.3lo.walbrzych.pl\\\/wordpress\\\/author\\\/tfox\\\/\"}]}<\/script>\n<!-- \/ Yoast SEO plugin. -->","yoast_head_json":{"title":"V Powiatowy Konkurs o Samorz\u0105dzie Terytorialnym - zapowied\u017a - III Liceum Og\u00f3lnokszta\u0142c\u0105ce im. Miko\u0142aja Kopernika","robots":{"index":"index","follow":"follow","max-snippet":"max-snippet:-1","max-image-preview":"max-image-preview:large","max-video-preview":"max-video-preview:-1"},"canonical":"https:\/\/www.3lo.walbrzych.pl\/wordpress\/v-powiatowy-konkurs-o-samorzadzie-terytorialnym-zapowiedz\/","og_locale":"pl_PL","og_type":"article","og_title":"V Powiatowy Konkurs o Samorz\u0105dzie Terytorialnym - zapowied\u017a - III Liceum Og\u00f3lnokszta\u0142c\u0105ce im. Miko\u0142aja Kopernika","og_description":"Mamy przyjemno\u015b\u0107 powiadomi\u0107, \u017ce organizowany co roku przez nasz\u0105 szko\u0142\u0119 Powiatowy Konkurs o Samorz\u0105dzie Terytorialnym zosta\u0142 umieszczony w przygotowanym przez Kuratorium O\u015bwiaty wykazie zawod\u00f3w wiedzy, artystycznych i sportowych, kt\u00f3re mog\u0105 by\u0107 wymienione na \u015bwiadectwie uko\u0144czenia szko\u0142y gimnazjalnej gimnazjum lub szko\u0142y podstawowej. Dzi\u0119ki temu zwyci\u0119zcy konkursu i zdobywcy wysokich miejsc uzyskaj\u0105 dodatkowe punkty przy rekrutacji do [&hellip;]","og_url":"https:\/\/www.3lo.walbrzych.pl\/wordpress\/v-powiatowy-konkurs-o-samorzadzie-terytorialnym-zapowiedz\/","og_site_name":"III Liceum Og\u00f3lnokszta\u0142c\u0105ce im. Miko\u0142aja Kopernika","article_published_time":"2019-01-17T16:43:27+00:00","og_image":[{"width":1000,"height":581,"url":"https:\/\/www.3lo.walbrzych.pl\/wordpress\/wp-content\/uploads\/2015\/08\/szkola_1.jpg","type":"image\/jpeg"}],"author":"Tomasz Smejlis","twitter_card":"summary_large_image","twitter_misc":{"Napisane przez":"Tomasz Smejlis"},"schema":{"@context":"https:\/\/schema.org","@graph":[{"@type":"Article","@id":"https:\/\/www.3lo.walbrzych.pl\/wordpress\/v-powiatowy-konkurs-o-samorzadzie-terytorialnym-zapowiedz\/#article","isPartOf":{"@id":"https:\/\/www.3lo.walbrzych.pl\/wordpress\/v-powiatowy-konkurs-o-samorzadzie-terytorialnym-zapowiedz\/"},"author":{"name":"Tomasz Smejlis","@id":"https:\/\/www.3lo.walbrzych.pl\/wordpress\/#\/schema\/person\/a5a3335dddd08a52fc05f69d575fd448"},"headline":"V Powiatowy Konkurs o Samorz\u0105dzie Terytorialnym &#8211; zapowied\u017a","datePublished":"2019-01-17T16:43:27+00:00","mainEntityOfPage":{"@id":"https:\/\/www.3lo.walbrzych.pl\/wordpress\/v-powiatowy-konkurs-o-samorzadzie-terytorialnym-zapowiedz\/"},"wordCount":76,"publisher":{"@id":"https:\/\/www.3lo.walbrzych.pl\/wordpress\/#organization"},"image":{"@id":"https:\/\/www.3lo.walbrzych.pl\/wordpress\/v-powiatowy-konkurs-o-samorzadzie-terytorialnym-zapowiedz\/#primaryimage"},"thumbnailUrl":"https:\/\/www.3lo.walbrzych.pl\/wordpress\/wp-content\/uploads\/2015\/08\/szkola_1.jpg","articleSection":["Aktualno\u015bci"],"inLanguage":"pl-PL"},{"@type":"WebPage","@id":"https:\/\/www.3lo.walbrzych.pl\/wordpress\/v-powiatowy-konkurs-o-samorzadzie-terytorialnym-zapowiedz\/","url":"https:\/\/www.3lo.walbrzych.pl\/wordpress\/v-powiatowy-konkurs-o-samorzadzie-terytorialnym-zapowiedz\/","name":"V Powiatowy Konkurs o Samorz\u0105dzie Terytorialnym - zapowied\u017a - III Liceum Og\u00f3lnokszta\u0142c\u0105ce im. Miko\u0142aja Kopernika","isPartOf":{"@id":"https:\/\/www.3lo.walbrzych.pl\/wordpress\/#website"},"primaryImageOfPage":{"@id":"https:\/\/www.3lo.walbrzych.pl\/wordpress\/v-powiatowy-konkurs-o-samorzadzie-terytorialnym-zapowiedz\/#primaryimage"},"image":{"@id":"https:\/\/www.3lo.walbrzych.pl\/wordpress\/v-powiatowy-konkurs-o-samorzadzie-terytorialnym-zapowiedz\/#primaryimage"},"thumbnailUrl":"https:\/\/www.3lo.walbrzych.pl\/wordpress\/wp-content\/uploads\/2015\/08\/szkola_1.jpg","datePublished":"2019-01-17T16:43:27+00:00","breadcrumb":{"@id":"https:\/\/www.3lo.walbrzych.pl\/wordpress\/v-powiatowy-konkurs-o-samorzadzie-terytorialnym-zapowiedz\/#breadcrumb"},"inLanguage":"pl-PL","potentialAction":[{"@type":"ReadAction","target":["https:\/\/www.3lo.walbrzych.pl\/wordpress\/v-powiatowy-konkurs-o-samorzadzie-terytorialnym-zapowiedz\/"]}]},{"@type":"ImageObject","inLanguage":"pl-PL","@id":"https:\/\/www.3lo.walbrzych.pl\/wordpress\/v-powiatowy-konkurs-o-samorzadzie-terytorialnym-zapowiedz\/#primaryimage","url":"https:\/\/www.3lo.walbrzych.pl\/wordpress\/wp-content\/uploads\/2015\/08\/szkola_1.jpg","contentUrl":"https:\/\/www.3lo.walbrzych.pl\/wordpress\/wp-content\/uploads\/2015\/08\/szkola_1.jpg","width":1000,"height":581},{"@type":"BreadcrumbList","@id":"https:\/\/www.3lo.walbrzych.pl\/wordpress\/v-powiatowy-konkurs-o-samorzadzie-terytorialnym-zapowiedz\/#breadcrumb","itemListElement":[{"@type":"ListItem","position":1,"name":"Strona g\u0142\u00f3wna","item":"https:\/\/www.3lo.walbrzych.pl\/wordpress\/"},{"@type":"ListItem","position":2,"name":"V Powiatowy Konkurs o Samorz\u0105dzie Terytorialnym &#8211; zapowied\u017a"}]},{"@type":"WebSite","@id":"https:\/\/www.3lo.walbrzych.pl\/wordpress\/#website","url":"https:\/\/www.3lo.walbrzych.pl\/wordpress\/","name":"III Liceum Og\u00f3lnokszta\u0142c\u0105ce im. Miko\u0142aja Kopernika","description":"","publisher":{"@id":"https:\/\/www.3lo.walbrzych.pl\/wordpress\/#organization"},"potentialAction":[{"@type":"SearchAction","target":{"@type":"EntryPoint","urlTemplate":"https:\/\/www.3lo.walbrzych.pl\/wordpress\/?s={search_term_string}"},"query-input":{"@type":"PropertyValueSpecification","valueRequired":true,"valueName":"search_term_string"}}],"inLanguage":"pl-PL"},{"@type":"Organization","@id":"https:\/\/www.3lo.walbrzych.pl\/wordpress\/#organization","name":"III Liceum Og\u00f3lnokszta\u0142c\u0105ce im. Miko\u0142aja Kopernika","url":"https:\/\/www.3lo.walbrzych.pl\/wordpress\/","logo":{"@type":"ImageObject","inLanguage":"pl-PL","@id":"https:\/\/www.3lo.walbrzych.pl\/wordpress\/#\/schema\/logo\/image\/","url":"https:\/\/www.3lo.walbrzych.pl\/wordpress\/wp-content\/uploads\/2025\/09\/logo-szkoly-scaled.jpg","contentUrl":"https:\/\/www.3lo.walbrzych.pl\/wordpress\/wp-content\/uploads\/2025\/09\/logo-szkoly-scaled.jpg","width":2560,"height":914,"caption":"III Liceum Og\u00f3lnokszta\u0142c\u0105ce im. Miko\u0142aja Kopernika"},"image":{"@id":"https:\/\/www.3lo.walbrzych.pl\/wordpress\/#\/schema\/logo\/image\/"}},{"@type":"Person","@id":"https:\/\/www.3lo.walbrzych.pl\/wordpress\/#\/schema\/person\/a5a3335dddd08a52fc05f69d575fd448","name":"Tomasz Smejlis","url":"https:\/\/www.3lo.walbrzych.pl\/wordpress\/author\/tfox\/"}]}},"_links":{"self":[{"href":"https:\/\/www.3lo.walbrzych.pl\/wordpress\/wp-json\/wp\/v2\/posts\/3653","targetHints":{"allow":["GET"]}}],"collection":[{"href":"https:\/\/www.3lo.walbrzych.pl\/wordpress\/wp-json\/wp\/v2\/posts"}],"about":[{"href":"https:\/\/www.3lo.walbrzych.pl\/wordpress\/wp-json\/wp\/v2\/types\/post"}],"author":[{"embeddable":true,"href":"https:\/\/www.3lo.walbrzych.pl\/wordpress\/wp-json\/wp\/v2\/users\/4"}],"replies":[{"embeddable":true,"href":"https:\/\/www.3lo.walbrzych.pl\/wordpress\/wp-json\/wp\/v2\/comments?post=3653"}],"version-history":[{"count":1,"href":"https:\/\/www.3lo.walbrzych.pl\/wordpress\/wp-json\/wp\/v2\/posts\/3653\/revisions"}],"predecessor-version":[{"id":3654,"href":"https:\/\/www.3lo.walbrzych.pl\/wordpress\/wp-json\/wp\/v2\/posts\/3653\/revisions\/3654"}],"wp:featuredmedia":[{"embeddable":true,"href":"https:\/\/www.3lo.walbrzych.pl\/wordpress\/wp-json\/wp\/v2\/media\/8"}],"wp:attachment":[{"href":"https:\/\/www.3lo.walbrzych.pl\/wordpress\/wp-json\/wp\/v2\/media?parent=3653"}],"wp:term":[{"taxonomy":"category","embeddable":true,"href":"https:\/\/www.3lo.walbrzych.pl\/wordpress\/wp-json\/wp\/v2\/categories?post=3653"},{"taxonomy":"post_tag","embeddable":true,"href":"https:\/\/www.3lo.walbrzych.pl\/wordpress\/wp-json\/wp\/v2\/tags?post=3653"}],"curies":[{"name":"wp","href":"https:\/\/api.w.org\/{rel}","templated":true}]}}