{"id":3727,"date":"2019-02-07T22:04:48","date_gmt":"2019-02-07T21:04:48","guid":{"rendered":"http:\/\/www.3lo.walbrzych.pl\/wordpress\/?p=3727"},"modified":"2019-02-07T22:10:00","modified_gmt":"2019-02-07T21:10:00","slug":"wymiana-miedzynarodowa-w-bochum","status":"publish","type":"post","link":"https:\/\/www.3lo.walbrzych.pl\/wordpress\/wymiana-miedzynarodowa-w-bochum\/","title":{"rendered":"Wymiana mi\u0119dzynarodowa w Bochum"},"content":{"rendered":"\n<p class=\"wp-block-paragraph\"> W dniach 31.01. 2019- 06.02.2019&nbsp; pi\u0119cioro uczni\u00f3w naszego liceum wraz z pani\u0105 profesor Sylwi\u0105 Cieloszyk oraz dziesi\u0119cioro uczni\u00f3w ze szko\u0142y Heinrich-von-Kleist wzi\u0119\u0142o udzia\u0142 w wymianie mi\u0119dzynarodowej w Bochum. <\/p>\n\n\n\n<figure class=\"wp-block-image\"><img loading=\"lazy\" decoding=\"async\" width=\"1024\" height=\"768\" src=\"https:\/\/www.3lo.walbrzych.pl\/wordpress\/wp-content\/uploads\/2019\/02\/IMG_20190201_191542-1024x768.jpg\" alt=\"\" class=\"wp-image-3728\" srcset=\"https:\/\/www.3lo.walbrzych.pl\/wordpress\/wp-content\/uploads\/2019\/02\/IMG_20190201_191542-1024x768.jpg 1024w, https:\/\/www.3lo.walbrzych.pl\/wordpress\/wp-content\/uploads\/2019\/02\/IMG_20190201_191542-300x225.jpg 300w, https:\/\/www.3lo.walbrzych.pl\/wordpress\/wp-content\/uploads\/2019\/02\/IMG_20190201_191542-768x576.jpg 768w\" sizes=\"auto, (max-width: 1024px) 100vw, 1024px\" \/><\/figure>\n\n\n\n<figure class=\"wp-block-image\"><img loading=\"lazy\" decoding=\"async\" width=\"1024\" height=\"768\" src=\"https:\/\/www.3lo.walbrzych.pl\/wordpress\/wp-content\/uploads\/2019\/02\/IMG_20190202_140431-1024x768.jpg\" alt=\"\" class=\"wp-image-3729\" srcset=\"https:\/\/www.3lo.walbrzych.pl\/wordpress\/wp-content\/uploads\/2019\/02\/IMG_20190202_140431-1024x768.jpg 1024w, https:\/\/www.3lo.walbrzych.pl\/wordpress\/wp-content\/uploads\/2019\/02\/IMG_20190202_140431-300x225.jpg 300w, https:\/\/www.3lo.walbrzych.pl\/wordpress\/wp-content\/uploads\/2019\/02\/IMG_20190202_140431-768x576.jpg 768w\" sizes=\"auto, (max-width: 1024px) 100vw, 1024px\" \/><\/figure>\n\n\n\n<p class=\"wp-block-paragraph\">Uczniowie brali udzia\u0142 w warsztatach&nbsp; Junior Ingenieur Akademie wspieranych przez Fundacj\u0119 Telekom&nbsp; i fundacj\u0119 Wymiany Edukacyjnej&nbsp;KMK.<\/p>\n\n\n\n<p class=\"wp-block-paragraph\">Uczestnicy&nbsp;pracowali nad wymagaj\u0105cymi projektami technicznymi.&nbsp; Nauczyli si\u0119 programowa\u0107 roboty, projektowa\u0107 przedmioty w formacie 3D oraz drukowa\u0107 je za pomoc\u0105 drukarki 3D. Zbudowali r\u00f3wnie\u017c w\u0142asny teleskop w Obserwatorium Sternwarte Bochum. <\/p>\n\n\n\n<figure class=\"wp-block-image\"><img loading=\"lazy\" decoding=\"async\" width=\"1024\" height=\"768\" src=\"https:\/\/www.3lo.walbrzych.pl\/wordpress\/wp-content\/uploads\/2019\/02\/IMG_20190131_130942-1024x768.jpg\" alt=\"\" class=\"wp-image-3730\" srcset=\"https:\/\/www.3lo.walbrzych.pl\/wordpress\/wp-content\/uploads\/2019\/02\/IMG_20190131_130942-1024x768.jpg 1024w, https:\/\/www.3lo.walbrzych.pl\/wordpress\/wp-content\/uploads\/2019\/02\/IMG_20190131_130942-300x225.jpg 300w, https:\/\/www.3lo.walbrzych.pl\/wordpress\/wp-content\/uploads\/2019\/02\/IMG_20190131_130942-768x576.jpg 768w\" sizes=\"auto, (max-width: 1024px) 100vw, 1024px\" \/><\/figure>\n\n\n\n<figure class=\"wp-block-image\"><img loading=\"lazy\" decoding=\"async\" width=\"768\" height=\"1024\" src=\"https:\/\/www.3lo.walbrzych.pl\/wordpress\/wp-content\/uploads\/2019\/02\/IMG_20190203_123424-768x1024.jpg\" alt=\"\" class=\"wp-image-3731\" srcset=\"https:\/\/www.3lo.walbrzych.pl\/wordpress\/wp-content\/uploads\/2019\/02\/IMG_20190203_123424-768x1024.jpg 768w, https:\/\/www.3lo.walbrzych.pl\/wordpress\/wp-content\/uploads\/2019\/02\/IMG_20190203_123424-225x300.jpg 225w\" sizes=\"auto, (max-width: 768px) 100vw, 768px\" \/><figcaption>sdr<\/figcaption><\/figure>\n\n\n\n<p class=\"wp-block-paragraph\">W RADOM uczestnicy analizowali dane satelitarne. Na uniwersytecie Ruhr Universit\u00e4t Bochum poszukiwali \u017cycia w kosmosie. Opr\u00f3cz nauki by\u0142 czas na integracj\u0119, wsp\u00f3lne zabawy oraz zwiedzanie. Uczniowie mieli okazj\u0119 zobaczy\u0107 musical \u201eStarlight Express&#8221;. Wsp\u00f3lne gotowanie okaza\u0142o si\u0119 \u015bwietn\u0105 zabaw\u0105. Wystawa fotograficzna w Gasometer Oberhausen dotycz\u0105ca g\u00f3r by\u0142a imponuj\u0105ca. W kompleksie nieczynnej ju\u017c kopalni i koksowni Zollverein w Essen skupili\u015bmy si\u0119 na poszukiwaniu polskich korzeni w tym regionie.&nbsp; <\/p>\n\n\n\n<figure class=\"wp-block-image\"><img loading=\"lazy\" decoding=\"async\" width=\"768\" height=\"1024\" src=\"https:\/\/www.3lo.walbrzych.pl\/wordpress\/wp-content\/uploads\/2019\/02\/IMG_20190205_124459-768x1024.jpg\" alt=\"\" class=\"wp-image-3732\" srcset=\"https:\/\/www.3lo.walbrzych.pl\/wordpress\/wp-content\/uploads\/2019\/02\/IMG_20190205_124459-768x1024.jpg 768w, https:\/\/www.3lo.walbrzych.pl\/wordpress\/wp-content\/uploads\/2019\/02\/IMG_20190205_124459-225x300.jpg 225w\" sizes=\"auto, (max-width: 768px) 100vw, 768px\" \/><\/figure>\n\n\n\n<figure class=\"wp-block-image\"><img loading=\"lazy\" decoding=\"async\" width=\"1024\" height=\"768\" src=\"https:\/\/www.3lo.walbrzych.pl\/wordpress\/wp-content\/uploads\/2019\/02\/IMG_20190206_102940-1024x768.jpg\" alt=\"\" class=\"wp-image-3733\" srcset=\"https:\/\/www.3lo.walbrzych.pl\/wordpress\/wp-content\/uploads\/2019\/02\/IMG_20190206_102940-1024x768.jpg 1024w, https:\/\/www.3lo.walbrzych.pl\/wordpress\/wp-content\/uploads\/2019\/02\/IMG_20190206_102940-300x225.jpg 300w, https:\/\/www.3lo.walbrzych.pl\/wordpress\/wp-content\/uploads\/2019\/02\/IMG_20190206_102940-768x576.jpg 768w\" sizes=\"auto, (max-width: 1024px) 100vw, 1024px\" \/><figcaption>dav<\/figcaption><\/figure>\n\n\n\n<p class=\"wp-block-paragraph\">W dniu wczorajszym masz wyjazd dobieg\u0142 ko\u0144ca. Czekamy na rewizyt\u0119 szko\u0142y z Bochum. <\/p>\n\n\n<figure class=\"wp-block-embed-youtube wp-block-embed is-type-video is-provider-youtube wp-embed-aspect-16-9 wp-has-aspect-ratio\"><div class=\"lyte-wrapper fourthree\" style=\"width:420px;max-width:100%;margin:5px;\"><div class=\"lyMe\" id=\"WYL_APCuWPjKqx4\"><div id=\"lyte_APCuWPjKqx4\" data-src=\"https:\/\/www.3lo.walbrzych.pl\/wordpress\/wp-content\/plugins\/wp-youtube-lyte\/lyteCache.php?origThumbUrl=%2F%2Fi.ytimg.com%2Fvi%2FAPCuWPjKqx4%2Fhqdefault.jpg\" class=\"pL\"><div class=\"tC\"><div class=\"tT\"><\/div><\/div><div class=\"play\"><\/div><div class=\"ctrl\"><div class=\"Lctrl\"><\/div><div class=\"Rctrl\"><\/div><\/div><\/div><noscript><a href=\"https:\/\/youtu.be\/APCuWPjKqx4\" rel=\"nofollow\"><img loading=\"lazy\" decoding=\"async\" src=\"https:\/\/www.3lo.walbrzych.pl\/wordpress\/wp-content\/plugins\/wp-youtube-lyte\/lyteCache.php?origThumbUrl=https%3A%2F%2Fi.ytimg.com%2Fvi%2FAPCuWPjKqx4%2F0.jpg\" alt=\"YouTube video thumbnail\" width=\"420\" height=\"295\" \/><br \/>Watch this video on YouTube<\/a><\/noscript><\/div><\/div><div class=\"lL\" style=\"max-width:100%;width:420px;margin:5px;\"><\/div><figcaption><\/figcaption><\/figure>","protected":false},"excerpt":{"rendered":"<p>W dniach 31.01. 2019- 06.02.2019&nbsp; pi\u0119cioro uczni\u00f3w naszego liceum wraz z pani\u0105 profesor Sylwi\u0105 Cieloszyk oraz dziesi\u0119cioro uczni\u00f3w ze szko\u0142y Heinrich-von-Kleist wzi\u0119\u0142o udzia\u0142 w wymianie mi\u0119dzynarodowej w Bochum. Uczniowie brali udzia\u0142 w warsztatach&nbsp; Junior Ingenieur Akademie wspieranych przez Fundacj\u0119 Telekom&nbsp; i fundacj\u0119 Wymiany Edukacyjnej&nbsp;KMK. Uczestnicy&nbsp;pracowali nad wymagaj\u0105cymi projektami technicznymi.&nbsp; Nauczyli si\u0119 programowa\u0107 roboty, projektowa\u0107 przedmioty [&hellip;]<\/p>\n","protected":false},"author":48,"featured_media":3730,"comment_status":"closed","ping_status":"closed","sticky":false,"template":"","format":"standard","meta":{"footnotes":""},"categories":[19],"tags":[],"class_list":["post-3727","post","type-post","status-publish","format-standard","has-post-thumbnail","hentry","category-aktualnosci"],"yoast_head":"<!-- This site is optimized with the Yoast SEO plugin v28.4 - https:\/\/yoast.com\/product\/yoast-seo-wordpress\/ -->\n<title>Wymiana mi\u0119dzynarodowa w Bochum - III Liceum Og\u00f3lnokszta\u0142c\u0105ce im. Miko\u0142aja Kopernika<\/title>\n<meta name=\"robots\" content=\"index, follow, max-snippet:-1, max-image-preview:large, max-video-preview:-1\" \/>\n<link rel=\"canonical\" href=\"https:\/\/www.3lo.walbrzych.pl\/wordpress\/wymiana-miedzynarodowa-w-bochum\/\" \/>\n<meta property=\"og:locale\" content=\"pl_PL\" \/>\n<meta property=\"og:type\" content=\"article\" \/>\n<meta property=\"og:title\" content=\"Wymiana mi\u0119dzynarodowa w Bochum - III Liceum Og\u00f3lnokszta\u0142c\u0105ce im. Miko\u0142aja Kopernika\" \/>\n<meta property=\"og:description\" content=\"W dniach 31.01. 2019- 06.02.2019&nbsp; pi\u0119cioro uczni\u00f3w naszego liceum wraz z pani\u0105 profesor Sylwi\u0105 Cieloszyk oraz dziesi\u0119cioro uczni\u00f3w ze szko\u0142y Heinrich-von-Kleist wzi\u0119\u0142o udzia\u0142 w wymianie mi\u0119dzynarodowej w Bochum. Uczniowie brali udzia\u0142 w warsztatach&nbsp; Junior Ingenieur Akademie wspieranych przez Fundacj\u0119 Telekom&nbsp; i fundacj\u0119 Wymiany Edukacyjnej&nbsp;KMK. Uczestnicy&nbsp;pracowali nad wymagaj\u0105cymi projektami technicznymi.&nbsp; Nauczyli si\u0119 programowa\u0107 roboty, projektowa\u0107 przedmioty [&hellip;]\" \/>\n<meta property=\"og:url\" content=\"https:\/\/www.3lo.walbrzych.pl\/wordpress\/wymiana-miedzynarodowa-w-bochum\/\" \/>\n<meta property=\"og:site_name\" content=\"III Liceum Og\u00f3lnokszta\u0142c\u0105ce im. Miko\u0142aja Kopernika\" \/>\n<meta property=\"article:published_time\" content=\"2019-02-07T21:04:48+00:00\" \/>\n<meta property=\"article:modified_time\" content=\"2019-02-07T21:10:00+00:00\" \/>\n<meta property=\"og:image\" content=\"https:\/\/www.3lo.walbrzych.pl\/wordpress\/wp-content\/uploads\/2019\/02\/IMG_20190131_130942-1024x768.jpg\" \/>\n\t<meta property=\"og:image:width\" content=\"1024\" \/>\n\t<meta property=\"og:image:height\" content=\"768\" \/>\n\t<meta property=\"og:image:type\" content=\"image\/jpeg\" \/>\n<meta name=\"author\" content=\"Micha\u0142 Cetera\" \/>\n<meta name=\"twitter:card\" content=\"summary_large_image\" \/>\n<meta name=\"twitter:label1\" content=\"Napisane przez\" \/>\n\t<meta name=\"twitter:data1\" content=\"Micha\u0142 Cetera\" \/>\n\t<meta name=\"twitter:label2\" content=\"Szacowany czas czytania\" \/>\n\t<meta name=\"twitter:data2\" content=\"1 minuta\" \/>\n<script type=\"application\/ld+json\" class=\"yoast-schema-graph\">{\"@context\":\"https:\\\/\\\/schema.org\",\"@graph\":[{\"@type\":\"Article\",\"@id\":\"https:\\\/\\\/www.3lo.walbrzych.pl\\\/wordpress\\\/wymiana-miedzynarodowa-w-bochum\\\/#article\",\"isPartOf\":{\"@id\":\"https:\\\/\\\/www.3lo.walbrzych.pl\\\/wordpress\\\/wymiana-miedzynarodowa-w-bochum\\\/\"},\"author\":{\"name\":\"Micha\u0142 Cetera\",\"@id\":\"https:\\\/\\\/www.3lo.walbrzych.pl\\\/wordpress\\\/#\\\/schema\\\/person\\\/ff9afc6eca5e68699c4be1e41f0ec427\"},\"headline\":\"Wymiana mi\u0119dzynarodowa w Bochum\",\"datePublished\":\"2019-02-07T21:04:48+00:00\",\"dateModified\":\"2019-02-07T21:10:00+00:00\",\"mainEntityOfPage\":{\"@id\":\"https:\\\/\\\/www.3lo.walbrzych.pl\\\/wordpress\\\/wymiana-miedzynarodowa-w-bochum\\\/\"},\"wordCount\":199,\"publisher\":{\"@id\":\"https:\\\/\\\/www.3lo.walbrzych.pl\\\/wordpress\\\/#organization\"},\"image\":{\"@id\":\"https:\\\/\\\/www.3lo.walbrzych.pl\\\/wordpress\\\/wymiana-miedzynarodowa-w-bochum\\\/#primaryimage\"},\"thumbnailUrl\":\"https:\\\/\\\/www.3lo.walbrzych.pl\\\/wordpress\\\/wp-content\\\/uploads\\\/2019\\\/02\\\/IMG_20190131_130942.jpg\",\"articleSection\":[\"Aktualno\u015bci\"],\"inLanguage\":\"pl-PL\"},{\"@type\":\"WebPage\",\"@id\":\"https:\\\/\\\/www.3lo.walbrzych.pl\\\/wordpress\\\/wymiana-miedzynarodowa-w-bochum\\\/\",\"url\":\"https:\\\/\\\/www.3lo.walbrzych.pl\\\/wordpress\\\/wymiana-miedzynarodowa-w-bochum\\\/\",\"name\":\"Wymiana mi\u0119dzynarodowa w Bochum - III Liceum Og\u00f3lnokszta\u0142c\u0105ce im. Miko\u0142aja Kopernika\",\"isPartOf\":{\"@id\":\"https:\\\/\\\/www.3lo.walbrzych.pl\\\/wordpress\\\/#website\"},\"primaryImageOfPage\":{\"@id\":\"https:\\\/\\\/www.3lo.walbrzych.pl\\\/wordpress\\\/wymiana-miedzynarodowa-w-bochum\\\/#primaryimage\"},\"image\":{\"@id\":\"https:\\\/\\\/www.3lo.walbrzych.pl\\\/wordpress\\\/wymiana-miedzynarodowa-w-bochum\\\/#primaryimage\"},\"thumbnailUrl\":\"https:\\\/\\\/www.3lo.walbrzych.pl\\\/wordpress\\\/wp-content\\\/uploads\\\/2019\\\/02\\\/IMG_20190131_130942.jpg\",\"datePublished\":\"2019-02-07T21:04:48+00:00\",\"dateModified\":\"2019-02-07T21:10:00+00:00\",\"breadcrumb\":{\"@id\":\"https:\\\/\\\/www.3lo.walbrzych.pl\\\/wordpress\\\/wymiana-miedzynarodowa-w-bochum\\\/#breadcrumb\"},\"inLanguage\":\"pl-PL\",\"potentialAction\":[{\"@type\":\"ReadAction\",\"target\":[\"https:\\\/\\\/www.3lo.walbrzych.pl\\\/wordpress\\\/wymiana-miedzynarodowa-w-bochum\\\/\"]}]},{\"@type\":\"ImageObject\",\"inLanguage\":\"pl-PL\",\"@id\":\"https:\\\/\\\/www.3lo.walbrzych.pl\\\/wordpress\\\/wymiana-miedzynarodowa-w-bochum\\\/#primaryimage\",\"url\":\"https:\\\/\\\/www.3lo.walbrzych.pl\\\/wordpress\\\/wp-content\\\/uploads\\\/2019\\\/02\\\/IMG_20190131_130942.jpg\",\"contentUrl\":\"https:\\\/\\\/www.3lo.walbrzych.pl\\\/wordpress\\\/wp-content\\\/uploads\\\/2019\\\/02\\\/IMG_20190131_130942.jpg\",\"width\":4160,\"height\":3120,\"caption\":\"dav\"},{\"@type\":\"BreadcrumbList\",\"@id\":\"https:\\\/\\\/www.3lo.walbrzych.pl\\\/wordpress\\\/wymiana-miedzynarodowa-w-bochum\\\/#breadcrumb\",\"itemListElement\":[{\"@type\":\"ListItem\",\"position\":1,\"name\":\"Strona g\u0142\u00f3wna\",\"item\":\"https:\\\/\\\/www.3lo.walbrzych.pl\\\/wordpress\\\/\"},{\"@type\":\"ListItem\",\"position\":2,\"name\":\"Wymiana mi\u0119dzynarodowa w Bochum\"}]},{\"@type\":\"WebSite\",\"@id\":\"https:\\\/\\\/www.3lo.walbrzych.pl\\\/wordpress\\\/#website\",\"url\":\"https:\\\/\\\/www.3lo.walbrzych.pl\\\/wordpress\\\/\",\"name\":\"III Liceum Og\u00f3lnokszta\u0142c\u0105ce im. Miko\u0142aja Kopernika\",\"description\":\"\",\"publisher\":{\"@id\":\"https:\\\/\\\/www.3lo.walbrzych.pl\\\/wordpress\\\/#organization\"},\"potentialAction\":[{\"@type\":\"SearchAction\",\"target\":{\"@type\":\"EntryPoint\",\"urlTemplate\":\"https:\\\/\\\/www.3lo.walbrzych.pl\\\/wordpress\\\/?s={search_term_string}\"},\"query-input\":{\"@type\":\"PropertyValueSpecification\",\"valueRequired\":true,\"valueName\":\"search_term_string\"}}],\"inLanguage\":\"pl-PL\"},{\"@type\":\"Organization\",\"@id\":\"https:\\\/\\\/www.3lo.walbrzych.pl\\\/wordpress\\\/#organization\",\"name\":\"III Liceum Og\u00f3lnokszta\u0142c\u0105ce im. Miko\u0142aja Kopernika\",\"url\":\"https:\\\/\\\/www.3lo.walbrzych.pl\\\/wordpress\\\/\",\"logo\":{\"@type\":\"ImageObject\",\"inLanguage\":\"pl-PL\",\"@id\":\"https:\\\/\\\/www.3lo.walbrzych.pl\\\/wordpress\\\/#\\\/schema\\\/logo\\\/image\\\/\",\"url\":\"https:\\\/\\\/www.3lo.walbrzych.pl\\\/wordpress\\\/wp-content\\\/uploads\\\/2025\\\/09\\\/logo-szkoly-scaled.jpg\",\"contentUrl\":\"https:\\\/\\\/www.3lo.walbrzych.pl\\\/wordpress\\\/wp-content\\\/uploads\\\/2025\\\/09\\\/logo-szkoly-scaled.jpg\",\"width\":2560,\"height\":914,\"caption\":\"III Liceum Og\u00f3lnokszta\u0142c\u0105ce im. Miko\u0142aja Kopernika\"},\"image\":{\"@id\":\"https:\\\/\\\/www.3lo.walbrzych.pl\\\/wordpress\\\/#\\\/schema\\\/logo\\\/image\\\/\"}},{\"@type\":\"Person\",\"@id\":\"https:\\\/\\\/www.3lo.walbrzych.pl\\\/wordpress\\\/#\\\/schema\\\/person\\\/ff9afc6eca5e68699c4be1e41f0ec427\",\"name\":\"Micha\u0142 Cetera\",\"url\":\"https:\\\/\\\/www.3lo.walbrzych.pl\\\/wordpress\\\/author\\\/mcetera\\\/\"}]}<\/script>\n<!-- \/ Yoast SEO plugin. -->","yoast_head_json":{"title":"Wymiana mi\u0119dzynarodowa w Bochum - III Liceum Og\u00f3lnokszta\u0142c\u0105ce im. Miko\u0142aja Kopernika","robots":{"index":"index","follow":"follow","max-snippet":"max-snippet:-1","max-image-preview":"max-image-preview:large","max-video-preview":"max-video-preview:-1"},"canonical":"https:\/\/www.3lo.walbrzych.pl\/wordpress\/wymiana-miedzynarodowa-w-bochum\/","og_locale":"pl_PL","og_type":"article","og_title":"Wymiana mi\u0119dzynarodowa w Bochum - III Liceum Og\u00f3lnokszta\u0142c\u0105ce im. Miko\u0142aja Kopernika","og_description":"W dniach 31.01. 2019- 06.02.2019&nbsp; pi\u0119cioro uczni\u00f3w naszego liceum wraz z pani\u0105 profesor Sylwi\u0105 Cieloszyk oraz dziesi\u0119cioro uczni\u00f3w ze szko\u0142y Heinrich-von-Kleist wzi\u0119\u0142o udzia\u0142 w wymianie mi\u0119dzynarodowej w Bochum. Uczniowie brali udzia\u0142 w warsztatach&nbsp; Junior Ingenieur Akademie wspieranych przez Fundacj\u0119 Telekom&nbsp; i fundacj\u0119 Wymiany Edukacyjnej&nbsp;KMK. Uczestnicy&nbsp;pracowali nad wymagaj\u0105cymi projektami technicznymi.&nbsp; Nauczyli si\u0119 programowa\u0107 roboty, projektowa\u0107 przedmioty [&hellip;]","og_url":"https:\/\/www.3lo.walbrzych.pl\/wordpress\/wymiana-miedzynarodowa-w-bochum\/","og_site_name":"III Liceum Og\u00f3lnokszta\u0142c\u0105ce im. Miko\u0142aja Kopernika","article_published_time":"2019-02-07T21:04:48+00:00","article_modified_time":"2019-02-07T21:10:00+00:00","og_image":[{"width":1024,"height":768,"url":"https:\/\/www.3lo.walbrzych.pl\/wordpress\/wp-content\/uploads\/2019\/02\/IMG_20190131_130942-1024x768.jpg","type":"image\/jpeg"}],"author":"Micha\u0142 Cetera","twitter_card":"summary_large_image","twitter_misc":{"Napisane przez":"Micha\u0142 Cetera","Szacowany czas czytania":"1 minuta"},"schema":{"@context":"https:\/\/schema.org","@graph":[{"@type":"Article","@id":"https:\/\/www.3lo.walbrzych.pl\/wordpress\/wymiana-miedzynarodowa-w-bochum\/#article","isPartOf":{"@id":"https:\/\/www.3lo.walbrzych.pl\/wordpress\/wymiana-miedzynarodowa-w-bochum\/"},"author":{"name":"Micha\u0142 Cetera","@id":"https:\/\/www.3lo.walbrzych.pl\/wordpress\/#\/schema\/person\/ff9afc6eca5e68699c4be1e41f0ec427"},"headline":"Wymiana mi\u0119dzynarodowa w Bochum","datePublished":"2019-02-07T21:04:48+00:00","dateModified":"2019-02-07T21:10:00+00:00","mainEntityOfPage":{"@id":"https:\/\/www.3lo.walbrzych.pl\/wordpress\/wymiana-miedzynarodowa-w-bochum\/"},"wordCount":199,"publisher":{"@id":"https:\/\/www.3lo.walbrzych.pl\/wordpress\/#organization"},"image":{"@id":"https:\/\/www.3lo.walbrzych.pl\/wordpress\/wymiana-miedzynarodowa-w-bochum\/#primaryimage"},"thumbnailUrl":"https:\/\/www.3lo.walbrzych.pl\/wordpress\/wp-content\/uploads\/2019\/02\/IMG_20190131_130942.jpg","articleSection":["Aktualno\u015bci"],"inLanguage":"pl-PL"},{"@type":"WebPage","@id":"https:\/\/www.3lo.walbrzych.pl\/wordpress\/wymiana-miedzynarodowa-w-bochum\/","url":"https:\/\/www.3lo.walbrzych.pl\/wordpress\/wymiana-miedzynarodowa-w-bochum\/","name":"Wymiana mi\u0119dzynarodowa w Bochum - III Liceum Og\u00f3lnokszta\u0142c\u0105ce im. Miko\u0142aja Kopernika","isPartOf":{"@id":"https:\/\/www.3lo.walbrzych.pl\/wordpress\/#website"},"primaryImageOfPage":{"@id":"https:\/\/www.3lo.walbrzych.pl\/wordpress\/wymiana-miedzynarodowa-w-bochum\/#primaryimage"},"image":{"@id":"https:\/\/www.3lo.walbrzych.pl\/wordpress\/wymiana-miedzynarodowa-w-bochum\/#primaryimage"},"thumbnailUrl":"https:\/\/www.3lo.walbrzych.pl\/wordpress\/wp-content\/uploads\/2019\/02\/IMG_20190131_130942.jpg","datePublished":"2019-02-07T21:04:48+00:00","dateModified":"2019-02-07T21:10:00+00:00","breadcrumb":{"@id":"https:\/\/www.3lo.walbrzych.pl\/wordpress\/wymiana-miedzynarodowa-w-bochum\/#breadcrumb"},"inLanguage":"pl-PL","potentialAction":[{"@type":"ReadAction","target":["https:\/\/www.3lo.walbrzych.pl\/wordpress\/wymiana-miedzynarodowa-w-bochum\/"]}]},{"@type":"ImageObject","inLanguage":"pl-PL","@id":"https:\/\/www.3lo.walbrzych.pl\/wordpress\/wymiana-miedzynarodowa-w-bochum\/#primaryimage","url":"https:\/\/www.3lo.walbrzych.pl\/wordpress\/wp-content\/uploads\/2019\/02\/IMG_20190131_130942.jpg","contentUrl":"https:\/\/www.3lo.walbrzych.pl\/wordpress\/wp-content\/uploads\/2019\/02\/IMG_20190131_130942.jpg","width":4160,"height":3120,"caption":"dav"},{"@type":"BreadcrumbList","@id":"https:\/\/www.3lo.walbrzych.pl\/wordpress\/wymiana-miedzynarodowa-w-bochum\/#breadcrumb","itemListElement":[{"@type":"ListItem","position":1,"name":"Strona g\u0142\u00f3wna","item":"https:\/\/www.3lo.walbrzych.pl\/wordpress\/"},{"@type":"ListItem","position":2,"name":"Wymiana mi\u0119dzynarodowa w Bochum"}]},{"@type":"WebSite","@id":"https:\/\/www.3lo.walbrzych.pl\/wordpress\/#website","url":"https:\/\/www.3lo.walbrzych.pl\/wordpress\/","name":"III Liceum Og\u00f3lnokszta\u0142c\u0105ce im. Miko\u0142aja Kopernika","description":"","publisher":{"@id":"https:\/\/www.3lo.walbrzych.pl\/wordpress\/#organization"},"potentialAction":[{"@type":"SearchAction","target":{"@type":"EntryPoint","urlTemplate":"https:\/\/www.3lo.walbrzych.pl\/wordpress\/?s={search_term_string}"},"query-input":{"@type":"PropertyValueSpecification","valueRequired":true,"valueName":"search_term_string"}}],"inLanguage":"pl-PL"},{"@type":"Organization","@id":"https:\/\/www.3lo.walbrzych.pl\/wordpress\/#organization","name":"III Liceum Og\u00f3lnokszta\u0142c\u0105ce im. Miko\u0142aja Kopernika","url":"https:\/\/www.3lo.walbrzych.pl\/wordpress\/","logo":{"@type":"ImageObject","inLanguage":"pl-PL","@id":"https:\/\/www.3lo.walbrzych.pl\/wordpress\/#\/schema\/logo\/image\/","url":"https:\/\/www.3lo.walbrzych.pl\/wordpress\/wp-content\/uploads\/2025\/09\/logo-szkoly-scaled.jpg","contentUrl":"https:\/\/www.3lo.walbrzych.pl\/wordpress\/wp-content\/uploads\/2025\/09\/logo-szkoly-scaled.jpg","width":2560,"height":914,"caption":"III Liceum Og\u00f3lnokszta\u0142c\u0105ce im. Miko\u0142aja Kopernika"},"image":{"@id":"https:\/\/www.3lo.walbrzych.pl\/wordpress\/#\/schema\/logo\/image\/"}},{"@type":"Person","@id":"https:\/\/www.3lo.walbrzych.pl\/wordpress\/#\/schema\/person\/ff9afc6eca5e68699c4be1e41f0ec427","name":"Micha\u0142 Cetera","url":"https:\/\/www.3lo.walbrzych.pl\/wordpress\/author\/mcetera\/"}]}},"_links":{"self":[{"href":"https:\/\/www.3lo.walbrzych.pl\/wordpress\/wp-json\/wp\/v2\/posts\/3727","targetHints":{"allow":["GET"]}}],"collection":[{"href":"https:\/\/www.3lo.walbrzych.pl\/wordpress\/wp-json\/wp\/v2\/posts"}],"about":[{"href":"https:\/\/www.3lo.walbrzych.pl\/wordpress\/wp-json\/wp\/v2\/types\/post"}],"author":[{"embeddable":true,"href":"https:\/\/www.3lo.walbrzych.pl\/wordpress\/wp-json\/wp\/v2\/users\/48"}],"replies":[{"embeddable":true,"href":"https:\/\/www.3lo.walbrzych.pl\/wordpress\/wp-json\/wp\/v2\/comments?post=3727"}],"version-history":[{"count":2,"href":"https:\/\/www.3lo.walbrzych.pl\/wordpress\/wp-json\/wp\/v2\/posts\/3727\/revisions"}],"predecessor-version":[{"id":3736,"href":"https:\/\/www.3lo.walbrzych.pl\/wordpress\/wp-json\/wp\/v2\/posts\/3727\/revisions\/3736"}],"wp:featuredmedia":[{"embeddable":true,"href":"https:\/\/www.3lo.walbrzych.pl\/wordpress\/wp-json\/wp\/v2\/media\/3730"}],"wp:attachment":[{"href":"https:\/\/www.3lo.walbrzych.pl\/wordpress\/wp-json\/wp\/v2\/media?parent=3727"}],"wp:term":[{"taxonomy":"category","embeddable":true,"href":"https:\/\/www.3lo.walbrzych.pl\/wordpress\/wp-json\/wp\/v2\/categories?post=3727"},{"taxonomy":"post_tag","embeddable":true,"href":"https:\/\/www.3lo.walbrzych.pl\/wordpress\/wp-json\/wp\/v2\/tags?post=3727"}],"curies":[{"name":"wp","href":"https:\/\/api.w.org\/{rel}","templated":true}]}}