{"id":3921,"date":"2019-03-25T17:28:24","date_gmt":"2019-03-25T16:28:24","guid":{"rendered":"http:\/\/www.3lo.walbrzych.pl\/wordpress\/?p=3921"},"modified":"2019-03-24T17:42:50","modified_gmt":"2019-03-24T16:42:50","slug":"xviii-mlodziezowy-konkurs-piosenki-artystycznej-przesluchania","status":"publish","type":"post","link":"https:\/\/www.3lo.walbrzych.pl\/wordpress\/xviii-mlodziezowy-konkurs-piosenki-artystycznej-przesluchania\/","title":{"rendered":"XVIII M\u0142odzie\u017cowy Konkurs Piosenki Artystycznej &#8211; przes\u0142uchania"},"content":{"rendered":"\n<p class=\"wp-block-paragraph\">W dniu 19.03.2019 r. odby\u0142y si\u0119 przes\u0142uchania w ramach\u00a0 XVIII edycji M\u0142odzie\u017cowego Konkursu Piosenki Artystycznej im. Agnieszki Osieckiej &#8222;Bardzo Wielka Woda 2019&#8221; w Hali Stulecia we Wroc\u0142awiu. Piosenki polskich tw\u00f3rc\u00f3w wykona\u0142o 121 m\u0142odych pasjonat\u00f3w \u015bpiewu. Nasz ch\u00f3r Cantica oraz Nikola Garbacz zakwalifikowali si\u0119 do II etapu konkursu, kt\u00f3ry odb\u0119dzie si\u0119 5.04. 2019. Serdecznie gratulujemy.<\/p>\n\n\n\n<figure class=\"wp-block-image\"><img loading=\"lazy\" decoding=\"async\" width=\"1024\" height=\"576\" src=\"https:\/\/www.3lo.walbrzych.pl\/wordpress\/wp-content\/uploads\/2019\/03\/ch\u00f3r-Cantica-z-turystami-z-Chin-przed-Hal\u0105-Stulecia-1024x576.jpg\" alt=\"\" class=\"wp-image-3923\" srcset=\"https:\/\/www.3lo.walbrzych.pl\/wordpress\/wp-content\/uploads\/2019\/03\/ch\u00f3r-Cantica-z-turystami-z-Chin-przed-Hal\u0105-Stulecia-1024x576.jpg 1024w, https:\/\/www.3lo.walbrzych.pl\/wordpress\/wp-content\/uploads\/2019\/03\/ch\u00f3r-Cantica-z-turystami-z-Chin-przed-Hal\u0105-Stulecia-300x169.jpg 300w, https:\/\/www.3lo.walbrzych.pl\/wordpress\/wp-content\/uploads\/2019\/03\/ch\u00f3r-Cantica-z-turystami-z-Chin-przed-Hal\u0105-Stulecia-768x432.jpg 768w\" sizes=\"auto, (max-width: 1024px) 100vw, 1024px\" \/><\/figure>\n","protected":false},"excerpt":{"rendered":"<p>W dniu 19.03.2019 r. odby\u0142y si\u0119 przes\u0142uchania w ramach\u00a0 XVIII edycji M\u0142odzie\u017cowego Konkursu Piosenki Artystycznej im. Agnieszki Osieckiej &#8222;Bardzo Wielka Woda 2019&#8221; w Hali Stulecia we Wroc\u0142awiu. Piosenki polskich tw\u00f3rc\u00f3w wykona\u0142o 121 m\u0142odych pasjonat\u00f3w \u015bpiewu. Nasz ch\u00f3r Cantica oraz Nikola Garbacz zakwalifikowali si\u0119 do II etapu konkursu, kt\u00f3ry odb\u0119dzie si\u0119 5.04. 2019. Serdecznie gratulujemy.<\/p>\n","protected":false},"author":4,"featured_media":3922,"comment_status":"closed","ping_status":"closed","sticky":false,"template":"","format":"standard","meta":{"footnotes":""},"categories":[19],"tags":[],"class_list":["post-3921","post","type-post","status-publish","format-standard","has-post-thumbnail","hentry","category-aktualnosci"],"yoast_head":"<!-- This site is optimized with the Yoast SEO plugin v28.4 - https:\/\/yoast.com\/product\/yoast-seo-wordpress\/ -->\n<title>XVIII M\u0142odzie\u017cowy Konkurs Piosenki Artystycznej - przes\u0142uchania - III Liceum Og\u00f3lnokszta\u0142c\u0105ce im. Miko\u0142aja Kopernika<\/title>\n<meta name=\"robots\" content=\"index, follow, max-snippet:-1, max-image-preview:large, max-video-preview:-1\" \/>\n<link rel=\"canonical\" href=\"https:\/\/www.3lo.walbrzych.pl\/wordpress\/xviii-mlodziezowy-konkurs-piosenki-artystycznej-przesluchania\/\" \/>\n<meta property=\"og:locale\" content=\"pl_PL\" \/>\n<meta property=\"og:type\" content=\"article\" \/>\n<meta property=\"og:title\" content=\"XVIII M\u0142odzie\u017cowy Konkurs Piosenki Artystycznej - przes\u0142uchania - III Liceum Og\u00f3lnokszta\u0142c\u0105ce im. Miko\u0142aja Kopernika\" \/>\n<meta property=\"og:description\" content=\"W dniu 19.03.2019 r. odby\u0142y si\u0119 przes\u0142uchania w ramach\u00a0 XVIII edycji M\u0142odzie\u017cowego Konkursu Piosenki Artystycznej im. Agnieszki Osieckiej &#8222;Bardzo Wielka Woda 2019&#8221; w Hali Stulecia we Wroc\u0142awiu. Piosenki polskich tw\u00f3rc\u00f3w wykona\u0142o 121 m\u0142odych pasjonat\u00f3w \u015bpiewu. Nasz ch\u00f3r Cantica oraz Nikola Garbacz zakwalifikowali si\u0119 do II etapu konkursu, kt\u00f3ry odb\u0119dzie si\u0119 5.04. 2019. Serdecznie gratulujemy.\" \/>\n<meta property=\"og:url\" content=\"https:\/\/www.3lo.walbrzych.pl\/wordpress\/xviii-mlodziezowy-konkurs-piosenki-artystycznej-przesluchania\/\" \/>\n<meta property=\"og:site_name\" content=\"III Liceum Og\u00f3lnokszta\u0142c\u0105ce im. Miko\u0142aja Kopernika\" \/>\n<meta property=\"article:published_time\" content=\"2019-03-25T16:28:24+00:00\" \/>\n<meta property=\"og:image\" content=\"https:\/\/www.3lo.walbrzych.pl\/wordpress\/wp-content\/uploads\/2019\/03\/Konkurs-piosenki-artystycznej.jpeg\" \/>\n\t<meta property=\"og:image:width\" content=\"424\" \/>\n\t<meta property=\"og:image:height\" content=\"600\" \/>\n\t<meta property=\"og:image:type\" content=\"image\/jpeg\" \/>\n<meta name=\"author\" content=\"Tomasz Smejlis\" \/>\n<meta name=\"twitter:card\" content=\"summary_large_image\" \/>\n<meta name=\"twitter:label1\" content=\"Napisane przez\" \/>\n\t<meta name=\"twitter:data1\" content=\"Tomasz Smejlis\" \/>\n<script type=\"application\/ld+json\" class=\"yoast-schema-graph\">{\"@context\":\"https:\\\/\\\/schema.org\",\"@graph\":[{\"@type\":\"Article\",\"@id\":\"https:\\\/\\\/www.3lo.walbrzych.pl\\\/wordpress\\\/xviii-mlodziezowy-konkurs-piosenki-artystycznej-przesluchania\\\/#article\",\"isPartOf\":{\"@id\":\"https:\\\/\\\/www.3lo.walbrzych.pl\\\/wordpress\\\/xviii-mlodziezowy-konkurs-piosenki-artystycznej-przesluchania\\\/\"},\"author\":{\"name\":\"Tomasz Smejlis\",\"@id\":\"https:\\\/\\\/www.3lo.walbrzych.pl\\\/wordpress\\\/#\\\/schema\\\/person\\\/a5a3335dddd08a52fc05f69d575fd448\"},\"headline\":\"XVIII M\u0142odzie\u017cowy Konkurs Piosenki Artystycznej &#8211; przes\u0142uchania\",\"datePublished\":\"2019-03-25T16:28:24+00:00\",\"mainEntityOfPage\":{\"@id\":\"https:\\\/\\\/www.3lo.walbrzych.pl\\\/wordpress\\\/xviii-mlodziezowy-konkurs-piosenki-artystycznej-przesluchania\\\/\"},\"wordCount\":72,\"publisher\":{\"@id\":\"https:\\\/\\\/www.3lo.walbrzych.pl\\\/wordpress\\\/#organization\"},\"image\":{\"@id\":\"https:\\\/\\\/www.3lo.walbrzych.pl\\\/wordpress\\\/xviii-mlodziezowy-konkurs-piosenki-artystycznej-przesluchania\\\/#primaryimage\"},\"thumbnailUrl\":\"https:\\\/\\\/www.3lo.walbrzych.pl\\\/wordpress\\\/wp-content\\\/uploads\\\/2019\\\/03\\\/Konkurs-piosenki-artystycznej.jpeg\",\"articleSection\":[\"Aktualno\u015bci\"],\"inLanguage\":\"pl-PL\"},{\"@type\":\"WebPage\",\"@id\":\"https:\\\/\\\/www.3lo.walbrzych.pl\\\/wordpress\\\/xviii-mlodziezowy-konkurs-piosenki-artystycznej-przesluchania\\\/\",\"url\":\"https:\\\/\\\/www.3lo.walbrzych.pl\\\/wordpress\\\/xviii-mlodziezowy-konkurs-piosenki-artystycznej-przesluchania\\\/\",\"name\":\"XVIII M\u0142odzie\u017cowy Konkurs Piosenki Artystycznej - przes\u0142uchania - III Liceum Og\u00f3lnokszta\u0142c\u0105ce im. Miko\u0142aja Kopernika\",\"isPartOf\":{\"@id\":\"https:\\\/\\\/www.3lo.walbrzych.pl\\\/wordpress\\\/#website\"},\"primaryImageOfPage\":{\"@id\":\"https:\\\/\\\/www.3lo.walbrzych.pl\\\/wordpress\\\/xviii-mlodziezowy-konkurs-piosenki-artystycznej-przesluchania\\\/#primaryimage\"},\"image\":{\"@id\":\"https:\\\/\\\/www.3lo.walbrzych.pl\\\/wordpress\\\/xviii-mlodziezowy-konkurs-piosenki-artystycznej-przesluchania\\\/#primaryimage\"},\"thumbnailUrl\":\"https:\\\/\\\/www.3lo.walbrzych.pl\\\/wordpress\\\/wp-content\\\/uploads\\\/2019\\\/03\\\/Konkurs-piosenki-artystycznej.jpeg\",\"datePublished\":\"2019-03-25T16:28:24+00:00\",\"breadcrumb\":{\"@id\":\"https:\\\/\\\/www.3lo.walbrzych.pl\\\/wordpress\\\/xviii-mlodziezowy-konkurs-piosenki-artystycznej-przesluchania\\\/#breadcrumb\"},\"inLanguage\":\"pl-PL\",\"potentialAction\":[{\"@type\":\"ReadAction\",\"target\":[\"https:\\\/\\\/www.3lo.walbrzych.pl\\\/wordpress\\\/xviii-mlodziezowy-konkurs-piosenki-artystycznej-przesluchania\\\/\"]}]},{\"@type\":\"ImageObject\",\"inLanguage\":\"pl-PL\",\"@id\":\"https:\\\/\\\/www.3lo.walbrzych.pl\\\/wordpress\\\/xviii-mlodziezowy-konkurs-piosenki-artystycznej-przesluchania\\\/#primaryimage\",\"url\":\"https:\\\/\\\/www.3lo.walbrzych.pl\\\/wordpress\\\/wp-content\\\/uploads\\\/2019\\\/03\\\/Konkurs-piosenki-artystycznej.jpeg\",\"contentUrl\":\"https:\\\/\\\/www.3lo.walbrzych.pl\\\/wordpress\\\/wp-content\\\/uploads\\\/2019\\\/03\\\/Konkurs-piosenki-artystycznej.jpeg\",\"width\":424,\"height\":600},{\"@type\":\"BreadcrumbList\",\"@id\":\"https:\\\/\\\/www.3lo.walbrzych.pl\\\/wordpress\\\/xviii-mlodziezowy-konkurs-piosenki-artystycznej-przesluchania\\\/#breadcrumb\",\"itemListElement\":[{\"@type\":\"ListItem\",\"position\":1,\"name\":\"Strona g\u0142\u00f3wna\",\"item\":\"https:\\\/\\\/www.3lo.walbrzych.pl\\\/wordpress\\\/\"},{\"@type\":\"ListItem\",\"position\":2,\"name\":\"XVIII M\u0142odzie\u017cowy Konkurs Piosenki Artystycznej &#8211; przes\u0142uchania\"}]},{\"@type\":\"WebSite\",\"@id\":\"https:\\\/\\\/www.3lo.walbrzych.pl\\\/wordpress\\\/#website\",\"url\":\"https:\\\/\\\/www.3lo.walbrzych.pl\\\/wordpress\\\/\",\"name\":\"III Liceum Og\u00f3lnokszta\u0142c\u0105ce im. Miko\u0142aja Kopernika\",\"description\":\"\",\"publisher\":{\"@id\":\"https:\\\/\\\/www.3lo.walbrzych.pl\\\/wordpress\\\/#organization\"},\"potentialAction\":[{\"@type\":\"SearchAction\",\"target\":{\"@type\":\"EntryPoint\",\"urlTemplate\":\"https:\\\/\\\/www.3lo.walbrzych.pl\\\/wordpress\\\/?s={search_term_string}\"},\"query-input\":{\"@type\":\"PropertyValueSpecification\",\"valueRequired\":true,\"valueName\":\"search_term_string\"}}],\"inLanguage\":\"pl-PL\"},{\"@type\":\"Organization\",\"@id\":\"https:\\\/\\\/www.3lo.walbrzych.pl\\\/wordpress\\\/#organization\",\"name\":\"III Liceum Og\u00f3lnokszta\u0142c\u0105ce im. Miko\u0142aja Kopernika\",\"url\":\"https:\\\/\\\/www.3lo.walbrzych.pl\\\/wordpress\\\/\",\"logo\":{\"@type\":\"ImageObject\",\"inLanguage\":\"pl-PL\",\"@id\":\"https:\\\/\\\/www.3lo.walbrzych.pl\\\/wordpress\\\/#\\\/schema\\\/logo\\\/image\\\/\",\"url\":\"https:\\\/\\\/www.3lo.walbrzych.pl\\\/wordpress\\\/wp-content\\\/uploads\\\/2025\\\/09\\\/logo-szkoly-scaled.jpg\",\"contentUrl\":\"https:\\\/\\\/www.3lo.walbrzych.pl\\\/wordpress\\\/wp-content\\\/uploads\\\/2025\\\/09\\\/logo-szkoly-scaled.jpg\",\"width\":2560,\"height\":914,\"caption\":\"III Liceum Og\u00f3lnokszta\u0142c\u0105ce im. Miko\u0142aja Kopernika\"},\"image\":{\"@id\":\"https:\\\/\\\/www.3lo.walbrzych.pl\\\/wordpress\\\/#\\\/schema\\\/logo\\\/image\\\/\"}},{\"@type\":\"Person\",\"@id\":\"https:\\\/\\\/www.3lo.walbrzych.pl\\\/wordpress\\\/#\\\/schema\\\/person\\\/a5a3335dddd08a52fc05f69d575fd448\",\"name\":\"Tomasz Smejlis\",\"url\":\"https:\\\/\\\/www.3lo.walbrzych.pl\\\/wordpress\\\/author\\\/tfox\\\/\"}]}<\/script>\n<!-- \/ Yoast SEO plugin. -->","yoast_head_json":{"title":"XVIII M\u0142odzie\u017cowy Konkurs Piosenki Artystycznej - przes\u0142uchania - III Liceum Og\u00f3lnokszta\u0142c\u0105ce im. Miko\u0142aja Kopernika","robots":{"index":"index","follow":"follow","max-snippet":"max-snippet:-1","max-image-preview":"max-image-preview:large","max-video-preview":"max-video-preview:-1"},"canonical":"https:\/\/www.3lo.walbrzych.pl\/wordpress\/xviii-mlodziezowy-konkurs-piosenki-artystycznej-przesluchania\/","og_locale":"pl_PL","og_type":"article","og_title":"XVIII M\u0142odzie\u017cowy Konkurs Piosenki Artystycznej - przes\u0142uchania - III Liceum Og\u00f3lnokszta\u0142c\u0105ce im. Miko\u0142aja Kopernika","og_description":"W dniu 19.03.2019 r. odby\u0142y si\u0119 przes\u0142uchania w ramach\u00a0 XVIII edycji M\u0142odzie\u017cowego Konkursu Piosenki Artystycznej im. Agnieszki Osieckiej &#8222;Bardzo Wielka Woda 2019&#8221; w Hali Stulecia we Wroc\u0142awiu. Piosenki polskich tw\u00f3rc\u00f3w wykona\u0142o 121 m\u0142odych pasjonat\u00f3w \u015bpiewu. Nasz ch\u00f3r Cantica oraz Nikola Garbacz zakwalifikowali si\u0119 do II etapu konkursu, kt\u00f3ry odb\u0119dzie si\u0119 5.04. 2019. Serdecznie gratulujemy.","og_url":"https:\/\/www.3lo.walbrzych.pl\/wordpress\/xviii-mlodziezowy-konkurs-piosenki-artystycznej-przesluchania\/","og_site_name":"III Liceum Og\u00f3lnokszta\u0142c\u0105ce im. Miko\u0142aja Kopernika","article_published_time":"2019-03-25T16:28:24+00:00","og_image":[{"width":424,"height":600,"url":"https:\/\/www.3lo.walbrzych.pl\/wordpress\/wp-content\/uploads\/2019\/03\/Konkurs-piosenki-artystycznej.jpeg","type":"image\/jpeg"}],"author":"Tomasz Smejlis","twitter_card":"summary_large_image","twitter_misc":{"Napisane przez":"Tomasz Smejlis"},"schema":{"@context":"https:\/\/schema.org","@graph":[{"@type":"Article","@id":"https:\/\/www.3lo.walbrzych.pl\/wordpress\/xviii-mlodziezowy-konkurs-piosenki-artystycznej-przesluchania\/#article","isPartOf":{"@id":"https:\/\/www.3lo.walbrzych.pl\/wordpress\/xviii-mlodziezowy-konkurs-piosenki-artystycznej-przesluchania\/"},"author":{"name":"Tomasz Smejlis","@id":"https:\/\/www.3lo.walbrzych.pl\/wordpress\/#\/schema\/person\/a5a3335dddd08a52fc05f69d575fd448"},"headline":"XVIII M\u0142odzie\u017cowy Konkurs Piosenki Artystycznej &#8211; przes\u0142uchania","datePublished":"2019-03-25T16:28:24+00:00","mainEntityOfPage":{"@id":"https:\/\/www.3lo.walbrzych.pl\/wordpress\/xviii-mlodziezowy-konkurs-piosenki-artystycznej-przesluchania\/"},"wordCount":72,"publisher":{"@id":"https:\/\/www.3lo.walbrzych.pl\/wordpress\/#organization"},"image":{"@id":"https:\/\/www.3lo.walbrzych.pl\/wordpress\/xviii-mlodziezowy-konkurs-piosenki-artystycznej-przesluchania\/#primaryimage"},"thumbnailUrl":"https:\/\/www.3lo.walbrzych.pl\/wordpress\/wp-content\/uploads\/2019\/03\/Konkurs-piosenki-artystycznej.jpeg","articleSection":["Aktualno\u015bci"],"inLanguage":"pl-PL"},{"@type":"WebPage","@id":"https:\/\/www.3lo.walbrzych.pl\/wordpress\/xviii-mlodziezowy-konkurs-piosenki-artystycznej-przesluchania\/","url":"https:\/\/www.3lo.walbrzych.pl\/wordpress\/xviii-mlodziezowy-konkurs-piosenki-artystycznej-przesluchania\/","name":"XVIII M\u0142odzie\u017cowy Konkurs Piosenki Artystycznej - przes\u0142uchania - III Liceum Og\u00f3lnokszta\u0142c\u0105ce im. Miko\u0142aja Kopernika","isPartOf":{"@id":"https:\/\/www.3lo.walbrzych.pl\/wordpress\/#website"},"primaryImageOfPage":{"@id":"https:\/\/www.3lo.walbrzych.pl\/wordpress\/xviii-mlodziezowy-konkurs-piosenki-artystycznej-przesluchania\/#primaryimage"},"image":{"@id":"https:\/\/www.3lo.walbrzych.pl\/wordpress\/xviii-mlodziezowy-konkurs-piosenki-artystycznej-przesluchania\/#primaryimage"},"thumbnailUrl":"https:\/\/www.3lo.walbrzych.pl\/wordpress\/wp-content\/uploads\/2019\/03\/Konkurs-piosenki-artystycznej.jpeg","datePublished":"2019-03-25T16:28:24+00:00","breadcrumb":{"@id":"https:\/\/www.3lo.walbrzych.pl\/wordpress\/xviii-mlodziezowy-konkurs-piosenki-artystycznej-przesluchania\/#breadcrumb"},"inLanguage":"pl-PL","potentialAction":[{"@type":"ReadAction","target":["https:\/\/www.3lo.walbrzych.pl\/wordpress\/xviii-mlodziezowy-konkurs-piosenki-artystycznej-przesluchania\/"]}]},{"@type":"ImageObject","inLanguage":"pl-PL","@id":"https:\/\/www.3lo.walbrzych.pl\/wordpress\/xviii-mlodziezowy-konkurs-piosenki-artystycznej-przesluchania\/#primaryimage","url":"https:\/\/www.3lo.walbrzych.pl\/wordpress\/wp-content\/uploads\/2019\/03\/Konkurs-piosenki-artystycznej.jpeg","contentUrl":"https:\/\/www.3lo.walbrzych.pl\/wordpress\/wp-content\/uploads\/2019\/03\/Konkurs-piosenki-artystycznej.jpeg","width":424,"height":600},{"@type":"BreadcrumbList","@id":"https:\/\/www.3lo.walbrzych.pl\/wordpress\/xviii-mlodziezowy-konkurs-piosenki-artystycznej-przesluchania\/#breadcrumb","itemListElement":[{"@type":"ListItem","position":1,"name":"Strona g\u0142\u00f3wna","item":"https:\/\/www.3lo.walbrzych.pl\/wordpress\/"},{"@type":"ListItem","position":2,"name":"XVIII M\u0142odzie\u017cowy Konkurs Piosenki Artystycznej &#8211; przes\u0142uchania"}]},{"@type":"WebSite","@id":"https:\/\/www.3lo.walbrzych.pl\/wordpress\/#website","url":"https:\/\/www.3lo.walbrzych.pl\/wordpress\/","name":"III Liceum Og\u00f3lnokszta\u0142c\u0105ce im. Miko\u0142aja Kopernika","description":"","publisher":{"@id":"https:\/\/www.3lo.walbrzych.pl\/wordpress\/#organization"},"potentialAction":[{"@type":"SearchAction","target":{"@type":"EntryPoint","urlTemplate":"https:\/\/www.3lo.walbrzych.pl\/wordpress\/?s={search_term_string}"},"query-input":{"@type":"PropertyValueSpecification","valueRequired":true,"valueName":"search_term_string"}}],"inLanguage":"pl-PL"},{"@type":"Organization","@id":"https:\/\/www.3lo.walbrzych.pl\/wordpress\/#organization","name":"III Liceum Og\u00f3lnokszta\u0142c\u0105ce im. Miko\u0142aja Kopernika","url":"https:\/\/www.3lo.walbrzych.pl\/wordpress\/","logo":{"@type":"ImageObject","inLanguage":"pl-PL","@id":"https:\/\/www.3lo.walbrzych.pl\/wordpress\/#\/schema\/logo\/image\/","url":"https:\/\/www.3lo.walbrzych.pl\/wordpress\/wp-content\/uploads\/2025\/09\/logo-szkoly-scaled.jpg","contentUrl":"https:\/\/www.3lo.walbrzych.pl\/wordpress\/wp-content\/uploads\/2025\/09\/logo-szkoly-scaled.jpg","width":2560,"height":914,"caption":"III Liceum Og\u00f3lnokszta\u0142c\u0105ce im. Miko\u0142aja Kopernika"},"image":{"@id":"https:\/\/www.3lo.walbrzych.pl\/wordpress\/#\/schema\/logo\/image\/"}},{"@type":"Person","@id":"https:\/\/www.3lo.walbrzych.pl\/wordpress\/#\/schema\/person\/a5a3335dddd08a52fc05f69d575fd448","name":"Tomasz Smejlis","url":"https:\/\/www.3lo.walbrzych.pl\/wordpress\/author\/tfox\/"}]}},"_links":{"self":[{"href":"https:\/\/www.3lo.walbrzych.pl\/wordpress\/wp-json\/wp\/v2\/posts\/3921","targetHints":{"allow":["GET"]}}],"collection":[{"href":"https:\/\/www.3lo.walbrzych.pl\/wordpress\/wp-json\/wp\/v2\/posts"}],"about":[{"href":"https:\/\/www.3lo.walbrzych.pl\/wordpress\/wp-json\/wp\/v2\/types\/post"}],"author":[{"embeddable":true,"href":"https:\/\/www.3lo.walbrzych.pl\/wordpress\/wp-json\/wp\/v2\/users\/4"}],"replies":[{"embeddable":true,"href":"https:\/\/www.3lo.walbrzych.pl\/wordpress\/wp-json\/wp\/v2\/comments?post=3921"}],"version-history":[{"count":1,"href":"https:\/\/www.3lo.walbrzych.pl\/wordpress\/wp-json\/wp\/v2\/posts\/3921\/revisions"}],"predecessor-version":[{"id":3924,"href":"https:\/\/www.3lo.walbrzych.pl\/wordpress\/wp-json\/wp\/v2\/posts\/3921\/revisions\/3924"}],"wp:featuredmedia":[{"embeddable":true,"href":"https:\/\/www.3lo.walbrzych.pl\/wordpress\/wp-json\/wp\/v2\/media\/3922"}],"wp:attachment":[{"href":"https:\/\/www.3lo.walbrzych.pl\/wordpress\/wp-json\/wp\/v2\/media?parent=3921"}],"wp:term":[{"taxonomy":"category","embeddable":true,"href":"https:\/\/www.3lo.walbrzych.pl\/wordpress\/wp-json\/wp\/v2\/categories?post=3921"},{"taxonomy":"post_tag","embeddable":true,"href":"https:\/\/www.3lo.walbrzych.pl\/wordpress\/wp-json\/wp\/v2\/tags?post=3921"}],"curies":[{"name":"wp","href":"https:\/\/api.w.org\/{rel}","templated":true}]}}