{"id":3929,"date":"2019-03-27T22:24:00","date_gmt":"2019-03-27T21:24:00","guid":{"rendered":"http:\/\/www.3lo.walbrzych.pl\/wordpress\/?p=3929"},"modified":"2019-03-27T22:24:01","modified_gmt":"2019-03-27T21:24:01","slug":"otwieramy-iii-liceum-dla-kandydatow","status":"publish","type":"post","link":"https:\/\/www.3lo.walbrzych.pl\/wordpress\/otwieramy-iii-liceum-dla-kandydatow\/","title":{"rendered":"Otwieramy III Liceum dla kandydat\u00f3w!"},"content":{"rendered":"\n<figure class=\"wp-block-image\"><img loading=\"lazy\" decoding=\"async\" width=\"1000\" height=\"667\" src=\"https:\/\/www.3lo.walbrzych.pl\/wordpress\/wp-content\/uploads\/2017\/04\/3lo-2017_7.jpg\" alt=\"\" class=\"wp-image-1792\" srcset=\"https:\/\/www.3lo.walbrzych.pl\/wordpress\/wp-content\/uploads\/2017\/04\/3lo-2017_7.jpg 1000w, https:\/\/www.3lo.walbrzych.pl\/wordpress\/wp-content\/uploads\/2017\/04\/3lo-2017_7-300x200.jpg 300w, https:\/\/www.3lo.walbrzych.pl\/wordpress\/wp-content\/uploads\/2017\/04\/3lo-2017_7-768x512.jpg 768w\" sizes=\"auto, (max-width: 1000px) 100vw, 1000px\" \/><\/figure>\n\n\n\n<p class=\"wp-block-paragraph\">To wyj\u0105tkowy rok. Po raz ostatni absolwenci szk\u00f3\u0142\ngimnazjalnych p\u00f3jd\u0105 do liceum, a szk\u00f3\u0142 podstawowych po raz pierwszy. Od prawie\ndwu miesi\u0119cy w szko\u0142ach podstawowych odbywaj\u0105 si\u0119 spotkania z przedstawicielami\nlice\u00f3w i zespo\u0142\u00f3w szk\u00f3\u0142, targi edukacyjne i prelekcje. Niew\u0105tpliwie mog\u0105 one\nstanowi\u0107 pomoc w wyborze szko\u0142y, jednak najlepiej samemu odwiedzi\u0107 plac\u00f3wk\u0119,\nkt\u00f3r\u0105 ty lub twoje dziecko jeste\u015bcie zainteresowani. <\/p>\n\n\n\n<p class=\"wp-block-paragraph\">30 marca o 11.00 III Liceum Og\u00f3lnokszta\u0142c\u0105ce otworzy swoje\npodwoje dla kandydat\u00f3w. Tego dnia przyszli liceali\u015bci b\u0119d\u0105 mogli pozna\u0107 szko\u0142\u0119\nod \u015brodka. Po spotkaniu z dyrektorem liceum dr. Waldemarem S\u0119czykiem b\u0119dzie\nokazja przej\u015b\u0107 si\u0119 po szkole, rozejrze\u0107, wzi\u0105\u0107 udzia\u0142 w przygotowanych\nzaj\u0119ciach, wyk\u0142adach czy warsztatach. B\u0119dzie okazja do szukania skarb\u00f3w podczas\ngry j\u0119zykowej zorganizowanej przez anglist\u00f3w. Mi\u0142o\u015bnicy kr\u00f3lowej nauk b\u0119d\u0105\nmogli odwiedzi\u0107 matematyczn\u0105 \u201ekrain\u0119 przekszta\u0142ce\u0144\u201d. Dla humanist\u00f3w zostan\u0105\nprzygotowane zabawy literacko-j\u0119zykowe oraz warsztaty poprawnej wymowy, kt\u00f3re\npomog\u0105 w kszta\u0142ceniu g\u0142osu jak i dykcji. <\/p>\n\n\n\n<p class=\"wp-block-paragraph\">Interesujesz si\u0119 dobrym kinem? Warto\u015bciowymi dzie\u0142ami filmowymi?\nMusimy ci\u0119 tym razem zasmuci\u0107, na wyk\u0142adzie filmoznawczym nie dowiesz si\u0119\nniczego o artyzmie i kunszcie, bowiem prowadz\u0105cy szkolnego Dyskusyjnego Klubu\nFilmowego zabior\u0105 ci\u0119 w podr\u00f3\u017c po najgorszych filmach \u015bwiata. Przyjd\u017a, a\nzobaczysz jak najgorsze koszmary ekranu sta\u0142y si\u0119 dzie\u0142ami kultowymi, znanymi\nna ca\u0142y \u015bwiat. A potem zabij niesmak po obejrzanych katastrofach\nkinematograficznych i zapoznaj si\u0119 animacjami \u015bwiatowej klasy podczas kolejnej\nprelekcji. <\/p>\n\n\n\n<p class=\"wp-block-paragraph\">R\u00f3wnie\u017c dla przyrodnik\u00f3w mamy ciekawe propozycje. Dzi\u0119ki\nwarsztatom biologiczno-chemicznym wejdziesz w magiczny \u015bwiat do\u015bwiadcze\u0144 i\neksperyment\u00f3w. <\/p>\n\n\n\n<p class=\"wp-block-paragraph\">Nie sam\u0105 wiedz\u0105 jednak cz\u0142owiek \u017cyje. By\u0142o co\u015b dla ducha, to\ni czas na cia\u0142o. Nauczyciele wychowania fizycznego sprawi\u0105, ze wycieczka do\nliceum zamieni si\u0119 w prawdziw\u0105 wypraw\u0119. Wszystko za spraw\u0105 tabaty \u2013\nczterominutowego treningu metabolicznego. Spalaj t\u0142uszcz, wakacje ju\u017c za 3\nmiesi\u0105ce! A potem rusz prosto do szkolnej strzelnicy i sprawd\u017a, czy masz szans\u0119\nzosta\u0107 snajperem. <\/p>\n\n\n\n<p class=\"wp-block-paragraph\">Je\u015bli jednak bardziej czujesz si\u0119 artyst\u0105, pos\u0142uchaj\nszkolnego ch\u00f3ru \u201eCantica\u201d, laureat\u00f3w szkolnego konkursu \u201eMam Talent\u201d\nwyst\u0119puj\u0105cych wraz z naszym umuzykalnionym nauczycielem geografii \u2013 Danielem\nGuzikiem. <\/p>\n\n\n\n<p class=\"wp-block-paragraph\">A przede wszystkim przyjd\u017a nas pozna\u0107. Porozmawiaj ze swoimi\nstarszymi kolegami. Poznaj mocne i s\u0142abe strony III Liceum Og\u00f3lnokszta\u0142c\u0105cego. Oczywi\u015bcie\ntych pierwszych jest du\u017co wi\u0119cej, ale o tym przekonaj si\u0119 ju\u017c na w\u0142asne oczy.<\/p>\n","protected":false},"excerpt":{"rendered":"<p>To wyj\u0105tkowy rok. Po raz ostatni absolwenci szk\u00f3\u0142 gimnazjalnych p\u00f3jd\u0105 do liceum, a szk\u00f3\u0142 podstawowych po raz pierwszy. Od prawie dwu miesi\u0119cy w szko\u0142ach podstawowych odbywaj\u0105 si\u0119 spotkania z przedstawicielami lice\u00f3w i zespo\u0142\u00f3w szk\u00f3\u0142, targi edukacyjne i prelekcje. Niew\u0105tpliwie mog\u0105 one stanowi\u0107 pomoc w wyborze szko\u0142y, jednak najlepiej samemu odwiedzi\u0107 plac\u00f3wk\u0119, kt\u00f3r\u0105 ty lub twoje [&hellip;]<\/p>\n","protected":false},"author":4,"featured_media":3880,"comment_status":"closed","ping_status":"closed","sticky":false,"template":"","format":"standard","meta":{"footnotes":""},"categories":[19],"tags":[],"class_list":["post-3929","post","type-post","status-publish","format-standard","has-post-thumbnail","hentry","category-aktualnosci"],"yoast_head":"<!-- This site is optimized with the Yoast SEO plugin v28.4 - https:\/\/yoast.com\/product\/yoast-seo-wordpress\/ -->\n<title>Otwieramy III Liceum dla kandydat\u00f3w! - III Liceum Og\u00f3lnokszta\u0142c\u0105ce im. Miko\u0142aja Kopernika<\/title>\n<meta name=\"robots\" content=\"index, follow, max-snippet:-1, max-image-preview:large, max-video-preview:-1\" \/>\n<link rel=\"canonical\" href=\"https:\/\/www.3lo.walbrzych.pl\/wordpress\/otwieramy-iii-liceum-dla-kandydatow\/\" \/>\n<meta property=\"og:locale\" content=\"pl_PL\" \/>\n<meta property=\"og:type\" content=\"article\" \/>\n<meta property=\"og:title\" content=\"Otwieramy III Liceum dla kandydat\u00f3w! - III Liceum Og\u00f3lnokszta\u0142c\u0105ce im. Miko\u0142aja Kopernika\" \/>\n<meta property=\"og:description\" content=\"To wyj\u0105tkowy rok. Po raz ostatni absolwenci szk\u00f3\u0142 gimnazjalnych p\u00f3jd\u0105 do liceum, a szk\u00f3\u0142 podstawowych po raz pierwszy. Od prawie dwu miesi\u0119cy w szko\u0142ach podstawowych odbywaj\u0105 si\u0119 spotkania z przedstawicielami lice\u00f3w i zespo\u0142\u00f3w szk\u00f3\u0142, targi edukacyjne i prelekcje. Niew\u0105tpliwie mog\u0105 one stanowi\u0107 pomoc w wyborze szko\u0142y, jednak najlepiej samemu odwiedzi\u0107 plac\u00f3wk\u0119, kt\u00f3r\u0105 ty lub twoje [&hellip;]\" \/>\n<meta property=\"og:url\" content=\"https:\/\/www.3lo.walbrzych.pl\/wordpress\/otwieramy-iii-liceum-dla-kandydatow\/\" \/>\n<meta property=\"og:site_name\" content=\"III Liceum Og\u00f3lnokszta\u0142c\u0105ce im. Miko\u0142aja Kopernika\" \/>\n<meta property=\"article:published_time\" content=\"2019-03-27T21:24:00+00:00\" \/>\n<meta property=\"article:modified_time\" content=\"2019-03-27T21:24:01+00:00\" \/>\n<meta property=\"og:image\" content=\"https:\/\/www.3lo.walbrzych.pl\/wordpress\/wp-content\/uploads\/2019\/03\/Plakat-Drzwi-Otwarte2-copy-724x1024.jpg\" \/>\n\t<meta property=\"og:image:width\" content=\"724\" \/>\n\t<meta property=\"og:image:height\" content=\"1024\" \/>\n\t<meta property=\"og:image:type\" content=\"image\/jpeg\" \/>\n<meta name=\"author\" content=\"Tomasz Smejlis\" \/>\n<meta name=\"twitter:card\" content=\"summary_large_image\" \/>\n<meta name=\"twitter:label1\" content=\"Napisane przez\" \/>\n\t<meta name=\"twitter:data1\" content=\"Tomasz Smejlis\" \/>\n\t<meta name=\"twitter:label2\" content=\"Szacowany czas czytania\" \/>\n\t<meta name=\"twitter:data2\" content=\"2 minuty\" \/>\n<script type=\"application\/ld+json\" class=\"yoast-schema-graph\">{\"@context\":\"https:\\\/\\\/schema.org\",\"@graph\":[{\"@type\":\"Article\",\"@id\":\"https:\\\/\\\/www.3lo.walbrzych.pl\\\/wordpress\\\/otwieramy-iii-liceum-dla-kandydatow\\\/#article\",\"isPartOf\":{\"@id\":\"https:\\\/\\\/www.3lo.walbrzych.pl\\\/wordpress\\\/otwieramy-iii-liceum-dla-kandydatow\\\/\"},\"author\":{\"name\":\"Tomasz Smejlis\",\"@id\":\"https:\\\/\\\/www.3lo.walbrzych.pl\\\/wordpress\\\/#\\\/schema\\\/person\\\/a5a3335dddd08a52fc05f69d575fd448\"},\"headline\":\"Otwieramy III Liceum dla kandydat\u00f3w!\",\"datePublished\":\"2019-03-27T21:24:00+00:00\",\"dateModified\":\"2019-03-27T21:24:01+00:00\",\"mainEntityOfPage\":{\"@id\":\"https:\\\/\\\/www.3lo.walbrzych.pl\\\/wordpress\\\/otwieramy-iii-liceum-dla-kandydatow\\\/\"},\"wordCount\":409,\"publisher\":{\"@id\":\"https:\\\/\\\/www.3lo.walbrzych.pl\\\/wordpress\\\/#organization\"},\"image\":{\"@id\":\"https:\\\/\\\/www.3lo.walbrzych.pl\\\/wordpress\\\/otwieramy-iii-liceum-dla-kandydatow\\\/#primaryimage\"},\"thumbnailUrl\":\"https:\\\/\\\/www.3lo.walbrzych.pl\\\/wordpress\\\/wp-content\\\/uploads\\\/2019\\\/03\\\/Plakat-Drzwi-Otwarte2-copy.jpg\",\"articleSection\":[\"Aktualno\u015bci\"],\"inLanguage\":\"pl-PL\"},{\"@type\":\"WebPage\",\"@id\":\"https:\\\/\\\/www.3lo.walbrzych.pl\\\/wordpress\\\/otwieramy-iii-liceum-dla-kandydatow\\\/\",\"url\":\"https:\\\/\\\/www.3lo.walbrzych.pl\\\/wordpress\\\/otwieramy-iii-liceum-dla-kandydatow\\\/\",\"name\":\"Otwieramy III Liceum dla kandydat\u00f3w! - III Liceum Og\u00f3lnokszta\u0142c\u0105ce im. Miko\u0142aja Kopernika\",\"isPartOf\":{\"@id\":\"https:\\\/\\\/www.3lo.walbrzych.pl\\\/wordpress\\\/#website\"},\"primaryImageOfPage\":{\"@id\":\"https:\\\/\\\/www.3lo.walbrzych.pl\\\/wordpress\\\/otwieramy-iii-liceum-dla-kandydatow\\\/#primaryimage\"},\"image\":{\"@id\":\"https:\\\/\\\/www.3lo.walbrzych.pl\\\/wordpress\\\/otwieramy-iii-liceum-dla-kandydatow\\\/#primaryimage\"},\"thumbnailUrl\":\"https:\\\/\\\/www.3lo.walbrzych.pl\\\/wordpress\\\/wp-content\\\/uploads\\\/2019\\\/03\\\/Plakat-Drzwi-Otwarte2-copy.jpg\",\"datePublished\":\"2019-03-27T21:24:00+00:00\",\"dateModified\":\"2019-03-27T21:24:01+00:00\",\"breadcrumb\":{\"@id\":\"https:\\\/\\\/www.3lo.walbrzych.pl\\\/wordpress\\\/otwieramy-iii-liceum-dla-kandydatow\\\/#breadcrumb\"},\"inLanguage\":\"pl-PL\",\"potentialAction\":[{\"@type\":\"ReadAction\",\"target\":[\"https:\\\/\\\/www.3lo.walbrzych.pl\\\/wordpress\\\/otwieramy-iii-liceum-dla-kandydatow\\\/\"]}]},{\"@type\":\"ImageObject\",\"inLanguage\":\"pl-PL\",\"@id\":\"https:\\\/\\\/www.3lo.walbrzych.pl\\\/wordpress\\\/otwieramy-iii-liceum-dla-kandydatow\\\/#primaryimage\",\"url\":\"https:\\\/\\\/www.3lo.walbrzych.pl\\\/wordpress\\\/wp-content\\\/uploads\\\/2019\\\/03\\\/Plakat-Drzwi-Otwarte2-copy.jpg\",\"contentUrl\":\"https:\\\/\\\/www.3lo.walbrzych.pl\\\/wordpress\\\/wp-content\\\/uploads\\\/2019\\\/03\\\/Plakat-Drzwi-Otwarte2-copy.jpg\",\"width\":3508,\"height\":4961},{\"@type\":\"BreadcrumbList\",\"@id\":\"https:\\\/\\\/www.3lo.walbrzych.pl\\\/wordpress\\\/otwieramy-iii-liceum-dla-kandydatow\\\/#breadcrumb\",\"itemListElement\":[{\"@type\":\"ListItem\",\"position\":1,\"name\":\"Strona g\u0142\u00f3wna\",\"item\":\"https:\\\/\\\/www.3lo.walbrzych.pl\\\/wordpress\\\/\"},{\"@type\":\"ListItem\",\"position\":2,\"name\":\"Otwieramy III Liceum dla kandydat\u00f3w!\"}]},{\"@type\":\"WebSite\",\"@id\":\"https:\\\/\\\/www.3lo.walbrzych.pl\\\/wordpress\\\/#website\",\"url\":\"https:\\\/\\\/www.3lo.walbrzych.pl\\\/wordpress\\\/\",\"name\":\"III Liceum Og\u00f3lnokszta\u0142c\u0105ce im. Miko\u0142aja Kopernika\",\"description\":\"\",\"publisher\":{\"@id\":\"https:\\\/\\\/www.3lo.walbrzych.pl\\\/wordpress\\\/#organization\"},\"potentialAction\":[{\"@type\":\"SearchAction\",\"target\":{\"@type\":\"EntryPoint\",\"urlTemplate\":\"https:\\\/\\\/www.3lo.walbrzych.pl\\\/wordpress\\\/?s={search_term_string}\"},\"query-input\":{\"@type\":\"PropertyValueSpecification\",\"valueRequired\":true,\"valueName\":\"search_term_string\"}}],\"inLanguage\":\"pl-PL\"},{\"@type\":\"Organization\",\"@id\":\"https:\\\/\\\/www.3lo.walbrzych.pl\\\/wordpress\\\/#organization\",\"name\":\"III Liceum Og\u00f3lnokszta\u0142c\u0105ce im. Miko\u0142aja Kopernika\",\"url\":\"https:\\\/\\\/www.3lo.walbrzych.pl\\\/wordpress\\\/\",\"logo\":{\"@type\":\"ImageObject\",\"inLanguage\":\"pl-PL\",\"@id\":\"https:\\\/\\\/www.3lo.walbrzych.pl\\\/wordpress\\\/#\\\/schema\\\/logo\\\/image\\\/\",\"url\":\"https:\\\/\\\/www.3lo.walbrzych.pl\\\/wordpress\\\/wp-content\\\/uploads\\\/2025\\\/09\\\/logo-szkoly-scaled.jpg\",\"contentUrl\":\"https:\\\/\\\/www.3lo.walbrzych.pl\\\/wordpress\\\/wp-content\\\/uploads\\\/2025\\\/09\\\/logo-szkoly-scaled.jpg\",\"width\":2560,\"height\":914,\"caption\":\"III Liceum Og\u00f3lnokszta\u0142c\u0105ce im. Miko\u0142aja Kopernika\"},\"image\":{\"@id\":\"https:\\\/\\\/www.3lo.walbrzych.pl\\\/wordpress\\\/#\\\/schema\\\/logo\\\/image\\\/\"}},{\"@type\":\"Person\",\"@id\":\"https:\\\/\\\/www.3lo.walbrzych.pl\\\/wordpress\\\/#\\\/schema\\\/person\\\/a5a3335dddd08a52fc05f69d575fd448\",\"name\":\"Tomasz Smejlis\",\"url\":\"https:\\\/\\\/www.3lo.walbrzych.pl\\\/wordpress\\\/author\\\/tfox\\\/\"}]}<\/script>\n<!-- \/ Yoast SEO plugin. -->","yoast_head_json":{"title":"Otwieramy III Liceum dla kandydat\u00f3w! - III Liceum Og\u00f3lnokszta\u0142c\u0105ce im. Miko\u0142aja Kopernika","robots":{"index":"index","follow":"follow","max-snippet":"max-snippet:-1","max-image-preview":"max-image-preview:large","max-video-preview":"max-video-preview:-1"},"canonical":"https:\/\/www.3lo.walbrzych.pl\/wordpress\/otwieramy-iii-liceum-dla-kandydatow\/","og_locale":"pl_PL","og_type":"article","og_title":"Otwieramy III Liceum dla kandydat\u00f3w! - III Liceum Og\u00f3lnokszta\u0142c\u0105ce im. Miko\u0142aja Kopernika","og_description":"To wyj\u0105tkowy rok. Po raz ostatni absolwenci szk\u00f3\u0142 gimnazjalnych p\u00f3jd\u0105 do liceum, a szk\u00f3\u0142 podstawowych po raz pierwszy. Od prawie dwu miesi\u0119cy w szko\u0142ach podstawowych odbywaj\u0105 si\u0119 spotkania z przedstawicielami lice\u00f3w i zespo\u0142\u00f3w szk\u00f3\u0142, targi edukacyjne i prelekcje. Niew\u0105tpliwie mog\u0105 one stanowi\u0107 pomoc w wyborze szko\u0142y, jednak najlepiej samemu odwiedzi\u0107 plac\u00f3wk\u0119, kt\u00f3r\u0105 ty lub twoje [&hellip;]","og_url":"https:\/\/www.3lo.walbrzych.pl\/wordpress\/otwieramy-iii-liceum-dla-kandydatow\/","og_site_name":"III Liceum Og\u00f3lnokszta\u0142c\u0105ce im. Miko\u0142aja Kopernika","article_published_time":"2019-03-27T21:24:00+00:00","article_modified_time":"2019-03-27T21:24:01+00:00","og_image":[{"width":724,"height":1024,"url":"https:\/\/www.3lo.walbrzych.pl\/wordpress\/wp-content\/uploads\/2019\/03\/Plakat-Drzwi-Otwarte2-copy-724x1024.jpg","type":"image\/jpeg"}],"author":"Tomasz Smejlis","twitter_card":"summary_large_image","twitter_misc":{"Napisane przez":"Tomasz Smejlis","Szacowany czas czytania":"2 minuty"},"schema":{"@context":"https:\/\/schema.org","@graph":[{"@type":"Article","@id":"https:\/\/www.3lo.walbrzych.pl\/wordpress\/otwieramy-iii-liceum-dla-kandydatow\/#article","isPartOf":{"@id":"https:\/\/www.3lo.walbrzych.pl\/wordpress\/otwieramy-iii-liceum-dla-kandydatow\/"},"author":{"name":"Tomasz Smejlis","@id":"https:\/\/www.3lo.walbrzych.pl\/wordpress\/#\/schema\/person\/a5a3335dddd08a52fc05f69d575fd448"},"headline":"Otwieramy III Liceum dla kandydat\u00f3w!","datePublished":"2019-03-27T21:24:00+00:00","dateModified":"2019-03-27T21:24:01+00:00","mainEntityOfPage":{"@id":"https:\/\/www.3lo.walbrzych.pl\/wordpress\/otwieramy-iii-liceum-dla-kandydatow\/"},"wordCount":409,"publisher":{"@id":"https:\/\/www.3lo.walbrzych.pl\/wordpress\/#organization"},"image":{"@id":"https:\/\/www.3lo.walbrzych.pl\/wordpress\/otwieramy-iii-liceum-dla-kandydatow\/#primaryimage"},"thumbnailUrl":"https:\/\/www.3lo.walbrzych.pl\/wordpress\/wp-content\/uploads\/2019\/03\/Plakat-Drzwi-Otwarte2-copy.jpg","articleSection":["Aktualno\u015bci"],"inLanguage":"pl-PL"},{"@type":"WebPage","@id":"https:\/\/www.3lo.walbrzych.pl\/wordpress\/otwieramy-iii-liceum-dla-kandydatow\/","url":"https:\/\/www.3lo.walbrzych.pl\/wordpress\/otwieramy-iii-liceum-dla-kandydatow\/","name":"Otwieramy III Liceum dla kandydat\u00f3w! - III Liceum Og\u00f3lnokszta\u0142c\u0105ce im. Miko\u0142aja Kopernika","isPartOf":{"@id":"https:\/\/www.3lo.walbrzych.pl\/wordpress\/#website"},"primaryImageOfPage":{"@id":"https:\/\/www.3lo.walbrzych.pl\/wordpress\/otwieramy-iii-liceum-dla-kandydatow\/#primaryimage"},"image":{"@id":"https:\/\/www.3lo.walbrzych.pl\/wordpress\/otwieramy-iii-liceum-dla-kandydatow\/#primaryimage"},"thumbnailUrl":"https:\/\/www.3lo.walbrzych.pl\/wordpress\/wp-content\/uploads\/2019\/03\/Plakat-Drzwi-Otwarte2-copy.jpg","datePublished":"2019-03-27T21:24:00+00:00","dateModified":"2019-03-27T21:24:01+00:00","breadcrumb":{"@id":"https:\/\/www.3lo.walbrzych.pl\/wordpress\/otwieramy-iii-liceum-dla-kandydatow\/#breadcrumb"},"inLanguage":"pl-PL","potentialAction":[{"@type":"ReadAction","target":["https:\/\/www.3lo.walbrzych.pl\/wordpress\/otwieramy-iii-liceum-dla-kandydatow\/"]}]},{"@type":"ImageObject","inLanguage":"pl-PL","@id":"https:\/\/www.3lo.walbrzych.pl\/wordpress\/otwieramy-iii-liceum-dla-kandydatow\/#primaryimage","url":"https:\/\/www.3lo.walbrzych.pl\/wordpress\/wp-content\/uploads\/2019\/03\/Plakat-Drzwi-Otwarte2-copy.jpg","contentUrl":"https:\/\/www.3lo.walbrzych.pl\/wordpress\/wp-content\/uploads\/2019\/03\/Plakat-Drzwi-Otwarte2-copy.jpg","width":3508,"height":4961},{"@type":"BreadcrumbList","@id":"https:\/\/www.3lo.walbrzych.pl\/wordpress\/otwieramy-iii-liceum-dla-kandydatow\/#breadcrumb","itemListElement":[{"@type":"ListItem","position":1,"name":"Strona g\u0142\u00f3wna","item":"https:\/\/www.3lo.walbrzych.pl\/wordpress\/"},{"@type":"ListItem","position":2,"name":"Otwieramy III Liceum dla kandydat\u00f3w!"}]},{"@type":"WebSite","@id":"https:\/\/www.3lo.walbrzych.pl\/wordpress\/#website","url":"https:\/\/www.3lo.walbrzych.pl\/wordpress\/","name":"III Liceum Og\u00f3lnokszta\u0142c\u0105ce im. Miko\u0142aja Kopernika","description":"","publisher":{"@id":"https:\/\/www.3lo.walbrzych.pl\/wordpress\/#organization"},"potentialAction":[{"@type":"SearchAction","target":{"@type":"EntryPoint","urlTemplate":"https:\/\/www.3lo.walbrzych.pl\/wordpress\/?s={search_term_string}"},"query-input":{"@type":"PropertyValueSpecification","valueRequired":true,"valueName":"search_term_string"}}],"inLanguage":"pl-PL"},{"@type":"Organization","@id":"https:\/\/www.3lo.walbrzych.pl\/wordpress\/#organization","name":"III Liceum Og\u00f3lnokszta\u0142c\u0105ce im. Miko\u0142aja Kopernika","url":"https:\/\/www.3lo.walbrzych.pl\/wordpress\/","logo":{"@type":"ImageObject","inLanguage":"pl-PL","@id":"https:\/\/www.3lo.walbrzych.pl\/wordpress\/#\/schema\/logo\/image\/","url":"https:\/\/www.3lo.walbrzych.pl\/wordpress\/wp-content\/uploads\/2025\/09\/logo-szkoly-scaled.jpg","contentUrl":"https:\/\/www.3lo.walbrzych.pl\/wordpress\/wp-content\/uploads\/2025\/09\/logo-szkoly-scaled.jpg","width":2560,"height":914,"caption":"III Liceum Og\u00f3lnokszta\u0142c\u0105ce im. Miko\u0142aja Kopernika"},"image":{"@id":"https:\/\/www.3lo.walbrzych.pl\/wordpress\/#\/schema\/logo\/image\/"}},{"@type":"Person","@id":"https:\/\/www.3lo.walbrzych.pl\/wordpress\/#\/schema\/person\/a5a3335dddd08a52fc05f69d575fd448","name":"Tomasz Smejlis","url":"https:\/\/www.3lo.walbrzych.pl\/wordpress\/author\/tfox\/"}]}},"_links":{"self":[{"href":"https:\/\/www.3lo.walbrzych.pl\/wordpress\/wp-json\/wp\/v2\/posts\/3929","targetHints":{"allow":["GET"]}}],"collection":[{"href":"https:\/\/www.3lo.walbrzych.pl\/wordpress\/wp-json\/wp\/v2\/posts"}],"about":[{"href":"https:\/\/www.3lo.walbrzych.pl\/wordpress\/wp-json\/wp\/v2\/types\/post"}],"author":[{"embeddable":true,"href":"https:\/\/www.3lo.walbrzych.pl\/wordpress\/wp-json\/wp\/v2\/users\/4"}],"replies":[{"embeddable":true,"href":"https:\/\/www.3lo.walbrzych.pl\/wordpress\/wp-json\/wp\/v2\/comments?post=3929"}],"version-history":[{"count":1,"href":"https:\/\/www.3lo.walbrzych.pl\/wordpress\/wp-json\/wp\/v2\/posts\/3929\/revisions"}],"predecessor-version":[{"id":3930,"href":"https:\/\/www.3lo.walbrzych.pl\/wordpress\/wp-json\/wp\/v2\/posts\/3929\/revisions\/3930"}],"wp:featuredmedia":[{"embeddable":true,"href":"https:\/\/www.3lo.walbrzych.pl\/wordpress\/wp-json\/wp\/v2\/media\/3880"}],"wp:attachment":[{"href":"https:\/\/www.3lo.walbrzych.pl\/wordpress\/wp-json\/wp\/v2\/media?parent=3929"}],"wp:term":[{"taxonomy":"category","embeddable":true,"href":"https:\/\/www.3lo.walbrzych.pl\/wordpress\/wp-json\/wp\/v2\/categories?post=3929"},{"taxonomy":"post_tag","embeddable":true,"href":"https:\/\/www.3lo.walbrzych.pl\/wordpress\/wp-json\/wp\/v2\/tags?post=3929"}],"curies":[{"name":"wp","href":"https:\/\/api.w.org\/{rel}","templated":true}]}}