{"id":3936,"date":"2019-04-01T23:40:23","date_gmt":"2019-04-01T21:40:23","guid":{"rendered":"http:\/\/www.3lo.walbrzych.pl\/wordpress\/?p=3936"},"modified":"2019-04-01T23:40:24","modified_gmt":"2019-04-01T21:40:24","slug":"v-powiatowy-konkurs-wiedzy-o-samorzadzie-terytorialnym","status":"publish","type":"post","link":"https:\/\/www.3lo.walbrzych.pl\/wordpress\/v-powiatowy-konkurs-wiedzy-o-samorzadzie-terytorialnym\/","title":{"rendered":"V Powiatowy Konkurs Wiedzy o Samorz\u0105dzie Terytorialnym"},"content":{"rendered":"\n<p class=\"wp-block-paragraph\">W dniu 29 marca byli\u015bmy organizatorami \u00a0V Powiatowego Konkursu Wiedzy o Samorz\u0105dzie Terytorialnym, kt\u00f3ry odby\u0142 si\u0119 w siedzibie Pa\u0144stwowej Wy\u017cszej Szko\u0142y Zawodowej im. Angelusa Silesiusa w Wa\u0142brzychu. Patronat Honorowy nad przedsi\u0119wzi\u0119ciem obj\u0105\u0142 Wojewoda Dolno\u015bl\u0105ski Pawe\u0142 Hreniak oraz Prezydent Miasta Wa\u0142brzycha dr Roman\u00a0 Sze\u0142emej. Do siedziby PWSZ przyby\u0142o 118 uczni\u00f3w reprezentuj\u0105cych szko\u0142y podstawowe, gimnazjalne i ponadgimnazjalne powiatu. W\u015br\u00f3d laureat\u00f3w w swoich kategoriach oczywi\u015bcie znale\u017ali si\u0119 r\u00f3wnie\u017c uczniowie naszej szko\u0142y:<\/p>\n\n\n\n<p class=\"wp-block-paragraph\">I miejsce LO &#8211; Kacper Kwintal<\/p>\n\n\n\n<p class=\"wp-block-paragraph\">V miejsce GIMNAZJUM &#8211; Cezary Sosialuk<\/p>\n\n\n\n<p class=\"wp-block-paragraph\">Serdecznie gratulujemy<\/p>\n","protected":false},"excerpt":{"rendered":"<p>W dniu 29 marca byli\u015bmy organizatorami \u00a0V Powiatowego Konkursu Wiedzy o Samorz\u0105dzie Terytorialnym, kt\u00f3ry odby\u0142 si\u0119 w siedzibie Pa\u0144stwowej Wy\u017cszej Szko\u0142y Zawodowej im. Angelusa Silesiusa w Wa\u0142brzychu. Patronat Honorowy nad przedsi\u0119wzi\u0119ciem obj\u0105\u0142 Wojewoda Dolno\u015bl\u0105ski Pawe\u0142 Hreniak oraz Prezydent Miasta Wa\u0142brzycha dr Roman\u00a0 Sze\u0142emej. Do siedziby PWSZ przyby\u0142o 118 uczni\u00f3w reprezentuj\u0105cych szko\u0142y podstawowe, gimnazjalne i ponadgimnazjalne [&hellip;]<\/p>\n","protected":false},"author":4,"featured_media":3937,"comment_status":"closed","ping_status":"closed","sticky":false,"template":"","format":"standard","meta":{"footnotes":""},"categories":[19,20],"tags":[],"class_list":["post-3936","post","type-post","status-publish","format-standard","has-post-thumbnail","hentry","category-aktualnosci","category-konkursy"],"yoast_head":"<!-- This site is optimized with the Yoast SEO plugin v28.4 - https:\/\/yoast.com\/product\/yoast-seo-wordpress\/ -->\n<title>V Powiatowy Konkurs Wiedzy o Samorz\u0105dzie Terytorialnym - III Liceum Og\u00f3lnokszta\u0142c\u0105ce im. Miko\u0142aja Kopernika<\/title>\n<meta name=\"robots\" content=\"index, follow, max-snippet:-1, max-image-preview:large, max-video-preview:-1\" \/>\n<link rel=\"canonical\" href=\"https:\/\/www.3lo.walbrzych.pl\/wordpress\/v-powiatowy-konkurs-wiedzy-o-samorzadzie-terytorialnym\/\" \/>\n<meta property=\"og:locale\" content=\"pl_PL\" \/>\n<meta property=\"og:type\" content=\"article\" \/>\n<meta property=\"og:title\" content=\"V Powiatowy Konkurs Wiedzy o Samorz\u0105dzie Terytorialnym - III Liceum Og\u00f3lnokszta\u0142c\u0105ce im. Miko\u0142aja Kopernika\" \/>\n<meta property=\"og:description\" content=\"W dniu 29 marca byli\u015bmy organizatorami \u00a0V Powiatowego Konkursu Wiedzy o Samorz\u0105dzie Terytorialnym, kt\u00f3ry odby\u0142 si\u0119 w siedzibie Pa\u0144stwowej Wy\u017cszej Szko\u0142y Zawodowej im. Angelusa Silesiusa w Wa\u0142brzychu. Patronat Honorowy nad przedsi\u0119wzi\u0119ciem obj\u0105\u0142 Wojewoda Dolno\u015bl\u0105ski Pawe\u0142 Hreniak oraz Prezydent Miasta Wa\u0142brzycha dr Roman\u00a0 Sze\u0142emej. Do siedziby PWSZ przyby\u0142o 118 uczni\u00f3w reprezentuj\u0105cych szko\u0142y podstawowe, gimnazjalne i ponadgimnazjalne [&hellip;]\" \/>\n<meta property=\"og:url\" content=\"https:\/\/www.3lo.walbrzych.pl\/wordpress\/v-powiatowy-konkurs-wiedzy-o-samorzadzie-terytorialnym\/\" \/>\n<meta property=\"og:site_name\" content=\"III Liceum Og\u00f3lnokszta\u0142c\u0105ce im. Miko\u0142aja Kopernika\" \/>\n<meta property=\"article:published_time\" content=\"2019-04-01T21:40:23+00:00\" \/>\n<meta property=\"article:modified_time\" content=\"2019-04-01T21:40:24+00:00\" \/>\n<meta property=\"og:image\" content=\"https:\/\/www.3lo.walbrzych.pl\/wordpress\/wp-content\/uploads\/2019\/04\/DSC_4386-1024x683.jpg\" \/>\n\t<meta property=\"og:image:width\" content=\"1024\" \/>\n\t<meta property=\"og:image:height\" content=\"683\" \/>\n\t<meta property=\"og:image:type\" content=\"image\/jpeg\" \/>\n<meta name=\"author\" content=\"Tomasz Smejlis\" \/>\n<meta name=\"twitter:card\" content=\"summary_large_image\" \/>\n<meta name=\"twitter:label1\" content=\"Napisane przez\" \/>\n\t<meta name=\"twitter:data1\" content=\"Tomasz Smejlis\" \/>\n\t<meta name=\"twitter:label2\" content=\"Szacowany czas czytania\" \/>\n\t<meta name=\"twitter:data2\" content=\"1 minuta\" \/>\n<script type=\"application\/ld+json\" class=\"yoast-schema-graph\">{\"@context\":\"https:\\\/\\\/schema.org\",\"@graph\":[{\"@type\":\"Article\",\"@id\":\"https:\\\/\\\/www.3lo.walbrzych.pl\\\/wordpress\\\/v-powiatowy-konkurs-wiedzy-o-samorzadzie-terytorialnym\\\/#article\",\"isPartOf\":{\"@id\":\"https:\\\/\\\/www.3lo.walbrzych.pl\\\/wordpress\\\/v-powiatowy-konkurs-wiedzy-o-samorzadzie-terytorialnym\\\/\"},\"author\":{\"name\":\"Tomasz Smejlis\",\"@id\":\"https:\\\/\\\/www.3lo.walbrzych.pl\\\/wordpress\\\/#\\\/schema\\\/person\\\/a5a3335dddd08a52fc05f69d575fd448\"},\"headline\":\"V Powiatowy Konkurs Wiedzy o Samorz\u0105dzie Terytorialnym\",\"datePublished\":\"2019-04-01T21:40:23+00:00\",\"dateModified\":\"2019-04-01T21:40:24+00:00\",\"mainEntityOfPage\":{\"@id\":\"https:\\\/\\\/www.3lo.walbrzych.pl\\\/wordpress\\\/v-powiatowy-konkurs-wiedzy-o-samorzadzie-terytorialnym\\\/\"},\"wordCount\":112,\"publisher\":{\"@id\":\"https:\\\/\\\/www.3lo.walbrzych.pl\\\/wordpress\\\/#organization\"},\"image\":{\"@id\":\"https:\\\/\\\/www.3lo.walbrzych.pl\\\/wordpress\\\/v-powiatowy-konkurs-wiedzy-o-samorzadzie-terytorialnym\\\/#primaryimage\"},\"thumbnailUrl\":\"https:\\\/\\\/www.3lo.walbrzych.pl\\\/wordpress\\\/wp-content\\\/uploads\\\/2019\\\/04\\\/DSC_4386.jpg\",\"articleSection\":[\"Aktualno\u015bci\",\"Konkursy\"],\"inLanguage\":\"pl-PL\"},{\"@type\":\"WebPage\",\"@id\":\"https:\\\/\\\/www.3lo.walbrzych.pl\\\/wordpress\\\/v-powiatowy-konkurs-wiedzy-o-samorzadzie-terytorialnym\\\/\",\"url\":\"https:\\\/\\\/www.3lo.walbrzych.pl\\\/wordpress\\\/v-powiatowy-konkurs-wiedzy-o-samorzadzie-terytorialnym\\\/\",\"name\":\"V Powiatowy Konkurs Wiedzy o Samorz\u0105dzie Terytorialnym - III Liceum Og\u00f3lnokszta\u0142c\u0105ce im. Miko\u0142aja Kopernika\",\"isPartOf\":{\"@id\":\"https:\\\/\\\/www.3lo.walbrzych.pl\\\/wordpress\\\/#website\"},\"primaryImageOfPage\":{\"@id\":\"https:\\\/\\\/www.3lo.walbrzych.pl\\\/wordpress\\\/v-powiatowy-konkurs-wiedzy-o-samorzadzie-terytorialnym\\\/#primaryimage\"},\"image\":{\"@id\":\"https:\\\/\\\/www.3lo.walbrzych.pl\\\/wordpress\\\/v-powiatowy-konkurs-wiedzy-o-samorzadzie-terytorialnym\\\/#primaryimage\"},\"thumbnailUrl\":\"https:\\\/\\\/www.3lo.walbrzych.pl\\\/wordpress\\\/wp-content\\\/uploads\\\/2019\\\/04\\\/DSC_4386.jpg\",\"datePublished\":\"2019-04-01T21:40:23+00:00\",\"dateModified\":\"2019-04-01T21:40:24+00:00\",\"breadcrumb\":{\"@id\":\"https:\\\/\\\/www.3lo.walbrzych.pl\\\/wordpress\\\/v-powiatowy-konkurs-wiedzy-o-samorzadzie-terytorialnym\\\/#breadcrumb\"},\"inLanguage\":\"pl-PL\",\"potentialAction\":[{\"@type\":\"ReadAction\",\"target\":[\"https:\\\/\\\/www.3lo.walbrzych.pl\\\/wordpress\\\/v-powiatowy-konkurs-wiedzy-o-samorzadzie-terytorialnym\\\/\"]}]},{\"@type\":\"ImageObject\",\"inLanguage\":\"pl-PL\",\"@id\":\"https:\\\/\\\/www.3lo.walbrzych.pl\\\/wordpress\\\/v-powiatowy-konkurs-wiedzy-o-samorzadzie-terytorialnym\\\/#primaryimage\",\"url\":\"https:\\\/\\\/www.3lo.walbrzych.pl\\\/wordpress\\\/wp-content\\\/uploads\\\/2019\\\/04\\\/DSC_4386.jpg\",\"contentUrl\":\"https:\\\/\\\/www.3lo.walbrzych.pl\\\/wordpress\\\/wp-content\\\/uploads\\\/2019\\\/04\\\/DSC_4386.jpg\",\"width\":4608,\"height\":3072},{\"@type\":\"BreadcrumbList\",\"@id\":\"https:\\\/\\\/www.3lo.walbrzych.pl\\\/wordpress\\\/v-powiatowy-konkurs-wiedzy-o-samorzadzie-terytorialnym\\\/#breadcrumb\",\"itemListElement\":[{\"@type\":\"ListItem\",\"position\":1,\"name\":\"Strona g\u0142\u00f3wna\",\"item\":\"https:\\\/\\\/www.3lo.walbrzych.pl\\\/wordpress\\\/\"},{\"@type\":\"ListItem\",\"position\":2,\"name\":\"V Powiatowy Konkurs Wiedzy o Samorz\u0105dzie Terytorialnym\"}]},{\"@type\":\"WebSite\",\"@id\":\"https:\\\/\\\/www.3lo.walbrzych.pl\\\/wordpress\\\/#website\",\"url\":\"https:\\\/\\\/www.3lo.walbrzych.pl\\\/wordpress\\\/\",\"name\":\"III Liceum Og\u00f3lnokszta\u0142c\u0105ce im. Miko\u0142aja Kopernika\",\"description\":\"\",\"publisher\":{\"@id\":\"https:\\\/\\\/www.3lo.walbrzych.pl\\\/wordpress\\\/#organization\"},\"potentialAction\":[{\"@type\":\"SearchAction\",\"target\":{\"@type\":\"EntryPoint\",\"urlTemplate\":\"https:\\\/\\\/www.3lo.walbrzych.pl\\\/wordpress\\\/?s={search_term_string}\"},\"query-input\":{\"@type\":\"PropertyValueSpecification\",\"valueRequired\":true,\"valueName\":\"search_term_string\"}}],\"inLanguage\":\"pl-PL\"},{\"@type\":\"Organization\",\"@id\":\"https:\\\/\\\/www.3lo.walbrzych.pl\\\/wordpress\\\/#organization\",\"name\":\"III Liceum Og\u00f3lnokszta\u0142c\u0105ce im. Miko\u0142aja Kopernika\",\"url\":\"https:\\\/\\\/www.3lo.walbrzych.pl\\\/wordpress\\\/\",\"logo\":{\"@type\":\"ImageObject\",\"inLanguage\":\"pl-PL\",\"@id\":\"https:\\\/\\\/www.3lo.walbrzych.pl\\\/wordpress\\\/#\\\/schema\\\/logo\\\/image\\\/\",\"url\":\"https:\\\/\\\/www.3lo.walbrzych.pl\\\/wordpress\\\/wp-content\\\/uploads\\\/2025\\\/09\\\/logo-szkoly-scaled.jpg\",\"contentUrl\":\"https:\\\/\\\/www.3lo.walbrzych.pl\\\/wordpress\\\/wp-content\\\/uploads\\\/2025\\\/09\\\/logo-szkoly-scaled.jpg\",\"width\":2560,\"height\":914,\"caption\":\"III Liceum Og\u00f3lnokszta\u0142c\u0105ce im. Miko\u0142aja Kopernika\"},\"image\":{\"@id\":\"https:\\\/\\\/www.3lo.walbrzych.pl\\\/wordpress\\\/#\\\/schema\\\/logo\\\/image\\\/\"}},{\"@type\":\"Person\",\"@id\":\"https:\\\/\\\/www.3lo.walbrzych.pl\\\/wordpress\\\/#\\\/schema\\\/person\\\/a5a3335dddd08a52fc05f69d575fd448\",\"name\":\"Tomasz Smejlis\",\"url\":\"https:\\\/\\\/www.3lo.walbrzych.pl\\\/wordpress\\\/author\\\/tfox\\\/\"}]}<\/script>\n<!-- \/ Yoast SEO plugin. -->","yoast_head_json":{"title":"V Powiatowy Konkurs Wiedzy o Samorz\u0105dzie Terytorialnym - III Liceum Og\u00f3lnokszta\u0142c\u0105ce im. Miko\u0142aja Kopernika","robots":{"index":"index","follow":"follow","max-snippet":"max-snippet:-1","max-image-preview":"max-image-preview:large","max-video-preview":"max-video-preview:-1"},"canonical":"https:\/\/www.3lo.walbrzych.pl\/wordpress\/v-powiatowy-konkurs-wiedzy-o-samorzadzie-terytorialnym\/","og_locale":"pl_PL","og_type":"article","og_title":"V Powiatowy Konkurs Wiedzy o Samorz\u0105dzie Terytorialnym - III Liceum Og\u00f3lnokszta\u0142c\u0105ce im. Miko\u0142aja Kopernika","og_description":"W dniu 29 marca byli\u015bmy organizatorami \u00a0V Powiatowego Konkursu Wiedzy o Samorz\u0105dzie Terytorialnym, kt\u00f3ry odby\u0142 si\u0119 w siedzibie Pa\u0144stwowej Wy\u017cszej Szko\u0142y Zawodowej im. Angelusa Silesiusa w Wa\u0142brzychu. Patronat Honorowy nad przedsi\u0119wzi\u0119ciem obj\u0105\u0142 Wojewoda Dolno\u015bl\u0105ski Pawe\u0142 Hreniak oraz Prezydent Miasta Wa\u0142brzycha dr Roman\u00a0 Sze\u0142emej. Do siedziby PWSZ przyby\u0142o 118 uczni\u00f3w reprezentuj\u0105cych szko\u0142y podstawowe, gimnazjalne i ponadgimnazjalne [&hellip;]","og_url":"https:\/\/www.3lo.walbrzych.pl\/wordpress\/v-powiatowy-konkurs-wiedzy-o-samorzadzie-terytorialnym\/","og_site_name":"III Liceum Og\u00f3lnokszta\u0142c\u0105ce im. Miko\u0142aja Kopernika","article_published_time":"2019-04-01T21:40:23+00:00","article_modified_time":"2019-04-01T21:40:24+00:00","og_image":[{"width":1024,"height":683,"url":"https:\/\/www.3lo.walbrzych.pl\/wordpress\/wp-content\/uploads\/2019\/04\/DSC_4386-1024x683.jpg","type":"image\/jpeg"}],"author":"Tomasz Smejlis","twitter_card":"summary_large_image","twitter_misc":{"Napisane przez":"Tomasz Smejlis","Szacowany czas czytania":"1 minuta"},"schema":{"@context":"https:\/\/schema.org","@graph":[{"@type":"Article","@id":"https:\/\/www.3lo.walbrzych.pl\/wordpress\/v-powiatowy-konkurs-wiedzy-o-samorzadzie-terytorialnym\/#article","isPartOf":{"@id":"https:\/\/www.3lo.walbrzych.pl\/wordpress\/v-powiatowy-konkurs-wiedzy-o-samorzadzie-terytorialnym\/"},"author":{"name":"Tomasz Smejlis","@id":"https:\/\/www.3lo.walbrzych.pl\/wordpress\/#\/schema\/person\/a5a3335dddd08a52fc05f69d575fd448"},"headline":"V Powiatowy Konkurs Wiedzy o Samorz\u0105dzie Terytorialnym","datePublished":"2019-04-01T21:40:23+00:00","dateModified":"2019-04-01T21:40:24+00:00","mainEntityOfPage":{"@id":"https:\/\/www.3lo.walbrzych.pl\/wordpress\/v-powiatowy-konkurs-wiedzy-o-samorzadzie-terytorialnym\/"},"wordCount":112,"publisher":{"@id":"https:\/\/www.3lo.walbrzych.pl\/wordpress\/#organization"},"image":{"@id":"https:\/\/www.3lo.walbrzych.pl\/wordpress\/v-powiatowy-konkurs-wiedzy-o-samorzadzie-terytorialnym\/#primaryimage"},"thumbnailUrl":"https:\/\/www.3lo.walbrzych.pl\/wordpress\/wp-content\/uploads\/2019\/04\/DSC_4386.jpg","articleSection":["Aktualno\u015bci","Konkursy"],"inLanguage":"pl-PL"},{"@type":"WebPage","@id":"https:\/\/www.3lo.walbrzych.pl\/wordpress\/v-powiatowy-konkurs-wiedzy-o-samorzadzie-terytorialnym\/","url":"https:\/\/www.3lo.walbrzych.pl\/wordpress\/v-powiatowy-konkurs-wiedzy-o-samorzadzie-terytorialnym\/","name":"V Powiatowy Konkurs Wiedzy o Samorz\u0105dzie Terytorialnym - III Liceum Og\u00f3lnokszta\u0142c\u0105ce im. Miko\u0142aja Kopernika","isPartOf":{"@id":"https:\/\/www.3lo.walbrzych.pl\/wordpress\/#website"},"primaryImageOfPage":{"@id":"https:\/\/www.3lo.walbrzych.pl\/wordpress\/v-powiatowy-konkurs-wiedzy-o-samorzadzie-terytorialnym\/#primaryimage"},"image":{"@id":"https:\/\/www.3lo.walbrzych.pl\/wordpress\/v-powiatowy-konkurs-wiedzy-o-samorzadzie-terytorialnym\/#primaryimage"},"thumbnailUrl":"https:\/\/www.3lo.walbrzych.pl\/wordpress\/wp-content\/uploads\/2019\/04\/DSC_4386.jpg","datePublished":"2019-04-01T21:40:23+00:00","dateModified":"2019-04-01T21:40:24+00:00","breadcrumb":{"@id":"https:\/\/www.3lo.walbrzych.pl\/wordpress\/v-powiatowy-konkurs-wiedzy-o-samorzadzie-terytorialnym\/#breadcrumb"},"inLanguage":"pl-PL","potentialAction":[{"@type":"ReadAction","target":["https:\/\/www.3lo.walbrzych.pl\/wordpress\/v-powiatowy-konkurs-wiedzy-o-samorzadzie-terytorialnym\/"]}]},{"@type":"ImageObject","inLanguage":"pl-PL","@id":"https:\/\/www.3lo.walbrzych.pl\/wordpress\/v-powiatowy-konkurs-wiedzy-o-samorzadzie-terytorialnym\/#primaryimage","url":"https:\/\/www.3lo.walbrzych.pl\/wordpress\/wp-content\/uploads\/2019\/04\/DSC_4386.jpg","contentUrl":"https:\/\/www.3lo.walbrzych.pl\/wordpress\/wp-content\/uploads\/2019\/04\/DSC_4386.jpg","width":4608,"height":3072},{"@type":"BreadcrumbList","@id":"https:\/\/www.3lo.walbrzych.pl\/wordpress\/v-powiatowy-konkurs-wiedzy-o-samorzadzie-terytorialnym\/#breadcrumb","itemListElement":[{"@type":"ListItem","position":1,"name":"Strona g\u0142\u00f3wna","item":"https:\/\/www.3lo.walbrzych.pl\/wordpress\/"},{"@type":"ListItem","position":2,"name":"V Powiatowy Konkurs Wiedzy o Samorz\u0105dzie Terytorialnym"}]},{"@type":"WebSite","@id":"https:\/\/www.3lo.walbrzych.pl\/wordpress\/#website","url":"https:\/\/www.3lo.walbrzych.pl\/wordpress\/","name":"III Liceum Og\u00f3lnokszta\u0142c\u0105ce im. Miko\u0142aja Kopernika","description":"","publisher":{"@id":"https:\/\/www.3lo.walbrzych.pl\/wordpress\/#organization"},"potentialAction":[{"@type":"SearchAction","target":{"@type":"EntryPoint","urlTemplate":"https:\/\/www.3lo.walbrzych.pl\/wordpress\/?s={search_term_string}"},"query-input":{"@type":"PropertyValueSpecification","valueRequired":true,"valueName":"search_term_string"}}],"inLanguage":"pl-PL"},{"@type":"Organization","@id":"https:\/\/www.3lo.walbrzych.pl\/wordpress\/#organization","name":"III Liceum Og\u00f3lnokszta\u0142c\u0105ce im. Miko\u0142aja Kopernika","url":"https:\/\/www.3lo.walbrzych.pl\/wordpress\/","logo":{"@type":"ImageObject","inLanguage":"pl-PL","@id":"https:\/\/www.3lo.walbrzych.pl\/wordpress\/#\/schema\/logo\/image\/","url":"https:\/\/www.3lo.walbrzych.pl\/wordpress\/wp-content\/uploads\/2025\/09\/logo-szkoly-scaled.jpg","contentUrl":"https:\/\/www.3lo.walbrzych.pl\/wordpress\/wp-content\/uploads\/2025\/09\/logo-szkoly-scaled.jpg","width":2560,"height":914,"caption":"III Liceum Og\u00f3lnokszta\u0142c\u0105ce im. Miko\u0142aja Kopernika"},"image":{"@id":"https:\/\/www.3lo.walbrzych.pl\/wordpress\/#\/schema\/logo\/image\/"}},{"@type":"Person","@id":"https:\/\/www.3lo.walbrzych.pl\/wordpress\/#\/schema\/person\/a5a3335dddd08a52fc05f69d575fd448","name":"Tomasz Smejlis","url":"https:\/\/www.3lo.walbrzych.pl\/wordpress\/author\/tfox\/"}]}},"_links":{"self":[{"href":"https:\/\/www.3lo.walbrzych.pl\/wordpress\/wp-json\/wp\/v2\/posts\/3936","targetHints":{"allow":["GET"]}}],"collection":[{"href":"https:\/\/www.3lo.walbrzych.pl\/wordpress\/wp-json\/wp\/v2\/posts"}],"about":[{"href":"https:\/\/www.3lo.walbrzych.pl\/wordpress\/wp-json\/wp\/v2\/types\/post"}],"author":[{"embeddable":true,"href":"https:\/\/www.3lo.walbrzych.pl\/wordpress\/wp-json\/wp\/v2\/users\/4"}],"replies":[{"embeddable":true,"href":"https:\/\/www.3lo.walbrzych.pl\/wordpress\/wp-json\/wp\/v2\/comments?post=3936"}],"version-history":[{"count":1,"href":"https:\/\/www.3lo.walbrzych.pl\/wordpress\/wp-json\/wp\/v2\/posts\/3936\/revisions"}],"predecessor-version":[{"id":3938,"href":"https:\/\/www.3lo.walbrzych.pl\/wordpress\/wp-json\/wp\/v2\/posts\/3936\/revisions\/3938"}],"wp:featuredmedia":[{"embeddable":true,"href":"https:\/\/www.3lo.walbrzych.pl\/wordpress\/wp-json\/wp\/v2\/media\/3937"}],"wp:attachment":[{"href":"https:\/\/www.3lo.walbrzych.pl\/wordpress\/wp-json\/wp\/v2\/media?parent=3936"}],"wp:term":[{"taxonomy":"category","embeddable":true,"href":"https:\/\/www.3lo.walbrzych.pl\/wordpress\/wp-json\/wp\/v2\/categories?post=3936"},{"taxonomy":"post_tag","embeddable":true,"href":"https:\/\/www.3lo.walbrzych.pl\/wordpress\/wp-json\/wp\/v2\/tags?post=3936"}],"curies":[{"name":"wp","href":"https:\/\/api.w.org\/{rel}","templated":true}]}}