{"id":3988,"date":"2019-05-29T21:18:13","date_gmt":"2019-05-29T19:18:13","guid":{"rendered":"http:\/\/www.3lo.walbrzych.pl\/wordpress\/?p=3988"},"modified":"2019-05-29T21:18:15","modified_gmt":"2019-05-29T19:18:15","slug":"70-lecie-absolwentow-iii-liceum-ogolnoksztalcacego","status":"publish","type":"post","link":"https:\/\/www.3lo.walbrzych.pl\/wordpress\/70-lecie-absolwentow-iii-liceum-ogolnoksztalcacego\/","title":{"rendered":"70-lecie absolwent\u00f3w III Liceum Og\u00f3lnokszta\u0142c\u0105cego"},"content":{"rendered":"\n<p class=\"wp-block-paragraph\">Wedle optymistycznych zapowiedzi mia\u0142o przyj\u015b\u0107 ok. 60 os\u00f3b, przysz\u0142o ponad 250. Tak absolwenci w nieformalny a jak\u017ce widowiskowy spos\u00f3b zdecydowali si\u0119 uczci\u0107 siedemdziesi\u0119ciolecie R\u00f3\u017cowej Szko\u0142y. Akcja dynamicznie i brawurowo zorganizowana przez pana Edwarda Szewczaka na Facebooku przesz\u0142a wszelkie oczekiwania. Rankiem 25 maja w szkole pojawili si\u0119 ci wszyscy, dla kt\u00f3rych lata sp\u0119dzone w murach III LO zapad\u0142y w pami\u0119\u0107, mamy nadziej\u0119, \u017ce tylko pozytywnie. <\/p>\n\n\n\n<p class=\"wp-block-paragraph\">Spotkanie z absolwentami na auli rozpocz\u0105\u0142 Prezydent Wa\u0142brzycha dr Roman Sze\u0142emej, a poprowadzi\u0142 dyrektor dr Waldemar S\u0119czyk. Przem\u00f3wienia uatrakcyjni\u0142y wyst\u0119py szkolnego ch\u00f3ru oraz solowe najm\u0142odszego z obecnych absolwent\u00f3w szkolnych, tegorocznego maturzysty &#8211; Micha\u0142a Staszaka. Nad wyst\u0119pami wokalnymi opiek\u0119 sprawowa\u0142a pani Krystyna Cybulska. <\/p>\n\n\n\n<p class=\"wp-block-paragraph\">I cho\u0107 to by\u0142o mi\u0142e przyj\u0119cie, a atmosfera przednia, to dla absolwent\u00f3w chyba najwa\u017cniejsze by\u0142o kilka chwil sp\u0119dzonych podczas spaceru po korytarzach szkolnych czy naszym pi\u0119knym dziedzi\u0144cu. Mi\u0142o by\u0142o patrze\u0107, jak dawniejsza m\u0142odzie\u017c, dzi\u015b stateczna, ale wci\u0105\u017c m\u0142oda duchem wspomina dawne lata, dyskutuje, opowiada, jak to drzewiej by\u0142o.<\/p>\n\n\n\n<p class=\"wp-block-paragraph\"><a href=\"https:\/\/walbrzych.dlawas.info\/wiadomosci\/70-lecie-iii-lo-w-walbrzychu-spontanicznie-i-z-humorem-duzo-zdjec\/cid,20864,a?fbclid=IwAR0BHImXz1xSBHFtFTPOi2RBSlIWYQSeWlzf4QaRN7TWt8T9deLdOMZZVeo#s6\">Z d\u0142u\u017csz\u0105 relacj\u0105 mo\u017cecie zapozna\u0107 si\u0119 na Wa\u0142brzych dla Was<\/a><\/p>\n","protected":false},"excerpt":{"rendered":"<p>Wedle optymistycznych zapowiedzi mia\u0142o przyj\u015b\u0107 ok. 60 os\u00f3b, przysz\u0142o ponad 250. Tak absolwenci w nieformalny a jak\u017ce widowiskowy spos\u00f3b zdecydowali si\u0119 uczci\u0107 siedemdziesi\u0119ciolecie R\u00f3\u017cowej Szko\u0142y. Akcja dynamicznie i brawurowo zorganizowana przez pana Edwarda Szewczaka na Facebooku przesz\u0142a wszelkie oczekiwania. Rankiem 25 maja w szkole pojawili si\u0119 ci wszyscy, dla kt\u00f3rych lata sp\u0119dzone w murach III [&hellip;]<\/p>\n","protected":false},"author":4,"featured_media":3993,"comment_status":"closed","ping_status":"closed","sticky":false,"template":"","format":"standard","meta":{"footnotes":""},"categories":[19],"tags":[],"class_list":["post-3988","post","type-post","status-publish","format-standard","has-post-thumbnail","hentry","category-aktualnosci"],"yoast_head":"<!-- This site is optimized with the Yoast SEO plugin v28.4 - https:\/\/yoast.com\/product\/yoast-seo-wordpress\/ -->\n<title>70-lecie absolwent\u00f3w III Liceum Og\u00f3lnokszta\u0142c\u0105cego - III Liceum Og\u00f3lnokszta\u0142c\u0105ce im. Miko\u0142aja Kopernika<\/title>\n<meta name=\"robots\" content=\"index, follow, max-snippet:-1, max-image-preview:large, max-video-preview:-1\" \/>\n<link rel=\"canonical\" href=\"https:\/\/www.3lo.walbrzych.pl\/wordpress\/70-lecie-absolwentow-iii-liceum-ogolnoksztalcacego\/\" \/>\n<meta property=\"og:locale\" content=\"pl_PL\" \/>\n<meta property=\"og:type\" content=\"article\" \/>\n<meta property=\"og:title\" content=\"70-lecie absolwent\u00f3w III Liceum Og\u00f3lnokszta\u0142c\u0105cego - III Liceum Og\u00f3lnokszta\u0142c\u0105ce im. Miko\u0142aja Kopernika\" \/>\n<meta property=\"og:description\" content=\"Wedle optymistycznych zapowiedzi mia\u0142o przyj\u015b\u0107 ok. 60 os\u00f3b, przysz\u0142o ponad 250. Tak absolwenci w nieformalny a jak\u017ce widowiskowy spos\u00f3b zdecydowali si\u0119 uczci\u0107 siedemdziesi\u0119ciolecie R\u00f3\u017cowej Szko\u0142y. Akcja dynamicznie i brawurowo zorganizowana przez pana Edwarda Szewczaka na Facebooku przesz\u0142a wszelkie oczekiwania. Rankiem 25 maja w szkole pojawili si\u0119 ci wszyscy, dla kt\u00f3rych lata sp\u0119dzone w murach III [&hellip;]\" \/>\n<meta property=\"og:url\" content=\"https:\/\/www.3lo.walbrzych.pl\/wordpress\/70-lecie-absolwentow-iii-liceum-ogolnoksztalcacego\/\" \/>\n<meta property=\"og:site_name\" content=\"III Liceum Og\u00f3lnokszta\u0142c\u0105ce im. Miko\u0142aja Kopernika\" \/>\n<meta property=\"article:published_time\" content=\"2019-05-29T19:18:13+00:00\" \/>\n<meta property=\"article:modified_time\" content=\"2019-05-29T19:18:15+00:00\" \/>\n<meta property=\"og:image\" content=\"https:\/\/www.3lo.walbrzych.pl\/wordpress\/wp-content\/uploads\/2019\/05\/56593705_843722082642259_7400398263561486336_o.jpg\" \/>\n\t<meta property=\"og:image:width\" content=\"1920\" \/>\n\t<meta property=\"og:image:height\" content=\"1080\" \/>\n\t<meta property=\"og:image:type\" content=\"image\/jpeg\" \/>\n<meta name=\"author\" content=\"Tomasz Smejlis\" \/>\n<meta name=\"twitter:card\" content=\"summary_large_image\" \/>\n<meta name=\"twitter:label1\" content=\"Napisane przez\" \/>\n\t<meta name=\"twitter:data1\" content=\"Tomasz Smejlis\" \/>\n\t<meta name=\"twitter:label2\" content=\"Szacowany czas czytania\" \/>\n\t<meta name=\"twitter:data2\" content=\"1 minuta\" \/>\n<script type=\"application\/ld+json\" class=\"yoast-schema-graph\">{\"@context\":\"https:\\\/\\\/schema.org\",\"@graph\":[{\"@type\":\"Article\",\"@id\":\"https:\\\/\\\/www.3lo.walbrzych.pl\\\/wordpress\\\/70-lecie-absolwentow-iii-liceum-ogolnoksztalcacego\\\/#article\",\"isPartOf\":{\"@id\":\"https:\\\/\\\/www.3lo.walbrzych.pl\\\/wordpress\\\/70-lecie-absolwentow-iii-liceum-ogolnoksztalcacego\\\/\"},\"author\":{\"name\":\"Tomasz Smejlis\",\"@id\":\"https:\\\/\\\/www.3lo.walbrzych.pl\\\/wordpress\\\/#\\\/schema\\\/person\\\/a5a3335dddd08a52fc05f69d575fd448\"},\"headline\":\"70-lecie absolwent\u00f3w III Liceum Og\u00f3lnokszta\u0142c\u0105cego\",\"datePublished\":\"2019-05-29T19:18:13+00:00\",\"dateModified\":\"2019-05-29T19:18:15+00:00\",\"mainEntityOfPage\":{\"@id\":\"https:\\\/\\\/www.3lo.walbrzych.pl\\\/wordpress\\\/70-lecie-absolwentow-iii-liceum-ogolnoksztalcacego\\\/\"},\"wordCount\":212,\"publisher\":{\"@id\":\"https:\\\/\\\/www.3lo.walbrzych.pl\\\/wordpress\\\/#organization\"},\"image\":{\"@id\":\"https:\\\/\\\/www.3lo.walbrzych.pl\\\/wordpress\\\/70-lecie-absolwentow-iii-liceum-ogolnoksztalcacego\\\/#primaryimage\"},\"thumbnailUrl\":\"https:\\\/\\\/www.3lo.walbrzych.pl\\\/wordpress\\\/wp-content\\\/uploads\\\/2019\\\/05\\\/56593705_843722082642259_7400398263561486336_o.jpg\",\"articleSection\":[\"Aktualno\u015bci\"],\"inLanguage\":\"pl-PL\"},{\"@type\":\"WebPage\",\"@id\":\"https:\\\/\\\/www.3lo.walbrzych.pl\\\/wordpress\\\/70-lecie-absolwentow-iii-liceum-ogolnoksztalcacego\\\/\",\"url\":\"https:\\\/\\\/www.3lo.walbrzych.pl\\\/wordpress\\\/70-lecie-absolwentow-iii-liceum-ogolnoksztalcacego\\\/\",\"name\":\"70-lecie absolwent\u00f3w III Liceum Og\u00f3lnokszta\u0142c\u0105cego - III Liceum Og\u00f3lnokszta\u0142c\u0105ce im. Miko\u0142aja Kopernika\",\"isPartOf\":{\"@id\":\"https:\\\/\\\/www.3lo.walbrzych.pl\\\/wordpress\\\/#website\"},\"primaryImageOfPage\":{\"@id\":\"https:\\\/\\\/www.3lo.walbrzych.pl\\\/wordpress\\\/70-lecie-absolwentow-iii-liceum-ogolnoksztalcacego\\\/#primaryimage\"},\"image\":{\"@id\":\"https:\\\/\\\/www.3lo.walbrzych.pl\\\/wordpress\\\/70-lecie-absolwentow-iii-liceum-ogolnoksztalcacego\\\/#primaryimage\"},\"thumbnailUrl\":\"https:\\\/\\\/www.3lo.walbrzych.pl\\\/wordpress\\\/wp-content\\\/uploads\\\/2019\\\/05\\\/56593705_843722082642259_7400398263561486336_o.jpg\",\"datePublished\":\"2019-05-29T19:18:13+00:00\",\"dateModified\":\"2019-05-29T19:18:15+00:00\",\"breadcrumb\":{\"@id\":\"https:\\\/\\\/www.3lo.walbrzych.pl\\\/wordpress\\\/70-lecie-absolwentow-iii-liceum-ogolnoksztalcacego\\\/#breadcrumb\"},\"inLanguage\":\"pl-PL\",\"potentialAction\":[{\"@type\":\"ReadAction\",\"target\":[\"https:\\\/\\\/www.3lo.walbrzych.pl\\\/wordpress\\\/70-lecie-absolwentow-iii-liceum-ogolnoksztalcacego\\\/\"]}]},{\"@type\":\"ImageObject\",\"inLanguage\":\"pl-PL\",\"@id\":\"https:\\\/\\\/www.3lo.walbrzych.pl\\\/wordpress\\\/70-lecie-absolwentow-iii-liceum-ogolnoksztalcacego\\\/#primaryimage\",\"url\":\"https:\\\/\\\/www.3lo.walbrzych.pl\\\/wordpress\\\/wp-content\\\/uploads\\\/2019\\\/05\\\/56593705_843722082642259_7400398263561486336_o.jpg\",\"contentUrl\":\"https:\\\/\\\/www.3lo.walbrzych.pl\\\/wordpress\\\/wp-content\\\/uploads\\\/2019\\\/05\\\/56593705_843722082642259_7400398263561486336_o.jpg\",\"width\":1920,\"height\":1080},{\"@type\":\"BreadcrumbList\",\"@id\":\"https:\\\/\\\/www.3lo.walbrzych.pl\\\/wordpress\\\/70-lecie-absolwentow-iii-liceum-ogolnoksztalcacego\\\/#breadcrumb\",\"itemListElement\":[{\"@type\":\"ListItem\",\"position\":1,\"name\":\"Strona g\u0142\u00f3wna\",\"item\":\"https:\\\/\\\/www.3lo.walbrzych.pl\\\/wordpress\\\/\"},{\"@type\":\"ListItem\",\"position\":2,\"name\":\"70-lecie absolwent\u00f3w III Liceum Og\u00f3lnokszta\u0142c\u0105cego\"}]},{\"@type\":\"WebSite\",\"@id\":\"https:\\\/\\\/www.3lo.walbrzych.pl\\\/wordpress\\\/#website\",\"url\":\"https:\\\/\\\/www.3lo.walbrzych.pl\\\/wordpress\\\/\",\"name\":\"III Liceum Og\u00f3lnokszta\u0142c\u0105ce im. Miko\u0142aja Kopernika\",\"description\":\"\",\"publisher\":{\"@id\":\"https:\\\/\\\/www.3lo.walbrzych.pl\\\/wordpress\\\/#organization\"},\"potentialAction\":[{\"@type\":\"SearchAction\",\"target\":{\"@type\":\"EntryPoint\",\"urlTemplate\":\"https:\\\/\\\/www.3lo.walbrzych.pl\\\/wordpress\\\/?s={search_term_string}\"},\"query-input\":{\"@type\":\"PropertyValueSpecification\",\"valueRequired\":true,\"valueName\":\"search_term_string\"}}],\"inLanguage\":\"pl-PL\"},{\"@type\":\"Organization\",\"@id\":\"https:\\\/\\\/www.3lo.walbrzych.pl\\\/wordpress\\\/#organization\",\"name\":\"III Liceum Og\u00f3lnokszta\u0142c\u0105ce im. Miko\u0142aja Kopernika\",\"url\":\"https:\\\/\\\/www.3lo.walbrzych.pl\\\/wordpress\\\/\",\"logo\":{\"@type\":\"ImageObject\",\"inLanguage\":\"pl-PL\",\"@id\":\"https:\\\/\\\/www.3lo.walbrzych.pl\\\/wordpress\\\/#\\\/schema\\\/logo\\\/image\\\/\",\"url\":\"https:\\\/\\\/www.3lo.walbrzych.pl\\\/wordpress\\\/wp-content\\\/uploads\\\/2025\\\/09\\\/logo-szkoly-scaled.jpg\",\"contentUrl\":\"https:\\\/\\\/www.3lo.walbrzych.pl\\\/wordpress\\\/wp-content\\\/uploads\\\/2025\\\/09\\\/logo-szkoly-scaled.jpg\",\"width\":2560,\"height\":914,\"caption\":\"III Liceum Og\u00f3lnokszta\u0142c\u0105ce im. Miko\u0142aja Kopernika\"},\"image\":{\"@id\":\"https:\\\/\\\/www.3lo.walbrzych.pl\\\/wordpress\\\/#\\\/schema\\\/logo\\\/image\\\/\"}},{\"@type\":\"Person\",\"@id\":\"https:\\\/\\\/www.3lo.walbrzych.pl\\\/wordpress\\\/#\\\/schema\\\/person\\\/a5a3335dddd08a52fc05f69d575fd448\",\"name\":\"Tomasz Smejlis\",\"url\":\"https:\\\/\\\/www.3lo.walbrzych.pl\\\/wordpress\\\/author\\\/tfox\\\/\"}]}<\/script>\n<!-- \/ Yoast SEO plugin. -->","yoast_head_json":{"title":"70-lecie absolwent\u00f3w III Liceum Og\u00f3lnokszta\u0142c\u0105cego - III Liceum Og\u00f3lnokszta\u0142c\u0105ce im. Miko\u0142aja Kopernika","robots":{"index":"index","follow":"follow","max-snippet":"max-snippet:-1","max-image-preview":"max-image-preview:large","max-video-preview":"max-video-preview:-1"},"canonical":"https:\/\/www.3lo.walbrzych.pl\/wordpress\/70-lecie-absolwentow-iii-liceum-ogolnoksztalcacego\/","og_locale":"pl_PL","og_type":"article","og_title":"70-lecie absolwent\u00f3w III Liceum Og\u00f3lnokszta\u0142c\u0105cego - III Liceum Og\u00f3lnokszta\u0142c\u0105ce im. Miko\u0142aja Kopernika","og_description":"Wedle optymistycznych zapowiedzi mia\u0142o przyj\u015b\u0107 ok. 60 os\u00f3b, przysz\u0142o ponad 250. Tak absolwenci w nieformalny a jak\u017ce widowiskowy spos\u00f3b zdecydowali si\u0119 uczci\u0107 siedemdziesi\u0119ciolecie R\u00f3\u017cowej Szko\u0142y. Akcja dynamicznie i brawurowo zorganizowana przez pana Edwarda Szewczaka na Facebooku przesz\u0142a wszelkie oczekiwania. Rankiem 25 maja w szkole pojawili si\u0119 ci wszyscy, dla kt\u00f3rych lata sp\u0119dzone w murach III [&hellip;]","og_url":"https:\/\/www.3lo.walbrzych.pl\/wordpress\/70-lecie-absolwentow-iii-liceum-ogolnoksztalcacego\/","og_site_name":"III Liceum Og\u00f3lnokszta\u0142c\u0105ce im. Miko\u0142aja Kopernika","article_published_time":"2019-05-29T19:18:13+00:00","article_modified_time":"2019-05-29T19:18:15+00:00","og_image":[{"width":1920,"height":1080,"url":"https:\/\/www.3lo.walbrzych.pl\/wordpress\/wp-content\/uploads\/2019\/05\/56593705_843722082642259_7400398263561486336_o.jpg","type":"image\/jpeg"}],"author":"Tomasz Smejlis","twitter_card":"summary_large_image","twitter_misc":{"Napisane przez":"Tomasz Smejlis","Szacowany czas czytania":"1 minuta"},"schema":{"@context":"https:\/\/schema.org","@graph":[{"@type":"Article","@id":"https:\/\/www.3lo.walbrzych.pl\/wordpress\/70-lecie-absolwentow-iii-liceum-ogolnoksztalcacego\/#article","isPartOf":{"@id":"https:\/\/www.3lo.walbrzych.pl\/wordpress\/70-lecie-absolwentow-iii-liceum-ogolnoksztalcacego\/"},"author":{"name":"Tomasz Smejlis","@id":"https:\/\/www.3lo.walbrzych.pl\/wordpress\/#\/schema\/person\/a5a3335dddd08a52fc05f69d575fd448"},"headline":"70-lecie absolwent\u00f3w III Liceum Og\u00f3lnokszta\u0142c\u0105cego","datePublished":"2019-05-29T19:18:13+00:00","dateModified":"2019-05-29T19:18:15+00:00","mainEntityOfPage":{"@id":"https:\/\/www.3lo.walbrzych.pl\/wordpress\/70-lecie-absolwentow-iii-liceum-ogolnoksztalcacego\/"},"wordCount":212,"publisher":{"@id":"https:\/\/www.3lo.walbrzych.pl\/wordpress\/#organization"},"image":{"@id":"https:\/\/www.3lo.walbrzych.pl\/wordpress\/70-lecie-absolwentow-iii-liceum-ogolnoksztalcacego\/#primaryimage"},"thumbnailUrl":"https:\/\/www.3lo.walbrzych.pl\/wordpress\/wp-content\/uploads\/2019\/05\/56593705_843722082642259_7400398263561486336_o.jpg","articleSection":["Aktualno\u015bci"],"inLanguage":"pl-PL"},{"@type":"WebPage","@id":"https:\/\/www.3lo.walbrzych.pl\/wordpress\/70-lecie-absolwentow-iii-liceum-ogolnoksztalcacego\/","url":"https:\/\/www.3lo.walbrzych.pl\/wordpress\/70-lecie-absolwentow-iii-liceum-ogolnoksztalcacego\/","name":"70-lecie absolwent\u00f3w III Liceum Og\u00f3lnokszta\u0142c\u0105cego - III Liceum Og\u00f3lnokszta\u0142c\u0105ce im. Miko\u0142aja Kopernika","isPartOf":{"@id":"https:\/\/www.3lo.walbrzych.pl\/wordpress\/#website"},"primaryImageOfPage":{"@id":"https:\/\/www.3lo.walbrzych.pl\/wordpress\/70-lecie-absolwentow-iii-liceum-ogolnoksztalcacego\/#primaryimage"},"image":{"@id":"https:\/\/www.3lo.walbrzych.pl\/wordpress\/70-lecie-absolwentow-iii-liceum-ogolnoksztalcacego\/#primaryimage"},"thumbnailUrl":"https:\/\/www.3lo.walbrzych.pl\/wordpress\/wp-content\/uploads\/2019\/05\/56593705_843722082642259_7400398263561486336_o.jpg","datePublished":"2019-05-29T19:18:13+00:00","dateModified":"2019-05-29T19:18:15+00:00","breadcrumb":{"@id":"https:\/\/www.3lo.walbrzych.pl\/wordpress\/70-lecie-absolwentow-iii-liceum-ogolnoksztalcacego\/#breadcrumb"},"inLanguage":"pl-PL","potentialAction":[{"@type":"ReadAction","target":["https:\/\/www.3lo.walbrzych.pl\/wordpress\/70-lecie-absolwentow-iii-liceum-ogolnoksztalcacego\/"]}]},{"@type":"ImageObject","inLanguage":"pl-PL","@id":"https:\/\/www.3lo.walbrzych.pl\/wordpress\/70-lecie-absolwentow-iii-liceum-ogolnoksztalcacego\/#primaryimage","url":"https:\/\/www.3lo.walbrzych.pl\/wordpress\/wp-content\/uploads\/2019\/05\/56593705_843722082642259_7400398263561486336_o.jpg","contentUrl":"https:\/\/www.3lo.walbrzych.pl\/wordpress\/wp-content\/uploads\/2019\/05\/56593705_843722082642259_7400398263561486336_o.jpg","width":1920,"height":1080},{"@type":"BreadcrumbList","@id":"https:\/\/www.3lo.walbrzych.pl\/wordpress\/70-lecie-absolwentow-iii-liceum-ogolnoksztalcacego\/#breadcrumb","itemListElement":[{"@type":"ListItem","position":1,"name":"Strona g\u0142\u00f3wna","item":"https:\/\/www.3lo.walbrzych.pl\/wordpress\/"},{"@type":"ListItem","position":2,"name":"70-lecie absolwent\u00f3w III Liceum Og\u00f3lnokszta\u0142c\u0105cego"}]},{"@type":"WebSite","@id":"https:\/\/www.3lo.walbrzych.pl\/wordpress\/#website","url":"https:\/\/www.3lo.walbrzych.pl\/wordpress\/","name":"III Liceum Og\u00f3lnokszta\u0142c\u0105ce im. Miko\u0142aja Kopernika","description":"","publisher":{"@id":"https:\/\/www.3lo.walbrzych.pl\/wordpress\/#organization"},"potentialAction":[{"@type":"SearchAction","target":{"@type":"EntryPoint","urlTemplate":"https:\/\/www.3lo.walbrzych.pl\/wordpress\/?s={search_term_string}"},"query-input":{"@type":"PropertyValueSpecification","valueRequired":true,"valueName":"search_term_string"}}],"inLanguage":"pl-PL"},{"@type":"Organization","@id":"https:\/\/www.3lo.walbrzych.pl\/wordpress\/#organization","name":"III Liceum Og\u00f3lnokszta\u0142c\u0105ce im. Miko\u0142aja Kopernika","url":"https:\/\/www.3lo.walbrzych.pl\/wordpress\/","logo":{"@type":"ImageObject","inLanguage":"pl-PL","@id":"https:\/\/www.3lo.walbrzych.pl\/wordpress\/#\/schema\/logo\/image\/","url":"https:\/\/www.3lo.walbrzych.pl\/wordpress\/wp-content\/uploads\/2025\/09\/logo-szkoly-scaled.jpg","contentUrl":"https:\/\/www.3lo.walbrzych.pl\/wordpress\/wp-content\/uploads\/2025\/09\/logo-szkoly-scaled.jpg","width":2560,"height":914,"caption":"III Liceum Og\u00f3lnokszta\u0142c\u0105ce im. Miko\u0142aja Kopernika"},"image":{"@id":"https:\/\/www.3lo.walbrzych.pl\/wordpress\/#\/schema\/logo\/image\/"}},{"@type":"Person","@id":"https:\/\/www.3lo.walbrzych.pl\/wordpress\/#\/schema\/person\/a5a3335dddd08a52fc05f69d575fd448","name":"Tomasz Smejlis","url":"https:\/\/www.3lo.walbrzych.pl\/wordpress\/author\/tfox\/"}]}},"_links":{"self":[{"href":"https:\/\/www.3lo.walbrzych.pl\/wordpress\/wp-json\/wp\/v2\/posts\/3988","targetHints":{"allow":["GET"]}}],"collection":[{"href":"https:\/\/www.3lo.walbrzych.pl\/wordpress\/wp-json\/wp\/v2\/posts"}],"about":[{"href":"https:\/\/www.3lo.walbrzych.pl\/wordpress\/wp-json\/wp\/v2\/types\/post"}],"author":[{"embeddable":true,"href":"https:\/\/www.3lo.walbrzych.pl\/wordpress\/wp-json\/wp\/v2\/users\/4"}],"replies":[{"embeddable":true,"href":"https:\/\/www.3lo.walbrzych.pl\/wordpress\/wp-json\/wp\/v2\/comments?post=3988"}],"version-history":[{"count":2,"href":"https:\/\/www.3lo.walbrzych.pl\/wordpress\/wp-json\/wp\/v2\/posts\/3988\/revisions"}],"predecessor-version":[{"id":3994,"href":"https:\/\/www.3lo.walbrzych.pl\/wordpress\/wp-json\/wp\/v2\/posts\/3988\/revisions\/3994"}],"wp:featuredmedia":[{"embeddable":true,"href":"https:\/\/www.3lo.walbrzych.pl\/wordpress\/wp-json\/wp\/v2\/media\/3993"}],"wp:attachment":[{"href":"https:\/\/www.3lo.walbrzych.pl\/wordpress\/wp-json\/wp\/v2\/media?parent=3988"}],"wp:term":[{"taxonomy":"category","embeddable":true,"href":"https:\/\/www.3lo.walbrzych.pl\/wordpress\/wp-json\/wp\/v2\/categories?post=3988"},{"taxonomy":"post_tag","embeddable":true,"href":"https:\/\/www.3lo.walbrzych.pl\/wordpress\/wp-json\/wp\/v2\/tags?post=3988"}],"curies":[{"name":"wp","href":"https:\/\/api.w.org\/{rel}","templated":true}]}}