{"id":7089,"date":"2023-09-22T17:01:10","date_gmt":"2023-09-22T15:01:10","guid":{"rendered":"http:\/\/www.3lo.walbrzych.pl\/wordpress\/?p=7089"},"modified":"2023-09-22T17:01:12","modified_gmt":"2023-09-22T15:01:12","slug":"warsztaty-choreograficzne-projekt-wczuj-sie-raz-jeszcze","status":"publish","type":"post","link":"https:\/\/www.3lo.walbrzych.pl\/wordpress\/warsztaty-choreograficzne-projekt-wczuj-sie-raz-jeszcze\/","title":{"rendered":"Warsztaty choreograficzne &#8211; projekt &#8222;Wczuj si\u0119 raz jeszcze!&#8221;"},"content":{"rendered":"\n<p class=\"wp-block-paragraph\">Czy chaos mo\u017ce by\u0107 tw\u00f3rczy? Czy cia\u0142o my\u015bli? Czy mo\u017ce tylko czuje? Jak wczu\u0107 si\u0119 w siebie nawzajem? Najlepsze, najbardziej dynamiczne, najbardziej ekspresywne, najmocniej swobodne warsztaty u nas w szkole. Zobaczcie fotorelacj\u0119. Rozpocz\u0119li\u015bmy projekt we wsp\u00f3\u0142pracy z Teatrem Dramatycznym ,,Wczuj si\u0119 raz jeszcze\u201d ! Dzi\u0119kujemy za wspaniale artystyczne trzy godziny wra\u017ce\u0144!<\/p>\n\n\n\n<figure class=\"wp-block-image size-large\"><img loading=\"lazy\" decoding=\"async\" width=\"1024\" height=\"768\" src=\"https:\/\/www.3lo.walbrzych.pl\/wordpress\/wp-content\/uploads\/2023\/09\/C2B76019-53F4-4220-B369-D6F8685F8E17-1024x768.jpeg\" alt=\"\" class=\"wp-image-7091\" srcset=\"https:\/\/www.3lo.walbrzych.pl\/wordpress\/wp-content\/uploads\/2023\/09\/C2B76019-53F4-4220-B369-D6F8685F8E17-1024x768.jpeg 1024w, https:\/\/www.3lo.walbrzych.pl\/wordpress\/wp-content\/uploads\/2023\/09\/C2B76019-53F4-4220-B369-D6F8685F8E17-300x225.jpeg 300w, https:\/\/www.3lo.walbrzych.pl\/wordpress\/wp-content\/uploads\/2023\/09\/C2B76019-53F4-4220-B369-D6F8685F8E17-768x576.jpeg 768w, https:\/\/www.3lo.walbrzych.pl\/wordpress\/wp-content\/uploads\/2023\/09\/C2B76019-53F4-4220-B369-D6F8685F8E17-1536x1152.jpeg 1536w, https:\/\/www.3lo.walbrzych.pl\/wordpress\/wp-content\/uploads\/2023\/09\/C2B76019-53F4-4220-B369-D6F8685F8E17.jpeg 2000w\" sizes=\"auto, (max-width: 1024px) 100vw, 1024px\" \/><\/figure>\n\n\n\n<figure class=\"wp-block-image size-large\"><img loading=\"lazy\" decoding=\"async\" width=\"1024\" height=\"768\" src=\"https:\/\/www.3lo.walbrzych.pl\/wordpress\/wp-content\/uploads\/2023\/09\/06B5B34B-AFB3-4773-B091-16FC9C4DF142-1-1024x768.jpeg\" alt=\"\" class=\"wp-image-7092\" srcset=\"https:\/\/www.3lo.walbrzych.pl\/wordpress\/wp-content\/uploads\/2023\/09\/06B5B34B-AFB3-4773-B091-16FC9C4DF142-1-1024x768.jpeg 1024w, https:\/\/www.3lo.walbrzych.pl\/wordpress\/wp-content\/uploads\/2023\/09\/06B5B34B-AFB3-4773-B091-16FC9C4DF142-1-300x225.jpeg 300w, https:\/\/www.3lo.walbrzych.pl\/wordpress\/wp-content\/uploads\/2023\/09\/06B5B34B-AFB3-4773-B091-16FC9C4DF142-1-768x576.jpeg 768w, https:\/\/www.3lo.walbrzych.pl\/wordpress\/wp-content\/uploads\/2023\/09\/06B5B34B-AFB3-4773-B091-16FC9C4DF142-1-1536x1152.jpeg 1536w, https:\/\/www.3lo.walbrzych.pl\/wordpress\/wp-content\/uploads\/2023\/09\/06B5B34B-AFB3-4773-B091-16FC9C4DF142-1.jpeg 2000w\" sizes=\"auto, (max-width: 1024px) 100vw, 1024px\" \/><\/figure>\n\n\n\n<figure class=\"wp-block-image size-large\"><img loading=\"lazy\" decoding=\"async\" width=\"1024\" height=\"768\" src=\"https:\/\/www.3lo.walbrzych.pl\/wordpress\/wp-content\/uploads\/2023\/09\/D3F593B1-691F-42EE-B979-665815903AA5-1-1024x768.jpeg\" alt=\"\" class=\"wp-image-7093\" srcset=\"https:\/\/www.3lo.walbrzych.pl\/wordpress\/wp-content\/uploads\/2023\/09\/D3F593B1-691F-42EE-B979-665815903AA5-1-1024x768.jpeg 1024w, https:\/\/www.3lo.walbrzych.pl\/wordpress\/wp-content\/uploads\/2023\/09\/D3F593B1-691F-42EE-B979-665815903AA5-1-300x225.jpeg 300w, https:\/\/www.3lo.walbrzych.pl\/wordpress\/wp-content\/uploads\/2023\/09\/D3F593B1-691F-42EE-B979-665815903AA5-1-768x576.jpeg 768w, https:\/\/www.3lo.walbrzych.pl\/wordpress\/wp-content\/uploads\/2023\/09\/D3F593B1-691F-42EE-B979-665815903AA5-1-1536x1152.jpeg 1536w, https:\/\/www.3lo.walbrzych.pl\/wordpress\/wp-content\/uploads\/2023\/09\/D3F593B1-691F-42EE-B979-665815903AA5-1.jpeg 2000w\" sizes=\"auto, (max-width: 1024px) 100vw, 1024px\" \/><\/figure>\n","protected":false},"excerpt":{"rendered":"<p>Czy chaos mo\u017ce by\u0107 tw\u00f3rczy? Czy cia\u0142o my\u015bli? Czy mo\u017ce tylko czuje? Jak wczu\u0107 si\u0119 w siebie nawzajem? Najlepsze, najbardziej dynamiczne, najbardziej ekspresywne, najmocniej swobodne warsztaty u nas w szkole. Zobaczcie fotorelacj\u0119. Rozpocz\u0119li\u015bmy projekt we wsp\u00f3\u0142pracy z Teatrem Dramatycznym ,,Wczuj si\u0119 raz jeszcze\u201d ! Dzi\u0119kujemy za wspaniale artystyczne trzy godziny wra\u017ce\u0144!<\/p>\n","protected":false},"author":48,"featured_media":7090,"comment_status":"closed","ping_status":"closed","sticky":false,"template":"","format":"standard","meta":{"footnotes":""},"categories":[19],"tags":[],"class_list":["post-7089","post","type-post","status-publish","format-standard","has-post-thumbnail","hentry","category-aktualnosci"],"yoast_head":"<!-- This site is optimized with the Yoast SEO plugin v28.4 - https:\/\/yoast.com\/product\/yoast-seo-wordpress\/ -->\n<title>Warsztaty choreograficzne - projekt &quot;Wczuj si\u0119 raz jeszcze!&quot; - III Liceum Og\u00f3lnokszta\u0142c\u0105ce im. Miko\u0142aja Kopernika<\/title>\n<meta name=\"robots\" content=\"index, follow, max-snippet:-1, max-image-preview:large, max-video-preview:-1\" \/>\n<link rel=\"canonical\" href=\"https:\/\/www.3lo.walbrzych.pl\/wordpress\/warsztaty-choreograficzne-projekt-wczuj-sie-raz-jeszcze\/\" \/>\n<meta property=\"og:locale\" content=\"pl_PL\" \/>\n<meta property=\"og:type\" content=\"article\" \/>\n<meta property=\"og:title\" content=\"Warsztaty choreograficzne - projekt &quot;Wczuj si\u0119 raz jeszcze!&quot; - III Liceum Og\u00f3lnokszta\u0142c\u0105ce im. Miko\u0142aja Kopernika\" \/>\n<meta property=\"og:description\" content=\"Czy chaos mo\u017ce by\u0107 tw\u00f3rczy? Czy cia\u0142o my\u015bli? Czy mo\u017ce tylko czuje? Jak wczu\u0107 si\u0119 w siebie nawzajem? Najlepsze, najbardziej dynamiczne, najbardziej ekspresywne, najmocniej swobodne warsztaty u nas w szkole. Zobaczcie fotorelacj\u0119. Rozpocz\u0119li\u015bmy projekt we wsp\u00f3\u0142pracy z Teatrem Dramatycznym ,,Wczuj si\u0119 raz jeszcze\u201d ! Dzi\u0119kujemy za wspaniale artystyczne trzy godziny wra\u017ce\u0144!\" \/>\n<meta property=\"og:url\" content=\"https:\/\/www.3lo.walbrzych.pl\/wordpress\/warsztaty-choreograficzne-projekt-wczuj-sie-raz-jeszcze\/\" \/>\n<meta property=\"og:site_name\" content=\"III Liceum Og\u00f3lnokszta\u0142c\u0105ce im. Miko\u0142aja Kopernika\" \/>\n<meta property=\"article:published_time\" content=\"2023-09-22T15:01:10+00:00\" \/>\n<meta property=\"article:modified_time\" content=\"2023-09-22T15:01:12+00:00\" \/>\n<meta property=\"og:image\" content=\"https:\/\/www.3lo.walbrzych.pl\/wordpress\/wp-content\/uploads\/2023\/09\/729D9ADF-EB9C-4F37-B446-9B7FFB1D73E4.jpeg\" \/>\n\t<meta property=\"og:image:width\" content=\"2000\" \/>\n\t<meta property=\"og:image:height\" content=\"1500\" \/>\n\t<meta property=\"og:image:type\" content=\"image\/jpeg\" \/>\n<meta name=\"author\" content=\"Micha\u0142 Cetera\" \/>\n<meta name=\"twitter:card\" content=\"summary_large_image\" \/>\n<meta name=\"twitter:label1\" content=\"Napisane przez\" \/>\n\t<meta name=\"twitter:data1\" content=\"Micha\u0142 Cetera\" \/>\n<script type=\"application\/ld+json\" class=\"yoast-schema-graph\">{\"@context\":\"https:\\\/\\\/schema.org\",\"@graph\":[{\"@type\":\"Article\",\"@id\":\"https:\\\/\\\/www.3lo.walbrzych.pl\\\/wordpress\\\/warsztaty-choreograficzne-projekt-wczuj-sie-raz-jeszcze\\\/#article\",\"isPartOf\":{\"@id\":\"https:\\\/\\\/www.3lo.walbrzych.pl\\\/wordpress\\\/warsztaty-choreograficzne-projekt-wczuj-sie-raz-jeszcze\\\/\"},\"author\":{\"name\":\"Micha\u0142 Cetera\",\"@id\":\"https:\\\/\\\/www.3lo.walbrzych.pl\\\/wordpress\\\/#\\\/schema\\\/person\\\/ff9afc6eca5e68699c4be1e41f0ec427\"},\"headline\":\"Warsztaty choreograficzne &#8211; projekt &#8222;Wczuj si\u0119 raz jeszcze!&#8221;\",\"datePublished\":\"2023-09-22T15:01:10+00:00\",\"dateModified\":\"2023-09-22T15:01:12+00:00\",\"mainEntityOfPage\":{\"@id\":\"https:\\\/\\\/www.3lo.walbrzych.pl\\\/wordpress\\\/warsztaty-choreograficzne-projekt-wczuj-sie-raz-jeszcze\\\/\"},\"wordCount\":68,\"publisher\":{\"@id\":\"https:\\\/\\\/www.3lo.walbrzych.pl\\\/wordpress\\\/#organization\"},\"image\":{\"@id\":\"https:\\\/\\\/www.3lo.walbrzych.pl\\\/wordpress\\\/warsztaty-choreograficzne-projekt-wczuj-sie-raz-jeszcze\\\/#primaryimage\"},\"thumbnailUrl\":\"https:\\\/\\\/www.3lo.walbrzych.pl\\\/wordpress\\\/wp-content\\\/uploads\\\/2023\\\/09\\\/729D9ADF-EB9C-4F37-B446-9B7FFB1D73E4.jpeg\",\"articleSection\":[\"Aktualno\u015bci\"],\"inLanguage\":\"pl-PL\"},{\"@type\":\"WebPage\",\"@id\":\"https:\\\/\\\/www.3lo.walbrzych.pl\\\/wordpress\\\/warsztaty-choreograficzne-projekt-wczuj-sie-raz-jeszcze\\\/\",\"url\":\"https:\\\/\\\/www.3lo.walbrzych.pl\\\/wordpress\\\/warsztaty-choreograficzne-projekt-wczuj-sie-raz-jeszcze\\\/\",\"name\":\"Warsztaty choreograficzne - projekt \\\"Wczuj si\u0119 raz jeszcze!\\\" - III Liceum Og\u00f3lnokszta\u0142c\u0105ce im. Miko\u0142aja Kopernika\",\"isPartOf\":{\"@id\":\"https:\\\/\\\/www.3lo.walbrzych.pl\\\/wordpress\\\/#website\"},\"primaryImageOfPage\":{\"@id\":\"https:\\\/\\\/www.3lo.walbrzych.pl\\\/wordpress\\\/warsztaty-choreograficzne-projekt-wczuj-sie-raz-jeszcze\\\/#primaryimage\"},\"image\":{\"@id\":\"https:\\\/\\\/www.3lo.walbrzych.pl\\\/wordpress\\\/warsztaty-choreograficzne-projekt-wczuj-sie-raz-jeszcze\\\/#primaryimage\"},\"thumbnailUrl\":\"https:\\\/\\\/www.3lo.walbrzych.pl\\\/wordpress\\\/wp-content\\\/uploads\\\/2023\\\/09\\\/729D9ADF-EB9C-4F37-B446-9B7FFB1D73E4.jpeg\",\"datePublished\":\"2023-09-22T15:01:10+00:00\",\"dateModified\":\"2023-09-22T15:01:12+00:00\",\"breadcrumb\":{\"@id\":\"https:\\\/\\\/www.3lo.walbrzych.pl\\\/wordpress\\\/warsztaty-choreograficzne-projekt-wczuj-sie-raz-jeszcze\\\/#breadcrumb\"},\"inLanguage\":\"pl-PL\",\"potentialAction\":[{\"@type\":\"ReadAction\",\"target\":[\"https:\\\/\\\/www.3lo.walbrzych.pl\\\/wordpress\\\/warsztaty-choreograficzne-projekt-wczuj-sie-raz-jeszcze\\\/\"]}]},{\"@type\":\"ImageObject\",\"inLanguage\":\"pl-PL\",\"@id\":\"https:\\\/\\\/www.3lo.walbrzych.pl\\\/wordpress\\\/warsztaty-choreograficzne-projekt-wczuj-sie-raz-jeszcze\\\/#primaryimage\",\"url\":\"https:\\\/\\\/www.3lo.walbrzych.pl\\\/wordpress\\\/wp-content\\\/uploads\\\/2023\\\/09\\\/729D9ADF-EB9C-4F37-B446-9B7FFB1D73E4.jpeg\",\"contentUrl\":\"https:\\\/\\\/www.3lo.walbrzych.pl\\\/wordpress\\\/wp-content\\\/uploads\\\/2023\\\/09\\\/729D9ADF-EB9C-4F37-B446-9B7FFB1D73E4.jpeg\",\"width\":2000,\"height\":1500},{\"@type\":\"BreadcrumbList\",\"@id\":\"https:\\\/\\\/www.3lo.walbrzych.pl\\\/wordpress\\\/warsztaty-choreograficzne-projekt-wczuj-sie-raz-jeszcze\\\/#breadcrumb\",\"itemListElement\":[{\"@type\":\"ListItem\",\"position\":1,\"name\":\"Strona g\u0142\u00f3wna\",\"item\":\"https:\\\/\\\/www.3lo.walbrzych.pl\\\/wordpress\\\/\"},{\"@type\":\"ListItem\",\"position\":2,\"name\":\"Warsztaty choreograficzne &#8211; projekt &#8222;Wczuj si\u0119 raz jeszcze!&#8221;\"}]},{\"@type\":\"WebSite\",\"@id\":\"https:\\\/\\\/www.3lo.walbrzych.pl\\\/wordpress\\\/#website\",\"url\":\"https:\\\/\\\/www.3lo.walbrzych.pl\\\/wordpress\\\/\",\"name\":\"III Liceum Og\u00f3lnokszta\u0142c\u0105ce im. Miko\u0142aja Kopernika\",\"description\":\"\",\"publisher\":{\"@id\":\"https:\\\/\\\/www.3lo.walbrzych.pl\\\/wordpress\\\/#organization\"},\"potentialAction\":[{\"@type\":\"SearchAction\",\"target\":{\"@type\":\"EntryPoint\",\"urlTemplate\":\"https:\\\/\\\/www.3lo.walbrzych.pl\\\/wordpress\\\/?s={search_term_string}\"},\"query-input\":{\"@type\":\"PropertyValueSpecification\",\"valueRequired\":true,\"valueName\":\"search_term_string\"}}],\"inLanguage\":\"pl-PL\"},{\"@type\":\"Organization\",\"@id\":\"https:\\\/\\\/www.3lo.walbrzych.pl\\\/wordpress\\\/#organization\",\"name\":\"III Liceum Og\u00f3lnokszta\u0142c\u0105ce im. Miko\u0142aja Kopernika\",\"url\":\"https:\\\/\\\/www.3lo.walbrzych.pl\\\/wordpress\\\/\",\"logo\":{\"@type\":\"ImageObject\",\"inLanguage\":\"pl-PL\",\"@id\":\"https:\\\/\\\/www.3lo.walbrzych.pl\\\/wordpress\\\/#\\\/schema\\\/logo\\\/image\\\/\",\"url\":\"https:\\\/\\\/www.3lo.walbrzych.pl\\\/wordpress\\\/wp-content\\\/uploads\\\/2025\\\/09\\\/logo-szkoly-scaled.jpg\",\"contentUrl\":\"https:\\\/\\\/www.3lo.walbrzych.pl\\\/wordpress\\\/wp-content\\\/uploads\\\/2025\\\/09\\\/logo-szkoly-scaled.jpg\",\"width\":2560,\"height\":914,\"caption\":\"III Liceum Og\u00f3lnokszta\u0142c\u0105ce im. Miko\u0142aja Kopernika\"},\"image\":{\"@id\":\"https:\\\/\\\/www.3lo.walbrzych.pl\\\/wordpress\\\/#\\\/schema\\\/logo\\\/image\\\/\"}},{\"@type\":\"Person\",\"@id\":\"https:\\\/\\\/www.3lo.walbrzych.pl\\\/wordpress\\\/#\\\/schema\\\/person\\\/ff9afc6eca5e68699c4be1e41f0ec427\",\"name\":\"Micha\u0142 Cetera\",\"url\":\"https:\\\/\\\/www.3lo.walbrzych.pl\\\/wordpress\\\/author\\\/mcetera\\\/\"}]}<\/script>\n<!-- \/ Yoast SEO plugin. -->","yoast_head_json":{"title":"Warsztaty choreograficzne - projekt \"Wczuj si\u0119 raz jeszcze!\" - III Liceum Og\u00f3lnokszta\u0142c\u0105ce im. Miko\u0142aja Kopernika","robots":{"index":"index","follow":"follow","max-snippet":"max-snippet:-1","max-image-preview":"max-image-preview:large","max-video-preview":"max-video-preview:-1"},"canonical":"https:\/\/www.3lo.walbrzych.pl\/wordpress\/warsztaty-choreograficzne-projekt-wczuj-sie-raz-jeszcze\/","og_locale":"pl_PL","og_type":"article","og_title":"Warsztaty choreograficzne - projekt \"Wczuj si\u0119 raz jeszcze!\" - III Liceum Og\u00f3lnokszta\u0142c\u0105ce im. Miko\u0142aja Kopernika","og_description":"Czy chaos mo\u017ce by\u0107 tw\u00f3rczy? Czy cia\u0142o my\u015bli? Czy mo\u017ce tylko czuje? Jak wczu\u0107 si\u0119 w siebie nawzajem? Najlepsze, najbardziej dynamiczne, najbardziej ekspresywne, najmocniej swobodne warsztaty u nas w szkole. Zobaczcie fotorelacj\u0119. Rozpocz\u0119li\u015bmy projekt we wsp\u00f3\u0142pracy z Teatrem Dramatycznym ,,Wczuj si\u0119 raz jeszcze\u201d ! Dzi\u0119kujemy za wspaniale artystyczne trzy godziny wra\u017ce\u0144!","og_url":"https:\/\/www.3lo.walbrzych.pl\/wordpress\/warsztaty-choreograficzne-projekt-wczuj-sie-raz-jeszcze\/","og_site_name":"III Liceum Og\u00f3lnokszta\u0142c\u0105ce im. Miko\u0142aja Kopernika","article_published_time":"2023-09-22T15:01:10+00:00","article_modified_time":"2023-09-22T15:01:12+00:00","og_image":[{"width":2000,"height":1500,"url":"https:\/\/www.3lo.walbrzych.pl\/wordpress\/wp-content\/uploads\/2023\/09\/729D9ADF-EB9C-4F37-B446-9B7FFB1D73E4.jpeg","type":"image\/jpeg"}],"author":"Micha\u0142 Cetera","twitter_card":"summary_large_image","twitter_misc":{"Napisane przez":"Micha\u0142 Cetera"},"schema":{"@context":"https:\/\/schema.org","@graph":[{"@type":"Article","@id":"https:\/\/www.3lo.walbrzych.pl\/wordpress\/warsztaty-choreograficzne-projekt-wczuj-sie-raz-jeszcze\/#article","isPartOf":{"@id":"https:\/\/www.3lo.walbrzych.pl\/wordpress\/warsztaty-choreograficzne-projekt-wczuj-sie-raz-jeszcze\/"},"author":{"name":"Micha\u0142 Cetera","@id":"https:\/\/www.3lo.walbrzych.pl\/wordpress\/#\/schema\/person\/ff9afc6eca5e68699c4be1e41f0ec427"},"headline":"Warsztaty choreograficzne &#8211; projekt &#8222;Wczuj si\u0119 raz jeszcze!&#8221;","datePublished":"2023-09-22T15:01:10+00:00","dateModified":"2023-09-22T15:01:12+00:00","mainEntityOfPage":{"@id":"https:\/\/www.3lo.walbrzych.pl\/wordpress\/warsztaty-choreograficzne-projekt-wczuj-sie-raz-jeszcze\/"},"wordCount":68,"publisher":{"@id":"https:\/\/www.3lo.walbrzych.pl\/wordpress\/#organization"},"image":{"@id":"https:\/\/www.3lo.walbrzych.pl\/wordpress\/warsztaty-choreograficzne-projekt-wczuj-sie-raz-jeszcze\/#primaryimage"},"thumbnailUrl":"https:\/\/www.3lo.walbrzych.pl\/wordpress\/wp-content\/uploads\/2023\/09\/729D9ADF-EB9C-4F37-B446-9B7FFB1D73E4.jpeg","articleSection":["Aktualno\u015bci"],"inLanguage":"pl-PL"},{"@type":"WebPage","@id":"https:\/\/www.3lo.walbrzych.pl\/wordpress\/warsztaty-choreograficzne-projekt-wczuj-sie-raz-jeszcze\/","url":"https:\/\/www.3lo.walbrzych.pl\/wordpress\/warsztaty-choreograficzne-projekt-wczuj-sie-raz-jeszcze\/","name":"Warsztaty choreograficzne - projekt \"Wczuj si\u0119 raz jeszcze!\" - III Liceum Og\u00f3lnokszta\u0142c\u0105ce im. Miko\u0142aja Kopernika","isPartOf":{"@id":"https:\/\/www.3lo.walbrzych.pl\/wordpress\/#website"},"primaryImageOfPage":{"@id":"https:\/\/www.3lo.walbrzych.pl\/wordpress\/warsztaty-choreograficzne-projekt-wczuj-sie-raz-jeszcze\/#primaryimage"},"image":{"@id":"https:\/\/www.3lo.walbrzych.pl\/wordpress\/warsztaty-choreograficzne-projekt-wczuj-sie-raz-jeszcze\/#primaryimage"},"thumbnailUrl":"https:\/\/www.3lo.walbrzych.pl\/wordpress\/wp-content\/uploads\/2023\/09\/729D9ADF-EB9C-4F37-B446-9B7FFB1D73E4.jpeg","datePublished":"2023-09-22T15:01:10+00:00","dateModified":"2023-09-22T15:01:12+00:00","breadcrumb":{"@id":"https:\/\/www.3lo.walbrzych.pl\/wordpress\/warsztaty-choreograficzne-projekt-wczuj-sie-raz-jeszcze\/#breadcrumb"},"inLanguage":"pl-PL","potentialAction":[{"@type":"ReadAction","target":["https:\/\/www.3lo.walbrzych.pl\/wordpress\/warsztaty-choreograficzne-projekt-wczuj-sie-raz-jeszcze\/"]}]},{"@type":"ImageObject","inLanguage":"pl-PL","@id":"https:\/\/www.3lo.walbrzych.pl\/wordpress\/warsztaty-choreograficzne-projekt-wczuj-sie-raz-jeszcze\/#primaryimage","url":"https:\/\/www.3lo.walbrzych.pl\/wordpress\/wp-content\/uploads\/2023\/09\/729D9ADF-EB9C-4F37-B446-9B7FFB1D73E4.jpeg","contentUrl":"https:\/\/www.3lo.walbrzych.pl\/wordpress\/wp-content\/uploads\/2023\/09\/729D9ADF-EB9C-4F37-B446-9B7FFB1D73E4.jpeg","width":2000,"height":1500},{"@type":"BreadcrumbList","@id":"https:\/\/www.3lo.walbrzych.pl\/wordpress\/warsztaty-choreograficzne-projekt-wczuj-sie-raz-jeszcze\/#breadcrumb","itemListElement":[{"@type":"ListItem","position":1,"name":"Strona g\u0142\u00f3wna","item":"https:\/\/www.3lo.walbrzych.pl\/wordpress\/"},{"@type":"ListItem","position":2,"name":"Warsztaty choreograficzne &#8211; projekt &#8222;Wczuj si\u0119 raz jeszcze!&#8221;"}]},{"@type":"WebSite","@id":"https:\/\/www.3lo.walbrzych.pl\/wordpress\/#website","url":"https:\/\/www.3lo.walbrzych.pl\/wordpress\/","name":"III Liceum Og\u00f3lnokszta\u0142c\u0105ce im. Miko\u0142aja Kopernika","description":"","publisher":{"@id":"https:\/\/www.3lo.walbrzych.pl\/wordpress\/#organization"},"potentialAction":[{"@type":"SearchAction","target":{"@type":"EntryPoint","urlTemplate":"https:\/\/www.3lo.walbrzych.pl\/wordpress\/?s={search_term_string}"},"query-input":{"@type":"PropertyValueSpecification","valueRequired":true,"valueName":"search_term_string"}}],"inLanguage":"pl-PL"},{"@type":"Organization","@id":"https:\/\/www.3lo.walbrzych.pl\/wordpress\/#organization","name":"III Liceum Og\u00f3lnokszta\u0142c\u0105ce im. Miko\u0142aja Kopernika","url":"https:\/\/www.3lo.walbrzych.pl\/wordpress\/","logo":{"@type":"ImageObject","inLanguage":"pl-PL","@id":"https:\/\/www.3lo.walbrzych.pl\/wordpress\/#\/schema\/logo\/image\/","url":"https:\/\/www.3lo.walbrzych.pl\/wordpress\/wp-content\/uploads\/2025\/09\/logo-szkoly-scaled.jpg","contentUrl":"https:\/\/www.3lo.walbrzych.pl\/wordpress\/wp-content\/uploads\/2025\/09\/logo-szkoly-scaled.jpg","width":2560,"height":914,"caption":"III Liceum Og\u00f3lnokszta\u0142c\u0105ce im. Miko\u0142aja Kopernika"},"image":{"@id":"https:\/\/www.3lo.walbrzych.pl\/wordpress\/#\/schema\/logo\/image\/"}},{"@type":"Person","@id":"https:\/\/www.3lo.walbrzych.pl\/wordpress\/#\/schema\/person\/ff9afc6eca5e68699c4be1e41f0ec427","name":"Micha\u0142 Cetera","url":"https:\/\/www.3lo.walbrzych.pl\/wordpress\/author\/mcetera\/"}]}},"_links":{"self":[{"href":"https:\/\/www.3lo.walbrzych.pl\/wordpress\/wp-json\/wp\/v2\/posts\/7089","targetHints":{"allow":["GET"]}}],"collection":[{"href":"https:\/\/www.3lo.walbrzych.pl\/wordpress\/wp-json\/wp\/v2\/posts"}],"about":[{"href":"https:\/\/www.3lo.walbrzych.pl\/wordpress\/wp-json\/wp\/v2\/types\/post"}],"author":[{"embeddable":true,"href":"https:\/\/www.3lo.walbrzych.pl\/wordpress\/wp-json\/wp\/v2\/users\/48"}],"replies":[{"embeddable":true,"href":"https:\/\/www.3lo.walbrzych.pl\/wordpress\/wp-json\/wp\/v2\/comments?post=7089"}],"version-history":[{"count":1,"href":"https:\/\/www.3lo.walbrzych.pl\/wordpress\/wp-json\/wp\/v2\/posts\/7089\/revisions"}],"predecessor-version":[{"id":7094,"href":"https:\/\/www.3lo.walbrzych.pl\/wordpress\/wp-json\/wp\/v2\/posts\/7089\/revisions\/7094"}],"wp:featuredmedia":[{"embeddable":true,"href":"https:\/\/www.3lo.walbrzych.pl\/wordpress\/wp-json\/wp\/v2\/media\/7090"}],"wp:attachment":[{"href":"https:\/\/www.3lo.walbrzych.pl\/wordpress\/wp-json\/wp\/v2\/media?parent=7089"}],"wp:term":[{"taxonomy":"category","embeddable":true,"href":"https:\/\/www.3lo.walbrzych.pl\/wordpress\/wp-json\/wp\/v2\/categories?post=7089"},{"taxonomy":"post_tag","embeddable":true,"href":"https:\/\/www.3lo.walbrzych.pl\/wordpress\/wp-json\/wp\/v2\/tags?post=7089"}],"curies":[{"name":"wp","href":"https:\/\/api.w.org\/{rel}","templated":true}]}}