{"id":7112,"date":"2023-09-27T13:46:45","date_gmt":"2023-09-27T11:46:45","guid":{"rendered":"http:\/\/www.3lo.walbrzych.pl\/wordpress\/?p=7112"},"modified":"2023-09-27T13:46:46","modified_gmt":"2023-09-27T11:46:46","slug":"dzien-jezykow-obcych-w-3lo-2","status":"publish","type":"post","link":"https:\/\/www.3lo.walbrzych.pl\/wordpress\/dzien-jezykow-obcych-w-3lo-2\/","title":{"rendered":"Dzie\u0144 J\u0119zyk\u00f3w Obcych w 3LO"},"content":{"rendered":"\n<p class=\"wp-block-paragraph\">26 wrze\u015bnia obchodzimy Europejski Dzie\u0144 J\u0119zyk\u00f3w Obcych. Z tej okazji w naszej szkole uczniowie przygotowali plakaty na kt\u00f3rych zosta\u0142y zaprezentowane cytaty znanych postaci zar\u00f3wno w historycznych jak i fikcyjnych. <\/p>\n\n\n\n<figure class=\"wp-block-image size-large\"><img loading=\"lazy\" decoding=\"async\" width=\"1024\" height=\"1024\" src=\"https:\/\/www.3lo.walbrzych.pl\/wordpress\/wp-content\/uploads\/2023\/09\/382430841_819001840226312_7152466284661385815_n-1024x1024.jpg\" alt=\"\" class=\"wp-image-7114\" srcset=\"https:\/\/www.3lo.walbrzych.pl\/wordpress\/wp-content\/uploads\/2023\/09\/382430841_819001840226312_7152466284661385815_n-1024x1024.jpg 1024w, https:\/\/www.3lo.walbrzych.pl\/wordpress\/wp-content\/uploads\/2023\/09\/382430841_819001840226312_7152466284661385815_n-300x300.jpg 300w, https:\/\/www.3lo.walbrzych.pl\/wordpress\/wp-content\/uploads\/2023\/09\/382430841_819001840226312_7152466284661385815_n-150x150.jpg 150w, https:\/\/www.3lo.walbrzych.pl\/wordpress\/wp-content\/uploads\/2023\/09\/382430841_819001840226312_7152466284661385815_n-768x768.jpg 768w, https:\/\/www.3lo.walbrzych.pl\/wordpress\/wp-content\/uploads\/2023\/09\/382430841_819001840226312_7152466284661385815_n-1536x1536.jpg 1536w, https:\/\/www.3lo.walbrzych.pl\/wordpress\/wp-content\/uploads\/2023\/09\/382430841_819001840226312_7152466284661385815_n.jpg 2048w\" sizes=\"auto, (max-width: 1024px) 100vw, 1024px\" \/><\/figure>\n\n\n\n<p class=\"wp-block-paragraph\">Za najlepsze jury uzna\u0142o nast\u0119puj\u0105ce prace:<\/p>\n\n\n\n<p class=\"wp-block-paragraph\">1. miejsce Amelia Burnat 2c <\/p>\n\n\n\n<p class=\"wp-block-paragraph\">2. miejsce Alicja D\u0105browska 1c <\/p>\n\n\n\n<p class=\"wp-block-paragraph\">3. miejsce Amelia Kurant i Laura Gromniak 2c ex aequo Martyna Matusik 3e<\/p>\n\n\n\n<p class=\"wp-block-paragraph\">Specjalne wyr\u00f3\u017cnienie dla Martyny Wojtysiak 3e.<\/p>\n\n\n\n<figure class=\"wp-block-image size-large\"><img loading=\"lazy\" decoding=\"async\" width=\"1024\" height=\"1024\" src=\"https:\/\/www.3lo.walbrzych.pl\/wordpress\/wp-content\/uploads\/2023\/09\/382150477_819001903559639_5248228806258164357_n-1024x1024.jpg\" alt=\"\" class=\"wp-image-7115\" srcset=\"https:\/\/www.3lo.walbrzych.pl\/wordpress\/wp-content\/uploads\/2023\/09\/382150477_819001903559639_5248228806258164357_n-1024x1024.jpg 1024w, https:\/\/www.3lo.walbrzych.pl\/wordpress\/wp-content\/uploads\/2023\/09\/382150477_819001903559639_5248228806258164357_n-300x300.jpg 300w, https:\/\/www.3lo.walbrzych.pl\/wordpress\/wp-content\/uploads\/2023\/09\/382150477_819001903559639_5248228806258164357_n-150x150.jpg 150w, https:\/\/www.3lo.walbrzych.pl\/wordpress\/wp-content\/uploads\/2023\/09\/382150477_819001903559639_5248228806258164357_n-768x768.jpg 768w, https:\/\/www.3lo.walbrzych.pl\/wordpress\/wp-content\/uploads\/2023\/09\/382150477_819001903559639_5248228806258164357_n-1536x1536.jpg 1536w, https:\/\/www.3lo.walbrzych.pl\/wordpress\/wp-content\/uploads\/2023\/09\/382150477_819001903559639_5248228806258164357_n.jpg 2048w\" sizes=\"auto, (max-width: 1024px) 100vw, 1024px\" \/><\/figure>\n\n\n\n<figure class=\"wp-block-image size-large\"><img loading=\"lazy\" decoding=\"async\" width=\"1024\" height=\"1024\" src=\"https:\/\/www.3lo.walbrzych.pl\/wordpress\/wp-content\/uploads\/2023\/09\/382434167_819001980226298_355020216444219085_n-1024x1024.jpg\" alt=\"\" class=\"wp-image-7116\" srcset=\"https:\/\/www.3lo.walbrzych.pl\/wordpress\/wp-content\/uploads\/2023\/09\/382434167_819001980226298_355020216444219085_n-1024x1024.jpg 1024w, https:\/\/www.3lo.walbrzych.pl\/wordpress\/wp-content\/uploads\/2023\/09\/382434167_819001980226298_355020216444219085_n-300x300.jpg 300w, https:\/\/www.3lo.walbrzych.pl\/wordpress\/wp-content\/uploads\/2023\/09\/382434167_819001980226298_355020216444219085_n-150x150.jpg 150w, https:\/\/www.3lo.walbrzych.pl\/wordpress\/wp-content\/uploads\/2023\/09\/382434167_819001980226298_355020216444219085_n-768x768.jpg 768w, https:\/\/www.3lo.walbrzych.pl\/wordpress\/wp-content\/uploads\/2023\/09\/382434167_819001980226298_355020216444219085_n-1536x1536.jpg 1536w, https:\/\/www.3lo.walbrzych.pl\/wordpress\/wp-content\/uploads\/2023\/09\/382434167_819001980226298_355020216444219085_n.jpg 2048w\" sizes=\"auto, (max-width: 1024px) 100vw, 1024px\" \/><\/figure>\n\n\n\n<figure class=\"wp-block-image size-large\"><img loading=\"lazy\" decoding=\"async\" width=\"1024\" height=\"1024\" src=\"https:\/\/www.3lo.walbrzych.pl\/wordpress\/wp-content\/uploads\/2023\/09\/382470756_819002276892935_7858982780233393462_n-1024x1024.jpg\" alt=\"\" class=\"wp-image-7117\" srcset=\"https:\/\/www.3lo.walbrzych.pl\/wordpress\/wp-content\/uploads\/2023\/09\/382470756_819002276892935_7858982780233393462_n-1024x1024.jpg 1024w, https:\/\/www.3lo.walbrzych.pl\/wordpress\/wp-content\/uploads\/2023\/09\/382470756_819002276892935_7858982780233393462_n-300x300.jpg 300w, https:\/\/www.3lo.walbrzych.pl\/wordpress\/wp-content\/uploads\/2023\/09\/382470756_819002276892935_7858982780233393462_n-150x150.jpg 150w, https:\/\/www.3lo.walbrzych.pl\/wordpress\/wp-content\/uploads\/2023\/09\/382470756_819002276892935_7858982780233393462_n-768x768.jpg 768w, https:\/\/www.3lo.walbrzych.pl\/wordpress\/wp-content\/uploads\/2023\/09\/382470756_819002276892935_7858982780233393462_n-1536x1536.jpg 1536w, https:\/\/www.3lo.walbrzych.pl\/wordpress\/wp-content\/uploads\/2023\/09\/382470756_819002276892935_7858982780233393462_n.jpg 2048w\" sizes=\"auto, (max-width: 1024px) 100vw, 1024px\" \/><\/figure>\n","protected":false},"excerpt":{"rendered":"<p>26 wrze\u015bnia obchodzimy Europejski Dzie\u0144 J\u0119zyk\u00f3w Obcych. Z tej okazji w naszej szkole uczniowie przygotowali plakaty na kt\u00f3rych zosta\u0142y zaprezentowane cytaty znanych postaci zar\u00f3wno w historycznych jak i fikcyjnych. Za najlepsze jury uzna\u0142o nast\u0119puj\u0105ce prace: 1. miejsce Amelia Burnat 2c 2. miejsce Alicja D\u0105browska 1c 3. miejsce Amelia Kurant i Laura Gromniak 2c ex aequo [&hellip;]<\/p>\n","protected":false},"author":48,"featured_media":7113,"comment_status":"closed","ping_status":"closed","sticky":false,"template":"","format":"standard","meta":{"footnotes":""},"categories":[19],"tags":[],"class_list":["post-7112","post","type-post","status-publish","format-standard","has-post-thumbnail","hentry","category-aktualnosci"],"yoast_head":"<!-- This site is optimized with the Yoast SEO plugin v28.4 - https:\/\/yoast.com\/product\/yoast-seo-wordpress\/ -->\n<title>Dzie\u0144 J\u0119zyk\u00f3w Obcych w 3LO - III Liceum Og\u00f3lnokszta\u0142c\u0105ce im. Miko\u0142aja Kopernika<\/title>\n<meta name=\"robots\" content=\"index, follow, max-snippet:-1, max-image-preview:large, max-video-preview:-1\" \/>\n<link rel=\"canonical\" href=\"https:\/\/www.3lo.walbrzych.pl\/wordpress\/dzien-jezykow-obcych-w-3lo-2\/\" \/>\n<meta property=\"og:locale\" content=\"pl_PL\" \/>\n<meta property=\"og:type\" content=\"article\" \/>\n<meta property=\"og:title\" content=\"Dzie\u0144 J\u0119zyk\u00f3w Obcych w 3LO - III Liceum Og\u00f3lnokszta\u0142c\u0105ce im. Miko\u0142aja Kopernika\" \/>\n<meta property=\"og:description\" content=\"26 wrze\u015bnia obchodzimy Europejski Dzie\u0144 J\u0119zyk\u00f3w Obcych. Z tej okazji w naszej szkole uczniowie przygotowali plakaty na kt\u00f3rych zosta\u0142y zaprezentowane cytaty znanych postaci zar\u00f3wno w historycznych jak i fikcyjnych. Za najlepsze jury uzna\u0142o nast\u0119puj\u0105ce prace: 1. miejsce Amelia Burnat 2c 2. miejsce Alicja D\u0105browska 1c 3. miejsce Amelia Kurant i Laura Gromniak 2c ex aequo [&hellip;]\" \/>\n<meta property=\"og:url\" content=\"https:\/\/www.3lo.walbrzych.pl\/wordpress\/dzien-jezykow-obcych-w-3lo-2\/\" \/>\n<meta property=\"og:site_name\" content=\"III Liceum Og\u00f3lnokszta\u0142c\u0105ce im. Miko\u0142aja Kopernika\" \/>\n<meta property=\"article:published_time\" content=\"2023-09-27T11:46:45+00:00\" \/>\n<meta property=\"article:modified_time\" content=\"2023-09-27T11:46:46+00:00\" \/>\n<meta property=\"og:image\" content=\"https:\/\/www.3lo.walbrzych.pl\/wordpress\/wp-content\/uploads\/2023\/09\/382169701_819001783559651_8580168939751848834_n.jpg\" \/>\n\t<meta property=\"og:image:width\" content=\"2048\" \/>\n\t<meta property=\"og:image:height\" content=\"2048\" \/>\n\t<meta property=\"og:image:type\" content=\"image\/jpeg\" \/>\n<meta name=\"author\" content=\"Micha\u0142 Cetera\" \/>\n<meta name=\"twitter:card\" content=\"summary_large_image\" \/>\n<meta name=\"twitter:label1\" content=\"Napisane przez\" \/>\n\t<meta name=\"twitter:data1\" content=\"Micha\u0142 Cetera\" \/>\n<script type=\"application\/ld+json\" class=\"yoast-schema-graph\">{\"@context\":\"https:\\\/\\\/schema.org\",\"@graph\":[{\"@type\":\"Article\",\"@id\":\"https:\\\/\\\/www.3lo.walbrzych.pl\\\/wordpress\\\/dzien-jezykow-obcych-w-3lo-2\\\/#article\",\"isPartOf\":{\"@id\":\"https:\\\/\\\/www.3lo.walbrzych.pl\\\/wordpress\\\/dzien-jezykow-obcych-w-3lo-2\\\/\"},\"author\":{\"name\":\"Micha\u0142 Cetera\",\"@id\":\"https:\\\/\\\/www.3lo.walbrzych.pl\\\/wordpress\\\/#\\\/schema\\\/person\\\/ff9afc6eca5e68699c4be1e41f0ec427\"},\"headline\":\"Dzie\u0144 J\u0119zyk\u00f3w Obcych w 3LO\",\"datePublished\":\"2023-09-27T11:46:45+00:00\",\"dateModified\":\"2023-09-27T11:46:46+00:00\",\"mainEntityOfPage\":{\"@id\":\"https:\\\/\\\/www.3lo.walbrzych.pl\\\/wordpress\\\/dzien-jezykow-obcych-w-3lo-2\\\/\"},\"wordCount\":78,\"publisher\":{\"@id\":\"https:\\\/\\\/www.3lo.walbrzych.pl\\\/wordpress\\\/#organization\"},\"image\":{\"@id\":\"https:\\\/\\\/www.3lo.walbrzych.pl\\\/wordpress\\\/dzien-jezykow-obcych-w-3lo-2\\\/#primaryimage\"},\"thumbnailUrl\":\"https:\\\/\\\/www.3lo.walbrzych.pl\\\/wordpress\\\/wp-content\\\/uploads\\\/2023\\\/09\\\/382169701_819001783559651_8580168939751848834_n.jpg\",\"articleSection\":[\"Aktualno\u015bci\"],\"inLanguage\":\"pl-PL\"},{\"@type\":\"WebPage\",\"@id\":\"https:\\\/\\\/www.3lo.walbrzych.pl\\\/wordpress\\\/dzien-jezykow-obcych-w-3lo-2\\\/\",\"url\":\"https:\\\/\\\/www.3lo.walbrzych.pl\\\/wordpress\\\/dzien-jezykow-obcych-w-3lo-2\\\/\",\"name\":\"Dzie\u0144 J\u0119zyk\u00f3w Obcych w 3LO - III Liceum Og\u00f3lnokszta\u0142c\u0105ce im. Miko\u0142aja Kopernika\",\"isPartOf\":{\"@id\":\"https:\\\/\\\/www.3lo.walbrzych.pl\\\/wordpress\\\/#website\"},\"primaryImageOfPage\":{\"@id\":\"https:\\\/\\\/www.3lo.walbrzych.pl\\\/wordpress\\\/dzien-jezykow-obcych-w-3lo-2\\\/#primaryimage\"},\"image\":{\"@id\":\"https:\\\/\\\/www.3lo.walbrzych.pl\\\/wordpress\\\/dzien-jezykow-obcych-w-3lo-2\\\/#primaryimage\"},\"thumbnailUrl\":\"https:\\\/\\\/www.3lo.walbrzych.pl\\\/wordpress\\\/wp-content\\\/uploads\\\/2023\\\/09\\\/382169701_819001783559651_8580168939751848834_n.jpg\",\"datePublished\":\"2023-09-27T11:46:45+00:00\",\"dateModified\":\"2023-09-27T11:46:46+00:00\",\"breadcrumb\":{\"@id\":\"https:\\\/\\\/www.3lo.walbrzych.pl\\\/wordpress\\\/dzien-jezykow-obcych-w-3lo-2\\\/#breadcrumb\"},\"inLanguage\":\"pl-PL\",\"potentialAction\":[{\"@type\":\"ReadAction\",\"target\":[\"https:\\\/\\\/www.3lo.walbrzych.pl\\\/wordpress\\\/dzien-jezykow-obcych-w-3lo-2\\\/\"]}]},{\"@type\":\"ImageObject\",\"inLanguage\":\"pl-PL\",\"@id\":\"https:\\\/\\\/www.3lo.walbrzych.pl\\\/wordpress\\\/dzien-jezykow-obcych-w-3lo-2\\\/#primaryimage\",\"url\":\"https:\\\/\\\/www.3lo.walbrzych.pl\\\/wordpress\\\/wp-content\\\/uploads\\\/2023\\\/09\\\/382169701_819001783559651_8580168939751848834_n.jpg\",\"contentUrl\":\"https:\\\/\\\/www.3lo.walbrzych.pl\\\/wordpress\\\/wp-content\\\/uploads\\\/2023\\\/09\\\/382169701_819001783559651_8580168939751848834_n.jpg\",\"width\":2048,\"height\":2048},{\"@type\":\"BreadcrumbList\",\"@id\":\"https:\\\/\\\/www.3lo.walbrzych.pl\\\/wordpress\\\/dzien-jezykow-obcych-w-3lo-2\\\/#breadcrumb\",\"itemListElement\":[{\"@type\":\"ListItem\",\"position\":1,\"name\":\"Strona g\u0142\u00f3wna\",\"item\":\"https:\\\/\\\/www.3lo.walbrzych.pl\\\/wordpress\\\/\"},{\"@type\":\"ListItem\",\"position\":2,\"name\":\"Dzie\u0144 J\u0119zyk\u00f3w Obcych w 3LO\"}]},{\"@type\":\"WebSite\",\"@id\":\"https:\\\/\\\/www.3lo.walbrzych.pl\\\/wordpress\\\/#website\",\"url\":\"https:\\\/\\\/www.3lo.walbrzych.pl\\\/wordpress\\\/\",\"name\":\"III Liceum Og\u00f3lnokszta\u0142c\u0105ce im. Miko\u0142aja Kopernika\",\"description\":\"\",\"publisher\":{\"@id\":\"https:\\\/\\\/www.3lo.walbrzych.pl\\\/wordpress\\\/#organization\"},\"potentialAction\":[{\"@type\":\"SearchAction\",\"target\":{\"@type\":\"EntryPoint\",\"urlTemplate\":\"https:\\\/\\\/www.3lo.walbrzych.pl\\\/wordpress\\\/?s={search_term_string}\"},\"query-input\":{\"@type\":\"PropertyValueSpecification\",\"valueRequired\":true,\"valueName\":\"search_term_string\"}}],\"inLanguage\":\"pl-PL\"},{\"@type\":\"Organization\",\"@id\":\"https:\\\/\\\/www.3lo.walbrzych.pl\\\/wordpress\\\/#organization\",\"name\":\"III Liceum Og\u00f3lnokszta\u0142c\u0105ce im. Miko\u0142aja Kopernika\",\"url\":\"https:\\\/\\\/www.3lo.walbrzych.pl\\\/wordpress\\\/\",\"logo\":{\"@type\":\"ImageObject\",\"inLanguage\":\"pl-PL\",\"@id\":\"https:\\\/\\\/www.3lo.walbrzych.pl\\\/wordpress\\\/#\\\/schema\\\/logo\\\/image\\\/\",\"url\":\"https:\\\/\\\/www.3lo.walbrzych.pl\\\/wordpress\\\/wp-content\\\/uploads\\\/2025\\\/09\\\/logo-szkoly-scaled.jpg\",\"contentUrl\":\"https:\\\/\\\/www.3lo.walbrzych.pl\\\/wordpress\\\/wp-content\\\/uploads\\\/2025\\\/09\\\/logo-szkoly-scaled.jpg\",\"width\":2560,\"height\":914,\"caption\":\"III Liceum Og\u00f3lnokszta\u0142c\u0105ce im. Miko\u0142aja Kopernika\"},\"image\":{\"@id\":\"https:\\\/\\\/www.3lo.walbrzych.pl\\\/wordpress\\\/#\\\/schema\\\/logo\\\/image\\\/\"}},{\"@type\":\"Person\",\"@id\":\"https:\\\/\\\/www.3lo.walbrzych.pl\\\/wordpress\\\/#\\\/schema\\\/person\\\/ff9afc6eca5e68699c4be1e41f0ec427\",\"name\":\"Micha\u0142 Cetera\",\"url\":\"https:\\\/\\\/www.3lo.walbrzych.pl\\\/wordpress\\\/author\\\/mcetera\\\/\"}]}<\/script>\n<!-- \/ Yoast SEO plugin. -->","yoast_head_json":{"title":"Dzie\u0144 J\u0119zyk\u00f3w Obcych w 3LO - III Liceum Og\u00f3lnokszta\u0142c\u0105ce im. Miko\u0142aja Kopernika","robots":{"index":"index","follow":"follow","max-snippet":"max-snippet:-1","max-image-preview":"max-image-preview:large","max-video-preview":"max-video-preview:-1"},"canonical":"https:\/\/www.3lo.walbrzych.pl\/wordpress\/dzien-jezykow-obcych-w-3lo-2\/","og_locale":"pl_PL","og_type":"article","og_title":"Dzie\u0144 J\u0119zyk\u00f3w Obcych w 3LO - III Liceum Og\u00f3lnokszta\u0142c\u0105ce im. Miko\u0142aja Kopernika","og_description":"26 wrze\u015bnia obchodzimy Europejski Dzie\u0144 J\u0119zyk\u00f3w Obcych. Z tej okazji w naszej szkole uczniowie przygotowali plakaty na kt\u00f3rych zosta\u0142y zaprezentowane cytaty znanych postaci zar\u00f3wno w historycznych jak i fikcyjnych. Za najlepsze jury uzna\u0142o nast\u0119puj\u0105ce prace: 1. miejsce Amelia Burnat 2c 2. miejsce Alicja D\u0105browska 1c 3. miejsce Amelia Kurant i Laura Gromniak 2c ex aequo [&hellip;]","og_url":"https:\/\/www.3lo.walbrzych.pl\/wordpress\/dzien-jezykow-obcych-w-3lo-2\/","og_site_name":"III Liceum Og\u00f3lnokszta\u0142c\u0105ce im. Miko\u0142aja Kopernika","article_published_time":"2023-09-27T11:46:45+00:00","article_modified_time":"2023-09-27T11:46:46+00:00","og_image":[{"width":2048,"height":2048,"url":"https:\/\/www.3lo.walbrzych.pl\/wordpress\/wp-content\/uploads\/2023\/09\/382169701_819001783559651_8580168939751848834_n.jpg","type":"image\/jpeg"}],"author":"Micha\u0142 Cetera","twitter_card":"summary_large_image","twitter_misc":{"Napisane przez":"Micha\u0142 Cetera"},"schema":{"@context":"https:\/\/schema.org","@graph":[{"@type":"Article","@id":"https:\/\/www.3lo.walbrzych.pl\/wordpress\/dzien-jezykow-obcych-w-3lo-2\/#article","isPartOf":{"@id":"https:\/\/www.3lo.walbrzych.pl\/wordpress\/dzien-jezykow-obcych-w-3lo-2\/"},"author":{"name":"Micha\u0142 Cetera","@id":"https:\/\/www.3lo.walbrzych.pl\/wordpress\/#\/schema\/person\/ff9afc6eca5e68699c4be1e41f0ec427"},"headline":"Dzie\u0144 J\u0119zyk\u00f3w Obcych w 3LO","datePublished":"2023-09-27T11:46:45+00:00","dateModified":"2023-09-27T11:46:46+00:00","mainEntityOfPage":{"@id":"https:\/\/www.3lo.walbrzych.pl\/wordpress\/dzien-jezykow-obcych-w-3lo-2\/"},"wordCount":78,"publisher":{"@id":"https:\/\/www.3lo.walbrzych.pl\/wordpress\/#organization"},"image":{"@id":"https:\/\/www.3lo.walbrzych.pl\/wordpress\/dzien-jezykow-obcych-w-3lo-2\/#primaryimage"},"thumbnailUrl":"https:\/\/www.3lo.walbrzych.pl\/wordpress\/wp-content\/uploads\/2023\/09\/382169701_819001783559651_8580168939751848834_n.jpg","articleSection":["Aktualno\u015bci"],"inLanguage":"pl-PL"},{"@type":"WebPage","@id":"https:\/\/www.3lo.walbrzych.pl\/wordpress\/dzien-jezykow-obcych-w-3lo-2\/","url":"https:\/\/www.3lo.walbrzych.pl\/wordpress\/dzien-jezykow-obcych-w-3lo-2\/","name":"Dzie\u0144 J\u0119zyk\u00f3w Obcych w 3LO - III Liceum Og\u00f3lnokszta\u0142c\u0105ce im. Miko\u0142aja Kopernika","isPartOf":{"@id":"https:\/\/www.3lo.walbrzych.pl\/wordpress\/#website"},"primaryImageOfPage":{"@id":"https:\/\/www.3lo.walbrzych.pl\/wordpress\/dzien-jezykow-obcych-w-3lo-2\/#primaryimage"},"image":{"@id":"https:\/\/www.3lo.walbrzych.pl\/wordpress\/dzien-jezykow-obcych-w-3lo-2\/#primaryimage"},"thumbnailUrl":"https:\/\/www.3lo.walbrzych.pl\/wordpress\/wp-content\/uploads\/2023\/09\/382169701_819001783559651_8580168939751848834_n.jpg","datePublished":"2023-09-27T11:46:45+00:00","dateModified":"2023-09-27T11:46:46+00:00","breadcrumb":{"@id":"https:\/\/www.3lo.walbrzych.pl\/wordpress\/dzien-jezykow-obcych-w-3lo-2\/#breadcrumb"},"inLanguage":"pl-PL","potentialAction":[{"@type":"ReadAction","target":["https:\/\/www.3lo.walbrzych.pl\/wordpress\/dzien-jezykow-obcych-w-3lo-2\/"]}]},{"@type":"ImageObject","inLanguage":"pl-PL","@id":"https:\/\/www.3lo.walbrzych.pl\/wordpress\/dzien-jezykow-obcych-w-3lo-2\/#primaryimage","url":"https:\/\/www.3lo.walbrzych.pl\/wordpress\/wp-content\/uploads\/2023\/09\/382169701_819001783559651_8580168939751848834_n.jpg","contentUrl":"https:\/\/www.3lo.walbrzych.pl\/wordpress\/wp-content\/uploads\/2023\/09\/382169701_819001783559651_8580168939751848834_n.jpg","width":2048,"height":2048},{"@type":"BreadcrumbList","@id":"https:\/\/www.3lo.walbrzych.pl\/wordpress\/dzien-jezykow-obcych-w-3lo-2\/#breadcrumb","itemListElement":[{"@type":"ListItem","position":1,"name":"Strona g\u0142\u00f3wna","item":"https:\/\/www.3lo.walbrzych.pl\/wordpress\/"},{"@type":"ListItem","position":2,"name":"Dzie\u0144 J\u0119zyk\u00f3w Obcych w 3LO"}]},{"@type":"WebSite","@id":"https:\/\/www.3lo.walbrzych.pl\/wordpress\/#website","url":"https:\/\/www.3lo.walbrzych.pl\/wordpress\/","name":"III Liceum Og\u00f3lnokszta\u0142c\u0105ce im. Miko\u0142aja Kopernika","description":"","publisher":{"@id":"https:\/\/www.3lo.walbrzych.pl\/wordpress\/#organization"},"potentialAction":[{"@type":"SearchAction","target":{"@type":"EntryPoint","urlTemplate":"https:\/\/www.3lo.walbrzych.pl\/wordpress\/?s={search_term_string}"},"query-input":{"@type":"PropertyValueSpecification","valueRequired":true,"valueName":"search_term_string"}}],"inLanguage":"pl-PL"},{"@type":"Organization","@id":"https:\/\/www.3lo.walbrzych.pl\/wordpress\/#organization","name":"III Liceum Og\u00f3lnokszta\u0142c\u0105ce im. Miko\u0142aja Kopernika","url":"https:\/\/www.3lo.walbrzych.pl\/wordpress\/","logo":{"@type":"ImageObject","inLanguage":"pl-PL","@id":"https:\/\/www.3lo.walbrzych.pl\/wordpress\/#\/schema\/logo\/image\/","url":"https:\/\/www.3lo.walbrzych.pl\/wordpress\/wp-content\/uploads\/2025\/09\/logo-szkoly-scaled.jpg","contentUrl":"https:\/\/www.3lo.walbrzych.pl\/wordpress\/wp-content\/uploads\/2025\/09\/logo-szkoly-scaled.jpg","width":2560,"height":914,"caption":"III Liceum Og\u00f3lnokszta\u0142c\u0105ce im. Miko\u0142aja Kopernika"},"image":{"@id":"https:\/\/www.3lo.walbrzych.pl\/wordpress\/#\/schema\/logo\/image\/"}},{"@type":"Person","@id":"https:\/\/www.3lo.walbrzych.pl\/wordpress\/#\/schema\/person\/ff9afc6eca5e68699c4be1e41f0ec427","name":"Micha\u0142 Cetera","url":"https:\/\/www.3lo.walbrzych.pl\/wordpress\/author\/mcetera\/"}]}},"_links":{"self":[{"href":"https:\/\/www.3lo.walbrzych.pl\/wordpress\/wp-json\/wp\/v2\/posts\/7112","targetHints":{"allow":["GET"]}}],"collection":[{"href":"https:\/\/www.3lo.walbrzych.pl\/wordpress\/wp-json\/wp\/v2\/posts"}],"about":[{"href":"https:\/\/www.3lo.walbrzych.pl\/wordpress\/wp-json\/wp\/v2\/types\/post"}],"author":[{"embeddable":true,"href":"https:\/\/www.3lo.walbrzych.pl\/wordpress\/wp-json\/wp\/v2\/users\/48"}],"replies":[{"embeddable":true,"href":"https:\/\/www.3lo.walbrzych.pl\/wordpress\/wp-json\/wp\/v2\/comments?post=7112"}],"version-history":[{"count":1,"href":"https:\/\/www.3lo.walbrzych.pl\/wordpress\/wp-json\/wp\/v2\/posts\/7112\/revisions"}],"predecessor-version":[{"id":7118,"href":"https:\/\/www.3lo.walbrzych.pl\/wordpress\/wp-json\/wp\/v2\/posts\/7112\/revisions\/7118"}],"wp:featuredmedia":[{"embeddable":true,"href":"https:\/\/www.3lo.walbrzych.pl\/wordpress\/wp-json\/wp\/v2\/media\/7113"}],"wp:attachment":[{"href":"https:\/\/www.3lo.walbrzych.pl\/wordpress\/wp-json\/wp\/v2\/media?parent=7112"}],"wp:term":[{"taxonomy":"category","embeddable":true,"href":"https:\/\/www.3lo.walbrzych.pl\/wordpress\/wp-json\/wp\/v2\/categories?post=7112"},{"taxonomy":"post_tag","embeddable":true,"href":"https:\/\/www.3lo.walbrzych.pl\/wordpress\/wp-json\/wp\/v2\/tags?post=7112"}],"curies":[{"name":"wp","href":"https:\/\/api.w.org\/{rel}","templated":true}]}}