{"id":7215,"date":"2023-10-18T11:25:28","date_gmt":"2023-10-18T09:25:28","guid":{"rendered":"http:\/\/www.3lo.walbrzych.pl\/wordpress\/?p=7215"},"modified":"2023-10-18T11:25:33","modified_gmt":"2023-10-18T09:25:33","slug":"koniec-wczuj-sie-raz-jeszcze","status":"publish","type":"post","link":"https:\/\/www.3lo.walbrzych.pl\/wordpress\/koniec-wczuj-sie-raz-jeszcze\/","title":{"rendered":"Koniec &#8222;Wczuj si\u0119 raz jeszcze&#8221;"},"content":{"rendered":"\n<p class=\"wp-block-paragraph\">W ten weekend zako\u0144czyli\u015bmy projekt ,,Wczuj si\u0119 raz jeszcze\u201d w Teatrze Dramatycznym. Artystyczna przestrze\u0144 teatru towarzyszy\u0142a nam przez trzy tygodnie i sta\u0142a si\u0119 dla nas bardzo bliskim miejscem. My tak\u017ce stali\u015bmy si\u0119 sobie bliscy. <\/p>\n\n\n\n<figure class=\"wp-block-image size-large\"><img loading=\"lazy\" decoding=\"async\" width=\"1024\" height=\"768\" src=\"https:\/\/www.3lo.walbrzych.pl\/wordpress\/wp-content\/uploads\/2023\/10\/85E0AD91-6883-4932-A60E-D56548E0A539-1024x768.jpeg\" alt=\"\" class=\"wp-image-7217\" srcset=\"https:\/\/www.3lo.walbrzych.pl\/wordpress\/wp-content\/uploads\/2023\/10\/85E0AD91-6883-4932-A60E-D56548E0A539-1024x768.jpeg 1024w, https:\/\/www.3lo.walbrzych.pl\/wordpress\/wp-content\/uploads\/2023\/10\/85E0AD91-6883-4932-A60E-D56548E0A539-300x225.jpeg 300w, https:\/\/www.3lo.walbrzych.pl\/wordpress\/wp-content\/uploads\/2023\/10\/85E0AD91-6883-4932-A60E-D56548E0A539-768x576.jpeg 768w, https:\/\/www.3lo.walbrzych.pl\/wordpress\/wp-content\/uploads\/2023\/10\/85E0AD91-6883-4932-A60E-D56548E0A539-1536x1152.jpeg 1536w, https:\/\/www.3lo.walbrzych.pl\/wordpress\/wp-content\/uploads\/2023\/10\/85E0AD91-6883-4932-A60E-D56548E0A539.jpeg 2000w\" sizes=\"auto, (max-width: 1024px) 100vw, 1024px\" \/><\/figure>\n\n\n\n<p class=\"wp-block-paragraph\"><\/p>\n\n\n\n<p class=\"wp-block-paragraph\">Pokaz fina\u0142owy &#8211; to chyba najpi\u0119kniejsze podsumowanie warsztat\u00f3w. Wa\u0142brzych &#8211; Zielona Dziura, brzmienie miasta i lasu, blisko\u015b\u0107 drugiego cz\u0142owieka, wsp\u00f3\u0142tworzenie przestrzeni &#8211; to nasza kilkudniowa rzeczywisto\u015b\u0107. Dzi\u0119kujemy bardzo bardzo pani Renacie Ambro\u017cak za organizacj\u0119 projektu i obecno\u015b\u0107 i trosk\u0119 o nas. Brianowi, Danielowi i Kubie za artystyczne prowadzenie. Ju\u017c t\u0119sknimy\ud83d\ude18<\/p>\n\n\n\n<figure class=\"wp-block-image size-large\"><img loading=\"lazy\" decoding=\"async\" width=\"576\" height=\"1024\" src=\"https:\/\/www.3lo.walbrzych.pl\/wordpress\/wp-content\/uploads\/2023\/10\/F8AD25E0-786C-4C92-BDBA-9CE69F5418CB-576x1024.jpeg\" alt=\"\" class=\"wp-image-7218\" srcset=\"https:\/\/www.3lo.walbrzych.pl\/wordpress\/wp-content\/uploads\/2023\/10\/F8AD25E0-786C-4C92-BDBA-9CE69F5418CB-576x1024.jpeg 576w, https:\/\/www.3lo.walbrzych.pl\/wordpress\/wp-content\/uploads\/2023\/10\/F8AD25E0-786C-4C92-BDBA-9CE69F5418CB-169x300.jpeg 169w, https:\/\/www.3lo.walbrzych.pl\/wordpress\/wp-content\/uploads\/2023\/10\/F8AD25E0-786C-4C92-BDBA-9CE69F5418CB-768x1366.jpeg 768w, https:\/\/www.3lo.walbrzych.pl\/wordpress\/wp-content\/uploads\/2023\/10\/F8AD25E0-786C-4C92-BDBA-9CE69F5418CB-864x1536.jpeg 864w, https:\/\/www.3lo.walbrzych.pl\/wordpress\/wp-content\/uploads\/2023\/10\/F8AD25E0-786C-4C92-BDBA-9CE69F5418CB.jpeg 899w\" sizes=\"auto, (max-width: 576px) 100vw, 576px\" \/><\/figure>\n\n\n\n<figure class=\"wp-block-image size-large\"><img loading=\"lazy\" decoding=\"async\" width=\"473\" height=\"1024\" src=\"https:\/\/www.3lo.walbrzych.pl\/wordpress\/wp-content\/uploads\/2023\/10\/C056E7C3-889E-41D3-BF5C-51A11958DADD-473x1024.jpeg\" alt=\"\" class=\"wp-image-7219\" srcset=\"https:\/\/www.3lo.walbrzych.pl\/wordpress\/wp-content\/uploads\/2023\/10\/C056E7C3-889E-41D3-BF5C-51A11958DADD-473x1024.jpeg 473w, https:\/\/www.3lo.walbrzych.pl\/wordpress\/wp-content\/uploads\/2023\/10\/C056E7C3-889E-41D3-BF5C-51A11958DADD-139x300.jpeg 139w, https:\/\/www.3lo.walbrzych.pl\/wordpress\/wp-content\/uploads\/2023\/10\/C056E7C3-889E-41D3-BF5C-51A11958DADD-768x1662.jpeg 768w, https:\/\/www.3lo.walbrzych.pl\/wordpress\/wp-content\/uploads\/2023\/10\/C056E7C3-889E-41D3-BF5C-51A11958DADD-710x1536.jpeg 710w, https:\/\/www.3lo.walbrzych.pl\/wordpress\/wp-content\/uploads\/2023\/10\/C056E7C3-889E-41D3-BF5C-51A11958DADD.jpeg 828w\" sizes=\"auto, (max-width: 473px) 100vw, 473px\" \/><\/figure>\n","protected":false},"excerpt":{"rendered":"<p>W ten weekend zako\u0144czyli\u015bmy projekt ,,Wczuj si\u0119 raz jeszcze\u201d w Teatrze Dramatycznym. Artystyczna przestrze\u0144 teatru towarzyszy\u0142a nam przez trzy tygodnie i sta\u0142a si\u0119 dla nas bardzo bliskim miejscem. My tak\u017ce stali\u015bmy si\u0119 sobie bliscy. Pokaz fina\u0142owy &#8211; to chyba najpi\u0119kniejsze podsumowanie warsztat\u00f3w. Wa\u0142brzych &#8211; Zielona Dziura, brzmienie miasta i lasu, blisko\u015b\u0107 drugiego cz\u0142owieka, wsp\u00f3\u0142tworzenie przestrzeni [&hellip;]<\/p>\n","protected":false},"author":48,"featured_media":7216,"comment_status":"closed","ping_status":"closed","sticky":false,"template":"","format":"standard","meta":{"footnotes":""},"categories":[19],"tags":[],"class_list":["post-7215","post","type-post","status-publish","format-standard","has-post-thumbnail","hentry","category-aktualnosci"],"yoast_head":"<!-- This site is optimized with the Yoast SEO plugin v28.4 - https:\/\/yoast.com\/product\/yoast-seo-wordpress\/ -->\n<title>Koniec &quot;Wczuj si\u0119 raz jeszcze&quot; - III Liceum Og\u00f3lnokszta\u0142c\u0105ce im. Miko\u0142aja Kopernika<\/title>\n<meta name=\"robots\" content=\"index, follow, max-snippet:-1, max-image-preview:large, max-video-preview:-1\" \/>\n<link rel=\"canonical\" href=\"https:\/\/www.3lo.walbrzych.pl\/wordpress\/koniec-wczuj-sie-raz-jeszcze\/\" \/>\n<meta property=\"og:locale\" content=\"pl_PL\" \/>\n<meta property=\"og:type\" content=\"article\" \/>\n<meta property=\"og:title\" content=\"Koniec &quot;Wczuj si\u0119 raz jeszcze&quot; - III Liceum Og\u00f3lnokszta\u0142c\u0105ce im. Miko\u0142aja Kopernika\" \/>\n<meta property=\"og:description\" content=\"W ten weekend zako\u0144czyli\u015bmy projekt ,,Wczuj si\u0119 raz jeszcze\u201d w Teatrze Dramatycznym. Artystyczna przestrze\u0144 teatru towarzyszy\u0142a nam przez trzy tygodnie i sta\u0142a si\u0119 dla nas bardzo bliskim miejscem. My tak\u017ce stali\u015bmy si\u0119 sobie bliscy. Pokaz fina\u0142owy &#8211; to chyba najpi\u0119kniejsze podsumowanie warsztat\u00f3w. Wa\u0142brzych &#8211; Zielona Dziura, brzmienie miasta i lasu, blisko\u015b\u0107 drugiego cz\u0142owieka, wsp\u00f3\u0142tworzenie przestrzeni [&hellip;]\" \/>\n<meta property=\"og:url\" content=\"https:\/\/www.3lo.walbrzych.pl\/wordpress\/koniec-wczuj-sie-raz-jeszcze\/\" \/>\n<meta property=\"og:site_name\" content=\"III Liceum Og\u00f3lnokszta\u0142c\u0105ce im. Miko\u0142aja Kopernika\" \/>\n<meta property=\"article:published_time\" content=\"2023-10-18T09:25:28+00:00\" \/>\n<meta property=\"article:modified_time\" content=\"2023-10-18T09:25:33+00:00\" \/>\n<meta property=\"og:image\" content=\"https:\/\/www.3lo.walbrzych.pl\/wordpress\/wp-content\/uploads\/2023\/10\/8D890B6E-BA2D-4C8C-9E4B-54A7A75D152B.jpeg\" \/>\n\t<meta property=\"og:image:width\" content=\"1824\" \/>\n\t<meta property=\"og:image:height\" content=\"840\" \/>\n\t<meta property=\"og:image:type\" content=\"image\/jpeg\" \/>\n<meta name=\"author\" content=\"Micha\u0142 Cetera\" \/>\n<meta name=\"twitter:card\" content=\"summary_large_image\" \/>\n<meta name=\"twitter:label1\" content=\"Napisane przez\" \/>\n\t<meta name=\"twitter:data1\" content=\"Micha\u0142 Cetera\" \/>\n<script type=\"application\/ld+json\" class=\"yoast-schema-graph\">{\"@context\":\"https:\\\/\\\/schema.org\",\"@graph\":[{\"@type\":\"Article\",\"@id\":\"https:\\\/\\\/www.3lo.walbrzych.pl\\\/wordpress\\\/koniec-wczuj-sie-raz-jeszcze\\\/#article\",\"isPartOf\":{\"@id\":\"https:\\\/\\\/www.3lo.walbrzych.pl\\\/wordpress\\\/koniec-wczuj-sie-raz-jeszcze\\\/\"},\"author\":{\"name\":\"Micha\u0142 Cetera\",\"@id\":\"https:\\\/\\\/www.3lo.walbrzych.pl\\\/wordpress\\\/#\\\/schema\\\/person\\\/ff9afc6eca5e68699c4be1e41f0ec427\"},\"headline\":\"Koniec &#8222;Wczuj si\u0119 raz jeszcze&#8221;\",\"datePublished\":\"2023-10-18T09:25:28+00:00\",\"dateModified\":\"2023-10-18T09:25:33+00:00\",\"mainEntityOfPage\":{\"@id\":\"https:\\\/\\\/www.3lo.walbrzych.pl\\\/wordpress\\\/koniec-wczuj-sie-raz-jeszcze\\\/\"},\"wordCount\":104,\"publisher\":{\"@id\":\"https:\\\/\\\/www.3lo.walbrzych.pl\\\/wordpress\\\/#organization\"},\"image\":{\"@id\":\"https:\\\/\\\/www.3lo.walbrzych.pl\\\/wordpress\\\/koniec-wczuj-sie-raz-jeszcze\\\/#primaryimage\"},\"thumbnailUrl\":\"https:\\\/\\\/www.3lo.walbrzych.pl\\\/wordpress\\\/wp-content\\\/uploads\\\/2023\\\/10\\\/8D890B6E-BA2D-4C8C-9E4B-54A7A75D152B.jpeg\",\"articleSection\":[\"Aktualno\u015bci\"],\"inLanguage\":\"pl-PL\"},{\"@type\":\"WebPage\",\"@id\":\"https:\\\/\\\/www.3lo.walbrzych.pl\\\/wordpress\\\/koniec-wczuj-sie-raz-jeszcze\\\/\",\"url\":\"https:\\\/\\\/www.3lo.walbrzych.pl\\\/wordpress\\\/koniec-wczuj-sie-raz-jeszcze\\\/\",\"name\":\"Koniec \\\"Wczuj si\u0119 raz jeszcze\\\" - III Liceum Og\u00f3lnokszta\u0142c\u0105ce im. Miko\u0142aja Kopernika\",\"isPartOf\":{\"@id\":\"https:\\\/\\\/www.3lo.walbrzych.pl\\\/wordpress\\\/#website\"},\"primaryImageOfPage\":{\"@id\":\"https:\\\/\\\/www.3lo.walbrzych.pl\\\/wordpress\\\/koniec-wczuj-sie-raz-jeszcze\\\/#primaryimage\"},\"image\":{\"@id\":\"https:\\\/\\\/www.3lo.walbrzych.pl\\\/wordpress\\\/koniec-wczuj-sie-raz-jeszcze\\\/#primaryimage\"},\"thumbnailUrl\":\"https:\\\/\\\/www.3lo.walbrzych.pl\\\/wordpress\\\/wp-content\\\/uploads\\\/2023\\\/10\\\/8D890B6E-BA2D-4C8C-9E4B-54A7A75D152B.jpeg\",\"datePublished\":\"2023-10-18T09:25:28+00:00\",\"dateModified\":\"2023-10-18T09:25:33+00:00\",\"breadcrumb\":{\"@id\":\"https:\\\/\\\/www.3lo.walbrzych.pl\\\/wordpress\\\/koniec-wczuj-sie-raz-jeszcze\\\/#breadcrumb\"},\"inLanguage\":\"pl-PL\",\"potentialAction\":[{\"@type\":\"ReadAction\",\"target\":[\"https:\\\/\\\/www.3lo.walbrzych.pl\\\/wordpress\\\/koniec-wczuj-sie-raz-jeszcze\\\/\"]}]},{\"@type\":\"ImageObject\",\"inLanguage\":\"pl-PL\",\"@id\":\"https:\\\/\\\/www.3lo.walbrzych.pl\\\/wordpress\\\/koniec-wczuj-sie-raz-jeszcze\\\/#primaryimage\",\"url\":\"https:\\\/\\\/www.3lo.walbrzych.pl\\\/wordpress\\\/wp-content\\\/uploads\\\/2023\\\/10\\\/8D890B6E-BA2D-4C8C-9E4B-54A7A75D152B.jpeg\",\"contentUrl\":\"https:\\\/\\\/www.3lo.walbrzych.pl\\\/wordpress\\\/wp-content\\\/uploads\\\/2023\\\/10\\\/8D890B6E-BA2D-4C8C-9E4B-54A7A75D152B.jpeg\",\"width\":1824,\"height\":840},{\"@type\":\"BreadcrumbList\",\"@id\":\"https:\\\/\\\/www.3lo.walbrzych.pl\\\/wordpress\\\/koniec-wczuj-sie-raz-jeszcze\\\/#breadcrumb\",\"itemListElement\":[{\"@type\":\"ListItem\",\"position\":1,\"name\":\"Strona g\u0142\u00f3wna\",\"item\":\"https:\\\/\\\/www.3lo.walbrzych.pl\\\/wordpress\\\/\"},{\"@type\":\"ListItem\",\"position\":2,\"name\":\"Koniec &#8222;Wczuj si\u0119 raz jeszcze&#8221;\"}]},{\"@type\":\"WebSite\",\"@id\":\"https:\\\/\\\/www.3lo.walbrzych.pl\\\/wordpress\\\/#website\",\"url\":\"https:\\\/\\\/www.3lo.walbrzych.pl\\\/wordpress\\\/\",\"name\":\"III Liceum Og\u00f3lnokszta\u0142c\u0105ce im. Miko\u0142aja Kopernika\",\"description\":\"\",\"publisher\":{\"@id\":\"https:\\\/\\\/www.3lo.walbrzych.pl\\\/wordpress\\\/#organization\"},\"potentialAction\":[{\"@type\":\"SearchAction\",\"target\":{\"@type\":\"EntryPoint\",\"urlTemplate\":\"https:\\\/\\\/www.3lo.walbrzych.pl\\\/wordpress\\\/?s={search_term_string}\"},\"query-input\":{\"@type\":\"PropertyValueSpecification\",\"valueRequired\":true,\"valueName\":\"search_term_string\"}}],\"inLanguage\":\"pl-PL\"},{\"@type\":\"Organization\",\"@id\":\"https:\\\/\\\/www.3lo.walbrzych.pl\\\/wordpress\\\/#organization\",\"name\":\"III Liceum Og\u00f3lnokszta\u0142c\u0105ce im. Miko\u0142aja Kopernika\",\"url\":\"https:\\\/\\\/www.3lo.walbrzych.pl\\\/wordpress\\\/\",\"logo\":{\"@type\":\"ImageObject\",\"inLanguage\":\"pl-PL\",\"@id\":\"https:\\\/\\\/www.3lo.walbrzych.pl\\\/wordpress\\\/#\\\/schema\\\/logo\\\/image\\\/\",\"url\":\"https:\\\/\\\/www.3lo.walbrzych.pl\\\/wordpress\\\/wp-content\\\/uploads\\\/2025\\\/09\\\/logo-szkoly-scaled.jpg\",\"contentUrl\":\"https:\\\/\\\/www.3lo.walbrzych.pl\\\/wordpress\\\/wp-content\\\/uploads\\\/2025\\\/09\\\/logo-szkoly-scaled.jpg\",\"width\":2560,\"height\":914,\"caption\":\"III Liceum Og\u00f3lnokszta\u0142c\u0105ce im. Miko\u0142aja Kopernika\"},\"image\":{\"@id\":\"https:\\\/\\\/www.3lo.walbrzych.pl\\\/wordpress\\\/#\\\/schema\\\/logo\\\/image\\\/\"}},{\"@type\":\"Person\",\"@id\":\"https:\\\/\\\/www.3lo.walbrzych.pl\\\/wordpress\\\/#\\\/schema\\\/person\\\/ff9afc6eca5e68699c4be1e41f0ec427\",\"name\":\"Micha\u0142 Cetera\",\"url\":\"https:\\\/\\\/www.3lo.walbrzych.pl\\\/wordpress\\\/author\\\/mcetera\\\/\"}]}<\/script>\n<!-- \/ Yoast SEO plugin. -->","yoast_head_json":{"title":"Koniec \"Wczuj si\u0119 raz jeszcze\" - III Liceum Og\u00f3lnokszta\u0142c\u0105ce im. Miko\u0142aja Kopernika","robots":{"index":"index","follow":"follow","max-snippet":"max-snippet:-1","max-image-preview":"max-image-preview:large","max-video-preview":"max-video-preview:-1"},"canonical":"https:\/\/www.3lo.walbrzych.pl\/wordpress\/koniec-wczuj-sie-raz-jeszcze\/","og_locale":"pl_PL","og_type":"article","og_title":"Koniec \"Wczuj si\u0119 raz jeszcze\" - III Liceum Og\u00f3lnokszta\u0142c\u0105ce im. Miko\u0142aja Kopernika","og_description":"W ten weekend zako\u0144czyli\u015bmy projekt ,,Wczuj si\u0119 raz jeszcze\u201d w Teatrze Dramatycznym. Artystyczna przestrze\u0144 teatru towarzyszy\u0142a nam przez trzy tygodnie i sta\u0142a si\u0119 dla nas bardzo bliskim miejscem. My tak\u017ce stali\u015bmy si\u0119 sobie bliscy. Pokaz fina\u0142owy &#8211; to chyba najpi\u0119kniejsze podsumowanie warsztat\u00f3w. Wa\u0142brzych &#8211; Zielona Dziura, brzmienie miasta i lasu, blisko\u015b\u0107 drugiego cz\u0142owieka, wsp\u00f3\u0142tworzenie przestrzeni [&hellip;]","og_url":"https:\/\/www.3lo.walbrzych.pl\/wordpress\/koniec-wczuj-sie-raz-jeszcze\/","og_site_name":"III Liceum Og\u00f3lnokszta\u0142c\u0105ce im. Miko\u0142aja Kopernika","article_published_time":"2023-10-18T09:25:28+00:00","article_modified_time":"2023-10-18T09:25:33+00:00","og_image":[{"width":1824,"height":840,"url":"https:\/\/www.3lo.walbrzych.pl\/wordpress\/wp-content\/uploads\/2023\/10\/8D890B6E-BA2D-4C8C-9E4B-54A7A75D152B.jpeg","type":"image\/jpeg"}],"author":"Micha\u0142 Cetera","twitter_card":"summary_large_image","twitter_misc":{"Napisane przez":"Micha\u0142 Cetera"},"schema":{"@context":"https:\/\/schema.org","@graph":[{"@type":"Article","@id":"https:\/\/www.3lo.walbrzych.pl\/wordpress\/koniec-wczuj-sie-raz-jeszcze\/#article","isPartOf":{"@id":"https:\/\/www.3lo.walbrzych.pl\/wordpress\/koniec-wczuj-sie-raz-jeszcze\/"},"author":{"name":"Micha\u0142 Cetera","@id":"https:\/\/www.3lo.walbrzych.pl\/wordpress\/#\/schema\/person\/ff9afc6eca5e68699c4be1e41f0ec427"},"headline":"Koniec &#8222;Wczuj si\u0119 raz jeszcze&#8221;","datePublished":"2023-10-18T09:25:28+00:00","dateModified":"2023-10-18T09:25:33+00:00","mainEntityOfPage":{"@id":"https:\/\/www.3lo.walbrzych.pl\/wordpress\/koniec-wczuj-sie-raz-jeszcze\/"},"wordCount":104,"publisher":{"@id":"https:\/\/www.3lo.walbrzych.pl\/wordpress\/#organization"},"image":{"@id":"https:\/\/www.3lo.walbrzych.pl\/wordpress\/koniec-wczuj-sie-raz-jeszcze\/#primaryimage"},"thumbnailUrl":"https:\/\/www.3lo.walbrzych.pl\/wordpress\/wp-content\/uploads\/2023\/10\/8D890B6E-BA2D-4C8C-9E4B-54A7A75D152B.jpeg","articleSection":["Aktualno\u015bci"],"inLanguage":"pl-PL"},{"@type":"WebPage","@id":"https:\/\/www.3lo.walbrzych.pl\/wordpress\/koniec-wczuj-sie-raz-jeszcze\/","url":"https:\/\/www.3lo.walbrzych.pl\/wordpress\/koniec-wczuj-sie-raz-jeszcze\/","name":"Koniec \"Wczuj si\u0119 raz jeszcze\" - III Liceum Og\u00f3lnokszta\u0142c\u0105ce im. Miko\u0142aja Kopernika","isPartOf":{"@id":"https:\/\/www.3lo.walbrzych.pl\/wordpress\/#website"},"primaryImageOfPage":{"@id":"https:\/\/www.3lo.walbrzych.pl\/wordpress\/koniec-wczuj-sie-raz-jeszcze\/#primaryimage"},"image":{"@id":"https:\/\/www.3lo.walbrzych.pl\/wordpress\/koniec-wczuj-sie-raz-jeszcze\/#primaryimage"},"thumbnailUrl":"https:\/\/www.3lo.walbrzych.pl\/wordpress\/wp-content\/uploads\/2023\/10\/8D890B6E-BA2D-4C8C-9E4B-54A7A75D152B.jpeg","datePublished":"2023-10-18T09:25:28+00:00","dateModified":"2023-10-18T09:25:33+00:00","breadcrumb":{"@id":"https:\/\/www.3lo.walbrzych.pl\/wordpress\/koniec-wczuj-sie-raz-jeszcze\/#breadcrumb"},"inLanguage":"pl-PL","potentialAction":[{"@type":"ReadAction","target":["https:\/\/www.3lo.walbrzych.pl\/wordpress\/koniec-wczuj-sie-raz-jeszcze\/"]}]},{"@type":"ImageObject","inLanguage":"pl-PL","@id":"https:\/\/www.3lo.walbrzych.pl\/wordpress\/koniec-wczuj-sie-raz-jeszcze\/#primaryimage","url":"https:\/\/www.3lo.walbrzych.pl\/wordpress\/wp-content\/uploads\/2023\/10\/8D890B6E-BA2D-4C8C-9E4B-54A7A75D152B.jpeg","contentUrl":"https:\/\/www.3lo.walbrzych.pl\/wordpress\/wp-content\/uploads\/2023\/10\/8D890B6E-BA2D-4C8C-9E4B-54A7A75D152B.jpeg","width":1824,"height":840},{"@type":"BreadcrumbList","@id":"https:\/\/www.3lo.walbrzych.pl\/wordpress\/koniec-wczuj-sie-raz-jeszcze\/#breadcrumb","itemListElement":[{"@type":"ListItem","position":1,"name":"Strona g\u0142\u00f3wna","item":"https:\/\/www.3lo.walbrzych.pl\/wordpress\/"},{"@type":"ListItem","position":2,"name":"Koniec &#8222;Wczuj si\u0119 raz jeszcze&#8221;"}]},{"@type":"WebSite","@id":"https:\/\/www.3lo.walbrzych.pl\/wordpress\/#website","url":"https:\/\/www.3lo.walbrzych.pl\/wordpress\/","name":"III Liceum Og\u00f3lnokszta\u0142c\u0105ce im. Miko\u0142aja Kopernika","description":"","publisher":{"@id":"https:\/\/www.3lo.walbrzych.pl\/wordpress\/#organization"},"potentialAction":[{"@type":"SearchAction","target":{"@type":"EntryPoint","urlTemplate":"https:\/\/www.3lo.walbrzych.pl\/wordpress\/?s={search_term_string}"},"query-input":{"@type":"PropertyValueSpecification","valueRequired":true,"valueName":"search_term_string"}}],"inLanguage":"pl-PL"},{"@type":"Organization","@id":"https:\/\/www.3lo.walbrzych.pl\/wordpress\/#organization","name":"III Liceum Og\u00f3lnokszta\u0142c\u0105ce im. Miko\u0142aja Kopernika","url":"https:\/\/www.3lo.walbrzych.pl\/wordpress\/","logo":{"@type":"ImageObject","inLanguage":"pl-PL","@id":"https:\/\/www.3lo.walbrzych.pl\/wordpress\/#\/schema\/logo\/image\/","url":"https:\/\/www.3lo.walbrzych.pl\/wordpress\/wp-content\/uploads\/2025\/09\/logo-szkoly-scaled.jpg","contentUrl":"https:\/\/www.3lo.walbrzych.pl\/wordpress\/wp-content\/uploads\/2025\/09\/logo-szkoly-scaled.jpg","width":2560,"height":914,"caption":"III Liceum Og\u00f3lnokszta\u0142c\u0105ce im. Miko\u0142aja Kopernika"},"image":{"@id":"https:\/\/www.3lo.walbrzych.pl\/wordpress\/#\/schema\/logo\/image\/"}},{"@type":"Person","@id":"https:\/\/www.3lo.walbrzych.pl\/wordpress\/#\/schema\/person\/ff9afc6eca5e68699c4be1e41f0ec427","name":"Micha\u0142 Cetera","url":"https:\/\/www.3lo.walbrzych.pl\/wordpress\/author\/mcetera\/"}]}},"_links":{"self":[{"href":"https:\/\/www.3lo.walbrzych.pl\/wordpress\/wp-json\/wp\/v2\/posts\/7215","targetHints":{"allow":["GET"]}}],"collection":[{"href":"https:\/\/www.3lo.walbrzych.pl\/wordpress\/wp-json\/wp\/v2\/posts"}],"about":[{"href":"https:\/\/www.3lo.walbrzych.pl\/wordpress\/wp-json\/wp\/v2\/types\/post"}],"author":[{"embeddable":true,"href":"https:\/\/www.3lo.walbrzych.pl\/wordpress\/wp-json\/wp\/v2\/users\/48"}],"replies":[{"embeddable":true,"href":"https:\/\/www.3lo.walbrzych.pl\/wordpress\/wp-json\/wp\/v2\/comments?post=7215"}],"version-history":[{"count":1,"href":"https:\/\/www.3lo.walbrzych.pl\/wordpress\/wp-json\/wp\/v2\/posts\/7215\/revisions"}],"predecessor-version":[{"id":7220,"href":"https:\/\/www.3lo.walbrzych.pl\/wordpress\/wp-json\/wp\/v2\/posts\/7215\/revisions\/7220"}],"wp:featuredmedia":[{"embeddable":true,"href":"https:\/\/www.3lo.walbrzych.pl\/wordpress\/wp-json\/wp\/v2\/media\/7216"}],"wp:attachment":[{"href":"https:\/\/www.3lo.walbrzych.pl\/wordpress\/wp-json\/wp\/v2\/media?parent=7215"}],"wp:term":[{"taxonomy":"category","embeddable":true,"href":"https:\/\/www.3lo.walbrzych.pl\/wordpress\/wp-json\/wp\/v2\/categories?post=7215"},{"taxonomy":"post_tag","embeddable":true,"href":"https:\/\/www.3lo.walbrzych.pl\/wordpress\/wp-json\/wp\/v2\/tags?post=7215"}],"curies":[{"name":"wp","href":"https:\/\/api.w.org\/{rel}","templated":true}]}}