{"id":7718,"date":"2024-03-21T07:21:39","date_gmt":"2024-03-21T06:21:39","guid":{"rendered":"http:\/\/www.3lo.walbrzych.pl\/wordpress\/?p=7718"},"modified":"2024-03-21T07:21:40","modified_gmt":"2024-03-21T06:21:40","slug":"dzien-bezpiecznego-internetu-podsumowanie","status":"publish","type":"post","link":"https:\/\/www.3lo.walbrzych.pl\/wordpress\/dzien-bezpiecznego-internetu-podsumowanie\/","title":{"rendered":"Dzie\u0144 Bezpiecznego Internetu &#8211; podsumowanie"},"content":{"rendered":"\n<figure class=\"wp-block-image size-large\"><a href=\"https:\/\/www.3lo.walbrzych.pl\/wordpress\/wp-content\/uploads\/2024\/03\/Zaimportowane-18-z-30.jpeg\"><img loading=\"lazy\" decoding=\"async\" width=\"1024\" height=\"768\" src=\"https:\/\/www.3lo.walbrzych.pl\/wordpress\/wp-content\/uploads\/2024\/03\/Zaimportowane-18-z-30-1024x768.jpeg\" alt=\"\" class=\"wp-image-7721\" srcset=\"https:\/\/www.3lo.walbrzych.pl\/wordpress\/wp-content\/uploads\/2024\/03\/Zaimportowane-18-z-30-1024x768.jpeg 1024w, https:\/\/www.3lo.walbrzych.pl\/wordpress\/wp-content\/uploads\/2024\/03\/Zaimportowane-18-z-30-300x225.jpeg 300w, https:\/\/www.3lo.walbrzych.pl\/wordpress\/wp-content\/uploads\/2024\/03\/Zaimportowane-18-z-30-768x576.jpeg 768w, https:\/\/www.3lo.walbrzych.pl\/wordpress\/wp-content\/uploads\/2024\/03\/Zaimportowane-18-z-30-1536x1152.jpeg 1536w, https:\/\/www.3lo.walbrzych.pl\/wordpress\/wp-content\/uploads\/2024\/03\/Zaimportowane-18-z-30.jpeg 2000w\" sizes=\"auto, (max-width: 1024px) 100vw, 1024px\" \/><\/a><\/figure>\n\n\n\n<p class=\"wp-block-paragraph\">W dniach:od 06.02.2024 &#8211; 19.03.2024 odby\u0142a si\u0119 w naszej szkole akcja \u201dDzie\u0144 Bezpiecznego Internetu\u201d. Dla wszystkich klas naszej szko\u0142y zorganizowane zosta\u0142y konkursy i zadania do wykonania.<\/p>\n\n\n\n<ol class=\"wp-block-list\" type=\"1\">\n<li>Prezentacja o cyberbezpiecze\u0144stwie \u2013 kl. I<\/li>\n\n\n\n<li>Konkurs wiedzy o internecie dla klas I<\/li>\n\n\n\n<li>Plakat oraz has\u0142o dotycz\u0105ce cyberbezpiecze\u0144stwa \u2013 kl I &#8211; IV<\/li>\n\n\n\n<li>Wypowiedzi nt. + i \u2013 korzystania z internetu \u2013 kl. I &#8211; IV<\/li>\n<\/ol>\n\n\n\n<p class=\"wp-block-paragraph\">Na sztalugach mo\u017cecie obejrze\u0107 wykonane plakaty, a w szkolnej galerii wywieszone s\u0105 wasze wypowiedzi dotycz\u0105ce przemy\u015ble\u0144 nt. \u201eCo internet mi daje, a co zabiera\u201d.<\/p>\n\n\n\n<p class=\"wp-block-paragraph\">27 lutego zosta\u0142a zorganizowana \u201eGodzina bez urz\u0105dze\u0144 multimedialnych \u2013 jeste\u015bmy offline\u201d , w kt\u00f3rej wzi\u0119\u0142a udzia\u0142 wi\u0119kszo\u015b\u0107 klas. Podczas tej godziny uczniowie zostawili swoje elektroniczne urz\u0105dzenia w szkolnych szafkach i rozegrali kilka ciekawych partii w grach planszowych.<\/p>\n\n\n\n<p class=\"wp-block-paragraph\">A oto ilo\u015b\u0107 punkt\u00f3w oraz miejsca zdobyte przez poszczeg\u00f3lne klasy.<\/p>\n\n\n\n<p class=\"wp-block-paragraph\">Kategoria &#8211; klasy I<\/p>\n\n\n\n<p class=\"wp-block-paragraph\">3 miejsce&nbsp; &#8211; kl. 1f&nbsp; 5 pnk<\/p>\n\n\n\n<p class=\"wp-block-paragraph\">2 miejsce ex aequo &#8211; kl. 1a i 1c po 6p.<\/p>\n\n\n\n<p class=\"wp-block-paragraph\">1miejsce &#8211; kl.1e &#8211; 7p. \u2013 Nagroda g\u0142\u00f3wna ufundowana przez Rad\u0119 Rodzic\u00f3w &#8211; Pizza dla ca\u0142ej klasy<\/p>\n\n\n\n<p class=\"wp-block-paragraph\">W kategorii klas II &#8211; IV:<\/p>\n\n\n\n<p class=\"wp-block-paragraph\">3 miejsce&nbsp; &#8211; kl. 4b<\/p>\n\n\n\n<p class=\"wp-block-paragraph\">2 miejsce &#8211; kl. 4a<\/p>\n\n\n\n<p class=\"wp-block-paragraph\">1 miejsce &#8211; kl. &#8211; 2d<\/p>\n\n\n\n<p class=\"wp-block-paragraph\">Dzi\u0119kujemy wszystkim klasom\u00a0 za udzia\u0142 w akcji \u00a0&#8211; Dzie\u0144 Bezpiecznego Internetu, gratulujemy wygranych. <\/p>\n\n\n\n<figure class=\"wp-block-image size-large\"><a href=\"https:\/\/www.3lo.walbrzych.pl\/wordpress\/wp-content\/uploads\/2024\/03\/Zaimportowane-21-z-30.jpeg\"><img loading=\"lazy\" decoding=\"async\" width=\"1024\" height=\"768\" src=\"https:\/\/www.3lo.walbrzych.pl\/wordpress\/wp-content\/uploads\/2024\/03\/Zaimportowane-21-z-30-1024x768.jpeg\" alt=\"\" class=\"wp-image-7720\" srcset=\"https:\/\/www.3lo.walbrzych.pl\/wordpress\/wp-content\/uploads\/2024\/03\/Zaimportowane-21-z-30-1024x768.jpeg 1024w, https:\/\/www.3lo.walbrzych.pl\/wordpress\/wp-content\/uploads\/2024\/03\/Zaimportowane-21-z-30-300x225.jpeg 300w, https:\/\/www.3lo.walbrzych.pl\/wordpress\/wp-content\/uploads\/2024\/03\/Zaimportowane-21-z-30-768x576.jpeg 768w, https:\/\/www.3lo.walbrzych.pl\/wordpress\/wp-content\/uploads\/2024\/03\/Zaimportowane-21-z-30-1536x1152.jpeg 1536w, https:\/\/www.3lo.walbrzych.pl\/wordpress\/wp-content\/uploads\/2024\/03\/Zaimportowane-21-z-30.jpeg 2000w\" sizes=\"auto, (max-width: 1024px) 100vw, 1024px\" \/><\/a><\/figure>\n","protected":false},"excerpt":{"rendered":"<p>W dniach:od 06.02.2024 &#8211; 19.03.2024 odby\u0142a si\u0119 w naszej szkole akcja \u201dDzie\u0144 Bezpiecznego Internetu\u201d. Dla wszystkich klas naszej szko\u0142y zorganizowane zosta\u0142y konkursy i zadania do wykonania. Na sztalugach mo\u017cecie obejrze\u0107 wykonane plakaty, a w szkolnej galerii wywieszone s\u0105 wasze wypowiedzi dotycz\u0105ce przemy\u015ble\u0144 nt. \u201eCo internet mi daje, a co zabiera\u201d. 27 lutego zosta\u0142a zorganizowana \u201eGodzina [&hellip;]<\/p>\n","protected":false},"author":4,"featured_media":7719,"comment_status":"closed","ping_status":"closed","sticky":false,"template":"","format":"standard","meta":{"footnotes":""},"categories":[19],"tags":[],"class_list":["post-7718","post","type-post","status-publish","format-standard","has-post-thumbnail","hentry","category-aktualnosci"],"yoast_head":"<!-- This site is optimized with the Yoast SEO plugin v28.4 - https:\/\/yoast.com\/product\/yoast-seo-wordpress\/ -->\n<title>Dzie\u0144 Bezpiecznego Internetu - podsumowanie - III Liceum Og\u00f3lnokszta\u0142c\u0105ce im. Miko\u0142aja Kopernika<\/title>\n<meta name=\"robots\" content=\"index, follow, max-snippet:-1, max-image-preview:large, max-video-preview:-1\" \/>\n<link rel=\"canonical\" href=\"https:\/\/www.3lo.walbrzych.pl\/wordpress\/dzien-bezpiecznego-internetu-podsumowanie\/\" \/>\n<meta property=\"og:locale\" content=\"pl_PL\" \/>\n<meta property=\"og:type\" content=\"article\" \/>\n<meta property=\"og:title\" content=\"Dzie\u0144 Bezpiecznego Internetu - podsumowanie - III Liceum Og\u00f3lnokszta\u0142c\u0105ce im. Miko\u0142aja Kopernika\" \/>\n<meta property=\"og:description\" content=\"W dniach:od 06.02.2024 &#8211; 19.03.2024 odby\u0142a si\u0119 w naszej szkole akcja \u201dDzie\u0144 Bezpiecznego Internetu\u201d. Dla wszystkich klas naszej szko\u0142y zorganizowane zosta\u0142y konkursy i zadania do wykonania. Na sztalugach mo\u017cecie obejrze\u0107 wykonane plakaty, a w szkolnej galerii wywieszone s\u0105 wasze wypowiedzi dotycz\u0105ce przemy\u015ble\u0144 nt. \u201eCo internet mi daje, a co zabiera\u201d. 27 lutego zosta\u0142a zorganizowana \u201eGodzina [&hellip;]\" \/>\n<meta property=\"og:url\" content=\"https:\/\/www.3lo.walbrzych.pl\/wordpress\/dzien-bezpiecznego-internetu-podsumowanie\/\" \/>\n<meta property=\"og:site_name\" content=\"III Liceum Og\u00f3lnokszta\u0142c\u0105ce im. Miko\u0142aja Kopernika\" \/>\n<meta property=\"article:published_time\" content=\"2024-03-21T06:21:39+00:00\" \/>\n<meta property=\"article:modified_time\" content=\"2024-03-21T06:21:40+00:00\" \/>\n<meta property=\"og:image\" content=\"https:\/\/www.3lo.walbrzych.pl\/wordpress\/wp-content\/uploads\/2024\/03\/Zaimportowane-27-z-30.jpeg\" \/>\n\t<meta property=\"og:image:width\" content=\"2000\" \/>\n\t<meta property=\"og:image:height\" content=\"1500\" \/>\n\t<meta property=\"og:image:type\" content=\"image\/jpeg\" \/>\n<meta name=\"author\" content=\"Tomasz Smejlis\" \/>\n<meta name=\"twitter:card\" content=\"summary_large_image\" \/>\n<meta name=\"twitter:label1\" content=\"Napisane przez\" \/>\n\t<meta name=\"twitter:data1\" content=\"Tomasz Smejlis\" \/>\n\t<meta name=\"twitter:label2\" content=\"Szacowany czas czytania\" \/>\n\t<meta name=\"twitter:data2\" content=\"1 minuta\" \/>\n<script type=\"application\/ld+json\" class=\"yoast-schema-graph\">{\"@context\":\"https:\\\/\\\/schema.org\",\"@graph\":[{\"@type\":\"Article\",\"@id\":\"https:\\\/\\\/www.3lo.walbrzych.pl\\\/wordpress\\\/dzien-bezpiecznego-internetu-podsumowanie\\\/#article\",\"isPartOf\":{\"@id\":\"https:\\\/\\\/www.3lo.walbrzych.pl\\\/wordpress\\\/dzien-bezpiecznego-internetu-podsumowanie\\\/\"},\"author\":{\"name\":\"Tomasz Smejlis\",\"@id\":\"https:\\\/\\\/www.3lo.walbrzych.pl\\\/wordpress\\\/#\\\/schema\\\/person\\\/a5a3335dddd08a52fc05f69d575fd448\"},\"headline\":\"Dzie\u0144 Bezpiecznego Internetu &#8211; podsumowanie\",\"datePublished\":\"2024-03-21T06:21:39+00:00\",\"dateModified\":\"2024-03-21T06:21:40+00:00\",\"mainEntityOfPage\":{\"@id\":\"https:\\\/\\\/www.3lo.walbrzych.pl\\\/wordpress\\\/dzien-bezpiecznego-internetu-podsumowanie\\\/\"},\"wordCount\":223,\"publisher\":{\"@id\":\"https:\\\/\\\/www.3lo.walbrzych.pl\\\/wordpress\\\/#organization\"},\"image\":{\"@id\":\"https:\\\/\\\/www.3lo.walbrzych.pl\\\/wordpress\\\/dzien-bezpiecznego-internetu-podsumowanie\\\/#primaryimage\"},\"thumbnailUrl\":\"https:\\\/\\\/www.3lo.walbrzych.pl\\\/wordpress\\\/wp-content\\\/uploads\\\/2024\\\/03\\\/Zaimportowane-27-z-30.jpeg\",\"articleSection\":[\"Aktualno\u015bci\"],\"inLanguage\":\"pl-PL\"},{\"@type\":\"WebPage\",\"@id\":\"https:\\\/\\\/www.3lo.walbrzych.pl\\\/wordpress\\\/dzien-bezpiecznego-internetu-podsumowanie\\\/\",\"url\":\"https:\\\/\\\/www.3lo.walbrzych.pl\\\/wordpress\\\/dzien-bezpiecznego-internetu-podsumowanie\\\/\",\"name\":\"Dzie\u0144 Bezpiecznego Internetu - podsumowanie - III Liceum Og\u00f3lnokszta\u0142c\u0105ce im. Miko\u0142aja Kopernika\",\"isPartOf\":{\"@id\":\"https:\\\/\\\/www.3lo.walbrzych.pl\\\/wordpress\\\/#website\"},\"primaryImageOfPage\":{\"@id\":\"https:\\\/\\\/www.3lo.walbrzych.pl\\\/wordpress\\\/dzien-bezpiecznego-internetu-podsumowanie\\\/#primaryimage\"},\"image\":{\"@id\":\"https:\\\/\\\/www.3lo.walbrzych.pl\\\/wordpress\\\/dzien-bezpiecznego-internetu-podsumowanie\\\/#primaryimage\"},\"thumbnailUrl\":\"https:\\\/\\\/www.3lo.walbrzych.pl\\\/wordpress\\\/wp-content\\\/uploads\\\/2024\\\/03\\\/Zaimportowane-27-z-30.jpeg\",\"datePublished\":\"2024-03-21T06:21:39+00:00\",\"dateModified\":\"2024-03-21T06:21:40+00:00\",\"breadcrumb\":{\"@id\":\"https:\\\/\\\/www.3lo.walbrzych.pl\\\/wordpress\\\/dzien-bezpiecznego-internetu-podsumowanie\\\/#breadcrumb\"},\"inLanguage\":\"pl-PL\",\"potentialAction\":[{\"@type\":\"ReadAction\",\"target\":[\"https:\\\/\\\/www.3lo.walbrzych.pl\\\/wordpress\\\/dzien-bezpiecznego-internetu-podsumowanie\\\/\"]}]},{\"@type\":\"ImageObject\",\"inLanguage\":\"pl-PL\",\"@id\":\"https:\\\/\\\/www.3lo.walbrzych.pl\\\/wordpress\\\/dzien-bezpiecznego-internetu-podsumowanie\\\/#primaryimage\",\"url\":\"https:\\\/\\\/www.3lo.walbrzych.pl\\\/wordpress\\\/wp-content\\\/uploads\\\/2024\\\/03\\\/Zaimportowane-27-z-30.jpeg\",\"contentUrl\":\"https:\\\/\\\/www.3lo.walbrzych.pl\\\/wordpress\\\/wp-content\\\/uploads\\\/2024\\\/03\\\/Zaimportowane-27-z-30.jpeg\",\"width\":2000,\"height\":1500},{\"@type\":\"BreadcrumbList\",\"@id\":\"https:\\\/\\\/www.3lo.walbrzych.pl\\\/wordpress\\\/dzien-bezpiecznego-internetu-podsumowanie\\\/#breadcrumb\",\"itemListElement\":[{\"@type\":\"ListItem\",\"position\":1,\"name\":\"Strona g\u0142\u00f3wna\",\"item\":\"https:\\\/\\\/www.3lo.walbrzych.pl\\\/wordpress\\\/\"},{\"@type\":\"ListItem\",\"position\":2,\"name\":\"Dzie\u0144 Bezpiecznego Internetu &#8211; podsumowanie\"}]},{\"@type\":\"WebSite\",\"@id\":\"https:\\\/\\\/www.3lo.walbrzych.pl\\\/wordpress\\\/#website\",\"url\":\"https:\\\/\\\/www.3lo.walbrzych.pl\\\/wordpress\\\/\",\"name\":\"III Liceum Og\u00f3lnokszta\u0142c\u0105ce im. Miko\u0142aja Kopernika\",\"description\":\"\",\"publisher\":{\"@id\":\"https:\\\/\\\/www.3lo.walbrzych.pl\\\/wordpress\\\/#organization\"},\"potentialAction\":[{\"@type\":\"SearchAction\",\"target\":{\"@type\":\"EntryPoint\",\"urlTemplate\":\"https:\\\/\\\/www.3lo.walbrzych.pl\\\/wordpress\\\/?s={search_term_string}\"},\"query-input\":{\"@type\":\"PropertyValueSpecification\",\"valueRequired\":true,\"valueName\":\"search_term_string\"}}],\"inLanguage\":\"pl-PL\"},{\"@type\":\"Organization\",\"@id\":\"https:\\\/\\\/www.3lo.walbrzych.pl\\\/wordpress\\\/#organization\",\"name\":\"III Liceum Og\u00f3lnokszta\u0142c\u0105ce im. Miko\u0142aja Kopernika\",\"url\":\"https:\\\/\\\/www.3lo.walbrzych.pl\\\/wordpress\\\/\",\"logo\":{\"@type\":\"ImageObject\",\"inLanguage\":\"pl-PL\",\"@id\":\"https:\\\/\\\/www.3lo.walbrzych.pl\\\/wordpress\\\/#\\\/schema\\\/logo\\\/image\\\/\",\"url\":\"https:\\\/\\\/www.3lo.walbrzych.pl\\\/wordpress\\\/wp-content\\\/uploads\\\/2025\\\/09\\\/logo-szkoly-scaled.jpg\",\"contentUrl\":\"https:\\\/\\\/www.3lo.walbrzych.pl\\\/wordpress\\\/wp-content\\\/uploads\\\/2025\\\/09\\\/logo-szkoly-scaled.jpg\",\"width\":2560,\"height\":914,\"caption\":\"III Liceum Og\u00f3lnokszta\u0142c\u0105ce im. Miko\u0142aja Kopernika\"},\"image\":{\"@id\":\"https:\\\/\\\/www.3lo.walbrzych.pl\\\/wordpress\\\/#\\\/schema\\\/logo\\\/image\\\/\"}},{\"@type\":\"Person\",\"@id\":\"https:\\\/\\\/www.3lo.walbrzych.pl\\\/wordpress\\\/#\\\/schema\\\/person\\\/a5a3335dddd08a52fc05f69d575fd448\",\"name\":\"Tomasz Smejlis\",\"url\":\"https:\\\/\\\/www.3lo.walbrzych.pl\\\/wordpress\\\/author\\\/tfox\\\/\"}]}<\/script>\n<!-- \/ Yoast SEO plugin. -->","yoast_head_json":{"title":"Dzie\u0144 Bezpiecznego Internetu - podsumowanie - III Liceum Og\u00f3lnokszta\u0142c\u0105ce im. Miko\u0142aja Kopernika","robots":{"index":"index","follow":"follow","max-snippet":"max-snippet:-1","max-image-preview":"max-image-preview:large","max-video-preview":"max-video-preview:-1"},"canonical":"https:\/\/www.3lo.walbrzych.pl\/wordpress\/dzien-bezpiecznego-internetu-podsumowanie\/","og_locale":"pl_PL","og_type":"article","og_title":"Dzie\u0144 Bezpiecznego Internetu - podsumowanie - III Liceum Og\u00f3lnokszta\u0142c\u0105ce im. Miko\u0142aja Kopernika","og_description":"W dniach:od 06.02.2024 &#8211; 19.03.2024 odby\u0142a si\u0119 w naszej szkole akcja \u201dDzie\u0144 Bezpiecznego Internetu\u201d. Dla wszystkich klas naszej szko\u0142y zorganizowane zosta\u0142y konkursy i zadania do wykonania. Na sztalugach mo\u017cecie obejrze\u0107 wykonane plakaty, a w szkolnej galerii wywieszone s\u0105 wasze wypowiedzi dotycz\u0105ce przemy\u015ble\u0144 nt. \u201eCo internet mi daje, a co zabiera\u201d. 27 lutego zosta\u0142a zorganizowana \u201eGodzina [&hellip;]","og_url":"https:\/\/www.3lo.walbrzych.pl\/wordpress\/dzien-bezpiecznego-internetu-podsumowanie\/","og_site_name":"III Liceum Og\u00f3lnokszta\u0142c\u0105ce im. Miko\u0142aja Kopernika","article_published_time":"2024-03-21T06:21:39+00:00","article_modified_time":"2024-03-21T06:21:40+00:00","og_image":[{"width":2000,"height":1500,"url":"https:\/\/www.3lo.walbrzych.pl\/wordpress\/wp-content\/uploads\/2024\/03\/Zaimportowane-27-z-30.jpeg","type":"image\/jpeg"}],"author":"Tomasz Smejlis","twitter_card":"summary_large_image","twitter_misc":{"Napisane przez":"Tomasz Smejlis","Szacowany czas czytania":"1 minuta"},"schema":{"@context":"https:\/\/schema.org","@graph":[{"@type":"Article","@id":"https:\/\/www.3lo.walbrzych.pl\/wordpress\/dzien-bezpiecznego-internetu-podsumowanie\/#article","isPartOf":{"@id":"https:\/\/www.3lo.walbrzych.pl\/wordpress\/dzien-bezpiecznego-internetu-podsumowanie\/"},"author":{"name":"Tomasz Smejlis","@id":"https:\/\/www.3lo.walbrzych.pl\/wordpress\/#\/schema\/person\/a5a3335dddd08a52fc05f69d575fd448"},"headline":"Dzie\u0144 Bezpiecznego Internetu &#8211; podsumowanie","datePublished":"2024-03-21T06:21:39+00:00","dateModified":"2024-03-21T06:21:40+00:00","mainEntityOfPage":{"@id":"https:\/\/www.3lo.walbrzych.pl\/wordpress\/dzien-bezpiecznego-internetu-podsumowanie\/"},"wordCount":223,"publisher":{"@id":"https:\/\/www.3lo.walbrzych.pl\/wordpress\/#organization"},"image":{"@id":"https:\/\/www.3lo.walbrzych.pl\/wordpress\/dzien-bezpiecznego-internetu-podsumowanie\/#primaryimage"},"thumbnailUrl":"https:\/\/www.3lo.walbrzych.pl\/wordpress\/wp-content\/uploads\/2024\/03\/Zaimportowane-27-z-30.jpeg","articleSection":["Aktualno\u015bci"],"inLanguage":"pl-PL"},{"@type":"WebPage","@id":"https:\/\/www.3lo.walbrzych.pl\/wordpress\/dzien-bezpiecznego-internetu-podsumowanie\/","url":"https:\/\/www.3lo.walbrzych.pl\/wordpress\/dzien-bezpiecznego-internetu-podsumowanie\/","name":"Dzie\u0144 Bezpiecznego Internetu - podsumowanie - III Liceum Og\u00f3lnokszta\u0142c\u0105ce im. Miko\u0142aja Kopernika","isPartOf":{"@id":"https:\/\/www.3lo.walbrzych.pl\/wordpress\/#website"},"primaryImageOfPage":{"@id":"https:\/\/www.3lo.walbrzych.pl\/wordpress\/dzien-bezpiecznego-internetu-podsumowanie\/#primaryimage"},"image":{"@id":"https:\/\/www.3lo.walbrzych.pl\/wordpress\/dzien-bezpiecznego-internetu-podsumowanie\/#primaryimage"},"thumbnailUrl":"https:\/\/www.3lo.walbrzych.pl\/wordpress\/wp-content\/uploads\/2024\/03\/Zaimportowane-27-z-30.jpeg","datePublished":"2024-03-21T06:21:39+00:00","dateModified":"2024-03-21T06:21:40+00:00","breadcrumb":{"@id":"https:\/\/www.3lo.walbrzych.pl\/wordpress\/dzien-bezpiecznego-internetu-podsumowanie\/#breadcrumb"},"inLanguage":"pl-PL","potentialAction":[{"@type":"ReadAction","target":["https:\/\/www.3lo.walbrzych.pl\/wordpress\/dzien-bezpiecznego-internetu-podsumowanie\/"]}]},{"@type":"ImageObject","inLanguage":"pl-PL","@id":"https:\/\/www.3lo.walbrzych.pl\/wordpress\/dzien-bezpiecznego-internetu-podsumowanie\/#primaryimage","url":"https:\/\/www.3lo.walbrzych.pl\/wordpress\/wp-content\/uploads\/2024\/03\/Zaimportowane-27-z-30.jpeg","contentUrl":"https:\/\/www.3lo.walbrzych.pl\/wordpress\/wp-content\/uploads\/2024\/03\/Zaimportowane-27-z-30.jpeg","width":2000,"height":1500},{"@type":"BreadcrumbList","@id":"https:\/\/www.3lo.walbrzych.pl\/wordpress\/dzien-bezpiecznego-internetu-podsumowanie\/#breadcrumb","itemListElement":[{"@type":"ListItem","position":1,"name":"Strona g\u0142\u00f3wna","item":"https:\/\/www.3lo.walbrzych.pl\/wordpress\/"},{"@type":"ListItem","position":2,"name":"Dzie\u0144 Bezpiecznego Internetu &#8211; podsumowanie"}]},{"@type":"WebSite","@id":"https:\/\/www.3lo.walbrzych.pl\/wordpress\/#website","url":"https:\/\/www.3lo.walbrzych.pl\/wordpress\/","name":"III Liceum Og\u00f3lnokszta\u0142c\u0105ce im. Miko\u0142aja Kopernika","description":"","publisher":{"@id":"https:\/\/www.3lo.walbrzych.pl\/wordpress\/#organization"},"potentialAction":[{"@type":"SearchAction","target":{"@type":"EntryPoint","urlTemplate":"https:\/\/www.3lo.walbrzych.pl\/wordpress\/?s={search_term_string}"},"query-input":{"@type":"PropertyValueSpecification","valueRequired":true,"valueName":"search_term_string"}}],"inLanguage":"pl-PL"},{"@type":"Organization","@id":"https:\/\/www.3lo.walbrzych.pl\/wordpress\/#organization","name":"III Liceum Og\u00f3lnokszta\u0142c\u0105ce im. Miko\u0142aja Kopernika","url":"https:\/\/www.3lo.walbrzych.pl\/wordpress\/","logo":{"@type":"ImageObject","inLanguage":"pl-PL","@id":"https:\/\/www.3lo.walbrzych.pl\/wordpress\/#\/schema\/logo\/image\/","url":"https:\/\/www.3lo.walbrzych.pl\/wordpress\/wp-content\/uploads\/2025\/09\/logo-szkoly-scaled.jpg","contentUrl":"https:\/\/www.3lo.walbrzych.pl\/wordpress\/wp-content\/uploads\/2025\/09\/logo-szkoly-scaled.jpg","width":2560,"height":914,"caption":"III Liceum Og\u00f3lnokszta\u0142c\u0105ce im. Miko\u0142aja Kopernika"},"image":{"@id":"https:\/\/www.3lo.walbrzych.pl\/wordpress\/#\/schema\/logo\/image\/"}},{"@type":"Person","@id":"https:\/\/www.3lo.walbrzych.pl\/wordpress\/#\/schema\/person\/a5a3335dddd08a52fc05f69d575fd448","name":"Tomasz Smejlis","url":"https:\/\/www.3lo.walbrzych.pl\/wordpress\/author\/tfox\/"}]}},"_links":{"self":[{"href":"https:\/\/www.3lo.walbrzych.pl\/wordpress\/wp-json\/wp\/v2\/posts\/7718","targetHints":{"allow":["GET"]}}],"collection":[{"href":"https:\/\/www.3lo.walbrzych.pl\/wordpress\/wp-json\/wp\/v2\/posts"}],"about":[{"href":"https:\/\/www.3lo.walbrzych.pl\/wordpress\/wp-json\/wp\/v2\/types\/post"}],"author":[{"embeddable":true,"href":"https:\/\/www.3lo.walbrzych.pl\/wordpress\/wp-json\/wp\/v2\/users\/4"}],"replies":[{"embeddable":true,"href":"https:\/\/www.3lo.walbrzych.pl\/wordpress\/wp-json\/wp\/v2\/comments?post=7718"}],"version-history":[{"count":1,"href":"https:\/\/www.3lo.walbrzych.pl\/wordpress\/wp-json\/wp\/v2\/posts\/7718\/revisions"}],"predecessor-version":[{"id":7722,"href":"https:\/\/www.3lo.walbrzych.pl\/wordpress\/wp-json\/wp\/v2\/posts\/7718\/revisions\/7722"}],"wp:featuredmedia":[{"embeddable":true,"href":"https:\/\/www.3lo.walbrzych.pl\/wordpress\/wp-json\/wp\/v2\/media\/7719"}],"wp:attachment":[{"href":"https:\/\/www.3lo.walbrzych.pl\/wordpress\/wp-json\/wp\/v2\/media?parent=7718"}],"wp:term":[{"taxonomy":"category","embeddable":true,"href":"https:\/\/www.3lo.walbrzych.pl\/wordpress\/wp-json\/wp\/v2\/categories?post=7718"},{"taxonomy":"post_tag","embeddable":true,"href":"https:\/\/www.3lo.walbrzych.pl\/wordpress\/wp-json\/wp\/v2\/tags?post=7718"}],"curies":[{"name":"wp","href":"https:\/\/api.w.org\/{rel}","templated":true}]}}