{"id":7750,"date":"2024-03-19T23:09:38","date_gmt":"2024-03-19T22:09:38","guid":{"rendered":"http:\/\/www.3lo.walbrzych.pl\/wordpress\/?p=7750"},"modified":"2024-03-29T14:14:23","modified_gmt":"2024-03-29T13:14:23","slug":"spotkanie-z-minister-edukacji","status":"publish","type":"post","link":"https:\/\/www.3lo.walbrzych.pl\/wordpress\/spotkanie-z-minister-edukacji\/","title":{"rendered":"Spotkanie z Minister Edukacji"},"content":{"rendered":"\n<p class=\"wp-block-paragraph\">W poniedzia\u0142ek, 18 marca nasi uczniowie: Milena S\u0105del, Karol Madali\u0144ski, Piotr Olszewski (4a), Eril Rabiega, Tatiana Grudzi\u0144ska, Aleksandra Babik (2c) oraz nasz Samorz\u0105d Uczniowski czyli Aleksandra Arciszewska, Martyna Wierzbicka (3c), Rados\u0142aw Malinowski oraz \u0141ukasz Masternak (3e) razem z m\u0142odzie\u017c\u0105 innych lice\u00f3w wzi\u0119li udzia\u0142 w spotkaniu w Starej Kopalni pod nazw\u0105 &#8221; Nie czekajmy zmieniajmy edukacj\u0119&#8221;. <\/p>\n\n\n\n<figure class=\"wp-block-image size-large\"><a href=\"https:\/\/www.3lo.walbrzych.pl\/wordpress\/wp-content\/uploads\/2024\/03\/434068123_941093968017098_306307738169434059_n.jpg\"><img loading=\"lazy\" decoding=\"async\" width=\"768\" height=\"1024\" src=\"https:\/\/www.3lo.walbrzych.pl\/wordpress\/wp-content\/uploads\/2024\/03\/434068123_941093968017098_306307738169434059_n-768x1024.jpg\" alt=\"\" class=\"wp-image-7752\" srcset=\"https:\/\/www.3lo.walbrzych.pl\/wordpress\/wp-content\/uploads\/2024\/03\/434068123_941093968017098_306307738169434059_n-768x1024.jpg 768w, https:\/\/www.3lo.walbrzych.pl\/wordpress\/wp-content\/uploads\/2024\/03\/434068123_941093968017098_306307738169434059_n-225x300.jpg 225w, https:\/\/www.3lo.walbrzych.pl\/wordpress\/wp-content\/uploads\/2024\/03\/434068123_941093968017098_306307738169434059_n-1152x1536.jpg 1152w, https:\/\/www.3lo.walbrzych.pl\/wordpress\/wp-content\/uploads\/2024\/03\/434068123_941093968017098_306307738169434059_n.jpg 1536w\" sizes=\"auto, (max-width: 768px) 100vw, 768px\" \/><\/a><\/figure>\n\n\n\n<p class=\"wp-block-paragraph\">Pod okiem ministry edukacji, pani Barbary Nowackiej oraz pos\u0142a Marcina J\u00f3zefaciuka uczniowie dzielili si\u0119 swoimi przemy\u015bleniami i pomys\u0142ami w trzech panelach: &#8222;Podstawa programowa a kompetencje XXI&#8221;, &#8222;Dobrostan i zdrowie psychiczne m\u0142odych ludzi&#8221;, &#8222;Zmiany instytucjonalne i prawne \u2013 jak uczyni\u0107 szko\u0142\u0119 miejscem przyjaznym dla uczni\u00f3w i nauczycieli&#8221;.<\/p>\n\n\n\n<figure class=\"wp-block-image size-large\"><a href=\"https:\/\/www.3lo.walbrzych.pl\/wordpress\/wp-content\/uploads\/2024\/03\/434042111_941094121350416_1542566708744448222_n.jpg\"><img loading=\"lazy\" decoding=\"async\" width=\"768\" height=\"1024\" src=\"https:\/\/www.3lo.walbrzych.pl\/wordpress\/wp-content\/uploads\/2024\/03\/434042111_941094121350416_1542566708744448222_n-768x1024.jpg\" alt=\"\" class=\"wp-image-7753\" srcset=\"https:\/\/www.3lo.walbrzych.pl\/wordpress\/wp-content\/uploads\/2024\/03\/434042111_941094121350416_1542566708744448222_n-768x1024.jpg 768w, https:\/\/www.3lo.walbrzych.pl\/wordpress\/wp-content\/uploads\/2024\/03\/434042111_941094121350416_1542566708744448222_n-225x300.jpg 225w, https:\/\/www.3lo.walbrzych.pl\/wordpress\/wp-content\/uploads\/2024\/03\/434042111_941094121350416_1542566708744448222_n-1152x1536.jpg 1152w, https:\/\/www.3lo.walbrzych.pl\/wordpress\/wp-content\/uploads\/2024\/03\/434042111_941094121350416_1542566708744448222_n.jpg 1536w\" sizes=\"auto, (max-width: 768px) 100vw, 768px\" \/><\/a><\/figure>\n","protected":false},"excerpt":{"rendered":"<p>W poniedzia\u0142ek, 18 marca nasi uczniowie: Milena S\u0105del, Karol Madali\u0144ski, Piotr Olszewski (4a), Eril Rabiega, Tatiana Grudzi\u0144ska, Aleksandra Babik (2c) oraz nasz Samorz\u0105d Uczniowski czyli Aleksandra Arciszewska, Martyna Wierzbicka (3c), Rados\u0142aw Malinowski oraz \u0141ukasz Masternak (3e) razem z m\u0142odzie\u017c\u0105 innych lice\u00f3w wzi\u0119li udzia\u0142 w spotkaniu w Starej Kopalni pod nazw\u0105 &#8221; Nie czekajmy zmieniajmy edukacj\u0119&#8221;. [&hellip;]<\/p>\n","protected":false},"author":48,"featured_media":7751,"comment_status":"closed","ping_status":"closed","sticky":false,"template":"","format":"standard","meta":{"footnotes":""},"categories":[19],"tags":[],"class_list":["post-7750","post","type-post","status-publish","format-standard","has-post-thumbnail","hentry","category-aktualnosci"],"yoast_head":"<!-- This site is optimized with the Yoast SEO plugin v28.4 - https:\/\/yoast.com\/product\/yoast-seo-wordpress\/ -->\n<title>Spotkanie z Minister Edukacji - III Liceum Og\u00f3lnokszta\u0142c\u0105ce im. Miko\u0142aja Kopernika<\/title>\n<meta name=\"robots\" content=\"index, follow, max-snippet:-1, max-image-preview:large, max-video-preview:-1\" \/>\n<link rel=\"canonical\" href=\"https:\/\/www.3lo.walbrzych.pl\/wordpress\/spotkanie-z-minister-edukacji\/\" \/>\n<meta property=\"og:locale\" content=\"pl_PL\" \/>\n<meta property=\"og:type\" content=\"article\" \/>\n<meta property=\"og:title\" content=\"Spotkanie z Minister Edukacji - III Liceum Og\u00f3lnokszta\u0142c\u0105ce im. Miko\u0142aja Kopernika\" \/>\n<meta property=\"og:description\" content=\"W poniedzia\u0142ek, 18 marca nasi uczniowie: Milena S\u0105del, Karol Madali\u0144ski, Piotr Olszewski (4a), Eril Rabiega, Tatiana Grudzi\u0144ska, Aleksandra Babik (2c) oraz nasz Samorz\u0105d Uczniowski czyli Aleksandra Arciszewska, Martyna Wierzbicka (3c), Rados\u0142aw Malinowski oraz \u0141ukasz Masternak (3e) razem z m\u0142odzie\u017c\u0105 innych lice\u00f3w wzi\u0119li udzia\u0142 w spotkaniu w Starej Kopalni pod nazw\u0105 &#8221; Nie czekajmy zmieniajmy edukacj\u0119&#8221;. [&hellip;]\" \/>\n<meta property=\"og:url\" content=\"https:\/\/www.3lo.walbrzych.pl\/wordpress\/spotkanie-z-minister-edukacji\/\" \/>\n<meta property=\"og:site_name\" content=\"III Liceum Og\u00f3lnokszta\u0142c\u0105ce im. Miko\u0142aja Kopernika\" \/>\n<meta property=\"article:published_time\" content=\"2024-03-19T22:09:38+00:00\" \/>\n<meta property=\"article:modified_time\" content=\"2024-03-29T13:14:23+00:00\" \/>\n<meta property=\"og:image\" content=\"https:\/\/www.3lo.walbrzych.pl\/wordpress\/wp-content\/uploads\/2024\/03\/434061171_941093774683784_5088632357080389278_n.jpg\" \/>\n\t<meta property=\"og:image:width\" content=\"2048\" \/>\n\t<meta property=\"og:image:height\" content=\"1536\" \/>\n\t<meta property=\"og:image:type\" content=\"image\/jpeg\" \/>\n<meta name=\"author\" content=\"Micha\u0142 Cetera\" \/>\n<meta name=\"twitter:card\" content=\"summary_large_image\" \/>\n<meta name=\"twitter:label1\" content=\"Napisane przez\" \/>\n\t<meta name=\"twitter:data1\" content=\"Micha\u0142 Cetera\" \/>\n\t<meta name=\"twitter:label2\" content=\"Szacowany czas czytania\" \/>\n\t<meta name=\"twitter:data2\" content=\"1 minuta\" \/>\n<script type=\"application\/ld+json\" class=\"yoast-schema-graph\">{\"@context\":\"https:\\\/\\\/schema.org\",\"@graph\":[{\"@type\":\"Article\",\"@id\":\"https:\\\/\\\/www.3lo.walbrzych.pl\\\/wordpress\\\/spotkanie-z-minister-edukacji\\\/#article\",\"isPartOf\":{\"@id\":\"https:\\\/\\\/www.3lo.walbrzych.pl\\\/wordpress\\\/spotkanie-z-minister-edukacji\\\/\"},\"author\":{\"name\":\"Micha\u0142 Cetera\",\"@id\":\"https:\\\/\\\/www.3lo.walbrzych.pl\\\/wordpress\\\/#\\\/schema\\\/person\\\/ff9afc6eca5e68699c4be1e41f0ec427\"},\"headline\":\"Spotkanie z Minister Edukacji\",\"datePublished\":\"2024-03-19T22:09:38+00:00\",\"dateModified\":\"2024-03-29T13:14:23+00:00\",\"mainEntityOfPage\":{\"@id\":\"https:\\\/\\\/www.3lo.walbrzych.pl\\\/wordpress\\\/spotkanie-z-minister-edukacji\\\/\"},\"wordCount\":117,\"publisher\":{\"@id\":\"https:\\\/\\\/www.3lo.walbrzych.pl\\\/wordpress\\\/#organization\"},\"image\":{\"@id\":\"https:\\\/\\\/www.3lo.walbrzych.pl\\\/wordpress\\\/spotkanie-z-minister-edukacji\\\/#primaryimage\"},\"thumbnailUrl\":\"https:\\\/\\\/www.3lo.walbrzych.pl\\\/wordpress\\\/wp-content\\\/uploads\\\/2024\\\/03\\\/434061171_941093774683784_5088632357080389278_n.jpg\",\"articleSection\":[\"Aktualno\u015bci\"],\"inLanguage\":\"pl-PL\"},{\"@type\":\"WebPage\",\"@id\":\"https:\\\/\\\/www.3lo.walbrzych.pl\\\/wordpress\\\/spotkanie-z-minister-edukacji\\\/\",\"url\":\"https:\\\/\\\/www.3lo.walbrzych.pl\\\/wordpress\\\/spotkanie-z-minister-edukacji\\\/\",\"name\":\"Spotkanie z Minister Edukacji - III Liceum Og\u00f3lnokszta\u0142c\u0105ce im. Miko\u0142aja Kopernika\",\"isPartOf\":{\"@id\":\"https:\\\/\\\/www.3lo.walbrzych.pl\\\/wordpress\\\/#website\"},\"primaryImageOfPage\":{\"@id\":\"https:\\\/\\\/www.3lo.walbrzych.pl\\\/wordpress\\\/spotkanie-z-minister-edukacji\\\/#primaryimage\"},\"image\":{\"@id\":\"https:\\\/\\\/www.3lo.walbrzych.pl\\\/wordpress\\\/spotkanie-z-minister-edukacji\\\/#primaryimage\"},\"thumbnailUrl\":\"https:\\\/\\\/www.3lo.walbrzych.pl\\\/wordpress\\\/wp-content\\\/uploads\\\/2024\\\/03\\\/434061171_941093774683784_5088632357080389278_n.jpg\",\"datePublished\":\"2024-03-19T22:09:38+00:00\",\"dateModified\":\"2024-03-29T13:14:23+00:00\",\"breadcrumb\":{\"@id\":\"https:\\\/\\\/www.3lo.walbrzych.pl\\\/wordpress\\\/spotkanie-z-minister-edukacji\\\/#breadcrumb\"},\"inLanguage\":\"pl-PL\",\"potentialAction\":[{\"@type\":\"ReadAction\",\"target\":[\"https:\\\/\\\/www.3lo.walbrzych.pl\\\/wordpress\\\/spotkanie-z-minister-edukacji\\\/\"]}]},{\"@type\":\"ImageObject\",\"inLanguage\":\"pl-PL\",\"@id\":\"https:\\\/\\\/www.3lo.walbrzych.pl\\\/wordpress\\\/spotkanie-z-minister-edukacji\\\/#primaryimage\",\"url\":\"https:\\\/\\\/www.3lo.walbrzych.pl\\\/wordpress\\\/wp-content\\\/uploads\\\/2024\\\/03\\\/434061171_941093774683784_5088632357080389278_n.jpg\",\"contentUrl\":\"https:\\\/\\\/www.3lo.walbrzych.pl\\\/wordpress\\\/wp-content\\\/uploads\\\/2024\\\/03\\\/434061171_941093774683784_5088632357080389278_n.jpg\",\"width\":2048,\"height\":1536},{\"@type\":\"BreadcrumbList\",\"@id\":\"https:\\\/\\\/www.3lo.walbrzych.pl\\\/wordpress\\\/spotkanie-z-minister-edukacji\\\/#breadcrumb\",\"itemListElement\":[{\"@type\":\"ListItem\",\"position\":1,\"name\":\"Strona g\u0142\u00f3wna\",\"item\":\"https:\\\/\\\/www.3lo.walbrzych.pl\\\/wordpress\\\/\"},{\"@type\":\"ListItem\",\"position\":2,\"name\":\"Spotkanie z Minister Edukacji\"}]},{\"@type\":\"WebSite\",\"@id\":\"https:\\\/\\\/www.3lo.walbrzych.pl\\\/wordpress\\\/#website\",\"url\":\"https:\\\/\\\/www.3lo.walbrzych.pl\\\/wordpress\\\/\",\"name\":\"III Liceum Og\u00f3lnokszta\u0142c\u0105ce im. Miko\u0142aja Kopernika\",\"description\":\"\",\"publisher\":{\"@id\":\"https:\\\/\\\/www.3lo.walbrzych.pl\\\/wordpress\\\/#organization\"},\"potentialAction\":[{\"@type\":\"SearchAction\",\"target\":{\"@type\":\"EntryPoint\",\"urlTemplate\":\"https:\\\/\\\/www.3lo.walbrzych.pl\\\/wordpress\\\/?s={search_term_string}\"},\"query-input\":{\"@type\":\"PropertyValueSpecification\",\"valueRequired\":true,\"valueName\":\"search_term_string\"}}],\"inLanguage\":\"pl-PL\"},{\"@type\":\"Organization\",\"@id\":\"https:\\\/\\\/www.3lo.walbrzych.pl\\\/wordpress\\\/#organization\",\"name\":\"III Liceum Og\u00f3lnokszta\u0142c\u0105ce im. Miko\u0142aja Kopernika\",\"url\":\"https:\\\/\\\/www.3lo.walbrzych.pl\\\/wordpress\\\/\",\"logo\":{\"@type\":\"ImageObject\",\"inLanguage\":\"pl-PL\",\"@id\":\"https:\\\/\\\/www.3lo.walbrzych.pl\\\/wordpress\\\/#\\\/schema\\\/logo\\\/image\\\/\",\"url\":\"https:\\\/\\\/www.3lo.walbrzych.pl\\\/wordpress\\\/wp-content\\\/uploads\\\/2025\\\/09\\\/logo-szkoly-scaled.jpg\",\"contentUrl\":\"https:\\\/\\\/www.3lo.walbrzych.pl\\\/wordpress\\\/wp-content\\\/uploads\\\/2025\\\/09\\\/logo-szkoly-scaled.jpg\",\"width\":2560,\"height\":914,\"caption\":\"III Liceum Og\u00f3lnokszta\u0142c\u0105ce im. Miko\u0142aja Kopernika\"},\"image\":{\"@id\":\"https:\\\/\\\/www.3lo.walbrzych.pl\\\/wordpress\\\/#\\\/schema\\\/logo\\\/image\\\/\"}},{\"@type\":\"Person\",\"@id\":\"https:\\\/\\\/www.3lo.walbrzych.pl\\\/wordpress\\\/#\\\/schema\\\/person\\\/ff9afc6eca5e68699c4be1e41f0ec427\",\"name\":\"Micha\u0142 Cetera\",\"url\":\"https:\\\/\\\/www.3lo.walbrzych.pl\\\/wordpress\\\/author\\\/mcetera\\\/\"}]}<\/script>\n<!-- \/ Yoast SEO plugin. -->","yoast_head_json":{"title":"Spotkanie z Minister Edukacji - III Liceum Og\u00f3lnokszta\u0142c\u0105ce im. Miko\u0142aja Kopernika","robots":{"index":"index","follow":"follow","max-snippet":"max-snippet:-1","max-image-preview":"max-image-preview:large","max-video-preview":"max-video-preview:-1"},"canonical":"https:\/\/www.3lo.walbrzych.pl\/wordpress\/spotkanie-z-minister-edukacji\/","og_locale":"pl_PL","og_type":"article","og_title":"Spotkanie z Minister Edukacji - III Liceum Og\u00f3lnokszta\u0142c\u0105ce im. Miko\u0142aja Kopernika","og_description":"W poniedzia\u0142ek, 18 marca nasi uczniowie: Milena S\u0105del, Karol Madali\u0144ski, Piotr Olszewski (4a), Eril Rabiega, Tatiana Grudzi\u0144ska, Aleksandra Babik (2c) oraz nasz Samorz\u0105d Uczniowski czyli Aleksandra Arciszewska, Martyna Wierzbicka (3c), Rados\u0142aw Malinowski oraz \u0141ukasz Masternak (3e) razem z m\u0142odzie\u017c\u0105 innych lice\u00f3w wzi\u0119li udzia\u0142 w spotkaniu w Starej Kopalni pod nazw\u0105 &#8221; Nie czekajmy zmieniajmy edukacj\u0119&#8221;. [&hellip;]","og_url":"https:\/\/www.3lo.walbrzych.pl\/wordpress\/spotkanie-z-minister-edukacji\/","og_site_name":"III Liceum Og\u00f3lnokszta\u0142c\u0105ce im. Miko\u0142aja Kopernika","article_published_time":"2024-03-19T22:09:38+00:00","article_modified_time":"2024-03-29T13:14:23+00:00","og_image":[{"width":2048,"height":1536,"url":"https:\/\/www.3lo.walbrzych.pl\/wordpress\/wp-content\/uploads\/2024\/03\/434061171_941093774683784_5088632357080389278_n.jpg","type":"image\/jpeg"}],"author":"Micha\u0142 Cetera","twitter_card":"summary_large_image","twitter_misc":{"Napisane przez":"Micha\u0142 Cetera","Szacowany czas czytania":"1 minuta"},"schema":{"@context":"https:\/\/schema.org","@graph":[{"@type":"Article","@id":"https:\/\/www.3lo.walbrzych.pl\/wordpress\/spotkanie-z-minister-edukacji\/#article","isPartOf":{"@id":"https:\/\/www.3lo.walbrzych.pl\/wordpress\/spotkanie-z-minister-edukacji\/"},"author":{"name":"Micha\u0142 Cetera","@id":"https:\/\/www.3lo.walbrzych.pl\/wordpress\/#\/schema\/person\/ff9afc6eca5e68699c4be1e41f0ec427"},"headline":"Spotkanie z Minister Edukacji","datePublished":"2024-03-19T22:09:38+00:00","dateModified":"2024-03-29T13:14:23+00:00","mainEntityOfPage":{"@id":"https:\/\/www.3lo.walbrzych.pl\/wordpress\/spotkanie-z-minister-edukacji\/"},"wordCount":117,"publisher":{"@id":"https:\/\/www.3lo.walbrzych.pl\/wordpress\/#organization"},"image":{"@id":"https:\/\/www.3lo.walbrzych.pl\/wordpress\/spotkanie-z-minister-edukacji\/#primaryimage"},"thumbnailUrl":"https:\/\/www.3lo.walbrzych.pl\/wordpress\/wp-content\/uploads\/2024\/03\/434061171_941093774683784_5088632357080389278_n.jpg","articleSection":["Aktualno\u015bci"],"inLanguage":"pl-PL"},{"@type":"WebPage","@id":"https:\/\/www.3lo.walbrzych.pl\/wordpress\/spotkanie-z-minister-edukacji\/","url":"https:\/\/www.3lo.walbrzych.pl\/wordpress\/spotkanie-z-minister-edukacji\/","name":"Spotkanie z Minister Edukacji - III Liceum Og\u00f3lnokszta\u0142c\u0105ce im. Miko\u0142aja Kopernika","isPartOf":{"@id":"https:\/\/www.3lo.walbrzych.pl\/wordpress\/#website"},"primaryImageOfPage":{"@id":"https:\/\/www.3lo.walbrzych.pl\/wordpress\/spotkanie-z-minister-edukacji\/#primaryimage"},"image":{"@id":"https:\/\/www.3lo.walbrzych.pl\/wordpress\/spotkanie-z-minister-edukacji\/#primaryimage"},"thumbnailUrl":"https:\/\/www.3lo.walbrzych.pl\/wordpress\/wp-content\/uploads\/2024\/03\/434061171_941093774683784_5088632357080389278_n.jpg","datePublished":"2024-03-19T22:09:38+00:00","dateModified":"2024-03-29T13:14:23+00:00","breadcrumb":{"@id":"https:\/\/www.3lo.walbrzych.pl\/wordpress\/spotkanie-z-minister-edukacji\/#breadcrumb"},"inLanguage":"pl-PL","potentialAction":[{"@type":"ReadAction","target":["https:\/\/www.3lo.walbrzych.pl\/wordpress\/spotkanie-z-minister-edukacji\/"]}]},{"@type":"ImageObject","inLanguage":"pl-PL","@id":"https:\/\/www.3lo.walbrzych.pl\/wordpress\/spotkanie-z-minister-edukacji\/#primaryimage","url":"https:\/\/www.3lo.walbrzych.pl\/wordpress\/wp-content\/uploads\/2024\/03\/434061171_941093774683784_5088632357080389278_n.jpg","contentUrl":"https:\/\/www.3lo.walbrzych.pl\/wordpress\/wp-content\/uploads\/2024\/03\/434061171_941093774683784_5088632357080389278_n.jpg","width":2048,"height":1536},{"@type":"BreadcrumbList","@id":"https:\/\/www.3lo.walbrzych.pl\/wordpress\/spotkanie-z-minister-edukacji\/#breadcrumb","itemListElement":[{"@type":"ListItem","position":1,"name":"Strona g\u0142\u00f3wna","item":"https:\/\/www.3lo.walbrzych.pl\/wordpress\/"},{"@type":"ListItem","position":2,"name":"Spotkanie z Minister Edukacji"}]},{"@type":"WebSite","@id":"https:\/\/www.3lo.walbrzych.pl\/wordpress\/#website","url":"https:\/\/www.3lo.walbrzych.pl\/wordpress\/","name":"III Liceum Og\u00f3lnokszta\u0142c\u0105ce im. Miko\u0142aja Kopernika","description":"","publisher":{"@id":"https:\/\/www.3lo.walbrzych.pl\/wordpress\/#organization"},"potentialAction":[{"@type":"SearchAction","target":{"@type":"EntryPoint","urlTemplate":"https:\/\/www.3lo.walbrzych.pl\/wordpress\/?s={search_term_string}"},"query-input":{"@type":"PropertyValueSpecification","valueRequired":true,"valueName":"search_term_string"}}],"inLanguage":"pl-PL"},{"@type":"Organization","@id":"https:\/\/www.3lo.walbrzych.pl\/wordpress\/#organization","name":"III Liceum Og\u00f3lnokszta\u0142c\u0105ce im. Miko\u0142aja Kopernika","url":"https:\/\/www.3lo.walbrzych.pl\/wordpress\/","logo":{"@type":"ImageObject","inLanguage":"pl-PL","@id":"https:\/\/www.3lo.walbrzych.pl\/wordpress\/#\/schema\/logo\/image\/","url":"https:\/\/www.3lo.walbrzych.pl\/wordpress\/wp-content\/uploads\/2025\/09\/logo-szkoly-scaled.jpg","contentUrl":"https:\/\/www.3lo.walbrzych.pl\/wordpress\/wp-content\/uploads\/2025\/09\/logo-szkoly-scaled.jpg","width":2560,"height":914,"caption":"III Liceum Og\u00f3lnokszta\u0142c\u0105ce im. Miko\u0142aja Kopernika"},"image":{"@id":"https:\/\/www.3lo.walbrzych.pl\/wordpress\/#\/schema\/logo\/image\/"}},{"@type":"Person","@id":"https:\/\/www.3lo.walbrzych.pl\/wordpress\/#\/schema\/person\/ff9afc6eca5e68699c4be1e41f0ec427","name":"Micha\u0142 Cetera","url":"https:\/\/www.3lo.walbrzych.pl\/wordpress\/author\/mcetera\/"}]}},"_links":{"self":[{"href":"https:\/\/www.3lo.walbrzych.pl\/wordpress\/wp-json\/wp\/v2\/posts\/7750","targetHints":{"allow":["GET"]}}],"collection":[{"href":"https:\/\/www.3lo.walbrzych.pl\/wordpress\/wp-json\/wp\/v2\/posts"}],"about":[{"href":"https:\/\/www.3lo.walbrzych.pl\/wordpress\/wp-json\/wp\/v2\/types\/post"}],"author":[{"embeddable":true,"href":"https:\/\/www.3lo.walbrzych.pl\/wordpress\/wp-json\/wp\/v2\/users\/48"}],"replies":[{"embeddable":true,"href":"https:\/\/www.3lo.walbrzych.pl\/wordpress\/wp-json\/wp\/v2\/comments?post=7750"}],"version-history":[{"count":1,"href":"https:\/\/www.3lo.walbrzych.pl\/wordpress\/wp-json\/wp\/v2\/posts\/7750\/revisions"}],"predecessor-version":[{"id":7754,"href":"https:\/\/www.3lo.walbrzych.pl\/wordpress\/wp-json\/wp\/v2\/posts\/7750\/revisions\/7754"}],"wp:featuredmedia":[{"embeddable":true,"href":"https:\/\/www.3lo.walbrzych.pl\/wordpress\/wp-json\/wp\/v2\/media\/7751"}],"wp:attachment":[{"href":"https:\/\/www.3lo.walbrzych.pl\/wordpress\/wp-json\/wp\/v2\/media?parent=7750"}],"wp:term":[{"taxonomy":"category","embeddable":true,"href":"https:\/\/www.3lo.walbrzych.pl\/wordpress\/wp-json\/wp\/v2\/categories?post=7750"},{"taxonomy":"post_tag","embeddable":true,"href":"https:\/\/www.3lo.walbrzych.pl\/wordpress\/wp-json\/wp\/v2\/tags?post=7750"}],"curies":[{"name":"wp","href":"https:\/\/api.w.org\/{rel}","templated":true}]}}