{"id":7805,"date":"2024-04-05T18:17:46","date_gmt":"2024-04-05T16:17:46","guid":{"rendered":"http:\/\/www.3lo.walbrzych.pl\/wordpress\/?p=7805"},"modified":"2024-04-05T18:17:47","modified_gmt":"2024-04-05T16:17:47","slug":"zaproszenie-na-spektakl","status":"publish","type":"post","link":"https:\/\/www.3lo.walbrzych.pl\/wordpress\/zaproszenie-na-spektakl\/","title":{"rendered":"Zaproszenie na spektakl"},"content":{"rendered":"\n<figure class=\"wp-block-image size-large\"><a href=\"https:\/\/www.3lo.walbrzych.pl\/wordpress\/wp-content\/uploads\/2024\/04\/10ba4031-fa3b-4b94-b04a-aa523c7b8f01.jpeg\"><img loading=\"lazy\" decoding=\"async\" width=\"1024\" height=\"682\" src=\"https:\/\/www.3lo.walbrzych.pl\/wordpress\/wp-content\/uploads\/2024\/04\/10ba4031-fa3b-4b94-b04a-aa523c7b8f01-1024x682.jpeg\" alt=\"\" class=\"wp-image-7811\" srcset=\"https:\/\/www.3lo.walbrzych.pl\/wordpress\/wp-content\/uploads\/2024\/04\/10ba4031-fa3b-4b94-b04a-aa523c7b8f01-1024x682.jpeg 1024w, https:\/\/www.3lo.walbrzych.pl\/wordpress\/wp-content\/uploads\/2024\/04\/10ba4031-fa3b-4b94-b04a-aa523c7b8f01-300x200.jpeg 300w, https:\/\/www.3lo.walbrzych.pl\/wordpress\/wp-content\/uploads\/2024\/04\/10ba4031-fa3b-4b94-b04a-aa523c7b8f01-768x512.jpeg 768w, https:\/\/www.3lo.walbrzych.pl\/wordpress\/wp-content\/uploads\/2024\/04\/10ba4031-fa3b-4b94-b04a-aa523c7b8f01-1536x1024.jpeg 1536w, https:\/\/www.3lo.walbrzych.pl\/wordpress\/wp-content\/uploads\/2024\/04\/10ba4031-fa3b-4b94-b04a-aa523c7b8f01.jpeg 2000w\" sizes=\"auto, (max-width: 1024px) 100vw, 1024px\" \/><\/a><\/figure>\n\n\n\n<p class=\"wp-block-paragraph\">Bardzo bardzo serdecznie zapraszamy na nasz spektakl do Teatru Dramatycznego SzaniawskiX! W czwartek 11. kwietnia o godz.18:00 na Scenie Kameralnej zaprezentujemy nasz\u0105 wersj\u0119 ,,Balladyny\u201d wg Juliusza S\u0142owackiego. Spektakl odb\u0119dzie si\u0119 w ramach XX Dni M\u0142odego Teatru.<br>Jeste\u015bmy ju\u017c w repertuarze! <\/p>\n\n\n\n<p class=\"wp-block-paragraph\">Zapraszamy. Wej\u015bcie bezp\u0142atne <\/p>\n\n\n\n<p class=\"wp-block-paragraph\">K\u00f3\u0142ko Teatralne III LO z opiekunem<\/p>\n\n\n\n<p class=\"wp-block-paragraph\"><\/p>\n\n\n\n<figure class=\"wp-block-image size-large\"><a href=\"https:\/\/www.3lo.walbrzych.pl\/wordpress\/wp-content\/uploads\/2024\/04\/3b56db5a-5dcf-4864-8328-167d2ac5ae33.jpeg\"><img loading=\"lazy\" decoding=\"async\" width=\"1024\" height=\"682\" src=\"https:\/\/www.3lo.walbrzych.pl\/wordpress\/wp-content\/uploads\/2024\/04\/3b56db5a-5dcf-4864-8328-167d2ac5ae33-1024x682.jpeg\" alt=\"\" class=\"wp-image-7810\" srcset=\"https:\/\/www.3lo.walbrzych.pl\/wordpress\/wp-content\/uploads\/2024\/04\/3b56db5a-5dcf-4864-8328-167d2ac5ae33-1024x682.jpeg 1024w, https:\/\/www.3lo.walbrzych.pl\/wordpress\/wp-content\/uploads\/2024\/04\/3b56db5a-5dcf-4864-8328-167d2ac5ae33-300x200.jpeg 300w, https:\/\/www.3lo.walbrzych.pl\/wordpress\/wp-content\/uploads\/2024\/04\/3b56db5a-5dcf-4864-8328-167d2ac5ae33-768x512.jpeg 768w, https:\/\/www.3lo.walbrzych.pl\/wordpress\/wp-content\/uploads\/2024\/04\/3b56db5a-5dcf-4864-8328-167d2ac5ae33-1536x1024.jpeg 1536w, https:\/\/www.3lo.walbrzych.pl\/wordpress\/wp-content\/uploads\/2024\/04\/3b56db5a-5dcf-4864-8328-167d2ac5ae33.jpeg 2000w\" sizes=\"auto, (max-width: 1024px) 100vw, 1024px\" \/><\/a><\/figure>\n\n\n\n<figure class=\"wp-block-image size-large\"><a href=\"https:\/\/www.3lo.walbrzych.pl\/wordpress\/wp-content\/uploads\/2024\/04\/2aafa4e0-95b8-485b-9540-774002475d77.jpeg\"><img loading=\"lazy\" decoding=\"async\" width=\"1024\" height=\"698\" src=\"https:\/\/www.3lo.walbrzych.pl\/wordpress\/wp-content\/uploads\/2024\/04\/2aafa4e0-95b8-485b-9540-774002475d77-1024x698.jpeg\" alt=\"\" class=\"wp-image-7809\" srcset=\"https:\/\/www.3lo.walbrzych.pl\/wordpress\/wp-content\/uploads\/2024\/04\/2aafa4e0-95b8-485b-9540-774002475d77-1024x698.jpeg 1024w, https:\/\/www.3lo.walbrzych.pl\/wordpress\/wp-content\/uploads\/2024\/04\/2aafa4e0-95b8-485b-9540-774002475d77-300x204.jpeg 300w, https:\/\/www.3lo.walbrzych.pl\/wordpress\/wp-content\/uploads\/2024\/04\/2aafa4e0-95b8-485b-9540-774002475d77-768x523.jpeg 768w, https:\/\/www.3lo.walbrzych.pl\/wordpress\/wp-content\/uploads\/2024\/04\/2aafa4e0-95b8-485b-9540-774002475d77-1536x1047.jpeg 1536w, https:\/\/www.3lo.walbrzych.pl\/wordpress\/wp-content\/uploads\/2024\/04\/2aafa4e0-95b8-485b-9540-774002475d77.jpeg 2000w\" sizes=\"auto, (max-width: 1024px) 100vw, 1024px\" \/><\/a><\/figure>\n\n\n\n<figure class=\"wp-block-image size-large\"><a href=\"https:\/\/www.3lo.walbrzych.pl\/wordpress\/wp-content\/uploads\/2024\/04\/IMG-9198.jpeg\"><img loading=\"lazy\" decoding=\"async\" width=\"768\" height=\"1024\" src=\"https:\/\/www.3lo.walbrzych.pl\/wordpress\/wp-content\/uploads\/2024\/04\/IMG-9198-768x1024.jpeg\" alt=\"\" class=\"wp-image-7808\" srcset=\"https:\/\/www.3lo.walbrzych.pl\/wordpress\/wp-content\/uploads\/2024\/04\/IMG-9198-768x1024.jpeg 768w, https:\/\/www.3lo.walbrzych.pl\/wordpress\/wp-content\/uploads\/2024\/04\/IMG-9198-225x300.jpeg 225w, https:\/\/www.3lo.walbrzych.pl\/wordpress\/wp-content\/uploads\/2024\/04\/IMG-9198-1152x1536.jpeg 1152w, https:\/\/www.3lo.walbrzych.pl\/wordpress\/wp-content\/uploads\/2024\/04\/IMG-9198.jpeg 1500w\" sizes=\"auto, (max-width: 768px) 100vw, 768px\" \/><\/a><\/figure>\n","protected":false},"excerpt":{"rendered":"<p>Bardzo bardzo serdecznie zapraszamy na nasz spektakl do Teatru Dramatycznego SzaniawskiX! W czwartek 11. kwietnia o godz.18:00 na Scenie Kameralnej zaprezentujemy nasz\u0105 wersj\u0119 ,,Balladyny\u201d wg Juliusza S\u0142owackiego. Spektakl odb\u0119dzie si\u0119 w ramach XX Dni M\u0142odego Teatru.Jeste\u015bmy ju\u017c w repertuarze! Zapraszamy. Wej\u015bcie bezp\u0142atne K\u00f3\u0142ko Teatralne III LO z opiekunem<\/p>\n","protected":false},"author":4,"featured_media":7806,"comment_status":"closed","ping_status":"closed","sticky":false,"template":"","format":"standard","meta":{"footnotes":""},"categories":[19],"tags":[],"class_list":["post-7805","post","type-post","status-publish","format-standard","has-post-thumbnail","hentry","category-aktualnosci"],"yoast_head":"<!-- This site is optimized with the Yoast SEO plugin v28.4 - https:\/\/yoast.com\/product\/yoast-seo-wordpress\/ -->\n<title>Zaproszenie na spektakl - III Liceum Og\u00f3lnokszta\u0142c\u0105ce im. Miko\u0142aja Kopernika<\/title>\n<meta name=\"robots\" content=\"index, follow, max-snippet:-1, max-image-preview:large, max-video-preview:-1\" \/>\n<link rel=\"canonical\" href=\"https:\/\/www.3lo.walbrzych.pl\/wordpress\/zaproszenie-na-spektakl\/\" \/>\n<meta property=\"og:locale\" content=\"pl_PL\" \/>\n<meta property=\"og:type\" content=\"article\" \/>\n<meta property=\"og:title\" content=\"Zaproszenie na spektakl - III Liceum Og\u00f3lnokszta\u0142c\u0105ce im. Miko\u0142aja Kopernika\" \/>\n<meta property=\"og:description\" content=\"Bardzo bardzo serdecznie zapraszamy na nasz spektakl do Teatru Dramatycznego SzaniawskiX! W czwartek 11. kwietnia o godz.18:00 na Scenie Kameralnej zaprezentujemy nasz\u0105 wersj\u0119 ,,Balladyny\u201d wg Juliusza S\u0142owackiego. Spektakl odb\u0119dzie si\u0119 w ramach XX Dni M\u0142odego Teatru.Jeste\u015bmy ju\u017c w repertuarze! Zapraszamy. Wej\u015bcie bezp\u0142atne K\u00f3\u0142ko Teatralne III LO z opiekunem\" \/>\n<meta property=\"og:url\" content=\"https:\/\/www.3lo.walbrzych.pl\/wordpress\/zaproszenie-na-spektakl\/\" \/>\n<meta property=\"og:site_name\" content=\"III Liceum Og\u00f3lnokszta\u0142c\u0105ce im. Miko\u0142aja Kopernika\" \/>\n<meta property=\"article:published_time\" content=\"2024-04-05T16:17:46+00:00\" \/>\n<meta property=\"article:modified_time\" content=\"2024-04-05T16:17:47+00:00\" \/>\n<meta property=\"og:image\" content=\"https:\/\/www.3lo.walbrzych.pl\/wordpress\/wp-content\/uploads\/2024\/04\/IMG-9199.jpg\" \/>\n\t<meta property=\"og:image:width\" content=\"2000\" \/>\n\t<meta property=\"og:image:height\" content=\"1500\" \/>\n\t<meta property=\"og:image:type\" content=\"image\/jpeg\" \/>\n<meta name=\"author\" content=\"Tomasz Smejlis\" \/>\n<meta name=\"twitter:card\" content=\"summary_large_image\" \/>\n<meta name=\"twitter:label1\" content=\"Napisane przez\" \/>\n\t<meta name=\"twitter:data1\" content=\"Tomasz Smejlis\" \/>\n<script type=\"application\/ld+json\" class=\"yoast-schema-graph\">{\"@context\":\"https:\\\/\\\/schema.org\",\"@graph\":[{\"@type\":\"Article\",\"@id\":\"https:\\\/\\\/www.3lo.walbrzych.pl\\\/wordpress\\\/zaproszenie-na-spektakl\\\/#article\",\"isPartOf\":{\"@id\":\"https:\\\/\\\/www.3lo.walbrzych.pl\\\/wordpress\\\/zaproszenie-na-spektakl\\\/\"},\"author\":{\"name\":\"Tomasz Smejlis\",\"@id\":\"https:\\\/\\\/www.3lo.walbrzych.pl\\\/wordpress\\\/#\\\/schema\\\/person\\\/a5a3335dddd08a52fc05f69d575fd448\"},\"headline\":\"Zaproszenie na spektakl\",\"datePublished\":\"2024-04-05T16:17:46+00:00\",\"dateModified\":\"2024-04-05T16:17:47+00:00\",\"mainEntityOfPage\":{\"@id\":\"https:\\\/\\\/www.3lo.walbrzych.pl\\\/wordpress\\\/zaproszenie-na-spektakl\\\/\"},\"wordCount\":58,\"publisher\":{\"@id\":\"https:\\\/\\\/www.3lo.walbrzych.pl\\\/wordpress\\\/#organization\"},\"image\":{\"@id\":\"https:\\\/\\\/www.3lo.walbrzych.pl\\\/wordpress\\\/zaproszenie-na-spektakl\\\/#primaryimage\"},\"thumbnailUrl\":\"https:\\\/\\\/www.3lo.walbrzych.pl\\\/wordpress\\\/wp-content\\\/uploads\\\/2024\\\/04\\\/IMG-9199.jpg\",\"articleSection\":[\"Aktualno\u015bci\"],\"inLanguage\":\"pl-PL\"},{\"@type\":\"WebPage\",\"@id\":\"https:\\\/\\\/www.3lo.walbrzych.pl\\\/wordpress\\\/zaproszenie-na-spektakl\\\/\",\"url\":\"https:\\\/\\\/www.3lo.walbrzych.pl\\\/wordpress\\\/zaproszenie-na-spektakl\\\/\",\"name\":\"Zaproszenie na spektakl - III Liceum Og\u00f3lnokszta\u0142c\u0105ce im. Miko\u0142aja Kopernika\",\"isPartOf\":{\"@id\":\"https:\\\/\\\/www.3lo.walbrzych.pl\\\/wordpress\\\/#website\"},\"primaryImageOfPage\":{\"@id\":\"https:\\\/\\\/www.3lo.walbrzych.pl\\\/wordpress\\\/zaproszenie-na-spektakl\\\/#primaryimage\"},\"image\":{\"@id\":\"https:\\\/\\\/www.3lo.walbrzych.pl\\\/wordpress\\\/zaproszenie-na-spektakl\\\/#primaryimage\"},\"thumbnailUrl\":\"https:\\\/\\\/www.3lo.walbrzych.pl\\\/wordpress\\\/wp-content\\\/uploads\\\/2024\\\/04\\\/IMG-9199.jpg\",\"datePublished\":\"2024-04-05T16:17:46+00:00\",\"dateModified\":\"2024-04-05T16:17:47+00:00\",\"breadcrumb\":{\"@id\":\"https:\\\/\\\/www.3lo.walbrzych.pl\\\/wordpress\\\/zaproszenie-na-spektakl\\\/#breadcrumb\"},\"inLanguage\":\"pl-PL\",\"potentialAction\":[{\"@type\":\"ReadAction\",\"target\":[\"https:\\\/\\\/www.3lo.walbrzych.pl\\\/wordpress\\\/zaproszenie-na-spektakl\\\/\"]}]},{\"@type\":\"ImageObject\",\"inLanguage\":\"pl-PL\",\"@id\":\"https:\\\/\\\/www.3lo.walbrzych.pl\\\/wordpress\\\/zaproszenie-na-spektakl\\\/#primaryimage\",\"url\":\"https:\\\/\\\/www.3lo.walbrzych.pl\\\/wordpress\\\/wp-content\\\/uploads\\\/2024\\\/04\\\/IMG-9199.jpg\",\"contentUrl\":\"https:\\\/\\\/www.3lo.walbrzych.pl\\\/wordpress\\\/wp-content\\\/uploads\\\/2024\\\/04\\\/IMG-9199.jpg\",\"width\":2000,\"height\":1500},{\"@type\":\"BreadcrumbList\",\"@id\":\"https:\\\/\\\/www.3lo.walbrzych.pl\\\/wordpress\\\/zaproszenie-na-spektakl\\\/#breadcrumb\",\"itemListElement\":[{\"@type\":\"ListItem\",\"position\":1,\"name\":\"Strona g\u0142\u00f3wna\",\"item\":\"https:\\\/\\\/www.3lo.walbrzych.pl\\\/wordpress\\\/\"},{\"@type\":\"ListItem\",\"position\":2,\"name\":\"Zaproszenie na spektakl\"}]},{\"@type\":\"WebSite\",\"@id\":\"https:\\\/\\\/www.3lo.walbrzych.pl\\\/wordpress\\\/#website\",\"url\":\"https:\\\/\\\/www.3lo.walbrzych.pl\\\/wordpress\\\/\",\"name\":\"III Liceum Og\u00f3lnokszta\u0142c\u0105ce im. Miko\u0142aja Kopernika\",\"description\":\"\",\"publisher\":{\"@id\":\"https:\\\/\\\/www.3lo.walbrzych.pl\\\/wordpress\\\/#organization\"},\"potentialAction\":[{\"@type\":\"SearchAction\",\"target\":{\"@type\":\"EntryPoint\",\"urlTemplate\":\"https:\\\/\\\/www.3lo.walbrzych.pl\\\/wordpress\\\/?s={search_term_string}\"},\"query-input\":{\"@type\":\"PropertyValueSpecification\",\"valueRequired\":true,\"valueName\":\"search_term_string\"}}],\"inLanguage\":\"pl-PL\"},{\"@type\":\"Organization\",\"@id\":\"https:\\\/\\\/www.3lo.walbrzych.pl\\\/wordpress\\\/#organization\",\"name\":\"III Liceum Og\u00f3lnokszta\u0142c\u0105ce im. Miko\u0142aja Kopernika\",\"url\":\"https:\\\/\\\/www.3lo.walbrzych.pl\\\/wordpress\\\/\",\"logo\":{\"@type\":\"ImageObject\",\"inLanguage\":\"pl-PL\",\"@id\":\"https:\\\/\\\/www.3lo.walbrzych.pl\\\/wordpress\\\/#\\\/schema\\\/logo\\\/image\\\/\",\"url\":\"https:\\\/\\\/www.3lo.walbrzych.pl\\\/wordpress\\\/wp-content\\\/uploads\\\/2025\\\/09\\\/logo-szkoly-scaled.jpg\",\"contentUrl\":\"https:\\\/\\\/www.3lo.walbrzych.pl\\\/wordpress\\\/wp-content\\\/uploads\\\/2025\\\/09\\\/logo-szkoly-scaled.jpg\",\"width\":2560,\"height\":914,\"caption\":\"III Liceum Og\u00f3lnokszta\u0142c\u0105ce im. Miko\u0142aja Kopernika\"},\"image\":{\"@id\":\"https:\\\/\\\/www.3lo.walbrzych.pl\\\/wordpress\\\/#\\\/schema\\\/logo\\\/image\\\/\"}},{\"@type\":\"Person\",\"@id\":\"https:\\\/\\\/www.3lo.walbrzych.pl\\\/wordpress\\\/#\\\/schema\\\/person\\\/a5a3335dddd08a52fc05f69d575fd448\",\"name\":\"Tomasz Smejlis\",\"url\":\"https:\\\/\\\/www.3lo.walbrzych.pl\\\/wordpress\\\/author\\\/tfox\\\/\"}]}<\/script>\n<!-- \/ Yoast SEO plugin. -->","yoast_head_json":{"title":"Zaproszenie na spektakl - III Liceum Og\u00f3lnokszta\u0142c\u0105ce im. Miko\u0142aja Kopernika","robots":{"index":"index","follow":"follow","max-snippet":"max-snippet:-1","max-image-preview":"max-image-preview:large","max-video-preview":"max-video-preview:-1"},"canonical":"https:\/\/www.3lo.walbrzych.pl\/wordpress\/zaproszenie-na-spektakl\/","og_locale":"pl_PL","og_type":"article","og_title":"Zaproszenie na spektakl - III Liceum Og\u00f3lnokszta\u0142c\u0105ce im. Miko\u0142aja Kopernika","og_description":"Bardzo bardzo serdecznie zapraszamy na nasz spektakl do Teatru Dramatycznego SzaniawskiX! W czwartek 11. kwietnia o godz.18:00 na Scenie Kameralnej zaprezentujemy nasz\u0105 wersj\u0119 ,,Balladyny\u201d wg Juliusza S\u0142owackiego. Spektakl odb\u0119dzie si\u0119 w ramach XX Dni M\u0142odego Teatru.Jeste\u015bmy ju\u017c w repertuarze! Zapraszamy. Wej\u015bcie bezp\u0142atne K\u00f3\u0142ko Teatralne III LO z opiekunem","og_url":"https:\/\/www.3lo.walbrzych.pl\/wordpress\/zaproszenie-na-spektakl\/","og_site_name":"III Liceum Og\u00f3lnokszta\u0142c\u0105ce im. Miko\u0142aja Kopernika","article_published_time":"2024-04-05T16:17:46+00:00","article_modified_time":"2024-04-05T16:17:47+00:00","og_image":[{"width":2000,"height":1500,"url":"https:\/\/www.3lo.walbrzych.pl\/wordpress\/wp-content\/uploads\/2024\/04\/IMG-9199.jpg","type":"image\/jpeg"}],"author":"Tomasz Smejlis","twitter_card":"summary_large_image","twitter_misc":{"Napisane przez":"Tomasz Smejlis"},"schema":{"@context":"https:\/\/schema.org","@graph":[{"@type":"Article","@id":"https:\/\/www.3lo.walbrzych.pl\/wordpress\/zaproszenie-na-spektakl\/#article","isPartOf":{"@id":"https:\/\/www.3lo.walbrzych.pl\/wordpress\/zaproszenie-na-spektakl\/"},"author":{"name":"Tomasz Smejlis","@id":"https:\/\/www.3lo.walbrzych.pl\/wordpress\/#\/schema\/person\/a5a3335dddd08a52fc05f69d575fd448"},"headline":"Zaproszenie na spektakl","datePublished":"2024-04-05T16:17:46+00:00","dateModified":"2024-04-05T16:17:47+00:00","mainEntityOfPage":{"@id":"https:\/\/www.3lo.walbrzych.pl\/wordpress\/zaproszenie-na-spektakl\/"},"wordCount":58,"publisher":{"@id":"https:\/\/www.3lo.walbrzych.pl\/wordpress\/#organization"},"image":{"@id":"https:\/\/www.3lo.walbrzych.pl\/wordpress\/zaproszenie-na-spektakl\/#primaryimage"},"thumbnailUrl":"https:\/\/www.3lo.walbrzych.pl\/wordpress\/wp-content\/uploads\/2024\/04\/IMG-9199.jpg","articleSection":["Aktualno\u015bci"],"inLanguage":"pl-PL"},{"@type":"WebPage","@id":"https:\/\/www.3lo.walbrzych.pl\/wordpress\/zaproszenie-na-spektakl\/","url":"https:\/\/www.3lo.walbrzych.pl\/wordpress\/zaproszenie-na-spektakl\/","name":"Zaproszenie na spektakl - III Liceum Og\u00f3lnokszta\u0142c\u0105ce im. Miko\u0142aja Kopernika","isPartOf":{"@id":"https:\/\/www.3lo.walbrzych.pl\/wordpress\/#website"},"primaryImageOfPage":{"@id":"https:\/\/www.3lo.walbrzych.pl\/wordpress\/zaproszenie-na-spektakl\/#primaryimage"},"image":{"@id":"https:\/\/www.3lo.walbrzych.pl\/wordpress\/zaproszenie-na-spektakl\/#primaryimage"},"thumbnailUrl":"https:\/\/www.3lo.walbrzych.pl\/wordpress\/wp-content\/uploads\/2024\/04\/IMG-9199.jpg","datePublished":"2024-04-05T16:17:46+00:00","dateModified":"2024-04-05T16:17:47+00:00","breadcrumb":{"@id":"https:\/\/www.3lo.walbrzych.pl\/wordpress\/zaproszenie-na-spektakl\/#breadcrumb"},"inLanguage":"pl-PL","potentialAction":[{"@type":"ReadAction","target":["https:\/\/www.3lo.walbrzych.pl\/wordpress\/zaproszenie-na-spektakl\/"]}]},{"@type":"ImageObject","inLanguage":"pl-PL","@id":"https:\/\/www.3lo.walbrzych.pl\/wordpress\/zaproszenie-na-spektakl\/#primaryimage","url":"https:\/\/www.3lo.walbrzych.pl\/wordpress\/wp-content\/uploads\/2024\/04\/IMG-9199.jpg","contentUrl":"https:\/\/www.3lo.walbrzych.pl\/wordpress\/wp-content\/uploads\/2024\/04\/IMG-9199.jpg","width":2000,"height":1500},{"@type":"BreadcrumbList","@id":"https:\/\/www.3lo.walbrzych.pl\/wordpress\/zaproszenie-na-spektakl\/#breadcrumb","itemListElement":[{"@type":"ListItem","position":1,"name":"Strona g\u0142\u00f3wna","item":"https:\/\/www.3lo.walbrzych.pl\/wordpress\/"},{"@type":"ListItem","position":2,"name":"Zaproszenie na spektakl"}]},{"@type":"WebSite","@id":"https:\/\/www.3lo.walbrzych.pl\/wordpress\/#website","url":"https:\/\/www.3lo.walbrzych.pl\/wordpress\/","name":"III Liceum Og\u00f3lnokszta\u0142c\u0105ce im. Miko\u0142aja Kopernika","description":"","publisher":{"@id":"https:\/\/www.3lo.walbrzych.pl\/wordpress\/#organization"},"potentialAction":[{"@type":"SearchAction","target":{"@type":"EntryPoint","urlTemplate":"https:\/\/www.3lo.walbrzych.pl\/wordpress\/?s={search_term_string}"},"query-input":{"@type":"PropertyValueSpecification","valueRequired":true,"valueName":"search_term_string"}}],"inLanguage":"pl-PL"},{"@type":"Organization","@id":"https:\/\/www.3lo.walbrzych.pl\/wordpress\/#organization","name":"III Liceum Og\u00f3lnokszta\u0142c\u0105ce im. Miko\u0142aja Kopernika","url":"https:\/\/www.3lo.walbrzych.pl\/wordpress\/","logo":{"@type":"ImageObject","inLanguage":"pl-PL","@id":"https:\/\/www.3lo.walbrzych.pl\/wordpress\/#\/schema\/logo\/image\/","url":"https:\/\/www.3lo.walbrzych.pl\/wordpress\/wp-content\/uploads\/2025\/09\/logo-szkoly-scaled.jpg","contentUrl":"https:\/\/www.3lo.walbrzych.pl\/wordpress\/wp-content\/uploads\/2025\/09\/logo-szkoly-scaled.jpg","width":2560,"height":914,"caption":"III Liceum Og\u00f3lnokszta\u0142c\u0105ce im. Miko\u0142aja Kopernika"},"image":{"@id":"https:\/\/www.3lo.walbrzych.pl\/wordpress\/#\/schema\/logo\/image\/"}},{"@type":"Person","@id":"https:\/\/www.3lo.walbrzych.pl\/wordpress\/#\/schema\/person\/a5a3335dddd08a52fc05f69d575fd448","name":"Tomasz Smejlis","url":"https:\/\/www.3lo.walbrzych.pl\/wordpress\/author\/tfox\/"}]}},"_links":{"self":[{"href":"https:\/\/www.3lo.walbrzych.pl\/wordpress\/wp-json\/wp\/v2\/posts\/7805","targetHints":{"allow":["GET"]}}],"collection":[{"href":"https:\/\/www.3lo.walbrzych.pl\/wordpress\/wp-json\/wp\/v2\/posts"}],"about":[{"href":"https:\/\/www.3lo.walbrzych.pl\/wordpress\/wp-json\/wp\/v2\/types\/post"}],"author":[{"embeddable":true,"href":"https:\/\/www.3lo.walbrzych.pl\/wordpress\/wp-json\/wp\/v2\/users\/4"}],"replies":[{"embeddable":true,"href":"https:\/\/www.3lo.walbrzych.pl\/wordpress\/wp-json\/wp\/v2\/comments?post=7805"}],"version-history":[{"count":1,"href":"https:\/\/www.3lo.walbrzych.pl\/wordpress\/wp-json\/wp\/v2\/posts\/7805\/revisions"}],"predecessor-version":[{"id":7812,"href":"https:\/\/www.3lo.walbrzych.pl\/wordpress\/wp-json\/wp\/v2\/posts\/7805\/revisions\/7812"}],"wp:featuredmedia":[{"embeddable":true,"href":"https:\/\/www.3lo.walbrzych.pl\/wordpress\/wp-json\/wp\/v2\/media\/7806"}],"wp:attachment":[{"href":"https:\/\/www.3lo.walbrzych.pl\/wordpress\/wp-json\/wp\/v2\/media?parent=7805"}],"wp:term":[{"taxonomy":"category","embeddable":true,"href":"https:\/\/www.3lo.walbrzych.pl\/wordpress\/wp-json\/wp\/v2\/categories?post=7805"},{"taxonomy":"post_tag","embeddable":true,"href":"https:\/\/www.3lo.walbrzych.pl\/wordpress\/wp-json\/wp\/v2\/tags?post=7805"}],"curies":[{"name":"wp","href":"https:\/\/api.w.org\/{rel}","templated":true}]}}