{"id":7845,"date":"2024-04-18T17:52:02","date_gmt":"2024-04-18T15:52:02","guid":{"rendered":"https:\/\/www.3lo.walbrzych.pl\/wordpress\/?p=7845"},"modified":"2024-04-19T17:00:06","modified_gmt":"2024-04-19T15:00:06","slug":"walbrzyskie-licea-transformacja-ksztalcenia-ogolnego-w-walbrzychu","status":"publish","type":"post","link":"https:\/\/www.3lo.walbrzych.pl\/wordpress\/walbrzyskie-licea-transformacja-ksztalcenia-ogolnego-w-walbrzychu\/","title":{"rendered":"Wa\u0142brzyskie Licea &#8211; transformacja kszta\u0142cenia og\u00f3lnego w Wa\u0142brzychu."},"content":{"rendered":"\n<figure class=\"wp-block-image size-large\"><a href=\"https:\/\/www.3lo.walbrzych.pl\/wordpress\/wp-content\/uploads\/2024\/04\/belka-pozioma-loga-FEDS-21-27-kolor.jpg\"><img loading=\"lazy\" decoding=\"async\" width=\"1024\" height=\"103\" src=\"https:\/\/www.3lo.walbrzych.pl\/wordpress\/wp-content\/uploads\/2024\/04\/belka-pozioma-loga-FEDS-21-27-kolor-1024x103.jpg\" alt=\"\" class=\"wp-image-7846\" srcset=\"https:\/\/www.3lo.walbrzych.pl\/wordpress\/wp-content\/uploads\/2024\/04\/belka-pozioma-loga-FEDS-21-27-kolor-1024x103.jpg 1024w, https:\/\/www.3lo.walbrzych.pl\/wordpress\/wp-content\/uploads\/2024\/04\/belka-pozioma-loga-FEDS-21-27-kolor-300x30.jpg 300w, https:\/\/www.3lo.walbrzych.pl\/wordpress\/wp-content\/uploads\/2024\/04\/belka-pozioma-loga-FEDS-21-27-kolor-768x77.jpg 768w, https:\/\/www.3lo.walbrzych.pl\/wordpress\/wp-content\/uploads\/2024\/04\/belka-pozioma-loga-FEDS-21-27-kolor-1536x154.jpg 1536w, https:\/\/www.3lo.walbrzych.pl\/wordpress\/wp-content\/uploads\/2024\/04\/belka-pozioma-loga-FEDS-21-27-kolor.jpg 1758w\" sizes=\"auto, (max-width: 1024px) 100vw, 1024px\" \/><\/a><\/figure>\n\n\n\n<p class=\"wp-block-paragraph\">Projekt dofinansowany ze \u015brodk\u00f3w Funduszy Europejskich, w ramach programu Fundusze Europejskie dla Dolnego \u015al\u0105ska 2021-2027<br>FEDS.09.03 Transformacja w edukacji<br>Warto\u015b\u0107 projektu: 2 330 406,00 z\u0142<br>Kwota dofinansowania: 1 855 406,00 z\u0142<br>Wysoko\u015b\u0107 wk\u0142adu Funduszy Europejskich:1 631 284,20 z\u0142<br>Koordynator: \u0141ukasz Hoppe<br><strong>tel.<\/strong>: +48 600 385 690 <strong>e-mail<\/strong>: lukasz@fee.org.pl<\/p>\n\n\n\n<p class=\"wp-block-paragraph\">Gmina Wa\u0142brzych \u2013 Miasto na prawach Powiatu<br>Koordynator: Katarzyna Byra<br><strong>e-mail: <\/strong>k.byra@um.walbrzych.pl <strong>tel.<\/strong> 74 66 55 311<\/p>\n\n\n\n<p class=\"wp-block-paragraph\">I Liceum Og\u00f3lnokszta\u0142c\u0105ce z Oddzia\u0142ami Dwuj\u0119zycznymi im. Ignacego Paderewskiego w Wa\u0142brzychu<br>Koordynator: Marcin Olkowski<br><strong>e- mail:<\/strong> sekretariat@1lo.walbrzych.pl <strong>tel.<\/strong>: 74 84 23 683<\/p>\n\n\n\n<p class=\"wp-block-paragraph\">II Liceum Og\u00f3lnokszta\u0142c\u0105ce im. Hugona Ko\u0142\u0142\u0105taja w Wa\u0142brzychu<br>Koordynator: Beata Trzci\u0144ska<br><strong>e- mail:<\/strong> zs2@civ.pl <strong>tel.<\/strong>: 74 84 23 592 wew. 35<\/p>\n\n\n\n<p class=\"wp-block-paragraph\">III Liceum Og\u00f3lnokszta\u0142c\u0105ce im. Miko\u0142aja Kopernika w Wa\u0142brzychu<br>Koordynator: Katarzyna Danych<br><strong>e- mail: <\/strong>sekretariat@3lo.walbrzych.pl <strong>tel.: <\/strong>74 84 24 263<\/p>\n\n\n\n<p class=\"wp-block-paragraph\">IV liceum Og\u00f3lnokszta\u0142c\u0105ce z Oddzia\u0142ami Integracyjnymi i Sportowymi<br>Koordynator: Jacek Heiler<br><strong>e- mail:<\/strong> jacekheiler@4lo.walbrzych.pl <strong>tel.<\/strong>: 74 664 88 80, 74 664 88 81, 74 664 88 82 wew. 32<\/p>\n\n\n\n<p class=\"wp-block-paragraph\"><strong>Opis projektu:<\/strong><br><strong>CZAS REALIZACJI:<\/strong><br>I\u201924 \u2013 VI\u201926 (30 m-cy)<\/p>\n\n\n\n<p class=\"wp-block-paragraph\"><strong>OBSZAR REALIZACJI:<\/strong><\/p>\n\n\n\n<p class=\"wp-block-paragraph\">Miasto Wa\u0142brzych<\/p>\n\n\n\n<p class=\"wp-block-paragraph\">powiat wa\u0142brzyski<\/p>\n\n\n\n<p class=\"wp-block-paragraph\"><strong>GRUPA DOCELOWA:<\/strong><br>420 osoby, w tym:<\/p>\n\n\n\n<ul class=\"wp-block-list\">\n<li>400 uczni\u00f3w z 4 lice\u00f3w: I LO, II LO, III LO i IV LO w Wa\u0142brzychu<\/li>\n\n\n\n<li>20 nauczycieli i pracownik\u00f3w szk\u00f3\u0142<br><\/li>\n<\/ul>\n\n\n\n<p class=\"wp-block-paragraph\"><strong>WYBRANE PROBLEMY<\/strong>, na kt\u00f3re odpowiada projekt &#8211; zgodnie z diagnoz\u0105<\/p>\n\n\n\n<ul class=\"wp-block-list\">\n<li>uczniowie &#8211; s\u0142abe wyniki w nauce, cz\u0119ste rezygnacje z nauki, s\u0142abe kompetencje kluczowe,<\/li>\n\n\n\n<li>uczniowie &#8211; brak zainteresowania zdobywaniem dodatkowych umiej\u0119tno\u015bci i kwalifikacji,<br>niski poziom motywacji, cz\u0119ste objawy wypalenia edukacyjnego, depresji i niskiego poczucia<br>w\u0142asnej warto\u015bci (diagnoza),<\/li>\n\n\n\n<li>nauczyciele &#8211; potrzeba podniesienia umiej\u0119tno\u015bci i kwalifikacji np. dostosowanie do potrzeb<br>nowoczesnej edukacji i rynku pracy, brak \u015brodk\u00f3w finansowych w plac\u00f3wkach i organach<br>prowadz\u0105cych na finansowanie doskonalenia zawodowego nauczycieli i kadry szk\u00f3\u0142.<\/li>\n<\/ul>\n\n\n\n<p class=\"wp-block-paragraph\"><strong>CEL PROJEKTU:<\/strong><br>Umo\u017cliwienie ludno\u015bci zamieszkuj\u0105cej powiat wa\u0142brzyski i miasto Wa\u0142brzych \u0142agodzenia<br>wp\u0142ywaj\u0105cych na spo\u0142ecze\u0144stwo, gospodark\u0119 i \u015brodowisko skutk\u00f3w transformacji w kierunku<br>osi\u0105gni\u0119cia cel\u00f3w Unii na rok 2030 w dziedzinie energii i klimatu oraz w kierunku neutralnej<br>dla klimatu gospodarki Unii do roku 2050 w oparciu o porozumienie paryskie (FST)<br>Ww. cel zostanie osi\u0105gni\u0119ty poprzez wspieranie r\u00f3wnego dost\u0119pu do dobrej jako\u015bci<br>kszta\u0142cenia og\u00f3lnego dla 400 uczni\u00f3w z 4 lice\u00f3w og\u00f3lnokszta\u0142c\u0105cych, poprzez dzia\u0142ania<br>edukacyjne, szkoleniowe i doradcze oraz wsparcie doskonalenia zawodowego pracownik\u00f3w<br>ww. szk\u00f3\u0142, poprzez udzia\u0142 w szkoleniach, kursach i studiach podyplomowych w okresie od<br>I 2024 do VI 2026.<\/p>\n\n\n\n<p class=\"wp-block-paragraph\"><strong>CELE SZCZEG\u00d3\u0141OWE I REZULTATY PROJEKTU<\/strong> to m.in.:<\/p>\n\n\n\n<ul class=\"wp-block-list\">\n<li>wyposa\u017cenie 4 szk\u00f3\u0142 w Wa\u0142brzychu w nowe pracownie,<\/li>\n\n\n\n<li>uzyskanie dodatkowej wiedzy w zakresie zrozumienia \u015brodowiska pracy oraz wyboru<br>dalszej edukacji i\/lub zatrudnienia przez 400 uczni\u00f3w (zadanie 2),<\/li>\n\n\n\n<li>wzrost wybranych kompetencji kluczowych u 400 uczni\u00f3w &#8211; udzia\u0142 w zaj\u0119ciach<br>pozalekcyjnych (zadanie 3),<\/li>\n\n\n\n<li>uzyskanie nowych umiej\u0119tno\u015bci i kompetencji przez 16 pracownik\u00f3w szk\u00f3\u0142 &#8211; udzia\u0142 w<br>szkoleniach, kursach, studiach podyplomowych (zadanie 4),<\/li>\n\n\n\n<li>wzrost odporno\u015bci psychicznej uczni\u00f3w, umiej\u0119tno\u015bci rozpoznawania emocji, radzenia sobie<br>ze z\u0142o\u015bci\u0105, umiej\u0119tno\u015bci funkcjonowania grupie r\u00f3wie\u015bniczej \u2013 udzia\u0142 w poradnictwie<br>psychologiczno \u2013 pedagogicznym (zadanie 5) i treningach umiej\u0119tno\u015bci (zadanie 6),<\/li>\n\n\n\n<li>wzrost popularno\u015bci edukacji ekologicznej i postaw proekologicznych u 100 uczni\u00f3w \u2013<br>udzia\u0142 w edukacji ekologicznej (zadanie 7),<\/li>\n\n\n\n<li>wzrost popularno\u015bci edukacji STEM\/STEAM u 100 uczni\u00f3w \u2013 udzia\u0142 w pracy projektowej<br>STEM\/STEAM (zadanie 8).<\/li>\n<\/ul>\n\n\n\n<p class=\"wp-block-paragraph\"><br><strong>ZAPLANOWANE ZADANIA i DZIA\u0141ANIA:<\/strong><br>Z1 &#8211; Zakup wyposa\u017cenia dla 4 lice\u00f3w og\u00f3lnokszta\u0142c\u0105cych,<br>Z2 &#8211; Doradztwo edukacyjno &#8211; zawodowe dla uczni\u00f3w,<br>Z3 &#8211; Zaj\u0119cia pozalekcyjne: umiej\u0119tno\u015bci kluczowe + TIK,<br>Z4 &#8211; Kursy, szkolenia, studia podyplomowe dla prac. szk\u00f3\u0142,<br>Z5 &#8211; Poradnictwo psychologiczno &#8211; pedagogiczne dla uczni\u00f3w,<br>Z6 &#8211; Treningi umiej\u0119tno\u015bci dla uczni\u00f3w: komunikacja, odporno\u015b\u0107, rezyliencja, coaching<br>(wyjazdowe zaj\u0119cia dla m\u0142odzie\u017cy),<br>Z7 &#8211; Edukacja ekologiczna (zaj\u0119cia dodatkowe dla uczni\u00f3w),<br>Z8 &#8211; Edukacja STEM\/STEAM (zaj\u0119cia dodatkowe dla uczni\u00f3w).<\/p>\n\n\n\n<p class=\"wp-block-paragraph\"><strong>PRZYPI\u0118TE DOKUMENTY:<\/strong><\/p>\n\n\n\n<p class=\"wp-block-paragraph\"><a href=\"https:\/\/www.3lo.walbrzych.pl\/wordpress\/wp-content\/uploads\/2024\/04\/regulamin-rekrutacji-Licea-skan.pdf\">Regulamin rekrutacji do projektu<\/a><\/p>\n\n\n\n<p class=\"wp-block-paragraph\"><a href=\"https:\/\/www.3lo.walbrzych.pl\/wordpress\/wp-content\/uploads\/2024\/04\/wzor-deklaracji-uczestnictwa-z-zalacznikami-1.pdf\">Wz\u00f3r deklaracji uczestnictwa<\/a><\/p>\n","protected":false},"excerpt":{"rendered":"<p>Projekt dofinansowany ze \u015brodk\u00f3w Funduszy Europejskich, w ramach programu Fundusze Europejskie dla Dolnego \u015al\u0105ska 2021-2027FEDS.09.03 Transformacja w edukacjiWarto\u015b\u0107 projektu: 2 330 406,00 z\u0142Kwota dofinansowania: 1 855 406,00 z\u0142Wysoko\u015b\u0107 wk\u0142adu Funduszy Europejskich:1 631 284,20 z\u0142Koordynator: \u0141ukasz Hoppetel.: +48 600 385 690 e-mail: lukasz@fee.org.pl Gmina Wa\u0142brzych \u2013 Miasto na prawach PowiatuKoordynator: Katarzyna Byrae-mail: k.byra@um.walbrzych.pl tel. 74 66 [&hellip;]<\/p>\n","protected":false},"author":4,"featured_media":7847,"comment_status":"closed","ping_status":"closed","sticky":true,"template":"","format":"standard","meta":{"footnotes":""},"categories":[19,1,21],"tags":[],"class_list":["post-7845","post","type-post","status-publish","format-standard","has-post-thumbnail","hentry","category-aktualnosci","category-bez-kategorii","category-obwieszczenia"],"yoast_head":"<!-- This site is optimized with the Yoast SEO plugin v28.4 - https:\/\/yoast.com\/product\/yoast-seo-wordpress\/ -->\n<title>Wa\u0142brzyskie Licea - transformacja kszta\u0142cenia og\u00f3lnego w Wa\u0142brzychu. - III Liceum Og\u00f3lnokszta\u0142c\u0105ce im. Miko\u0142aja Kopernika<\/title>\n<meta name=\"robots\" content=\"index, follow, max-snippet:-1, max-image-preview:large, max-video-preview:-1\" \/>\n<link rel=\"canonical\" href=\"https:\/\/www.3lo.walbrzych.pl\/wordpress\/walbrzyskie-licea-transformacja-ksztalcenia-ogolnego-w-walbrzychu\/\" \/>\n<meta property=\"og:locale\" content=\"pl_PL\" \/>\n<meta property=\"og:type\" content=\"article\" \/>\n<meta property=\"og:title\" content=\"Wa\u0142brzyskie Licea - transformacja kszta\u0142cenia og\u00f3lnego w Wa\u0142brzychu. - III Liceum Og\u00f3lnokszta\u0142c\u0105ce im. Miko\u0142aja Kopernika\" \/>\n<meta property=\"og:description\" content=\"Projekt dofinansowany ze \u015brodk\u00f3w Funduszy Europejskich, w ramach programu Fundusze Europejskie dla Dolnego \u015al\u0105ska 2021-2027FEDS.09.03 Transformacja w edukacjiWarto\u015b\u0107 projektu: 2 330 406,00 z\u0142Kwota dofinansowania: 1 855 406,00 z\u0142Wysoko\u015b\u0107 wk\u0142adu Funduszy Europejskich:1 631 284,20 z\u0142Koordynator: \u0141ukasz Hoppetel.: +48 600 385 690 e-mail: lukasz@fee.org.pl Gmina Wa\u0142brzych \u2013 Miasto na prawach PowiatuKoordynator: Katarzyna Byrae-mail: k.byra@um.walbrzych.pl tel. 74 66 [&hellip;]\" \/>\n<meta property=\"og:url\" content=\"https:\/\/www.3lo.walbrzych.pl\/wordpress\/walbrzyskie-licea-transformacja-ksztalcenia-ogolnego-w-walbrzychu\/\" \/>\n<meta property=\"og:site_name\" content=\"III Liceum Og\u00f3lnokszta\u0142c\u0105ce im. Miko\u0142aja Kopernika\" \/>\n<meta property=\"article:published_time\" content=\"2024-04-18T15:52:02+00:00\" \/>\n<meta property=\"article:modified_time\" content=\"2024-04-19T15:00:06+00:00\" \/>\n<meta property=\"og:image\" content=\"https:\/\/www.3lo.walbrzych.pl\/wordpress\/wp-content\/uploads\/2024\/04\/plakat-promocyjny-A3-www.jpg\" \/>\n\t<meta property=\"og:image:width\" content=\"859\" \/>\n\t<meta property=\"og:image:height\" content=\"1208\" \/>\n\t<meta property=\"og:image:type\" content=\"image\/jpeg\" \/>\n<meta name=\"author\" content=\"Tomasz Smejlis\" \/>\n<meta name=\"twitter:card\" content=\"summary_large_image\" \/>\n<meta name=\"twitter:label1\" content=\"Napisane przez\" \/>\n\t<meta name=\"twitter:data1\" content=\"Tomasz Smejlis\" \/>\n\t<meta name=\"twitter:label2\" content=\"Szacowany czas czytania\" \/>\n\t<meta name=\"twitter:data2\" content=\"3 minuty\" \/>\n<script type=\"application\/ld+json\" class=\"yoast-schema-graph\">{\"@context\":\"https:\\\/\\\/schema.org\",\"@graph\":[{\"@type\":\"Article\",\"@id\":\"https:\\\/\\\/www.3lo.walbrzych.pl\\\/wordpress\\\/walbrzyskie-licea-transformacja-ksztalcenia-ogolnego-w-walbrzychu\\\/#article\",\"isPartOf\":{\"@id\":\"https:\\\/\\\/www.3lo.walbrzych.pl\\\/wordpress\\\/walbrzyskie-licea-transformacja-ksztalcenia-ogolnego-w-walbrzychu\\\/\"},\"author\":{\"name\":\"Tomasz Smejlis\",\"@id\":\"https:\\\/\\\/www.3lo.walbrzych.pl\\\/wordpress\\\/#\\\/schema\\\/person\\\/a5a3335dddd08a52fc05f69d575fd448\"},\"headline\":\"Wa\u0142brzyskie Licea &#8211; transformacja kszta\u0142cenia og\u00f3lnego w Wa\u0142brzychu.\",\"datePublished\":\"2024-04-18T15:52:02+00:00\",\"dateModified\":\"2024-04-19T15:00:06+00:00\",\"mainEntityOfPage\":{\"@id\":\"https:\\\/\\\/www.3lo.walbrzych.pl\\\/wordpress\\\/walbrzyskie-licea-transformacja-ksztalcenia-ogolnego-w-walbrzychu\\\/\"},\"wordCount\":644,\"publisher\":{\"@id\":\"https:\\\/\\\/www.3lo.walbrzych.pl\\\/wordpress\\\/#organization\"},\"image\":{\"@id\":\"https:\\\/\\\/www.3lo.walbrzych.pl\\\/wordpress\\\/walbrzyskie-licea-transformacja-ksztalcenia-ogolnego-w-walbrzychu\\\/#primaryimage\"},\"thumbnailUrl\":\"https:\\\/\\\/www.3lo.walbrzych.pl\\\/wordpress\\\/wp-content\\\/uploads\\\/2024\\\/04\\\/plakat-promocyjny-A3-www.jpg\",\"articleSection\":{\"0\":\"Aktualno\u015bci\",\"2\":\"Obwieszczenia\"},\"inLanguage\":\"pl-PL\"},{\"@type\":\"WebPage\",\"@id\":\"https:\\\/\\\/www.3lo.walbrzych.pl\\\/wordpress\\\/walbrzyskie-licea-transformacja-ksztalcenia-ogolnego-w-walbrzychu\\\/\",\"url\":\"https:\\\/\\\/www.3lo.walbrzych.pl\\\/wordpress\\\/walbrzyskie-licea-transformacja-ksztalcenia-ogolnego-w-walbrzychu\\\/\",\"name\":\"Wa\u0142brzyskie Licea - transformacja kszta\u0142cenia og\u00f3lnego w Wa\u0142brzychu. - III Liceum Og\u00f3lnokszta\u0142c\u0105ce im. Miko\u0142aja Kopernika\",\"isPartOf\":{\"@id\":\"https:\\\/\\\/www.3lo.walbrzych.pl\\\/wordpress\\\/#website\"},\"primaryImageOfPage\":{\"@id\":\"https:\\\/\\\/www.3lo.walbrzych.pl\\\/wordpress\\\/walbrzyskie-licea-transformacja-ksztalcenia-ogolnego-w-walbrzychu\\\/#primaryimage\"},\"image\":{\"@id\":\"https:\\\/\\\/www.3lo.walbrzych.pl\\\/wordpress\\\/walbrzyskie-licea-transformacja-ksztalcenia-ogolnego-w-walbrzychu\\\/#primaryimage\"},\"thumbnailUrl\":\"https:\\\/\\\/www.3lo.walbrzych.pl\\\/wordpress\\\/wp-content\\\/uploads\\\/2024\\\/04\\\/plakat-promocyjny-A3-www.jpg\",\"datePublished\":\"2024-04-18T15:52:02+00:00\",\"dateModified\":\"2024-04-19T15:00:06+00:00\",\"breadcrumb\":{\"@id\":\"https:\\\/\\\/www.3lo.walbrzych.pl\\\/wordpress\\\/walbrzyskie-licea-transformacja-ksztalcenia-ogolnego-w-walbrzychu\\\/#breadcrumb\"},\"inLanguage\":\"pl-PL\",\"potentialAction\":[{\"@type\":\"ReadAction\",\"target\":[\"https:\\\/\\\/www.3lo.walbrzych.pl\\\/wordpress\\\/walbrzyskie-licea-transformacja-ksztalcenia-ogolnego-w-walbrzychu\\\/\"]}]},{\"@type\":\"ImageObject\",\"inLanguage\":\"pl-PL\",\"@id\":\"https:\\\/\\\/www.3lo.walbrzych.pl\\\/wordpress\\\/walbrzyskie-licea-transformacja-ksztalcenia-ogolnego-w-walbrzychu\\\/#primaryimage\",\"url\":\"https:\\\/\\\/www.3lo.walbrzych.pl\\\/wordpress\\\/wp-content\\\/uploads\\\/2024\\\/04\\\/plakat-promocyjny-A3-www.jpg\",\"contentUrl\":\"https:\\\/\\\/www.3lo.walbrzych.pl\\\/wordpress\\\/wp-content\\\/uploads\\\/2024\\\/04\\\/plakat-promocyjny-A3-www.jpg\",\"width\":859,\"height\":1208},{\"@type\":\"BreadcrumbList\",\"@id\":\"https:\\\/\\\/www.3lo.walbrzych.pl\\\/wordpress\\\/walbrzyskie-licea-transformacja-ksztalcenia-ogolnego-w-walbrzychu\\\/#breadcrumb\",\"itemListElement\":[{\"@type\":\"ListItem\",\"position\":1,\"name\":\"Strona g\u0142\u00f3wna\",\"item\":\"https:\\\/\\\/www.3lo.walbrzych.pl\\\/wordpress\\\/\"},{\"@type\":\"ListItem\",\"position\":2,\"name\":\"Wa\u0142brzyskie Licea &#8211; transformacja kszta\u0142cenia og\u00f3lnego w Wa\u0142brzychu.\"}]},{\"@type\":\"WebSite\",\"@id\":\"https:\\\/\\\/www.3lo.walbrzych.pl\\\/wordpress\\\/#website\",\"url\":\"https:\\\/\\\/www.3lo.walbrzych.pl\\\/wordpress\\\/\",\"name\":\"III Liceum Og\u00f3lnokszta\u0142c\u0105ce im. Miko\u0142aja Kopernika\",\"description\":\"\",\"publisher\":{\"@id\":\"https:\\\/\\\/www.3lo.walbrzych.pl\\\/wordpress\\\/#organization\"},\"potentialAction\":[{\"@type\":\"SearchAction\",\"target\":{\"@type\":\"EntryPoint\",\"urlTemplate\":\"https:\\\/\\\/www.3lo.walbrzych.pl\\\/wordpress\\\/?s={search_term_string}\"},\"query-input\":{\"@type\":\"PropertyValueSpecification\",\"valueRequired\":true,\"valueName\":\"search_term_string\"}}],\"inLanguage\":\"pl-PL\"},{\"@type\":\"Organization\",\"@id\":\"https:\\\/\\\/www.3lo.walbrzych.pl\\\/wordpress\\\/#organization\",\"name\":\"III Liceum Og\u00f3lnokszta\u0142c\u0105ce im. Miko\u0142aja Kopernika\",\"url\":\"https:\\\/\\\/www.3lo.walbrzych.pl\\\/wordpress\\\/\",\"logo\":{\"@type\":\"ImageObject\",\"inLanguage\":\"pl-PL\",\"@id\":\"https:\\\/\\\/www.3lo.walbrzych.pl\\\/wordpress\\\/#\\\/schema\\\/logo\\\/image\\\/\",\"url\":\"https:\\\/\\\/www.3lo.walbrzych.pl\\\/wordpress\\\/wp-content\\\/uploads\\\/2025\\\/09\\\/logo-szkoly-scaled.jpg\",\"contentUrl\":\"https:\\\/\\\/www.3lo.walbrzych.pl\\\/wordpress\\\/wp-content\\\/uploads\\\/2025\\\/09\\\/logo-szkoly-scaled.jpg\",\"width\":2560,\"height\":914,\"caption\":\"III Liceum Og\u00f3lnokszta\u0142c\u0105ce im. Miko\u0142aja Kopernika\"},\"image\":{\"@id\":\"https:\\\/\\\/www.3lo.walbrzych.pl\\\/wordpress\\\/#\\\/schema\\\/logo\\\/image\\\/\"}},{\"@type\":\"Person\",\"@id\":\"https:\\\/\\\/www.3lo.walbrzych.pl\\\/wordpress\\\/#\\\/schema\\\/person\\\/a5a3335dddd08a52fc05f69d575fd448\",\"name\":\"Tomasz Smejlis\",\"url\":\"https:\\\/\\\/www.3lo.walbrzych.pl\\\/wordpress\\\/author\\\/tfox\\\/\"}]}<\/script>\n<!-- \/ Yoast SEO plugin. -->","yoast_head_json":{"title":"Wa\u0142brzyskie Licea - transformacja kszta\u0142cenia og\u00f3lnego w Wa\u0142brzychu. - III Liceum Og\u00f3lnokszta\u0142c\u0105ce im. Miko\u0142aja Kopernika","robots":{"index":"index","follow":"follow","max-snippet":"max-snippet:-1","max-image-preview":"max-image-preview:large","max-video-preview":"max-video-preview:-1"},"canonical":"https:\/\/www.3lo.walbrzych.pl\/wordpress\/walbrzyskie-licea-transformacja-ksztalcenia-ogolnego-w-walbrzychu\/","og_locale":"pl_PL","og_type":"article","og_title":"Wa\u0142brzyskie Licea - transformacja kszta\u0142cenia og\u00f3lnego w Wa\u0142brzychu. - III Liceum Og\u00f3lnokszta\u0142c\u0105ce im. Miko\u0142aja Kopernika","og_description":"Projekt dofinansowany ze \u015brodk\u00f3w Funduszy Europejskich, w ramach programu Fundusze Europejskie dla Dolnego \u015al\u0105ska 2021-2027FEDS.09.03 Transformacja w edukacjiWarto\u015b\u0107 projektu: 2 330 406,00 z\u0142Kwota dofinansowania: 1 855 406,00 z\u0142Wysoko\u015b\u0107 wk\u0142adu Funduszy Europejskich:1 631 284,20 z\u0142Koordynator: \u0141ukasz Hoppetel.: +48 600 385 690 e-mail: lukasz@fee.org.pl Gmina Wa\u0142brzych \u2013 Miasto na prawach PowiatuKoordynator: Katarzyna Byrae-mail: k.byra@um.walbrzych.pl tel. 74 66 [&hellip;]","og_url":"https:\/\/www.3lo.walbrzych.pl\/wordpress\/walbrzyskie-licea-transformacja-ksztalcenia-ogolnego-w-walbrzychu\/","og_site_name":"III Liceum Og\u00f3lnokszta\u0142c\u0105ce im. Miko\u0142aja Kopernika","article_published_time":"2024-04-18T15:52:02+00:00","article_modified_time":"2024-04-19T15:00:06+00:00","og_image":[{"width":859,"height":1208,"url":"https:\/\/www.3lo.walbrzych.pl\/wordpress\/wp-content\/uploads\/2024\/04\/plakat-promocyjny-A3-www.jpg","type":"image\/jpeg"}],"author":"Tomasz Smejlis","twitter_card":"summary_large_image","twitter_misc":{"Napisane przez":"Tomasz Smejlis","Szacowany czas czytania":"3 minuty"},"schema":{"@context":"https:\/\/schema.org","@graph":[{"@type":"Article","@id":"https:\/\/www.3lo.walbrzych.pl\/wordpress\/walbrzyskie-licea-transformacja-ksztalcenia-ogolnego-w-walbrzychu\/#article","isPartOf":{"@id":"https:\/\/www.3lo.walbrzych.pl\/wordpress\/walbrzyskie-licea-transformacja-ksztalcenia-ogolnego-w-walbrzychu\/"},"author":{"name":"Tomasz Smejlis","@id":"https:\/\/www.3lo.walbrzych.pl\/wordpress\/#\/schema\/person\/a5a3335dddd08a52fc05f69d575fd448"},"headline":"Wa\u0142brzyskie Licea &#8211; transformacja kszta\u0142cenia og\u00f3lnego w Wa\u0142brzychu.","datePublished":"2024-04-18T15:52:02+00:00","dateModified":"2024-04-19T15:00:06+00:00","mainEntityOfPage":{"@id":"https:\/\/www.3lo.walbrzych.pl\/wordpress\/walbrzyskie-licea-transformacja-ksztalcenia-ogolnego-w-walbrzychu\/"},"wordCount":644,"publisher":{"@id":"https:\/\/www.3lo.walbrzych.pl\/wordpress\/#organization"},"image":{"@id":"https:\/\/www.3lo.walbrzych.pl\/wordpress\/walbrzyskie-licea-transformacja-ksztalcenia-ogolnego-w-walbrzychu\/#primaryimage"},"thumbnailUrl":"https:\/\/www.3lo.walbrzych.pl\/wordpress\/wp-content\/uploads\/2024\/04\/plakat-promocyjny-A3-www.jpg","articleSection":{"0":"Aktualno\u015bci","2":"Obwieszczenia"},"inLanguage":"pl-PL"},{"@type":"WebPage","@id":"https:\/\/www.3lo.walbrzych.pl\/wordpress\/walbrzyskie-licea-transformacja-ksztalcenia-ogolnego-w-walbrzychu\/","url":"https:\/\/www.3lo.walbrzych.pl\/wordpress\/walbrzyskie-licea-transformacja-ksztalcenia-ogolnego-w-walbrzychu\/","name":"Wa\u0142brzyskie Licea - transformacja kszta\u0142cenia og\u00f3lnego w Wa\u0142brzychu. - III Liceum Og\u00f3lnokszta\u0142c\u0105ce im. Miko\u0142aja Kopernika","isPartOf":{"@id":"https:\/\/www.3lo.walbrzych.pl\/wordpress\/#website"},"primaryImageOfPage":{"@id":"https:\/\/www.3lo.walbrzych.pl\/wordpress\/walbrzyskie-licea-transformacja-ksztalcenia-ogolnego-w-walbrzychu\/#primaryimage"},"image":{"@id":"https:\/\/www.3lo.walbrzych.pl\/wordpress\/walbrzyskie-licea-transformacja-ksztalcenia-ogolnego-w-walbrzychu\/#primaryimage"},"thumbnailUrl":"https:\/\/www.3lo.walbrzych.pl\/wordpress\/wp-content\/uploads\/2024\/04\/plakat-promocyjny-A3-www.jpg","datePublished":"2024-04-18T15:52:02+00:00","dateModified":"2024-04-19T15:00:06+00:00","breadcrumb":{"@id":"https:\/\/www.3lo.walbrzych.pl\/wordpress\/walbrzyskie-licea-transformacja-ksztalcenia-ogolnego-w-walbrzychu\/#breadcrumb"},"inLanguage":"pl-PL","potentialAction":[{"@type":"ReadAction","target":["https:\/\/www.3lo.walbrzych.pl\/wordpress\/walbrzyskie-licea-transformacja-ksztalcenia-ogolnego-w-walbrzychu\/"]}]},{"@type":"ImageObject","inLanguage":"pl-PL","@id":"https:\/\/www.3lo.walbrzych.pl\/wordpress\/walbrzyskie-licea-transformacja-ksztalcenia-ogolnego-w-walbrzychu\/#primaryimage","url":"https:\/\/www.3lo.walbrzych.pl\/wordpress\/wp-content\/uploads\/2024\/04\/plakat-promocyjny-A3-www.jpg","contentUrl":"https:\/\/www.3lo.walbrzych.pl\/wordpress\/wp-content\/uploads\/2024\/04\/plakat-promocyjny-A3-www.jpg","width":859,"height":1208},{"@type":"BreadcrumbList","@id":"https:\/\/www.3lo.walbrzych.pl\/wordpress\/walbrzyskie-licea-transformacja-ksztalcenia-ogolnego-w-walbrzychu\/#breadcrumb","itemListElement":[{"@type":"ListItem","position":1,"name":"Strona g\u0142\u00f3wna","item":"https:\/\/www.3lo.walbrzych.pl\/wordpress\/"},{"@type":"ListItem","position":2,"name":"Wa\u0142brzyskie Licea &#8211; transformacja kszta\u0142cenia og\u00f3lnego w Wa\u0142brzychu."}]},{"@type":"WebSite","@id":"https:\/\/www.3lo.walbrzych.pl\/wordpress\/#website","url":"https:\/\/www.3lo.walbrzych.pl\/wordpress\/","name":"III Liceum Og\u00f3lnokszta\u0142c\u0105ce im. Miko\u0142aja Kopernika","description":"","publisher":{"@id":"https:\/\/www.3lo.walbrzych.pl\/wordpress\/#organization"},"potentialAction":[{"@type":"SearchAction","target":{"@type":"EntryPoint","urlTemplate":"https:\/\/www.3lo.walbrzych.pl\/wordpress\/?s={search_term_string}"},"query-input":{"@type":"PropertyValueSpecification","valueRequired":true,"valueName":"search_term_string"}}],"inLanguage":"pl-PL"},{"@type":"Organization","@id":"https:\/\/www.3lo.walbrzych.pl\/wordpress\/#organization","name":"III Liceum Og\u00f3lnokszta\u0142c\u0105ce im. Miko\u0142aja Kopernika","url":"https:\/\/www.3lo.walbrzych.pl\/wordpress\/","logo":{"@type":"ImageObject","inLanguage":"pl-PL","@id":"https:\/\/www.3lo.walbrzych.pl\/wordpress\/#\/schema\/logo\/image\/","url":"https:\/\/www.3lo.walbrzych.pl\/wordpress\/wp-content\/uploads\/2025\/09\/logo-szkoly-scaled.jpg","contentUrl":"https:\/\/www.3lo.walbrzych.pl\/wordpress\/wp-content\/uploads\/2025\/09\/logo-szkoly-scaled.jpg","width":2560,"height":914,"caption":"III Liceum Og\u00f3lnokszta\u0142c\u0105ce im. Miko\u0142aja Kopernika"},"image":{"@id":"https:\/\/www.3lo.walbrzych.pl\/wordpress\/#\/schema\/logo\/image\/"}},{"@type":"Person","@id":"https:\/\/www.3lo.walbrzych.pl\/wordpress\/#\/schema\/person\/a5a3335dddd08a52fc05f69d575fd448","name":"Tomasz Smejlis","url":"https:\/\/www.3lo.walbrzych.pl\/wordpress\/author\/tfox\/"}]}},"_links":{"self":[{"href":"https:\/\/www.3lo.walbrzych.pl\/wordpress\/wp-json\/wp\/v2\/posts\/7845","targetHints":{"allow":["GET"]}}],"collection":[{"href":"https:\/\/www.3lo.walbrzych.pl\/wordpress\/wp-json\/wp\/v2\/posts"}],"about":[{"href":"https:\/\/www.3lo.walbrzych.pl\/wordpress\/wp-json\/wp\/v2\/types\/post"}],"author":[{"embeddable":true,"href":"https:\/\/www.3lo.walbrzych.pl\/wordpress\/wp-json\/wp\/v2\/users\/4"}],"replies":[{"embeddable":true,"href":"https:\/\/www.3lo.walbrzych.pl\/wordpress\/wp-json\/wp\/v2\/comments?post=7845"}],"version-history":[{"count":1,"href":"https:\/\/www.3lo.walbrzych.pl\/wordpress\/wp-json\/wp\/v2\/posts\/7845\/revisions"}],"predecessor-version":[{"id":7850,"href":"https:\/\/www.3lo.walbrzych.pl\/wordpress\/wp-json\/wp\/v2\/posts\/7845\/revisions\/7850"}],"wp:featuredmedia":[{"embeddable":true,"href":"https:\/\/www.3lo.walbrzych.pl\/wordpress\/wp-json\/wp\/v2\/media\/7847"}],"wp:attachment":[{"href":"https:\/\/www.3lo.walbrzych.pl\/wordpress\/wp-json\/wp\/v2\/media?parent=7845"}],"wp:term":[{"taxonomy":"category","embeddable":true,"href":"https:\/\/www.3lo.walbrzych.pl\/wordpress\/wp-json\/wp\/v2\/categories?post=7845"},{"taxonomy":"post_tag","embeddable":true,"href":"https:\/\/www.3lo.walbrzych.pl\/wordpress\/wp-json\/wp\/v2\/tags?post=7845"}],"curies":[{"name":"wp","href":"https:\/\/api.w.org\/{rel}","templated":true}]}}