{"id":7852,"date":"2024-04-19T16:33:08","date_gmt":"2024-04-19T14:33:08","guid":{"rendered":"http:\/\/www.3lo.walbrzych.pl\/wordpress\/?p=7852"},"modified":"2024-04-19T16:33:10","modified_gmt":"2024-04-19T14:33:10","slug":"teatr-z-rozowej-na-deskach-dramatycznego","status":"publish","type":"post","link":"https:\/\/www.3lo.walbrzych.pl\/wordpress\/teatr-z-rozowej-na-deskach-dramatycznego\/","title":{"rendered":"Teatr z r\u00f3\u017cowej na deskach Dramatycznego"},"content":{"rendered":"\n<p class=\"wp-block-paragraph\">Chyba w\u0142a\u015bnie tak wyobra\u017cali\u015bmy sobie nasz\u0105 ,,Balladyn\u0119&#8221; w Teatrze Dramatycznym SzaniawskiX. Dzi\u0119ki wielkiemu sercu Pani Dyrektor Danuty Marosz i zaanga\u017cowaniu Pani Renaty Ambo\u017cak (pedago\u017cki teatru) mogli\u015bmy pokaza\u0107 nasz spektakl na deskach Sceny Kameralnej. <\/p>\n\n\n\n<figure class=\"wp-block-image size-large\"><a href=\"https:\/\/www.3lo.walbrzych.pl\/wordpress\/wp-content\/uploads\/2024\/04\/437517772_960708349388993_3907773362722588188_n.jpg\"><img loading=\"lazy\" decoding=\"async\" width=\"1024\" height=\"682\" src=\"https:\/\/www.3lo.walbrzych.pl\/wordpress\/wp-content\/uploads\/2024\/04\/437517772_960708349388993_3907773362722588188_n-1024x682.jpg\" alt=\"\" class=\"wp-image-7854\" srcset=\"https:\/\/www.3lo.walbrzych.pl\/wordpress\/wp-content\/uploads\/2024\/04\/437517772_960708349388993_3907773362722588188_n-1024x682.jpg 1024w, https:\/\/www.3lo.walbrzych.pl\/wordpress\/wp-content\/uploads\/2024\/04\/437517772_960708349388993_3907773362722588188_n-300x200.jpg 300w, https:\/\/www.3lo.walbrzych.pl\/wordpress\/wp-content\/uploads\/2024\/04\/437517772_960708349388993_3907773362722588188_n-768x512.jpg 768w, https:\/\/www.3lo.walbrzych.pl\/wordpress\/wp-content\/uploads\/2024\/04\/437517772_960708349388993_3907773362722588188_n-1536x1024.jpg 1536w, https:\/\/www.3lo.walbrzych.pl\/wordpress\/wp-content\/uploads\/2024\/04\/437517772_960708349388993_3907773362722588188_n.jpg 2000w\" sizes=\"auto, (max-width: 1024px) 100vw, 1024px\" \/><\/a><\/figure>\n\n\n\n<p class=\"wp-block-paragraph\">Bardzo bardzo serdecznie dzi\u0119kujemy za pomoc ze strony Pracownik\u00f3w Teatru i bardzo bardzo serdecznie dzi\u0119kujemy Wspania\u0142ej Publiczno\u015bci, od kt\u00f3rej poczuli\u015bmy wielkie, ogromne, przeogromne flow:) to by\u0142o dla nas niezwyk\u0142e do\u015bwiadczenie. <\/p>\n\n\n\n<figure class=\"wp-block-image size-large\"><a href=\"https:\/\/www.3lo.walbrzych.pl\/wordpress\/wp-content\/uploads\/2024\/04\/438088327_960708496055645_9126667426519827496_n.jpg\"><img loading=\"lazy\" decoding=\"async\" width=\"1024\" height=\"682\" src=\"https:\/\/www.3lo.walbrzych.pl\/wordpress\/wp-content\/uploads\/2024\/04\/438088327_960708496055645_9126667426519827496_n-1024x682.jpg\" alt=\"\" class=\"wp-image-7855\" srcset=\"https:\/\/www.3lo.walbrzych.pl\/wordpress\/wp-content\/uploads\/2024\/04\/438088327_960708496055645_9126667426519827496_n-1024x682.jpg 1024w, https:\/\/www.3lo.walbrzych.pl\/wordpress\/wp-content\/uploads\/2024\/04\/438088327_960708496055645_9126667426519827496_n-300x200.jpg 300w, https:\/\/www.3lo.walbrzych.pl\/wordpress\/wp-content\/uploads\/2024\/04\/438088327_960708496055645_9126667426519827496_n-768x512.jpg 768w, https:\/\/www.3lo.walbrzych.pl\/wordpress\/wp-content\/uploads\/2024\/04\/438088327_960708496055645_9126667426519827496_n-1536x1024.jpg 1536w, https:\/\/www.3lo.walbrzych.pl\/wordpress\/wp-content\/uploads\/2024\/04\/438088327_960708496055645_9126667426519827496_n.jpg 2000w\" sizes=\"auto, (max-width: 1024px) 100vw, 1024px\" \/><\/a><\/figure>\n\n\n\n<p class=\"wp-block-paragraph\">Zapraszamy do galerii zdj\u0119\u0107 ze spektaklu (w sumie to z pr\u00f3by generalnej:). Zdj\u0119cia s\u0105 autorstwa Pana Profesora Daniela Guzika, kt\u00f3remu r\u00f3wnie\u017c bardzo serdecznie dzi\u0119kujemy. Do zobaczenia na kolejnych spektaklach:)<\/p>\n\n\n\n<figure class=\"wp-block-image size-large\"><a href=\"https:\/\/www.3lo.walbrzych.pl\/wordpress\/wp-content\/uploads\/2024\/04\/436488765_960708846055610_3066440537237250881_n.jpg\"><img loading=\"lazy\" decoding=\"async\" width=\"1024\" height=\"682\" src=\"https:\/\/www.3lo.walbrzych.pl\/wordpress\/wp-content\/uploads\/2024\/04\/436488765_960708846055610_3066440537237250881_n-1024x682.jpg\" alt=\"\" class=\"wp-image-7856\" srcset=\"https:\/\/www.3lo.walbrzych.pl\/wordpress\/wp-content\/uploads\/2024\/04\/436488765_960708846055610_3066440537237250881_n-1024x682.jpg 1024w, https:\/\/www.3lo.walbrzych.pl\/wordpress\/wp-content\/uploads\/2024\/04\/436488765_960708846055610_3066440537237250881_n-300x200.jpg 300w, https:\/\/www.3lo.walbrzych.pl\/wordpress\/wp-content\/uploads\/2024\/04\/436488765_960708846055610_3066440537237250881_n-768x512.jpg 768w, https:\/\/www.3lo.walbrzych.pl\/wordpress\/wp-content\/uploads\/2024\/04\/436488765_960708846055610_3066440537237250881_n-1536x1024.jpg 1536w, https:\/\/www.3lo.walbrzych.pl\/wordpress\/wp-content\/uploads\/2024\/04\/436488765_960708846055610_3066440537237250881_n.jpg 2000w\" sizes=\"auto, (max-width: 1024px) 100vw, 1024px\" \/><\/a><\/figure>\n\n\n\n<figure class=\"wp-block-image size-large\"><a href=\"https:\/\/www.3lo.walbrzych.pl\/wordpress\/wp-content\/uploads\/2024\/04\/437723777_960708706055624_4068054737919268_n.jpg\"><img loading=\"lazy\" decoding=\"async\" width=\"1024\" height=\"682\" src=\"https:\/\/www.3lo.walbrzych.pl\/wordpress\/wp-content\/uploads\/2024\/04\/437723777_960708706055624_4068054737919268_n-1024x682.jpg\" alt=\"\" class=\"wp-image-7857\" srcset=\"https:\/\/www.3lo.walbrzych.pl\/wordpress\/wp-content\/uploads\/2024\/04\/437723777_960708706055624_4068054737919268_n-1024x682.jpg 1024w, https:\/\/www.3lo.walbrzych.pl\/wordpress\/wp-content\/uploads\/2024\/04\/437723777_960708706055624_4068054737919268_n-300x200.jpg 300w, https:\/\/www.3lo.walbrzych.pl\/wordpress\/wp-content\/uploads\/2024\/04\/437723777_960708706055624_4068054737919268_n-768x512.jpg 768w, https:\/\/www.3lo.walbrzych.pl\/wordpress\/wp-content\/uploads\/2024\/04\/437723777_960708706055624_4068054737919268_n-1536x1024.jpg 1536w, https:\/\/www.3lo.walbrzych.pl\/wordpress\/wp-content\/uploads\/2024\/04\/437723777_960708706055624_4068054737919268_n.jpg 2000w\" sizes=\"auto, (max-width: 1024px) 100vw, 1024px\" \/><\/a><\/figure>\n","protected":false},"excerpt":{"rendered":"<p>Chyba w\u0142a\u015bnie tak wyobra\u017cali\u015bmy sobie nasz\u0105 ,,Balladyn\u0119&#8221; w Teatrze Dramatycznym SzaniawskiX. Dzi\u0119ki wielkiemu sercu Pani Dyrektor Danuty Marosz i zaanga\u017cowaniu Pani Renaty Ambo\u017cak (pedago\u017cki teatru) mogli\u015bmy pokaza\u0107 nasz spektakl na deskach Sceny Kameralnej. Bardzo bardzo serdecznie dzi\u0119kujemy za pomoc ze strony Pracownik\u00f3w Teatru i bardzo bardzo serdecznie dzi\u0119kujemy Wspania\u0142ej Publiczno\u015bci, od kt\u00f3rej poczuli\u015bmy wielkie, ogromne, [&hellip;]<\/p>\n","protected":false},"author":48,"featured_media":7853,"comment_status":"closed","ping_status":"closed","sticky":false,"template":"","format":"standard","meta":{"footnotes":""},"categories":[19],"tags":[],"class_list":["post-7852","post","type-post","status-publish","format-standard","has-post-thumbnail","hentry","category-aktualnosci"],"yoast_head":"<!-- This site is optimized with the Yoast SEO plugin v28.4 - https:\/\/yoast.com\/product\/yoast-seo-wordpress\/ -->\n<title>Teatr z r\u00f3\u017cowej na deskach Dramatycznego - III Liceum Og\u00f3lnokszta\u0142c\u0105ce im. Miko\u0142aja Kopernika<\/title>\n<meta name=\"robots\" content=\"index, follow, max-snippet:-1, max-image-preview:large, max-video-preview:-1\" \/>\n<link rel=\"canonical\" href=\"https:\/\/www.3lo.walbrzych.pl\/wordpress\/teatr-z-rozowej-na-deskach-dramatycznego\/\" \/>\n<meta property=\"og:locale\" content=\"pl_PL\" \/>\n<meta property=\"og:type\" content=\"article\" \/>\n<meta property=\"og:title\" content=\"Teatr z r\u00f3\u017cowej na deskach Dramatycznego - III Liceum Og\u00f3lnokszta\u0142c\u0105ce im. Miko\u0142aja Kopernika\" \/>\n<meta property=\"og:description\" content=\"Chyba w\u0142a\u015bnie tak wyobra\u017cali\u015bmy sobie nasz\u0105 ,,Balladyn\u0119&#8221; w Teatrze Dramatycznym SzaniawskiX. Dzi\u0119ki wielkiemu sercu Pani Dyrektor Danuty Marosz i zaanga\u017cowaniu Pani Renaty Ambo\u017cak (pedago\u017cki teatru) mogli\u015bmy pokaza\u0107 nasz spektakl na deskach Sceny Kameralnej. Bardzo bardzo serdecznie dzi\u0119kujemy za pomoc ze strony Pracownik\u00f3w Teatru i bardzo bardzo serdecznie dzi\u0119kujemy Wspania\u0142ej Publiczno\u015bci, od kt\u00f3rej poczuli\u015bmy wielkie, ogromne, [&hellip;]\" \/>\n<meta property=\"og:url\" content=\"https:\/\/www.3lo.walbrzych.pl\/wordpress\/teatr-z-rozowej-na-deskach-dramatycznego\/\" \/>\n<meta property=\"og:site_name\" content=\"III Liceum Og\u00f3lnokszta\u0142c\u0105ce im. Miko\u0142aja Kopernika\" \/>\n<meta property=\"article:published_time\" content=\"2024-04-19T14:33:08+00:00\" \/>\n<meta property=\"article:modified_time\" content=\"2024-04-19T14:33:10+00:00\" \/>\n<meta property=\"og:image\" content=\"https:\/\/www.3lo.walbrzych.pl\/wordpress\/wp-content\/uploads\/2024\/04\/436492317_960708239389004_3353026078435187747_n.jpg\" \/>\n\t<meta property=\"og:image:width\" content=\"2000\" \/>\n\t<meta property=\"og:image:height\" content=\"1333\" \/>\n\t<meta property=\"og:image:type\" content=\"image\/jpeg\" \/>\n<meta name=\"author\" content=\"Micha\u0142 Cetera\" \/>\n<meta name=\"twitter:card\" content=\"summary_large_image\" \/>\n<meta name=\"twitter:label1\" content=\"Napisane przez\" \/>\n\t<meta name=\"twitter:data1\" content=\"Micha\u0142 Cetera\" \/>\n\t<meta name=\"twitter:label2\" content=\"Szacowany czas czytania\" \/>\n\t<meta name=\"twitter:data2\" content=\"1 minuta\" \/>\n<script type=\"application\/ld+json\" class=\"yoast-schema-graph\">{\"@context\":\"https:\\\/\\\/schema.org\",\"@graph\":[{\"@type\":\"Article\",\"@id\":\"https:\\\/\\\/www.3lo.walbrzych.pl\\\/wordpress\\\/teatr-z-rozowej-na-deskach-dramatycznego\\\/#article\",\"isPartOf\":{\"@id\":\"https:\\\/\\\/www.3lo.walbrzych.pl\\\/wordpress\\\/teatr-z-rozowej-na-deskach-dramatycznego\\\/\"},\"author\":{\"name\":\"Micha\u0142 Cetera\",\"@id\":\"https:\\\/\\\/www.3lo.walbrzych.pl\\\/wordpress\\\/#\\\/schema\\\/person\\\/ff9afc6eca5e68699c4be1e41f0ec427\"},\"headline\":\"Teatr z r\u00f3\u017cowej na deskach Dramatycznego\",\"datePublished\":\"2024-04-19T14:33:08+00:00\",\"dateModified\":\"2024-04-19T14:33:10+00:00\",\"mainEntityOfPage\":{\"@id\":\"https:\\\/\\\/www.3lo.walbrzych.pl\\\/wordpress\\\/teatr-z-rozowej-na-deskach-dramatycznego\\\/\"},\"wordCount\":123,\"publisher\":{\"@id\":\"https:\\\/\\\/www.3lo.walbrzych.pl\\\/wordpress\\\/#organization\"},\"image\":{\"@id\":\"https:\\\/\\\/www.3lo.walbrzych.pl\\\/wordpress\\\/teatr-z-rozowej-na-deskach-dramatycznego\\\/#primaryimage\"},\"thumbnailUrl\":\"https:\\\/\\\/www.3lo.walbrzych.pl\\\/wordpress\\\/wp-content\\\/uploads\\\/2024\\\/04\\\/436492317_960708239389004_3353026078435187747_n.jpg\",\"articleSection\":[\"Aktualno\u015bci\"],\"inLanguage\":\"pl-PL\"},{\"@type\":\"WebPage\",\"@id\":\"https:\\\/\\\/www.3lo.walbrzych.pl\\\/wordpress\\\/teatr-z-rozowej-na-deskach-dramatycznego\\\/\",\"url\":\"https:\\\/\\\/www.3lo.walbrzych.pl\\\/wordpress\\\/teatr-z-rozowej-na-deskach-dramatycznego\\\/\",\"name\":\"Teatr z r\u00f3\u017cowej na deskach Dramatycznego - III Liceum Og\u00f3lnokszta\u0142c\u0105ce im. Miko\u0142aja Kopernika\",\"isPartOf\":{\"@id\":\"https:\\\/\\\/www.3lo.walbrzych.pl\\\/wordpress\\\/#website\"},\"primaryImageOfPage\":{\"@id\":\"https:\\\/\\\/www.3lo.walbrzych.pl\\\/wordpress\\\/teatr-z-rozowej-na-deskach-dramatycznego\\\/#primaryimage\"},\"image\":{\"@id\":\"https:\\\/\\\/www.3lo.walbrzych.pl\\\/wordpress\\\/teatr-z-rozowej-na-deskach-dramatycznego\\\/#primaryimage\"},\"thumbnailUrl\":\"https:\\\/\\\/www.3lo.walbrzych.pl\\\/wordpress\\\/wp-content\\\/uploads\\\/2024\\\/04\\\/436492317_960708239389004_3353026078435187747_n.jpg\",\"datePublished\":\"2024-04-19T14:33:08+00:00\",\"dateModified\":\"2024-04-19T14:33:10+00:00\",\"breadcrumb\":{\"@id\":\"https:\\\/\\\/www.3lo.walbrzych.pl\\\/wordpress\\\/teatr-z-rozowej-na-deskach-dramatycznego\\\/#breadcrumb\"},\"inLanguage\":\"pl-PL\",\"potentialAction\":[{\"@type\":\"ReadAction\",\"target\":[\"https:\\\/\\\/www.3lo.walbrzych.pl\\\/wordpress\\\/teatr-z-rozowej-na-deskach-dramatycznego\\\/\"]}]},{\"@type\":\"ImageObject\",\"inLanguage\":\"pl-PL\",\"@id\":\"https:\\\/\\\/www.3lo.walbrzych.pl\\\/wordpress\\\/teatr-z-rozowej-na-deskach-dramatycznego\\\/#primaryimage\",\"url\":\"https:\\\/\\\/www.3lo.walbrzych.pl\\\/wordpress\\\/wp-content\\\/uploads\\\/2024\\\/04\\\/436492317_960708239389004_3353026078435187747_n.jpg\",\"contentUrl\":\"https:\\\/\\\/www.3lo.walbrzych.pl\\\/wordpress\\\/wp-content\\\/uploads\\\/2024\\\/04\\\/436492317_960708239389004_3353026078435187747_n.jpg\",\"width\":2000,\"height\":1333},{\"@type\":\"BreadcrumbList\",\"@id\":\"https:\\\/\\\/www.3lo.walbrzych.pl\\\/wordpress\\\/teatr-z-rozowej-na-deskach-dramatycznego\\\/#breadcrumb\",\"itemListElement\":[{\"@type\":\"ListItem\",\"position\":1,\"name\":\"Strona g\u0142\u00f3wna\",\"item\":\"https:\\\/\\\/www.3lo.walbrzych.pl\\\/wordpress\\\/\"},{\"@type\":\"ListItem\",\"position\":2,\"name\":\"Teatr z r\u00f3\u017cowej na deskach Dramatycznego\"}]},{\"@type\":\"WebSite\",\"@id\":\"https:\\\/\\\/www.3lo.walbrzych.pl\\\/wordpress\\\/#website\",\"url\":\"https:\\\/\\\/www.3lo.walbrzych.pl\\\/wordpress\\\/\",\"name\":\"III Liceum Og\u00f3lnokszta\u0142c\u0105ce im. Miko\u0142aja Kopernika\",\"description\":\"\",\"publisher\":{\"@id\":\"https:\\\/\\\/www.3lo.walbrzych.pl\\\/wordpress\\\/#organization\"},\"potentialAction\":[{\"@type\":\"SearchAction\",\"target\":{\"@type\":\"EntryPoint\",\"urlTemplate\":\"https:\\\/\\\/www.3lo.walbrzych.pl\\\/wordpress\\\/?s={search_term_string}\"},\"query-input\":{\"@type\":\"PropertyValueSpecification\",\"valueRequired\":true,\"valueName\":\"search_term_string\"}}],\"inLanguage\":\"pl-PL\"},{\"@type\":\"Organization\",\"@id\":\"https:\\\/\\\/www.3lo.walbrzych.pl\\\/wordpress\\\/#organization\",\"name\":\"III Liceum Og\u00f3lnokszta\u0142c\u0105ce im. Miko\u0142aja Kopernika\",\"url\":\"https:\\\/\\\/www.3lo.walbrzych.pl\\\/wordpress\\\/\",\"logo\":{\"@type\":\"ImageObject\",\"inLanguage\":\"pl-PL\",\"@id\":\"https:\\\/\\\/www.3lo.walbrzych.pl\\\/wordpress\\\/#\\\/schema\\\/logo\\\/image\\\/\",\"url\":\"https:\\\/\\\/www.3lo.walbrzych.pl\\\/wordpress\\\/wp-content\\\/uploads\\\/2025\\\/09\\\/logo-szkoly-scaled.jpg\",\"contentUrl\":\"https:\\\/\\\/www.3lo.walbrzych.pl\\\/wordpress\\\/wp-content\\\/uploads\\\/2025\\\/09\\\/logo-szkoly-scaled.jpg\",\"width\":2560,\"height\":914,\"caption\":\"III Liceum Og\u00f3lnokszta\u0142c\u0105ce im. Miko\u0142aja Kopernika\"},\"image\":{\"@id\":\"https:\\\/\\\/www.3lo.walbrzych.pl\\\/wordpress\\\/#\\\/schema\\\/logo\\\/image\\\/\"}},{\"@type\":\"Person\",\"@id\":\"https:\\\/\\\/www.3lo.walbrzych.pl\\\/wordpress\\\/#\\\/schema\\\/person\\\/ff9afc6eca5e68699c4be1e41f0ec427\",\"name\":\"Micha\u0142 Cetera\",\"url\":\"https:\\\/\\\/www.3lo.walbrzych.pl\\\/wordpress\\\/author\\\/mcetera\\\/\"}]}<\/script>\n<!-- \/ Yoast SEO plugin. -->","yoast_head_json":{"title":"Teatr z r\u00f3\u017cowej na deskach Dramatycznego - III Liceum Og\u00f3lnokszta\u0142c\u0105ce im. Miko\u0142aja Kopernika","robots":{"index":"index","follow":"follow","max-snippet":"max-snippet:-1","max-image-preview":"max-image-preview:large","max-video-preview":"max-video-preview:-1"},"canonical":"https:\/\/www.3lo.walbrzych.pl\/wordpress\/teatr-z-rozowej-na-deskach-dramatycznego\/","og_locale":"pl_PL","og_type":"article","og_title":"Teatr z r\u00f3\u017cowej na deskach Dramatycznego - III Liceum Og\u00f3lnokszta\u0142c\u0105ce im. Miko\u0142aja Kopernika","og_description":"Chyba w\u0142a\u015bnie tak wyobra\u017cali\u015bmy sobie nasz\u0105 ,,Balladyn\u0119&#8221; w Teatrze Dramatycznym SzaniawskiX. Dzi\u0119ki wielkiemu sercu Pani Dyrektor Danuty Marosz i zaanga\u017cowaniu Pani Renaty Ambo\u017cak (pedago\u017cki teatru) mogli\u015bmy pokaza\u0107 nasz spektakl na deskach Sceny Kameralnej. Bardzo bardzo serdecznie dzi\u0119kujemy za pomoc ze strony Pracownik\u00f3w Teatru i bardzo bardzo serdecznie dzi\u0119kujemy Wspania\u0142ej Publiczno\u015bci, od kt\u00f3rej poczuli\u015bmy wielkie, ogromne, [&hellip;]","og_url":"https:\/\/www.3lo.walbrzych.pl\/wordpress\/teatr-z-rozowej-na-deskach-dramatycznego\/","og_site_name":"III Liceum Og\u00f3lnokszta\u0142c\u0105ce im. Miko\u0142aja Kopernika","article_published_time":"2024-04-19T14:33:08+00:00","article_modified_time":"2024-04-19T14:33:10+00:00","og_image":[{"width":2000,"height":1333,"url":"https:\/\/www.3lo.walbrzych.pl\/wordpress\/wp-content\/uploads\/2024\/04\/436492317_960708239389004_3353026078435187747_n.jpg","type":"image\/jpeg"}],"author":"Micha\u0142 Cetera","twitter_card":"summary_large_image","twitter_misc":{"Napisane przez":"Micha\u0142 Cetera","Szacowany czas czytania":"1 minuta"},"schema":{"@context":"https:\/\/schema.org","@graph":[{"@type":"Article","@id":"https:\/\/www.3lo.walbrzych.pl\/wordpress\/teatr-z-rozowej-na-deskach-dramatycznego\/#article","isPartOf":{"@id":"https:\/\/www.3lo.walbrzych.pl\/wordpress\/teatr-z-rozowej-na-deskach-dramatycznego\/"},"author":{"name":"Micha\u0142 Cetera","@id":"https:\/\/www.3lo.walbrzych.pl\/wordpress\/#\/schema\/person\/ff9afc6eca5e68699c4be1e41f0ec427"},"headline":"Teatr z r\u00f3\u017cowej na deskach Dramatycznego","datePublished":"2024-04-19T14:33:08+00:00","dateModified":"2024-04-19T14:33:10+00:00","mainEntityOfPage":{"@id":"https:\/\/www.3lo.walbrzych.pl\/wordpress\/teatr-z-rozowej-na-deskach-dramatycznego\/"},"wordCount":123,"publisher":{"@id":"https:\/\/www.3lo.walbrzych.pl\/wordpress\/#organization"},"image":{"@id":"https:\/\/www.3lo.walbrzych.pl\/wordpress\/teatr-z-rozowej-na-deskach-dramatycznego\/#primaryimage"},"thumbnailUrl":"https:\/\/www.3lo.walbrzych.pl\/wordpress\/wp-content\/uploads\/2024\/04\/436492317_960708239389004_3353026078435187747_n.jpg","articleSection":["Aktualno\u015bci"],"inLanguage":"pl-PL"},{"@type":"WebPage","@id":"https:\/\/www.3lo.walbrzych.pl\/wordpress\/teatr-z-rozowej-na-deskach-dramatycznego\/","url":"https:\/\/www.3lo.walbrzych.pl\/wordpress\/teatr-z-rozowej-na-deskach-dramatycznego\/","name":"Teatr z r\u00f3\u017cowej na deskach Dramatycznego - III Liceum Og\u00f3lnokszta\u0142c\u0105ce im. Miko\u0142aja Kopernika","isPartOf":{"@id":"https:\/\/www.3lo.walbrzych.pl\/wordpress\/#website"},"primaryImageOfPage":{"@id":"https:\/\/www.3lo.walbrzych.pl\/wordpress\/teatr-z-rozowej-na-deskach-dramatycznego\/#primaryimage"},"image":{"@id":"https:\/\/www.3lo.walbrzych.pl\/wordpress\/teatr-z-rozowej-na-deskach-dramatycznego\/#primaryimage"},"thumbnailUrl":"https:\/\/www.3lo.walbrzych.pl\/wordpress\/wp-content\/uploads\/2024\/04\/436492317_960708239389004_3353026078435187747_n.jpg","datePublished":"2024-04-19T14:33:08+00:00","dateModified":"2024-04-19T14:33:10+00:00","breadcrumb":{"@id":"https:\/\/www.3lo.walbrzych.pl\/wordpress\/teatr-z-rozowej-na-deskach-dramatycznego\/#breadcrumb"},"inLanguage":"pl-PL","potentialAction":[{"@type":"ReadAction","target":["https:\/\/www.3lo.walbrzych.pl\/wordpress\/teatr-z-rozowej-na-deskach-dramatycznego\/"]}]},{"@type":"ImageObject","inLanguage":"pl-PL","@id":"https:\/\/www.3lo.walbrzych.pl\/wordpress\/teatr-z-rozowej-na-deskach-dramatycznego\/#primaryimage","url":"https:\/\/www.3lo.walbrzych.pl\/wordpress\/wp-content\/uploads\/2024\/04\/436492317_960708239389004_3353026078435187747_n.jpg","contentUrl":"https:\/\/www.3lo.walbrzych.pl\/wordpress\/wp-content\/uploads\/2024\/04\/436492317_960708239389004_3353026078435187747_n.jpg","width":2000,"height":1333},{"@type":"BreadcrumbList","@id":"https:\/\/www.3lo.walbrzych.pl\/wordpress\/teatr-z-rozowej-na-deskach-dramatycznego\/#breadcrumb","itemListElement":[{"@type":"ListItem","position":1,"name":"Strona g\u0142\u00f3wna","item":"https:\/\/www.3lo.walbrzych.pl\/wordpress\/"},{"@type":"ListItem","position":2,"name":"Teatr z r\u00f3\u017cowej na deskach Dramatycznego"}]},{"@type":"WebSite","@id":"https:\/\/www.3lo.walbrzych.pl\/wordpress\/#website","url":"https:\/\/www.3lo.walbrzych.pl\/wordpress\/","name":"III Liceum Og\u00f3lnokszta\u0142c\u0105ce im. Miko\u0142aja Kopernika","description":"","publisher":{"@id":"https:\/\/www.3lo.walbrzych.pl\/wordpress\/#organization"},"potentialAction":[{"@type":"SearchAction","target":{"@type":"EntryPoint","urlTemplate":"https:\/\/www.3lo.walbrzych.pl\/wordpress\/?s={search_term_string}"},"query-input":{"@type":"PropertyValueSpecification","valueRequired":true,"valueName":"search_term_string"}}],"inLanguage":"pl-PL"},{"@type":"Organization","@id":"https:\/\/www.3lo.walbrzych.pl\/wordpress\/#organization","name":"III Liceum Og\u00f3lnokszta\u0142c\u0105ce im. Miko\u0142aja Kopernika","url":"https:\/\/www.3lo.walbrzych.pl\/wordpress\/","logo":{"@type":"ImageObject","inLanguage":"pl-PL","@id":"https:\/\/www.3lo.walbrzych.pl\/wordpress\/#\/schema\/logo\/image\/","url":"https:\/\/www.3lo.walbrzych.pl\/wordpress\/wp-content\/uploads\/2025\/09\/logo-szkoly-scaled.jpg","contentUrl":"https:\/\/www.3lo.walbrzych.pl\/wordpress\/wp-content\/uploads\/2025\/09\/logo-szkoly-scaled.jpg","width":2560,"height":914,"caption":"III Liceum Og\u00f3lnokszta\u0142c\u0105ce im. Miko\u0142aja Kopernika"},"image":{"@id":"https:\/\/www.3lo.walbrzych.pl\/wordpress\/#\/schema\/logo\/image\/"}},{"@type":"Person","@id":"https:\/\/www.3lo.walbrzych.pl\/wordpress\/#\/schema\/person\/ff9afc6eca5e68699c4be1e41f0ec427","name":"Micha\u0142 Cetera","url":"https:\/\/www.3lo.walbrzych.pl\/wordpress\/author\/mcetera\/"}]}},"_links":{"self":[{"href":"https:\/\/www.3lo.walbrzych.pl\/wordpress\/wp-json\/wp\/v2\/posts\/7852","targetHints":{"allow":["GET"]}}],"collection":[{"href":"https:\/\/www.3lo.walbrzych.pl\/wordpress\/wp-json\/wp\/v2\/posts"}],"about":[{"href":"https:\/\/www.3lo.walbrzych.pl\/wordpress\/wp-json\/wp\/v2\/types\/post"}],"author":[{"embeddable":true,"href":"https:\/\/www.3lo.walbrzych.pl\/wordpress\/wp-json\/wp\/v2\/users\/48"}],"replies":[{"embeddable":true,"href":"https:\/\/www.3lo.walbrzych.pl\/wordpress\/wp-json\/wp\/v2\/comments?post=7852"}],"version-history":[{"count":1,"href":"https:\/\/www.3lo.walbrzych.pl\/wordpress\/wp-json\/wp\/v2\/posts\/7852\/revisions"}],"predecessor-version":[{"id":7858,"href":"https:\/\/www.3lo.walbrzych.pl\/wordpress\/wp-json\/wp\/v2\/posts\/7852\/revisions\/7858"}],"wp:featuredmedia":[{"embeddable":true,"href":"https:\/\/www.3lo.walbrzych.pl\/wordpress\/wp-json\/wp\/v2\/media\/7853"}],"wp:attachment":[{"href":"https:\/\/www.3lo.walbrzych.pl\/wordpress\/wp-json\/wp\/v2\/media?parent=7852"}],"wp:term":[{"taxonomy":"category","embeddable":true,"href":"https:\/\/www.3lo.walbrzych.pl\/wordpress\/wp-json\/wp\/v2\/categories?post=7852"},{"taxonomy":"post_tag","embeddable":true,"href":"https:\/\/www.3lo.walbrzych.pl\/wordpress\/wp-json\/wp\/v2\/tags?post=7852"}],"curies":[{"name":"wp","href":"https:\/\/api.w.org\/{rel}","templated":true}]}}