{"id":7862,"date":"2024-04-19T16:35:30","date_gmt":"2024-04-19T14:35:30","guid":{"rendered":"http:\/\/www.3lo.walbrzych.pl\/wordpress\/?p=7862"},"modified":"2024-04-19T16:35:31","modified_gmt":"2024-04-19T14:35:31","slug":"michal-w-finale-konkursu-wiedzy-biblijnej","status":"publish","type":"post","link":"https:\/\/www.3lo.walbrzych.pl\/wordpress\/michal-w-finale-konkursu-wiedzy-biblijnej\/","title":{"rendered":"Micha\u0142 w finale Konkursu Wiedzy Biblijnej"},"content":{"rendered":"\n<p class=\"wp-block-paragraph\">W dniach 13-14 marca odby\u0142 si\u0119 etap szkolny online XXVIII Og\u00f3lnopolskiego Konkursu Wiedzy Biblijnej organizowanego przez Katolickie Stowarzyszenie \u201eCivitas Christiana\u201d. 18 kwietnia etap diecezjalny Wa\u0142brzycha obejmowa\u0142: Ksi\u0119g\u0119 S\u0119dzi\u00f3w oraz Dzieje Apostolskie. Nasz\u0105 szko\u0142\u0119 godnie reprezentowa\u0142 Micha\u0142 \u017byg\u0142owicz-Wawrzyniak z 1e. <\/p>\n\n\n\n<figure class=\"wp-block-image size-large\"><a href=\"https:\/\/www.3lo.walbrzych.pl\/wordpress\/wp-content\/uploads\/2024\/04\/OKWB-II-etap-zdjecie-wspolne.jpg\"><img loading=\"lazy\" decoding=\"async\" width=\"1024\" height=\"683\" src=\"https:\/\/www.3lo.walbrzych.pl\/wordpress\/wp-content\/uploads\/2024\/04\/OKWB-II-etap-zdjecie-wspolne-1024x683.jpg\" alt=\"\" class=\"wp-image-7864\" srcset=\"https:\/\/www.3lo.walbrzych.pl\/wordpress\/wp-content\/uploads\/2024\/04\/OKWB-II-etap-zdjecie-wspolne-1024x683.jpg 1024w, https:\/\/www.3lo.walbrzych.pl\/wordpress\/wp-content\/uploads\/2024\/04\/OKWB-II-etap-zdjecie-wspolne-300x200.jpg 300w, https:\/\/www.3lo.walbrzych.pl\/wordpress\/wp-content\/uploads\/2024\/04\/OKWB-II-etap-zdjecie-wspolne-768x512.jpg 768w, https:\/\/www.3lo.walbrzych.pl\/wordpress\/wp-content\/uploads\/2024\/04\/OKWB-II-etap-zdjecie-wspolne-1536x1024.jpg 1536w, https:\/\/www.3lo.walbrzych.pl\/wordpress\/wp-content\/uploads\/2024\/04\/OKWB-II-etap-zdjecie-wspolne.jpg 1800w\" sizes=\"auto, (max-width: 1024px) 100vw, 1024px\" \/><\/a><\/figure>\n\n\n\n<p class=\"wp-block-paragraph\">Micha\u0142 zaj\u0105\u0142 I miejsce, b\u0119dzie reprezentowa\u0142 diecezj\u0119 \u015bwidnick\u0105 w finale. Dzi\u0119kuj\u0119 Micha\u0142owi, za w\u0142o\u017cony wysi\u0142ek i po\u015bwi\u0119cony czas i \u017cycz\u0119 wysokiej lokaty w Niepokalanowie na finale og\u00f3lnopolskim 10- 11 czerwca. Katechetka Beata Wasiek.<\/p>\n\n\n\n<p class=\"wp-block-paragraph\"><\/p>\n","protected":false},"excerpt":{"rendered":"<p>W dniach 13-14 marca odby\u0142 si\u0119 etap szkolny online XXVIII Og\u00f3lnopolskiego Konkursu Wiedzy Biblijnej organizowanego przez Katolickie Stowarzyszenie \u201eCivitas Christiana\u201d. 18 kwietnia etap diecezjalny Wa\u0142brzycha obejmowa\u0142: Ksi\u0119g\u0119 S\u0119dzi\u00f3w oraz Dzieje Apostolskie. Nasz\u0105 szko\u0142\u0119 godnie reprezentowa\u0142 Micha\u0142 \u017byg\u0142owicz-Wawrzyniak z 1e. Micha\u0142 zaj\u0105\u0142 I miejsce, b\u0119dzie reprezentowa\u0142 diecezj\u0119 \u015bwidnick\u0105 w finale. Dzi\u0119kuj\u0119 Micha\u0142owi, za w\u0142o\u017cony wysi\u0142ek i [&hellip;]<\/p>\n","protected":false},"author":48,"featured_media":7863,"comment_status":"closed","ping_status":"closed","sticky":false,"template":"","format":"standard","meta":{"footnotes":""},"categories":[19,20],"tags":[],"class_list":["post-7862","post","type-post","status-publish","format-standard","has-post-thumbnail","hentry","category-aktualnosci","category-konkursy"],"yoast_head":"<!-- This site is optimized with the Yoast SEO plugin v28.4 - https:\/\/yoast.com\/product\/yoast-seo-wordpress\/ -->\n<title>Micha\u0142 w finale Konkursu Wiedzy Biblijnej - III Liceum Og\u00f3lnokszta\u0142c\u0105ce im. Miko\u0142aja Kopernika<\/title>\n<meta name=\"robots\" content=\"index, follow, max-snippet:-1, max-image-preview:large, max-video-preview:-1\" \/>\n<link rel=\"canonical\" href=\"https:\/\/www.3lo.walbrzych.pl\/wordpress\/michal-w-finale-konkursu-wiedzy-biblijnej\/\" \/>\n<meta property=\"og:locale\" content=\"pl_PL\" \/>\n<meta property=\"og:type\" content=\"article\" \/>\n<meta property=\"og:title\" content=\"Micha\u0142 w finale Konkursu Wiedzy Biblijnej - III Liceum Og\u00f3lnokszta\u0142c\u0105ce im. Miko\u0142aja Kopernika\" \/>\n<meta property=\"og:description\" content=\"W dniach 13-14 marca odby\u0142 si\u0119 etap szkolny online XXVIII Og\u00f3lnopolskiego Konkursu Wiedzy Biblijnej organizowanego przez Katolickie Stowarzyszenie \u201eCivitas Christiana\u201d. 18 kwietnia etap diecezjalny Wa\u0142brzycha obejmowa\u0142: Ksi\u0119g\u0119 S\u0119dzi\u00f3w oraz Dzieje Apostolskie. Nasz\u0105 szko\u0142\u0119 godnie reprezentowa\u0142 Micha\u0142 \u017byg\u0142owicz-Wawrzyniak z 1e. Micha\u0142 zaj\u0105\u0142 I miejsce, b\u0119dzie reprezentowa\u0142 diecezj\u0119 \u015bwidnick\u0105 w finale. Dzi\u0119kuj\u0119 Micha\u0142owi, za w\u0142o\u017cony wysi\u0142ek i [&hellip;]\" \/>\n<meta property=\"og:url\" content=\"https:\/\/www.3lo.walbrzych.pl\/wordpress\/michal-w-finale-konkursu-wiedzy-biblijnej\/\" \/>\n<meta property=\"og:site_name\" content=\"III Liceum Og\u00f3lnokszta\u0142c\u0105ce im. Miko\u0142aja Kopernika\" \/>\n<meta property=\"article:published_time\" content=\"2024-04-19T14:35:30+00:00\" \/>\n<meta property=\"article:modified_time\" content=\"2024-04-19T14:35:31+00:00\" \/>\n<meta property=\"og:image\" content=\"https:\/\/www.3lo.walbrzych.pl\/wordpress\/wp-content\/uploads\/2024\/04\/1-miejsce-OKWB-2024.jpg\" \/>\n\t<meta property=\"og:image:width\" content=\"1800\" \/>\n\t<meta property=\"og:image:height\" content=\"1200\" \/>\n\t<meta property=\"og:image:type\" content=\"image\/jpeg\" \/>\n<meta name=\"author\" content=\"Micha\u0142 Cetera\" \/>\n<meta name=\"twitter:card\" content=\"summary_large_image\" \/>\n<meta name=\"twitter:label1\" content=\"Napisane przez\" \/>\n\t<meta name=\"twitter:data1\" content=\"Micha\u0142 Cetera\" \/>\n<script type=\"application\/ld+json\" class=\"yoast-schema-graph\">{\"@context\":\"https:\\\/\\\/schema.org\",\"@graph\":[{\"@type\":\"Article\",\"@id\":\"https:\\\/\\\/www.3lo.walbrzych.pl\\\/wordpress\\\/michal-w-finale-konkursu-wiedzy-biblijnej\\\/#article\",\"isPartOf\":{\"@id\":\"https:\\\/\\\/www.3lo.walbrzych.pl\\\/wordpress\\\/michal-w-finale-konkursu-wiedzy-biblijnej\\\/\"},\"author\":{\"name\":\"Micha\u0142 Cetera\",\"@id\":\"https:\\\/\\\/www.3lo.walbrzych.pl\\\/wordpress\\\/#\\\/schema\\\/person\\\/ff9afc6eca5e68699c4be1e41f0ec427\"},\"headline\":\"Micha\u0142 w finale Konkursu Wiedzy Biblijnej\",\"datePublished\":\"2024-04-19T14:35:30+00:00\",\"dateModified\":\"2024-04-19T14:35:31+00:00\",\"mainEntityOfPage\":{\"@id\":\"https:\\\/\\\/www.3lo.walbrzych.pl\\\/wordpress\\\/michal-w-finale-konkursu-wiedzy-biblijnej\\\/\"},\"wordCount\":91,\"publisher\":{\"@id\":\"https:\\\/\\\/www.3lo.walbrzych.pl\\\/wordpress\\\/#organization\"},\"image\":{\"@id\":\"https:\\\/\\\/www.3lo.walbrzych.pl\\\/wordpress\\\/michal-w-finale-konkursu-wiedzy-biblijnej\\\/#primaryimage\"},\"thumbnailUrl\":\"https:\\\/\\\/www.3lo.walbrzych.pl\\\/wordpress\\\/wp-content\\\/uploads\\\/2024\\\/04\\\/1-miejsce-OKWB-2024.jpg\",\"articleSection\":[\"Aktualno\u015bci\",\"Konkursy\"],\"inLanguage\":\"pl-PL\"},{\"@type\":\"WebPage\",\"@id\":\"https:\\\/\\\/www.3lo.walbrzych.pl\\\/wordpress\\\/michal-w-finale-konkursu-wiedzy-biblijnej\\\/\",\"url\":\"https:\\\/\\\/www.3lo.walbrzych.pl\\\/wordpress\\\/michal-w-finale-konkursu-wiedzy-biblijnej\\\/\",\"name\":\"Micha\u0142 w finale Konkursu Wiedzy Biblijnej - III Liceum Og\u00f3lnokszta\u0142c\u0105ce im. Miko\u0142aja Kopernika\",\"isPartOf\":{\"@id\":\"https:\\\/\\\/www.3lo.walbrzych.pl\\\/wordpress\\\/#website\"},\"primaryImageOfPage\":{\"@id\":\"https:\\\/\\\/www.3lo.walbrzych.pl\\\/wordpress\\\/michal-w-finale-konkursu-wiedzy-biblijnej\\\/#primaryimage\"},\"image\":{\"@id\":\"https:\\\/\\\/www.3lo.walbrzych.pl\\\/wordpress\\\/michal-w-finale-konkursu-wiedzy-biblijnej\\\/#primaryimage\"},\"thumbnailUrl\":\"https:\\\/\\\/www.3lo.walbrzych.pl\\\/wordpress\\\/wp-content\\\/uploads\\\/2024\\\/04\\\/1-miejsce-OKWB-2024.jpg\",\"datePublished\":\"2024-04-19T14:35:30+00:00\",\"dateModified\":\"2024-04-19T14:35:31+00:00\",\"breadcrumb\":{\"@id\":\"https:\\\/\\\/www.3lo.walbrzych.pl\\\/wordpress\\\/michal-w-finale-konkursu-wiedzy-biblijnej\\\/#breadcrumb\"},\"inLanguage\":\"pl-PL\",\"potentialAction\":[{\"@type\":\"ReadAction\",\"target\":[\"https:\\\/\\\/www.3lo.walbrzych.pl\\\/wordpress\\\/michal-w-finale-konkursu-wiedzy-biblijnej\\\/\"]}]},{\"@type\":\"ImageObject\",\"inLanguage\":\"pl-PL\",\"@id\":\"https:\\\/\\\/www.3lo.walbrzych.pl\\\/wordpress\\\/michal-w-finale-konkursu-wiedzy-biblijnej\\\/#primaryimage\",\"url\":\"https:\\\/\\\/www.3lo.walbrzych.pl\\\/wordpress\\\/wp-content\\\/uploads\\\/2024\\\/04\\\/1-miejsce-OKWB-2024.jpg\",\"contentUrl\":\"https:\\\/\\\/www.3lo.walbrzych.pl\\\/wordpress\\\/wp-content\\\/uploads\\\/2024\\\/04\\\/1-miejsce-OKWB-2024.jpg\",\"width\":1800,\"height\":1200},{\"@type\":\"BreadcrumbList\",\"@id\":\"https:\\\/\\\/www.3lo.walbrzych.pl\\\/wordpress\\\/michal-w-finale-konkursu-wiedzy-biblijnej\\\/#breadcrumb\",\"itemListElement\":[{\"@type\":\"ListItem\",\"position\":1,\"name\":\"Strona g\u0142\u00f3wna\",\"item\":\"https:\\\/\\\/www.3lo.walbrzych.pl\\\/wordpress\\\/\"},{\"@type\":\"ListItem\",\"position\":2,\"name\":\"Micha\u0142 w finale Konkursu Wiedzy Biblijnej\"}]},{\"@type\":\"WebSite\",\"@id\":\"https:\\\/\\\/www.3lo.walbrzych.pl\\\/wordpress\\\/#website\",\"url\":\"https:\\\/\\\/www.3lo.walbrzych.pl\\\/wordpress\\\/\",\"name\":\"III Liceum Og\u00f3lnokszta\u0142c\u0105ce im. Miko\u0142aja Kopernika\",\"description\":\"\",\"publisher\":{\"@id\":\"https:\\\/\\\/www.3lo.walbrzych.pl\\\/wordpress\\\/#organization\"},\"potentialAction\":[{\"@type\":\"SearchAction\",\"target\":{\"@type\":\"EntryPoint\",\"urlTemplate\":\"https:\\\/\\\/www.3lo.walbrzych.pl\\\/wordpress\\\/?s={search_term_string}\"},\"query-input\":{\"@type\":\"PropertyValueSpecification\",\"valueRequired\":true,\"valueName\":\"search_term_string\"}}],\"inLanguage\":\"pl-PL\"},{\"@type\":\"Organization\",\"@id\":\"https:\\\/\\\/www.3lo.walbrzych.pl\\\/wordpress\\\/#organization\",\"name\":\"III Liceum Og\u00f3lnokszta\u0142c\u0105ce im. Miko\u0142aja Kopernika\",\"url\":\"https:\\\/\\\/www.3lo.walbrzych.pl\\\/wordpress\\\/\",\"logo\":{\"@type\":\"ImageObject\",\"inLanguage\":\"pl-PL\",\"@id\":\"https:\\\/\\\/www.3lo.walbrzych.pl\\\/wordpress\\\/#\\\/schema\\\/logo\\\/image\\\/\",\"url\":\"https:\\\/\\\/www.3lo.walbrzych.pl\\\/wordpress\\\/wp-content\\\/uploads\\\/2025\\\/09\\\/logo-szkoly-scaled.jpg\",\"contentUrl\":\"https:\\\/\\\/www.3lo.walbrzych.pl\\\/wordpress\\\/wp-content\\\/uploads\\\/2025\\\/09\\\/logo-szkoly-scaled.jpg\",\"width\":2560,\"height\":914,\"caption\":\"III Liceum Og\u00f3lnokszta\u0142c\u0105ce im. Miko\u0142aja Kopernika\"},\"image\":{\"@id\":\"https:\\\/\\\/www.3lo.walbrzych.pl\\\/wordpress\\\/#\\\/schema\\\/logo\\\/image\\\/\"}},{\"@type\":\"Person\",\"@id\":\"https:\\\/\\\/www.3lo.walbrzych.pl\\\/wordpress\\\/#\\\/schema\\\/person\\\/ff9afc6eca5e68699c4be1e41f0ec427\",\"name\":\"Micha\u0142 Cetera\",\"url\":\"https:\\\/\\\/www.3lo.walbrzych.pl\\\/wordpress\\\/author\\\/mcetera\\\/\"}]}<\/script>\n<!-- \/ Yoast SEO plugin. -->","yoast_head_json":{"title":"Micha\u0142 w finale Konkursu Wiedzy Biblijnej - III Liceum Og\u00f3lnokszta\u0142c\u0105ce im. Miko\u0142aja Kopernika","robots":{"index":"index","follow":"follow","max-snippet":"max-snippet:-1","max-image-preview":"max-image-preview:large","max-video-preview":"max-video-preview:-1"},"canonical":"https:\/\/www.3lo.walbrzych.pl\/wordpress\/michal-w-finale-konkursu-wiedzy-biblijnej\/","og_locale":"pl_PL","og_type":"article","og_title":"Micha\u0142 w finale Konkursu Wiedzy Biblijnej - III Liceum Og\u00f3lnokszta\u0142c\u0105ce im. Miko\u0142aja Kopernika","og_description":"W dniach 13-14 marca odby\u0142 si\u0119 etap szkolny online XXVIII Og\u00f3lnopolskiego Konkursu Wiedzy Biblijnej organizowanego przez Katolickie Stowarzyszenie \u201eCivitas Christiana\u201d. 18 kwietnia etap diecezjalny Wa\u0142brzycha obejmowa\u0142: Ksi\u0119g\u0119 S\u0119dzi\u00f3w oraz Dzieje Apostolskie. Nasz\u0105 szko\u0142\u0119 godnie reprezentowa\u0142 Micha\u0142 \u017byg\u0142owicz-Wawrzyniak z 1e. Micha\u0142 zaj\u0105\u0142 I miejsce, b\u0119dzie reprezentowa\u0142 diecezj\u0119 \u015bwidnick\u0105 w finale. Dzi\u0119kuj\u0119 Micha\u0142owi, za w\u0142o\u017cony wysi\u0142ek i [&hellip;]","og_url":"https:\/\/www.3lo.walbrzych.pl\/wordpress\/michal-w-finale-konkursu-wiedzy-biblijnej\/","og_site_name":"III Liceum Og\u00f3lnokszta\u0142c\u0105ce im. Miko\u0142aja Kopernika","article_published_time":"2024-04-19T14:35:30+00:00","article_modified_time":"2024-04-19T14:35:31+00:00","og_image":[{"width":1800,"height":1200,"url":"https:\/\/www.3lo.walbrzych.pl\/wordpress\/wp-content\/uploads\/2024\/04\/1-miejsce-OKWB-2024.jpg","type":"image\/jpeg"}],"author":"Micha\u0142 Cetera","twitter_card":"summary_large_image","twitter_misc":{"Napisane przez":"Micha\u0142 Cetera"},"schema":{"@context":"https:\/\/schema.org","@graph":[{"@type":"Article","@id":"https:\/\/www.3lo.walbrzych.pl\/wordpress\/michal-w-finale-konkursu-wiedzy-biblijnej\/#article","isPartOf":{"@id":"https:\/\/www.3lo.walbrzych.pl\/wordpress\/michal-w-finale-konkursu-wiedzy-biblijnej\/"},"author":{"name":"Micha\u0142 Cetera","@id":"https:\/\/www.3lo.walbrzych.pl\/wordpress\/#\/schema\/person\/ff9afc6eca5e68699c4be1e41f0ec427"},"headline":"Micha\u0142 w finale Konkursu Wiedzy Biblijnej","datePublished":"2024-04-19T14:35:30+00:00","dateModified":"2024-04-19T14:35:31+00:00","mainEntityOfPage":{"@id":"https:\/\/www.3lo.walbrzych.pl\/wordpress\/michal-w-finale-konkursu-wiedzy-biblijnej\/"},"wordCount":91,"publisher":{"@id":"https:\/\/www.3lo.walbrzych.pl\/wordpress\/#organization"},"image":{"@id":"https:\/\/www.3lo.walbrzych.pl\/wordpress\/michal-w-finale-konkursu-wiedzy-biblijnej\/#primaryimage"},"thumbnailUrl":"https:\/\/www.3lo.walbrzych.pl\/wordpress\/wp-content\/uploads\/2024\/04\/1-miejsce-OKWB-2024.jpg","articleSection":["Aktualno\u015bci","Konkursy"],"inLanguage":"pl-PL"},{"@type":"WebPage","@id":"https:\/\/www.3lo.walbrzych.pl\/wordpress\/michal-w-finale-konkursu-wiedzy-biblijnej\/","url":"https:\/\/www.3lo.walbrzych.pl\/wordpress\/michal-w-finale-konkursu-wiedzy-biblijnej\/","name":"Micha\u0142 w finale Konkursu Wiedzy Biblijnej - III Liceum Og\u00f3lnokszta\u0142c\u0105ce im. Miko\u0142aja Kopernika","isPartOf":{"@id":"https:\/\/www.3lo.walbrzych.pl\/wordpress\/#website"},"primaryImageOfPage":{"@id":"https:\/\/www.3lo.walbrzych.pl\/wordpress\/michal-w-finale-konkursu-wiedzy-biblijnej\/#primaryimage"},"image":{"@id":"https:\/\/www.3lo.walbrzych.pl\/wordpress\/michal-w-finale-konkursu-wiedzy-biblijnej\/#primaryimage"},"thumbnailUrl":"https:\/\/www.3lo.walbrzych.pl\/wordpress\/wp-content\/uploads\/2024\/04\/1-miejsce-OKWB-2024.jpg","datePublished":"2024-04-19T14:35:30+00:00","dateModified":"2024-04-19T14:35:31+00:00","breadcrumb":{"@id":"https:\/\/www.3lo.walbrzych.pl\/wordpress\/michal-w-finale-konkursu-wiedzy-biblijnej\/#breadcrumb"},"inLanguage":"pl-PL","potentialAction":[{"@type":"ReadAction","target":["https:\/\/www.3lo.walbrzych.pl\/wordpress\/michal-w-finale-konkursu-wiedzy-biblijnej\/"]}]},{"@type":"ImageObject","inLanguage":"pl-PL","@id":"https:\/\/www.3lo.walbrzych.pl\/wordpress\/michal-w-finale-konkursu-wiedzy-biblijnej\/#primaryimage","url":"https:\/\/www.3lo.walbrzych.pl\/wordpress\/wp-content\/uploads\/2024\/04\/1-miejsce-OKWB-2024.jpg","contentUrl":"https:\/\/www.3lo.walbrzych.pl\/wordpress\/wp-content\/uploads\/2024\/04\/1-miejsce-OKWB-2024.jpg","width":1800,"height":1200},{"@type":"BreadcrumbList","@id":"https:\/\/www.3lo.walbrzych.pl\/wordpress\/michal-w-finale-konkursu-wiedzy-biblijnej\/#breadcrumb","itemListElement":[{"@type":"ListItem","position":1,"name":"Strona g\u0142\u00f3wna","item":"https:\/\/www.3lo.walbrzych.pl\/wordpress\/"},{"@type":"ListItem","position":2,"name":"Micha\u0142 w finale Konkursu Wiedzy Biblijnej"}]},{"@type":"WebSite","@id":"https:\/\/www.3lo.walbrzych.pl\/wordpress\/#website","url":"https:\/\/www.3lo.walbrzych.pl\/wordpress\/","name":"III Liceum Og\u00f3lnokszta\u0142c\u0105ce im. Miko\u0142aja Kopernika","description":"","publisher":{"@id":"https:\/\/www.3lo.walbrzych.pl\/wordpress\/#organization"},"potentialAction":[{"@type":"SearchAction","target":{"@type":"EntryPoint","urlTemplate":"https:\/\/www.3lo.walbrzych.pl\/wordpress\/?s={search_term_string}"},"query-input":{"@type":"PropertyValueSpecification","valueRequired":true,"valueName":"search_term_string"}}],"inLanguage":"pl-PL"},{"@type":"Organization","@id":"https:\/\/www.3lo.walbrzych.pl\/wordpress\/#organization","name":"III Liceum Og\u00f3lnokszta\u0142c\u0105ce im. Miko\u0142aja Kopernika","url":"https:\/\/www.3lo.walbrzych.pl\/wordpress\/","logo":{"@type":"ImageObject","inLanguage":"pl-PL","@id":"https:\/\/www.3lo.walbrzych.pl\/wordpress\/#\/schema\/logo\/image\/","url":"https:\/\/www.3lo.walbrzych.pl\/wordpress\/wp-content\/uploads\/2025\/09\/logo-szkoly-scaled.jpg","contentUrl":"https:\/\/www.3lo.walbrzych.pl\/wordpress\/wp-content\/uploads\/2025\/09\/logo-szkoly-scaled.jpg","width":2560,"height":914,"caption":"III Liceum Og\u00f3lnokszta\u0142c\u0105ce im. Miko\u0142aja Kopernika"},"image":{"@id":"https:\/\/www.3lo.walbrzych.pl\/wordpress\/#\/schema\/logo\/image\/"}},{"@type":"Person","@id":"https:\/\/www.3lo.walbrzych.pl\/wordpress\/#\/schema\/person\/ff9afc6eca5e68699c4be1e41f0ec427","name":"Micha\u0142 Cetera","url":"https:\/\/www.3lo.walbrzych.pl\/wordpress\/author\/mcetera\/"}]}},"_links":{"self":[{"href":"https:\/\/www.3lo.walbrzych.pl\/wordpress\/wp-json\/wp\/v2\/posts\/7862","targetHints":{"allow":["GET"]}}],"collection":[{"href":"https:\/\/www.3lo.walbrzych.pl\/wordpress\/wp-json\/wp\/v2\/posts"}],"about":[{"href":"https:\/\/www.3lo.walbrzych.pl\/wordpress\/wp-json\/wp\/v2\/types\/post"}],"author":[{"embeddable":true,"href":"https:\/\/www.3lo.walbrzych.pl\/wordpress\/wp-json\/wp\/v2\/users\/48"}],"replies":[{"embeddable":true,"href":"https:\/\/www.3lo.walbrzych.pl\/wordpress\/wp-json\/wp\/v2\/comments?post=7862"}],"version-history":[{"count":1,"href":"https:\/\/www.3lo.walbrzych.pl\/wordpress\/wp-json\/wp\/v2\/posts\/7862\/revisions"}],"predecessor-version":[{"id":7865,"href":"https:\/\/www.3lo.walbrzych.pl\/wordpress\/wp-json\/wp\/v2\/posts\/7862\/revisions\/7865"}],"wp:featuredmedia":[{"embeddable":true,"href":"https:\/\/www.3lo.walbrzych.pl\/wordpress\/wp-json\/wp\/v2\/media\/7863"}],"wp:attachment":[{"href":"https:\/\/www.3lo.walbrzych.pl\/wordpress\/wp-json\/wp\/v2\/media?parent=7862"}],"wp:term":[{"taxonomy":"category","embeddable":true,"href":"https:\/\/www.3lo.walbrzych.pl\/wordpress\/wp-json\/wp\/v2\/categories?post=7862"},{"taxonomy":"post_tag","embeddable":true,"href":"https:\/\/www.3lo.walbrzych.pl\/wordpress\/wp-json\/wp\/v2\/tags?post=7862"}],"curies":[{"name":"wp","href":"https:\/\/api.w.org\/{rel}","templated":true}]}}