{"id":7866,"date":"2024-04-19T16:38:19","date_gmt":"2024-04-19T14:38:19","guid":{"rendered":"http:\/\/www.3lo.walbrzych.pl\/wordpress\/?p=7866"},"modified":"2024-04-19T16:39:41","modified_gmt":"2024-04-19T14:39:41","slug":"prezentacja-walbrzyskiej-filii-uniewrsytetu-medycznego","status":"publish","type":"post","link":"https:\/\/www.3lo.walbrzych.pl\/wordpress\/prezentacja-walbrzyskiej-filii-uniewrsytetu-medycznego\/","title":{"rendered":"Prezentacja Wa\u0142brzyskiej Filii Uniwersytetu Medycznego"},"content":{"rendered":"\n<p class=\"wp-block-paragraph\">18 kwietnia, uczniowie klasy 2b wzi\u0119li udzia\u0142 w prezentacji Wa\u0142brzskiej Filii Uniwersytetu Medycznego we Wroc\u0142awiu. Nasze biol-chemy mia\u0142y okazj\u0119 spr\u00f3bowa\u0107 swoich si\u0142 w warsztatach dotycz\u0105cych badania krwi, chirurgicznego szycia jak r\u00f3wnie\u017c pos\u0142ucha\u0107 wyk\u0142adu dotycz\u0105cego pracy m\u00f3zgu. By\u0142o super, czekamy na kolejne warsztaty\/wyk\u0142ady!!!<\/p>\n\n\n\n<p class=\"wp-block-paragraph\"><a href=\"https:\/\/www.facebook.com\/photo\/?fbid=962113232581838&amp;set=pcb.962114145915080&amp;__cft__[0]=AZU0n-U5ge3Esr6R0IebJ6TnnBUO3QuMoBAfBILC0Bduou-yr7EEoYWDexyzFRpbRAqJrxhBckR-I5hbGzn3p3Y6kbge-CvS4eQKhKgMXw0bWp5tu_zCCIwiG_d508L-LDEBKAJPWRiASMD0Md1B7EbBJyigLGo8fZJ9T2W8NVwLf5QSSzo3Ig5k_vKeOBFeyj9SWYGsOelys-_cL7CIX_On&amp;__tn__=*bH-R\"><\/a><\/p>\n\n\n\n<p class=\"wp-block-paragraph\"><a href=\"https:\/\/www.facebook.com\/photo\/?fbid=962113352581826&amp;set=pcb.962114145915080&amp;__cft__[0]=AZU0n-U5ge3Esr6R0IebJ6TnnBUO3QuMoBAfBILC0Bduou-yr7EEoYWDexyzFRpbRAqJrxhBckR-I5hbGzn3p3Y6kbge-CvS4eQKhKgMXw0bWp5tu_zCCIwiG_d508L-LDEBKAJPWRiASMD0Md1B7EbBJyigLGo8fZJ9T2W8NVwLf5QSSzo3Ig5k_vKeOBFeyj9SWYGsOelys-_cL7CIX_On&amp;__tn__=*bH-R\"><\/a><\/p>\n\n\n\n<figure class=\"wp-block-image\"><a href=\"https:\/\/www.facebook.com\/photo\/?fbid=962113352581826&amp;set=pcb.962114145915080&amp;__cft__[0]=AZU0n-U5ge3Esr6R0IebJ6TnnBUO3QuMoBAfBILC0Bduou-yr7EEoYWDexyzFRpbRAqJrxhBckR-I5hbGzn3p3Y6kbge-CvS4eQKhKgMXw0bWp5tu_zCCIwiG_d508L-LDEBKAJPWRiASMD0Md1B7EbBJyigLGo8fZJ9T2W8NVwLf5QSSzo3Ig5k_vKeOBFeyj9SWYGsOelys-_cL7CIX_On&amp;__tn__=*bH-R\"><img decoding=\"async\" src=\"https:\/\/scontent.fpoz4-1.fna.fbcdn.net\/v\/t39.30808-6\/437146760_962113332581828_4192042524525135792_n.jpg?stp=cp6_dst-jpg_p720x720&amp;_nc_cat=104&amp;ccb=1-7&amp;_nc_sid=5f2048&amp;_nc_ohc=JmwFYqvG4XwAb6GttkM&amp;_nc_ht=scontent.fpoz4-1.fna&amp;oh=00_AfAzBigXVEykkpEqlnYz4VCE4DsEBAui-cu9MjEq4CIWbQ&amp;oe=66285BCA\" alt=\"\"\/><\/a><\/figure>\n\n\n\n<p class=\"wp-block-paragraph\"><a href=\"https:\/\/www.facebook.com\/photo\/?fbid=962113262581835&amp;set=pcb.962114145915080&amp;__cft__[0]=AZU0n-U5ge3Esr6R0IebJ6TnnBUO3QuMoBAfBILC0Bduou-yr7EEoYWDexyzFRpbRAqJrxhBckR-I5hbGzn3p3Y6kbge-CvS4eQKhKgMXw0bWp5tu_zCCIwiG_d508L-LDEBKAJPWRiASMD0Md1B7EbBJyigLGo8fZJ9T2W8NVwLf5QSSzo3Ig5k_vKeOBFeyj9SWYGsOelys-_cL7CIX_On&amp;__tn__=*bH-R\"><\/a><\/p>\n\n\n\n<figure class=\"wp-block-image\"><a href=\"https:\/\/www.facebook.com\/photo\/?fbid=962113262581835&amp;set=pcb.962114145915080&amp;__cft__[0]=AZU0n-U5ge3Esr6R0IebJ6TnnBUO3QuMoBAfBILC0Bduou-yr7EEoYWDexyzFRpbRAqJrxhBckR-I5hbGzn3p3Y6kbge-CvS4eQKhKgMXw0bWp5tu_zCCIwiG_d508L-LDEBKAJPWRiASMD0Md1B7EbBJyigLGo8fZJ9T2W8NVwLf5QSSzo3Ig5k_vKeOBFeyj9SWYGsOelys-_cL7CIX_On&amp;__tn__=*bH-R\"><img decoding=\"async\" src=\"https:\/\/scontent.fpoz4-1.fna.fbcdn.net\/v\/t39.30808-6\/436467561_962113229248505_1450763450597743557_n.jpg?stp=cp6_dst-jpg_p720x720&amp;_nc_cat=111&amp;ccb=1-7&amp;_nc_sid=5f2048&amp;_nc_ohc=GM2LL6xMwrEAb5eIHfO&amp;_nc_ht=scontent.fpoz4-1.fna&amp;oh=00_AfAdHgMxbly7OSJEc5hUzX46r2iCaCj3kJNBqTUCujFZ_g&amp;oe=662837BA\" alt=\"\"\/><\/a><\/figure>\n\n\n\n<p class=\"wp-block-paragraph\"><a href=\"https:\/\/www.facebook.com\/photo\/?fbid=962113235915171&amp;set=pcb.962114145915080&amp;__cft__[0]=AZU0n-U5ge3Esr6R0IebJ6TnnBUO3QuMoBAfBILC0Bduou-yr7EEoYWDexyzFRpbRAqJrxhBckR-I5hbGzn3p3Y6kbge-CvS4eQKhKgMXw0bWp5tu_zCCIwiG_d508L-LDEBKAJPWRiASMD0Md1B7EbBJyigLGo8fZJ9T2W8NVwLf5QSSzo3Ig5k_vKeOBFeyj9SWYGsOelys-_cL7CIX_On&amp;__tn__=*bH-R\"><\/a><\/p>\n\n\n\n<figure class=\"wp-block-image\"><a href=\"https:\/\/www.facebook.com\/photo\/?fbid=962113235915171&amp;set=pcb.962114145915080&amp;__cft__[0]=AZU0n-U5ge3Esr6R0IebJ6TnnBUO3QuMoBAfBILC0Bduou-yr7EEoYWDexyzFRpbRAqJrxhBckR-I5hbGzn3p3Y6kbge-CvS4eQKhKgMXw0bWp5tu_zCCIwiG_d508L-LDEBKAJPWRiASMD0Md1B7EbBJyigLGo8fZJ9T2W8NVwLf5QSSzo3Ig5k_vKeOBFeyj9SWYGsOelys-_cL7CIX_On&amp;__tn__=*bH-R\"><img decoding=\"async\" src=\"https:\/\/scontent.fpoz4-1.fna.fbcdn.net\/v\/t39.30808-6\/436914336_962113212581840_7057153780810623009_n.jpg?stp=cp6_dst-jpg_p720x720&amp;_nc_cat=101&amp;ccb=1-7&amp;_nc_sid=5f2048&amp;_nc_ohc=tZOEowPa0h4Ab5MYlYK&amp;_nc_ht=scontent.fpoz4-1.fna&amp;oh=00_AfCj2sP3l8Ayp5XfJjzR-JVAa28qfN6NV5943WGBx46neg&amp;oe=66283AC8\" alt=\"\"\/><\/a><\/figure>\n\n\n\n<p class=\"wp-block-paragraph\"><a href=\"https:\/\/www.facebook.com\/photo\/?fbid=962113339248494&amp;set=pcb.962114145915080&amp;__cft__[0]=AZU0n-U5ge3Esr6R0IebJ6TnnBUO3QuMoBAfBILC0Bduou-yr7EEoYWDexyzFRpbRAqJrxhBckR-I5hbGzn3p3Y6kbge-CvS4eQKhKgMXw0bWp5tu_zCCIwiG_d508L-LDEBKAJPWRiASMD0Md1B7EbBJyigLGo8fZJ9T2W8NVwLf5QSSzo3Ig5k_vKeOBFeyj9SWYGsOelys-_cL7CIX_On&amp;__tn__=*bH-R\"><\/a><\/p>\n\n\n\n<figure class=\"wp-block-image\"><a href=\"https:\/\/www.facebook.com\/photo\/?fbid=962113339248494&amp;set=pcb.962114145915080&amp;__cft__[0]=AZU0n-U5ge3Esr6R0IebJ6TnnBUO3QuMoBAfBILC0Bduou-yr7EEoYWDexyzFRpbRAqJrxhBckR-I5hbGzn3p3Y6kbge-CvS4eQKhKgMXw0bWp5tu_zCCIwiG_d508L-LDEBKAJPWRiASMD0Md1B7EbBJyigLGo8fZJ9T2W8NVwLf5QSSzo3Ig5k_vKeOBFeyj9SWYGsOelys-_cL7CIX_On&amp;__tn__=*bH-R\"><img decoding=\"async\" src=\"https:\/\/scontent.fpoz4-1.fna.fbcdn.net\/v\/t39.30808-6\/436888217_962113312581830_2667240681808249901_n.jpg?stp=cp6_dst-jpg_p720x720&amp;_nc_cat=108&amp;ccb=1-7&amp;_nc_sid=5f2048&amp;_nc_ohc=0Q82rE3LvNcAb7-_ij4&amp;_nc_ht=scontent.fpoz4-1.fna&amp;oh=00_AfC9T-YDxjjCsLk4dO9rK3ZgJkP2jxkt_23VJBtKXyJxeA&amp;oe=6628471E\" alt=\"\"\/><\/a><\/figure>\n","protected":false},"excerpt":{"rendered":"<p>18 kwietnia, uczniowie klasy 2b wzi\u0119li udzia\u0142 w prezentacji Wa\u0142brzskiej Filii Uniwersytetu Medycznego we Wroc\u0142awiu. Nasze biol-chemy mia\u0142y okazj\u0119 spr\u00f3bowa\u0107 swoich si\u0142 w warsztatach dotycz\u0105cych badania krwi, chirurgicznego szycia jak r\u00f3wnie\u017c pos\u0142ucha\u0107 wyk\u0142adu dotycz\u0105cego pracy m\u00f3zgu. By\u0142o super, czekamy na kolejne warsztaty\/wyk\u0142ady!!!<\/p>\n","protected":false},"author":48,"featured_media":7867,"comment_status":"closed","ping_status":"closed","sticky":false,"template":"","format":"standard","meta":{"footnotes":""},"categories":[19],"tags":[],"class_list":["post-7866","post","type-post","status-publish","format-standard","has-post-thumbnail","hentry","category-aktualnosci"],"yoast_head":"<!-- This site is optimized with the Yoast SEO plugin v28.4 - https:\/\/yoast.com\/product\/yoast-seo-wordpress\/ -->\n<title>Prezentacja Wa\u0142brzyskiej Filii Uniwersytetu Medycznego - III Liceum Og\u00f3lnokszta\u0142c\u0105ce im. Miko\u0142aja Kopernika<\/title>\n<meta name=\"robots\" content=\"index, follow, max-snippet:-1, max-image-preview:large, max-video-preview:-1\" \/>\n<link rel=\"canonical\" href=\"https:\/\/www.3lo.walbrzych.pl\/wordpress\/prezentacja-walbrzyskiej-filii-uniewrsytetu-medycznego\/\" \/>\n<meta property=\"og:locale\" content=\"pl_PL\" \/>\n<meta property=\"og:type\" content=\"article\" \/>\n<meta property=\"og:title\" content=\"Prezentacja Wa\u0142brzyskiej Filii Uniwersytetu Medycznego - III Liceum Og\u00f3lnokszta\u0142c\u0105ce im. Miko\u0142aja Kopernika\" \/>\n<meta property=\"og:description\" content=\"18 kwietnia, uczniowie klasy 2b wzi\u0119li udzia\u0142 w prezentacji Wa\u0142brzskiej Filii Uniwersytetu Medycznego we Wroc\u0142awiu. Nasze biol-chemy mia\u0142y okazj\u0119 spr\u00f3bowa\u0107 swoich si\u0142 w warsztatach dotycz\u0105cych badania krwi, chirurgicznego szycia jak r\u00f3wnie\u017c pos\u0142ucha\u0107 wyk\u0142adu dotycz\u0105cego pracy m\u00f3zgu. By\u0142o super, czekamy na kolejne warsztaty\/wyk\u0142ady!!!\" \/>\n<meta property=\"og:url\" content=\"https:\/\/www.3lo.walbrzych.pl\/wordpress\/prezentacja-walbrzyskiej-filii-uniewrsytetu-medycznego\/\" \/>\n<meta property=\"og:site_name\" content=\"III Liceum Og\u00f3lnokszta\u0142c\u0105ce im. Miko\u0142aja Kopernika\" \/>\n<meta property=\"article:published_time\" content=\"2024-04-19T14:38:19+00:00\" \/>\n<meta property=\"article:modified_time\" content=\"2024-04-19T14:39:41+00:00\" \/>\n<meta property=\"og:image\" content=\"https:\/\/www.3lo.walbrzych.pl\/wordpress\/wp-content\/uploads\/2024\/04\/434417947_975030210725671_5793476741260384964_n.jpg\" \/>\n\t<meta property=\"og:image:width\" content=\"1500\" \/>\n\t<meta property=\"og:image:height\" content=\"2000\" \/>\n\t<meta property=\"og:image:type\" content=\"image\/jpeg\" \/>\n<meta name=\"author\" content=\"Micha\u0142 Cetera\" \/>\n<meta name=\"twitter:card\" content=\"summary_large_image\" \/>\n<meta name=\"twitter:label1\" content=\"Napisane przez\" \/>\n\t<meta name=\"twitter:data1\" content=\"Micha\u0142 Cetera\" \/>\n<script type=\"application\/ld+json\" class=\"yoast-schema-graph\">{\"@context\":\"https:\\\/\\\/schema.org\",\"@graph\":[{\"@type\":\"Article\",\"@id\":\"https:\\\/\\\/www.3lo.walbrzych.pl\\\/wordpress\\\/prezentacja-walbrzyskiej-filii-uniewrsytetu-medycznego\\\/#article\",\"isPartOf\":{\"@id\":\"https:\\\/\\\/www.3lo.walbrzych.pl\\\/wordpress\\\/prezentacja-walbrzyskiej-filii-uniewrsytetu-medycznego\\\/\"},\"author\":{\"name\":\"Micha\u0142 Cetera\",\"@id\":\"https:\\\/\\\/www.3lo.walbrzych.pl\\\/wordpress\\\/#\\\/schema\\\/person\\\/ff9afc6eca5e68699c4be1e41f0ec427\"},\"headline\":\"Prezentacja Wa\u0142brzyskiej Filii Uniwersytetu Medycznego\",\"datePublished\":\"2024-04-19T14:38:19+00:00\",\"dateModified\":\"2024-04-19T14:39:41+00:00\",\"mainEntityOfPage\":{\"@id\":\"https:\\\/\\\/www.3lo.walbrzych.pl\\\/wordpress\\\/prezentacja-walbrzyskiej-filii-uniewrsytetu-medycznego\\\/\"},\"wordCount\":61,\"publisher\":{\"@id\":\"https:\\\/\\\/www.3lo.walbrzych.pl\\\/wordpress\\\/#organization\"},\"image\":{\"@id\":\"https:\\\/\\\/www.3lo.walbrzych.pl\\\/wordpress\\\/prezentacja-walbrzyskiej-filii-uniewrsytetu-medycznego\\\/#primaryimage\"},\"thumbnailUrl\":\"https:\\\/\\\/www.3lo.walbrzych.pl\\\/wordpress\\\/wp-content\\\/uploads\\\/2024\\\/04\\\/434417947_975030210725671_5793476741260384964_n.jpg\",\"articleSection\":[\"Aktualno\u015bci\"],\"inLanguage\":\"pl-PL\"},{\"@type\":\"WebPage\",\"@id\":\"https:\\\/\\\/www.3lo.walbrzych.pl\\\/wordpress\\\/prezentacja-walbrzyskiej-filii-uniewrsytetu-medycznego\\\/\",\"url\":\"https:\\\/\\\/www.3lo.walbrzych.pl\\\/wordpress\\\/prezentacja-walbrzyskiej-filii-uniewrsytetu-medycznego\\\/\",\"name\":\"Prezentacja Wa\u0142brzyskiej Filii Uniwersytetu Medycznego - III Liceum Og\u00f3lnokszta\u0142c\u0105ce im. Miko\u0142aja Kopernika\",\"isPartOf\":{\"@id\":\"https:\\\/\\\/www.3lo.walbrzych.pl\\\/wordpress\\\/#website\"},\"primaryImageOfPage\":{\"@id\":\"https:\\\/\\\/www.3lo.walbrzych.pl\\\/wordpress\\\/prezentacja-walbrzyskiej-filii-uniewrsytetu-medycznego\\\/#primaryimage\"},\"image\":{\"@id\":\"https:\\\/\\\/www.3lo.walbrzych.pl\\\/wordpress\\\/prezentacja-walbrzyskiej-filii-uniewrsytetu-medycznego\\\/#primaryimage\"},\"thumbnailUrl\":\"https:\\\/\\\/www.3lo.walbrzych.pl\\\/wordpress\\\/wp-content\\\/uploads\\\/2024\\\/04\\\/434417947_975030210725671_5793476741260384964_n.jpg\",\"datePublished\":\"2024-04-19T14:38:19+00:00\",\"dateModified\":\"2024-04-19T14:39:41+00:00\",\"breadcrumb\":{\"@id\":\"https:\\\/\\\/www.3lo.walbrzych.pl\\\/wordpress\\\/prezentacja-walbrzyskiej-filii-uniewrsytetu-medycznego\\\/#breadcrumb\"},\"inLanguage\":\"pl-PL\",\"potentialAction\":[{\"@type\":\"ReadAction\",\"target\":[\"https:\\\/\\\/www.3lo.walbrzych.pl\\\/wordpress\\\/prezentacja-walbrzyskiej-filii-uniewrsytetu-medycznego\\\/\"]}]},{\"@type\":\"ImageObject\",\"inLanguage\":\"pl-PL\",\"@id\":\"https:\\\/\\\/www.3lo.walbrzych.pl\\\/wordpress\\\/prezentacja-walbrzyskiej-filii-uniewrsytetu-medycznego\\\/#primaryimage\",\"url\":\"https:\\\/\\\/www.3lo.walbrzych.pl\\\/wordpress\\\/wp-content\\\/uploads\\\/2024\\\/04\\\/434417947_975030210725671_5793476741260384964_n.jpg\",\"contentUrl\":\"https:\\\/\\\/www.3lo.walbrzych.pl\\\/wordpress\\\/wp-content\\\/uploads\\\/2024\\\/04\\\/434417947_975030210725671_5793476741260384964_n.jpg\",\"width\":1500,\"height\":2000},{\"@type\":\"BreadcrumbList\",\"@id\":\"https:\\\/\\\/www.3lo.walbrzych.pl\\\/wordpress\\\/prezentacja-walbrzyskiej-filii-uniewrsytetu-medycznego\\\/#breadcrumb\",\"itemListElement\":[{\"@type\":\"ListItem\",\"position\":1,\"name\":\"Strona g\u0142\u00f3wna\",\"item\":\"https:\\\/\\\/www.3lo.walbrzych.pl\\\/wordpress\\\/\"},{\"@type\":\"ListItem\",\"position\":2,\"name\":\"Prezentacja Wa\u0142brzyskiej Filii Uniwersytetu Medycznego\"}]},{\"@type\":\"WebSite\",\"@id\":\"https:\\\/\\\/www.3lo.walbrzych.pl\\\/wordpress\\\/#website\",\"url\":\"https:\\\/\\\/www.3lo.walbrzych.pl\\\/wordpress\\\/\",\"name\":\"III Liceum Og\u00f3lnokszta\u0142c\u0105ce im. Miko\u0142aja Kopernika\",\"description\":\"\",\"publisher\":{\"@id\":\"https:\\\/\\\/www.3lo.walbrzych.pl\\\/wordpress\\\/#organization\"},\"potentialAction\":[{\"@type\":\"SearchAction\",\"target\":{\"@type\":\"EntryPoint\",\"urlTemplate\":\"https:\\\/\\\/www.3lo.walbrzych.pl\\\/wordpress\\\/?s={search_term_string}\"},\"query-input\":{\"@type\":\"PropertyValueSpecification\",\"valueRequired\":true,\"valueName\":\"search_term_string\"}}],\"inLanguage\":\"pl-PL\"},{\"@type\":\"Organization\",\"@id\":\"https:\\\/\\\/www.3lo.walbrzych.pl\\\/wordpress\\\/#organization\",\"name\":\"III Liceum Og\u00f3lnokszta\u0142c\u0105ce im. Miko\u0142aja Kopernika\",\"url\":\"https:\\\/\\\/www.3lo.walbrzych.pl\\\/wordpress\\\/\",\"logo\":{\"@type\":\"ImageObject\",\"inLanguage\":\"pl-PL\",\"@id\":\"https:\\\/\\\/www.3lo.walbrzych.pl\\\/wordpress\\\/#\\\/schema\\\/logo\\\/image\\\/\",\"url\":\"https:\\\/\\\/www.3lo.walbrzych.pl\\\/wordpress\\\/wp-content\\\/uploads\\\/2025\\\/09\\\/logo-szkoly-scaled.jpg\",\"contentUrl\":\"https:\\\/\\\/www.3lo.walbrzych.pl\\\/wordpress\\\/wp-content\\\/uploads\\\/2025\\\/09\\\/logo-szkoly-scaled.jpg\",\"width\":2560,\"height\":914,\"caption\":\"III Liceum Og\u00f3lnokszta\u0142c\u0105ce im. Miko\u0142aja Kopernika\"},\"image\":{\"@id\":\"https:\\\/\\\/www.3lo.walbrzych.pl\\\/wordpress\\\/#\\\/schema\\\/logo\\\/image\\\/\"}},{\"@type\":\"Person\",\"@id\":\"https:\\\/\\\/www.3lo.walbrzych.pl\\\/wordpress\\\/#\\\/schema\\\/person\\\/ff9afc6eca5e68699c4be1e41f0ec427\",\"name\":\"Micha\u0142 Cetera\",\"url\":\"https:\\\/\\\/www.3lo.walbrzych.pl\\\/wordpress\\\/author\\\/mcetera\\\/\"}]}<\/script>\n<!-- \/ Yoast SEO plugin. -->","yoast_head_json":{"title":"Prezentacja Wa\u0142brzyskiej Filii Uniwersytetu Medycznego - III Liceum Og\u00f3lnokszta\u0142c\u0105ce im. Miko\u0142aja Kopernika","robots":{"index":"index","follow":"follow","max-snippet":"max-snippet:-1","max-image-preview":"max-image-preview:large","max-video-preview":"max-video-preview:-1"},"canonical":"https:\/\/www.3lo.walbrzych.pl\/wordpress\/prezentacja-walbrzyskiej-filii-uniewrsytetu-medycznego\/","og_locale":"pl_PL","og_type":"article","og_title":"Prezentacja Wa\u0142brzyskiej Filii Uniwersytetu Medycznego - III Liceum Og\u00f3lnokszta\u0142c\u0105ce im. Miko\u0142aja Kopernika","og_description":"18 kwietnia, uczniowie klasy 2b wzi\u0119li udzia\u0142 w prezentacji Wa\u0142brzskiej Filii Uniwersytetu Medycznego we Wroc\u0142awiu. Nasze biol-chemy mia\u0142y okazj\u0119 spr\u00f3bowa\u0107 swoich si\u0142 w warsztatach dotycz\u0105cych badania krwi, chirurgicznego szycia jak r\u00f3wnie\u017c pos\u0142ucha\u0107 wyk\u0142adu dotycz\u0105cego pracy m\u00f3zgu. By\u0142o super, czekamy na kolejne warsztaty\/wyk\u0142ady!!!","og_url":"https:\/\/www.3lo.walbrzych.pl\/wordpress\/prezentacja-walbrzyskiej-filii-uniewrsytetu-medycznego\/","og_site_name":"III Liceum Og\u00f3lnokszta\u0142c\u0105ce im. Miko\u0142aja Kopernika","article_published_time":"2024-04-19T14:38:19+00:00","article_modified_time":"2024-04-19T14:39:41+00:00","og_image":[{"width":1500,"height":2000,"url":"https:\/\/www.3lo.walbrzych.pl\/wordpress\/wp-content\/uploads\/2024\/04\/434417947_975030210725671_5793476741260384964_n.jpg","type":"image\/jpeg"}],"author":"Micha\u0142 Cetera","twitter_card":"summary_large_image","twitter_misc":{"Napisane przez":"Micha\u0142 Cetera"},"schema":{"@context":"https:\/\/schema.org","@graph":[{"@type":"Article","@id":"https:\/\/www.3lo.walbrzych.pl\/wordpress\/prezentacja-walbrzyskiej-filii-uniewrsytetu-medycznego\/#article","isPartOf":{"@id":"https:\/\/www.3lo.walbrzych.pl\/wordpress\/prezentacja-walbrzyskiej-filii-uniewrsytetu-medycznego\/"},"author":{"name":"Micha\u0142 Cetera","@id":"https:\/\/www.3lo.walbrzych.pl\/wordpress\/#\/schema\/person\/ff9afc6eca5e68699c4be1e41f0ec427"},"headline":"Prezentacja Wa\u0142brzyskiej Filii Uniwersytetu Medycznego","datePublished":"2024-04-19T14:38:19+00:00","dateModified":"2024-04-19T14:39:41+00:00","mainEntityOfPage":{"@id":"https:\/\/www.3lo.walbrzych.pl\/wordpress\/prezentacja-walbrzyskiej-filii-uniewrsytetu-medycznego\/"},"wordCount":61,"publisher":{"@id":"https:\/\/www.3lo.walbrzych.pl\/wordpress\/#organization"},"image":{"@id":"https:\/\/www.3lo.walbrzych.pl\/wordpress\/prezentacja-walbrzyskiej-filii-uniewrsytetu-medycznego\/#primaryimage"},"thumbnailUrl":"https:\/\/www.3lo.walbrzych.pl\/wordpress\/wp-content\/uploads\/2024\/04\/434417947_975030210725671_5793476741260384964_n.jpg","articleSection":["Aktualno\u015bci"],"inLanguage":"pl-PL"},{"@type":"WebPage","@id":"https:\/\/www.3lo.walbrzych.pl\/wordpress\/prezentacja-walbrzyskiej-filii-uniewrsytetu-medycznego\/","url":"https:\/\/www.3lo.walbrzych.pl\/wordpress\/prezentacja-walbrzyskiej-filii-uniewrsytetu-medycznego\/","name":"Prezentacja Wa\u0142brzyskiej Filii Uniwersytetu Medycznego - III Liceum Og\u00f3lnokszta\u0142c\u0105ce im. Miko\u0142aja Kopernika","isPartOf":{"@id":"https:\/\/www.3lo.walbrzych.pl\/wordpress\/#website"},"primaryImageOfPage":{"@id":"https:\/\/www.3lo.walbrzych.pl\/wordpress\/prezentacja-walbrzyskiej-filii-uniewrsytetu-medycznego\/#primaryimage"},"image":{"@id":"https:\/\/www.3lo.walbrzych.pl\/wordpress\/prezentacja-walbrzyskiej-filii-uniewrsytetu-medycznego\/#primaryimage"},"thumbnailUrl":"https:\/\/www.3lo.walbrzych.pl\/wordpress\/wp-content\/uploads\/2024\/04\/434417947_975030210725671_5793476741260384964_n.jpg","datePublished":"2024-04-19T14:38:19+00:00","dateModified":"2024-04-19T14:39:41+00:00","breadcrumb":{"@id":"https:\/\/www.3lo.walbrzych.pl\/wordpress\/prezentacja-walbrzyskiej-filii-uniewrsytetu-medycznego\/#breadcrumb"},"inLanguage":"pl-PL","potentialAction":[{"@type":"ReadAction","target":["https:\/\/www.3lo.walbrzych.pl\/wordpress\/prezentacja-walbrzyskiej-filii-uniewrsytetu-medycznego\/"]}]},{"@type":"ImageObject","inLanguage":"pl-PL","@id":"https:\/\/www.3lo.walbrzych.pl\/wordpress\/prezentacja-walbrzyskiej-filii-uniewrsytetu-medycznego\/#primaryimage","url":"https:\/\/www.3lo.walbrzych.pl\/wordpress\/wp-content\/uploads\/2024\/04\/434417947_975030210725671_5793476741260384964_n.jpg","contentUrl":"https:\/\/www.3lo.walbrzych.pl\/wordpress\/wp-content\/uploads\/2024\/04\/434417947_975030210725671_5793476741260384964_n.jpg","width":1500,"height":2000},{"@type":"BreadcrumbList","@id":"https:\/\/www.3lo.walbrzych.pl\/wordpress\/prezentacja-walbrzyskiej-filii-uniewrsytetu-medycznego\/#breadcrumb","itemListElement":[{"@type":"ListItem","position":1,"name":"Strona g\u0142\u00f3wna","item":"https:\/\/www.3lo.walbrzych.pl\/wordpress\/"},{"@type":"ListItem","position":2,"name":"Prezentacja Wa\u0142brzyskiej Filii Uniwersytetu Medycznego"}]},{"@type":"WebSite","@id":"https:\/\/www.3lo.walbrzych.pl\/wordpress\/#website","url":"https:\/\/www.3lo.walbrzych.pl\/wordpress\/","name":"III Liceum Og\u00f3lnokszta\u0142c\u0105ce im. Miko\u0142aja Kopernika","description":"","publisher":{"@id":"https:\/\/www.3lo.walbrzych.pl\/wordpress\/#organization"},"potentialAction":[{"@type":"SearchAction","target":{"@type":"EntryPoint","urlTemplate":"https:\/\/www.3lo.walbrzych.pl\/wordpress\/?s={search_term_string}"},"query-input":{"@type":"PropertyValueSpecification","valueRequired":true,"valueName":"search_term_string"}}],"inLanguage":"pl-PL"},{"@type":"Organization","@id":"https:\/\/www.3lo.walbrzych.pl\/wordpress\/#organization","name":"III Liceum Og\u00f3lnokszta\u0142c\u0105ce im. Miko\u0142aja Kopernika","url":"https:\/\/www.3lo.walbrzych.pl\/wordpress\/","logo":{"@type":"ImageObject","inLanguage":"pl-PL","@id":"https:\/\/www.3lo.walbrzych.pl\/wordpress\/#\/schema\/logo\/image\/","url":"https:\/\/www.3lo.walbrzych.pl\/wordpress\/wp-content\/uploads\/2025\/09\/logo-szkoly-scaled.jpg","contentUrl":"https:\/\/www.3lo.walbrzych.pl\/wordpress\/wp-content\/uploads\/2025\/09\/logo-szkoly-scaled.jpg","width":2560,"height":914,"caption":"III Liceum Og\u00f3lnokszta\u0142c\u0105ce im. Miko\u0142aja Kopernika"},"image":{"@id":"https:\/\/www.3lo.walbrzych.pl\/wordpress\/#\/schema\/logo\/image\/"}},{"@type":"Person","@id":"https:\/\/www.3lo.walbrzych.pl\/wordpress\/#\/schema\/person\/ff9afc6eca5e68699c4be1e41f0ec427","name":"Micha\u0142 Cetera","url":"https:\/\/www.3lo.walbrzych.pl\/wordpress\/author\/mcetera\/"}]}},"_links":{"self":[{"href":"https:\/\/www.3lo.walbrzych.pl\/wordpress\/wp-json\/wp\/v2\/posts\/7866","targetHints":{"allow":["GET"]}}],"collection":[{"href":"https:\/\/www.3lo.walbrzych.pl\/wordpress\/wp-json\/wp\/v2\/posts"}],"about":[{"href":"https:\/\/www.3lo.walbrzych.pl\/wordpress\/wp-json\/wp\/v2\/types\/post"}],"author":[{"embeddable":true,"href":"https:\/\/www.3lo.walbrzych.pl\/wordpress\/wp-json\/wp\/v2\/users\/48"}],"replies":[{"embeddable":true,"href":"https:\/\/www.3lo.walbrzych.pl\/wordpress\/wp-json\/wp\/v2\/comments?post=7866"}],"version-history":[{"count":2,"href":"https:\/\/www.3lo.walbrzych.pl\/wordpress\/wp-json\/wp\/v2\/posts\/7866\/revisions"}],"predecessor-version":[{"id":7870,"href":"https:\/\/www.3lo.walbrzych.pl\/wordpress\/wp-json\/wp\/v2\/posts\/7866\/revisions\/7870"}],"wp:featuredmedia":[{"embeddable":true,"href":"https:\/\/www.3lo.walbrzych.pl\/wordpress\/wp-json\/wp\/v2\/media\/7867"}],"wp:attachment":[{"href":"https:\/\/www.3lo.walbrzych.pl\/wordpress\/wp-json\/wp\/v2\/media?parent=7866"}],"wp:term":[{"taxonomy":"category","embeddable":true,"href":"https:\/\/www.3lo.walbrzych.pl\/wordpress\/wp-json\/wp\/v2\/categories?post=7866"},{"taxonomy":"post_tag","embeddable":true,"href":"https:\/\/www.3lo.walbrzych.pl\/wordpress\/wp-json\/wp\/v2\/tags?post=7866"}],"curies":[{"name":"wp","href":"https:\/\/api.w.org\/{rel}","templated":true}]}}