{"id":8058,"date":"2024-12-02T07:55:46","date_gmt":"2024-12-02T06:55:46","guid":{"rendered":"https:\/\/www.3lo.walbrzych.pl\/wordpress\/?p=8058"},"modified":"2024-12-02T07:55:47","modified_gmt":"2024-12-02T06:55:47","slug":"duzy-czyta-malemu-3","status":"publish","type":"post","link":"https:\/\/www.3lo.walbrzych.pl\/wordpress\/duzy-czyta-malemu-3\/","title":{"rendered":"Du\u017cy czyta Ma\u0142emu \u2026"},"content":{"rendered":"\n<p class=\"wp-block-paragraph\">\u00a015 listopada b.r. rozpocz\u0119li\u015bmy kolejny cykl wyjazdowych spotka\u0144 do PSP nr 5 im B. Malinowskiego w Boguszowie-Gorcach. Po trzech latach naszej wsp\u00f3\u0142pracy w ramach zaj\u0119\u0107 czytelniczych dla najm\u0142odszych, ponownie naszymi beneficjentami s\u0105 dzieci z dw\u00f3ch klas pierwszych rzeczonej szko\u0142y.<\/p>\n\n\n\n<figure class=\"wp-block-image size-large\"><a href=\"https:\/\/www.3lo.walbrzych.pl\/wordpress\/wp-content\/uploads\/2024\/12\/IMG_2677.jpg\"><img loading=\"lazy\" decoding=\"async\" width=\"1024\" height=\"790\" src=\"https:\/\/www.3lo.walbrzych.pl\/wordpress\/wp-content\/uploads\/2024\/12\/IMG_2677-1024x790.jpg\" alt=\"\" class=\"wp-image-8060\" srcset=\"https:\/\/www.3lo.walbrzych.pl\/wordpress\/wp-content\/uploads\/2024\/12\/IMG_2677-1024x790.jpg 1024w, https:\/\/www.3lo.walbrzych.pl\/wordpress\/wp-content\/uploads\/2024\/12\/IMG_2677-300x231.jpg 300w, https:\/\/www.3lo.walbrzych.pl\/wordpress\/wp-content\/uploads\/2024\/12\/IMG_2677-768x592.jpg 768w, https:\/\/www.3lo.walbrzych.pl\/wordpress\/wp-content\/uploads\/2024\/12\/IMG_2677-1536x1184.jpg 1536w, https:\/\/www.3lo.walbrzych.pl\/wordpress\/wp-content\/uploads\/2024\/12\/IMG_2677.jpg 2000w\" sizes=\"auto, (max-width: 1024px) 100vw, 1024px\" \/><\/a><\/figure>\n\n\n\n<p class=\"wp-block-paragraph\">Uczennice z klasy 4a: W. Rotman, M. Zaborowska i K. Sok\u00f3\u0142, pod bacznym okiem p. prof. Zofii \u0141atki, przygotowa\u0142y do przeczytania na spotkanie z dzie\u0107mi, kilka historyjek i wierszyk\u00f3w, nawi\u0105zuj\u0105cych swoimi tre\u015bciami do zachowa\u0144 zwi\u0105zanych z \u201edobrymi manierami\u201d, ulubionego bohatera wszech czas\u00f3w&nbsp; \u201eKubusia Puchatka\u2019\u2019, a ka\u017cdy jej &nbsp;uczestnik, &nbsp;przyni\u00f3s\u0142 na zaj\u0119cia w\u0142asnego, ulubionego \u201ePLUSZAKOWEGO MILUSI\u0143SKIEGO\u201d W trakcie spotkania&nbsp; by\u0142o r\u00f3wnie\u017c wsp\u00f3lne uczenie si\u0119 wierszyka, a tak\u017ce piosenki po\u0142\u0105czone z taneczn\u0105 choreografi\u0105, kt\u00f3r\u0105 przygotowa\u0142y i wsp\u00f3lnie z dzie\u0107mi przeprowadzi\u0142y tegoroczne maturzystki.<\/p>\n\n\n\n<p class=\"wp-block-paragraph\">Na zako\u0144czenie wsp\u00f3lnej przygody z Kubusiem Puchatkiem cz\u0119\u015b\u0107 z dzieci otrzyma\u0142a dyplomy za aktywny udzia\u0142 w zaj\u0119ciach, a wszyscy pierwszoklasi\u015bci do pokolorowania ilustracje z dzisiejszym bajkowym bohaterem.<\/p>\n\n\n\n<p class=\"wp-block-paragraph\">Spotkanie odby\u0142o si\u0119 w bardzo mi\u0142ej i sympatycznej atmosferze, a jakie by\u0142y nastroje ich uczestnik\u00f3w mo\u017cna zobaczy\u0107 na zdj\u0119ciach.<\/p>\n\n\n\n<figure class=\"wp-block-image size-large\"><a href=\"https:\/\/www.3lo.walbrzych.pl\/wordpress\/wp-content\/uploads\/2024\/12\/IMG_2691.jpg\"><img loading=\"lazy\" decoding=\"async\" width=\"975\" height=\"1024\" src=\"https:\/\/www.3lo.walbrzych.pl\/wordpress\/wp-content\/uploads\/2024\/12\/IMG_2691-975x1024.jpg\" alt=\"\" class=\"wp-image-8061\" srcset=\"https:\/\/www.3lo.walbrzych.pl\/wordpress\/wp-content\/uploads\/2024\/12\/IMG_2691-975x1024.jpg 975w, https:\/\/www.3lo.walbrzych.pl\/wordpress\/wp-content\/uploads\/2024\/12\/IMG_2691-286x300.jpg 286w, https:\/\/www.3lo.walbrzych.pl\/wordpress\/wp-content\/uploads\/2024\/12\/IMG_2691-768x807.jpg 768w, https:\/\/www.3lo.walbrzych.pl\/wordpress\/wp-content\/uploads\/2024\/12\/IMG_2691-1462x1536.jpg 1462w, https:\/\/www.3lo.walbrzych.pl\/wordpress\/wp-content\/uploads\/2024\/12\/IMG_2691.jpg 1904w\" sizes=\"auto, (max-width: 975px) 100vw, 975px\" \/><\/a><\/figure>\n","protected":false},"excerpt":{"rendered":"<p>\u00a015 listopada b.r. rozpocz\u0119li\u015bmy kolejny cykl wyjazdowych spotka\u0144 do PSP nr 5 im B. Malinowskiego w Boguszowie-Gorcach. Po trzech latach naszej wsp\u00f3\u0142pracy w ramach zaj\u0119\u0107 czytelniczych dla najm\u0142odszych, ponownie naszymi beneficjentami s\u0105 dzieci z dw\u00f3ch klas pierwszych rzeczonej szko\u0142y. Uczennice z klasy 4a: W. Rotman, M. Zaborowska i K. Sok\u00f3\u0142, pod bacznym okiem p. prof. [&hellip;]<\/p>\n","protected":false},"author":4,"featured_media":8059,"comment_status":"closed","ping_status":"closed","sticky":false,"template":"","format":"standard","meta":{"footnotes":""},"categories":[19],"tags":[],"class_list":["post-8058","post","type-post","status-publish","format-standard","has-post-thumbnail","hentry","category-aktualnosci"],"yoast_head":"<!-- This site is optimized with the Yoast SEO plugin v28.4 - https:\/\/yoast.com\/product\/yoast-seo-wordpress\/ -->\n<title>Du\u017cy czyta Ma\u0142emu \u2026 - III Liceum Og\u00f3lnokszta\u0142c\u0105ce im. Miko\u0142aja Kopernika<\/title>\n<meta name=\"robots\" content=\"index, follow, max-snippet:-1, max-image-preview:large, max-video-preview:-1\" \/>\n<link rel=\"canonical\" href=\"https:\/\/www.3lo.walbrzych.pl\/wordpress\/duzy-czyta-malemu-3\/\" \/>\n<meta property=\"og:locale\" content=\"pl_PL\" \/>\n<meta property=\"og:type\" content=\"article\" \/>\n<meta property=\"og:title\" content=\"Du\u017cy czyta Ma\u0142emu \u2026 - III Liceum Og\u00f3lnokszta\u0142c\u0105ce im. Miko\u0142aja Kopernika\" \/>\n<meta property=\"og:description\" content=\"\u00a015 listopada b.r. rozpocz\u0119li\u015bmy kolejny cykl wyjazdowych spotka\u0144 do PSP nr 5 im B. Malinowskiego w Boguszowie-Gorcach. Po trzech latach naszej wsp\u00f3\u0142pracy w ramach zaj\u0119\u0107 czytelniczych dla najm\u0142odszych, ponownie naszymi beneficjentami s\u0105 dzieci z dw\u00f3ch klas pierwszych rzeczonej szko\u0142y. Uczennice z klasy 4a: W. Rotman, M. Zaborowska i K. Sok\u00f3\u0142, pod bacznym okiem p. prof. [&hellip;]\" \/>\n<meta property=\"og:url\" content=\"https:\/\/www.3lo.walbrzych.pl\/wordpress\/duzy-czyta-malemu-3\/\" \/>\n<meta property=\"og:site_name\" content=\"III Liceum Og\u00f3lnokszta\u0142c\u0105ce im. Miko\u0142aja Kopernika\" \/>\n<meta property=\"article:published_time\" content=\"2024-12-02T06:55:46+00:00\" \/>\n<meta property=\"article:modified_time\" content=\"2024-12-02T06:55:47+00:00\" \/>\n<meta property=\"og:image\" content=\"https:\/\/www.3lo.walbrzych.pl\/wordpress\/wp-content\/uploads\/2024\/12\/IMG_2752.jpg\" \/>\n\t<meta property=\"og:image:width\" content=\"2000\" \/>\n\t<meta property=\"og:image:height\" content=\"1501\" \/>\n\t<meta property=\"og:image:type\" content=\"image\/jpeg\" \/>\n<meta name=\"author\" content=\"Tomasz Smejlis\" \/>\n<meta name=\"twitter:card\" content=\"summary_large_image\" \/>\n<meta name=\"twitter:label1\" content=\"Napisane przez\" \/>\n\t<meta name=\"twitter:data1\" content=\"Tomasz Smejlis\" \/>\n\t<meta name=\"twitter:label2\" content=\"Szacowany czas czytania\" \/>\n\t<meta name=\"twitter:data2\" content=\"1 minuta\" \/>\n<script type=\"application\/ld+json\" class=\"yoast-schema-graph\">{\"@context\":\"https:\\\/\\\/schema.org\",\"@graph\":[{\"@type\":\"Article\",\"@id\":\"https:\\\/\\\/www.3lo.walbrzych.pl\\\/wordpress\\\/duzy-czyta-malemu-3\\\/#article\",\"isPartOf\":{\"@id\":\"https:\\\/\\\/www.3lo.walbrzych.pl\\\/wordpress\\\/duzy-czyta-malemu-3\\\/\"},\"author\":{\"name\":\"Tomasz Smejlis\",\"@id\":\"https:\\\/\\\/www.3lo.walbrzych.pl\\\/wordpress\\\/#\\\/schema\\\/person\\\/a5a3335dddd08a52fc05f69d575fd448\"},\"headline\":\"Du\u017cy czyta Ma\u0142emu \u2026\",\"datePublished\":\"2024-12-02T06:55:46+00:00\",\"dateModified\":\"2024-12-02T06:55:47+00:00\",\"mainEntityOfPage\":{\"@id\":\"https:\\\/\\\/www.3lo.walbrzych.pl\\\/wordpress\\\/duzy-czyta-malemu-3\\\/\"},\"wordCount\":213,\"publisher\":{\"@id\":\"https:\\\/\\\/www.3lo.walbrzych.pl\\\/wordpress\\\/#organization\"},\"image\":{\"@id\":\"https:\\\/\\\/www.3lo.walbrzych.pl\\\/wordpress\\\/duzy-czyta-malemu-3\\\/#primaryimage\"},\"thumbnailUrl\":\"https:\\\/\\\/www.3lo.walbrzych.pl\\\/wordpress\\\/wp-content\\\/uploads\\\/2024\\\/12\\\/IMG_2752.jpg\",\"articleSection\":[\"Aktualno\u015bci\"],\"inLanguage\":\"pl-PL\"},{\"@type\":\"WebPage\",\"@id\":\"https:\\\/\\\/www.3lo.walbrzych.pl\\\/wordpress\\\/duzy-czyta-malemu-3\\\/\",\"url\":\"https:\\\/\\\/www.3lo.walbrzych.pl\\\/wordpress\\\/duzy-czyta-malemu-3\\\/\",\"name\":\"Du\u017cy czyta Ma\u0142emu \u2026 - III Liceum Og\u00f3lnokszta\u0142c\u0105ce im. Miko\u0142aja Kopernika\",\"isPartOf\":{\"@id\":\"https:\\\/\\\/www.3lo.walbrzych.pl\\\/wordpress\\\/#website\"},\"primaryImageOfPage\":{\"@id\":\"https:\\\/\\\/www.3lo.walbrzych.pl\\\/wordpress\\\/duzy-czyta-malemu-3\\\/#primaryimage\"},\"image\":{\"@id\":\"https:\\\/\\\/www.3lo.walbrzych.pl\\\/wordpress\\\/duzy-czyta-malemu-3\\\/#primaryimage\"},\"thumbnailUrl\":\"https:\\\/\\\/www.3lo.walbrzych.pl\\\/wordpress\\\/wp-content\\\/uploads\\\/2024\\\/12\\\/IMG_2752.jpg\",\"datePublished\":\"2024-12-02T06:55:46+00:00\",\"dateModified\":\"2024-12-02T06:55:47+00:00\",\"breadcrumb\":{\"@id\":\"https:\\\/\\\/www.3lo.walbrzych.pl\\\/wordpress\\\/duzy-czyta-malemu-3\\\/#breadcrumb\"},\"inLanguage\":\"pl-PL\",\"potentialAction\":[{\"@type\":\"ReadAction\",\"target\":[\"https:\\\/\\\/www.3lo.walbrzych.pl\\\/wordpress\\\/duzy-czyta-malemu-3\\\/\"]}]},{\"@type\":\"ImageObject\",\"inLanguage\":\"pl-PL\",\"@id\":\"https:\\\/\\\/www.3lo.walbrzych.pl\\\/wordpress\\\/duzy-czyta-malemu-3\\\/#primaryimage\",\"url\":\"https:\\\/\\\/www.3lo.walbrzych.pl\\\/wordpress\\\/wp-content\\\/uploads\\\/2024\\\/12\\\/IMG_2752.jpg\",\"contentUrl\":\"https:\\\/\\\/www.3lo.walbrzych.pl\\\/wordpress\\\/wp-content\\\/uploads\\\/2024\\\/12\\\/IMG_2752.jpg\",\"width\":2000,\"height\":1501},{\"@type\":\"BreadcrumbList\",\"@id\":\"https:\\\/\\\/www.3lo.walbrzych.pl\\\/wordpress\\\/duzy-czyta-malemu-3\\\/#breadcrumb\",\"itemListElement\":[{\"@type\":\"ListItem\",\"position\":1,\"name\":\"Strona g\u0142\u00f3wna\",\"item\":\"https:\\\/\\\/www.3lo.walbrzych.pl\\\/wordpress\\\/\"},{\"@type\":\"ListItem\",\"position\":2,\"name\":\"Du\u017cy czyta Ma\u0142emu \u2026\"}]},{\"@type\":\"WebSite\",\"@id\":\"https:\\\/\\\/www.3lo.walbrzych.pl\\\/wordpress\\\/#website\",\"url\":\"https:\\\/\\\/www.3lo.walbrzych.pl\\\/wordpress\\\/\",\"name\":\"III Liceum Og\u00f3lnokszta\u0142c\u0105ce im. Miko\u0142aja Kopernika\",\"description\":\"\",\"publisher\":{\"@id\":\"https:\\\/\\\/www.3lo.walbrzych.pl\\\/wordpress\\\/#organization\"},\"potentialAction\":[{\"@type\":\"SearchAction\",\"target\":{\"@type\":\"EntryPoint\",\"urlTemplate\":\"https:\\\/\\\/www.3lo.walbrzych.pl\\\/wordpress\\\/?s={search_term_string}\"},\"query-input\":{\"@type\":\"PropertyValueSpecification\",\"valueRequired\":true,\"valueName\":\"search_term_string\"}}],\"inLanguage\":\"pl-PL\"},{\"@type\":\"Organization\",\"@id\":\"https:\\\/\\\/www.3lo.walbrzych.pl\\\/wordpress\\\/#organization\",\"name\":\"III Liceum Og\u00f3lnokszta\u0142c\u0105ce im. Miko\u0142aja Kopernika\",\"url\":\"https:\\\/\\\/www.3lo.walbrzych.pl\\\/wordpress\\\/\",\"logo\":{\"@type\":\"ImageObject\",\"inLanguage\":\"pl-PL\",\"@id\":\"https:\\\/\\\/www.3lo.walbrzych.pl\\\/wordpress\\\/#\\\/schema\\\/logo\\\/image\\\/\",\"url\":\"https:\\\/\\\/www.3lo.walbrzych.pl\\\/wordpress\\\/wp-content\\\/uploads\\\/2025\\\/09\\\/logo-szkoly-scaled.jpg\",\"contentUrl\":\"https:\\\/\\\/www.3lo.walbrzych.pl\\\/wordpress\\\/wp-content\\\/uploads\\\/2025\\\/09\\\/logo-szkoly-scaled.jpg\",\"width\":2560,\"height\":914,\"caption\":\"III Liceum Og\u00f3lnokszta\u0142c\u0105ce im. Miko\u0142aja Kopernika\"},\"image\":{\"@id\":\"https:\\\/\\\/www.3lo.walbrzych.pl\\\/wordpress\\\/#\\\/schema\\\/logo\\\/image\\\/\"}},{\"@type\":\"Person\",\"@id\":\"https:\\\/\\\/www.3lo.walbrzych.pl\\\/wordpress\\\/#\\\/schema\\\/person\\\/a5a3335dddd08a52fc05f69d575fd448\",\"name\":\"Tomasz Smejlis\",\"url\":\"https:\\\/\\\/www.3lo.walbrzych.pl\\\/wordpress\\\/author\\\/tfox\\\/\"}]}<\/script>\n<!-- \/ Yoast SEO plugin. -->","yoast_head_json":{"title":"Du\u017cy czyta Ma\u0142emu \u2026 - III Liceum Og\u00f3lnokszta\u0142c\u0105ce im. Miko\u0142aja Kopernika","robots":{"index":"index","follow":"follow","max-snippet":"max-snippet:-1","max-image-preview":"max-image-preview:large","max-video-preview":"max-video-preview:-1"},"canonical":"https:\/\/www.3lo.walbrzych.pl\/wordpress\/duzy-czyta-malemu-3\/","og_locale":"pl_PL","og_type":"article","og_title":"Du\u017cy czyta Ma\u0142emu \u2026 - III Liceum Og\u00f3lnokszta\u0142c\u0105ce im. Miko\u0142aja Kopernika","og_description":"\u00a015 listopada b.r. rozpocz\u0119li\u015bmy kolejny cykl wyjazdowych spotka\u0144 do PSP nr 5 im B. Malinowskiego w Boguszowie-Gorcach. Po trzech latach naszej wsp\u00f3\u0142pracy w ramach zaj\u0119\u0107 czytelniczych dla najm\u0142odszych, ponownie naszymi beneficjentami s\u0105 dzieci z dw\u00f3ch klas pierwszych rzeczonej szko\u0142y. Uczennice z klasy 4a: W. Rotman, M. Zaborowska i K. Sok\u00f3\u0142, pod bacznym okiem p. prof. [&hellip;]","og_url":"https:\/\/www.3lo.walbrzych.pl\/wordpress\/duzy-czyta-malemu-3\/","og_site_name":"III Liceum Og\u00f3lnokszta\u0142c\u0105ce im. Miko\u0142aja Kopernika","article_published_time":"2024-12-02T06:55:46+00:00","article_modified_time":"2024-12-02T06:55:47+00:00","og_image":[{"width":2000,"height":1501,"url":"https:\/\/www.3lo.walbrzych.pl\/wordpress\/wp-content\/uploads\/2024\/12\/IMG_2752.jpg","type":"image\/jpeg"}],"author":"Tomasz Smejlis","twitter_card":"summary_large_image","twitter_misc":{"Napisane przez":"Tomasz Smejlis","Szacowany czas czytania":"1 minuta"},"schema":{"@context":"https:\/\/schema.org","@graph":[{"@type":"Article","@id":"https:\/\/www.3lo.walbrzych.pl\/wordpress\/duzy-czyta-malemu-3\/#article","isPartOf":{"@id":"https:\/\/www.3lo.walbrzych.pl\/wordpress\/duzy-czyta-malemu-3\/"},"author":{"name":"Tomasz Smejlis","@id":"https:\/\/www.3lo.walbrzych.pl\/wordpress\/#\/schema\/person\/a5a3335dddd08a52fc05f69d575fd448"},"headline":"Du\u017cy czyta Ma\u0142emu \u2026","datePublished":"2024-12-02T06:55:46+00:00","dateModified":"2024-12-02T06:55:47+00:00","mainEntityOfPage":{"@id":"https:\/\/www.3lo.walbrzych.pl\/wordpress\/duzy-czyta-malemu-3\/"},"wordCount":213,"publisher":{"@id":"https:\/\/www.3lo.walbrzych.pl\/wordpress\/#organization"},"image":{"@id":"https:\/\/www.3lo.walbrzych.pl\/wordpress\/duzy-czyta-malemu-3\/#primaryimage"},"thumbnailUrl":"https:\/\/www.3lo.walbrzych.pl\/wordpress\/wp-content\/uploads\/2024\/12\/IMG_2752.jpg","articleSection":["Aktualno\u015bci"],"inLanguage":"pl-PL"},{"@type":"WebPage","@id":"https:\/\/www.3lo.walbrzych.pl\/wordpress\/duzy-czyta-malemu-3\/","url":"https:\/\/www.3lo.walbrzych.pl\/wordpress\/duzy-czyta-malemu-3\/","name":"Du\u017cy czyta Ma\u0142emu \u2026 - III Liceum Og\u00f3lnokszta\u0142c\u0105ce im. Miko\u0142aja Kopernika","isPartOf":{"@id":"https:\/\/www.3lo.walbrzych.pl\/wordpress\/#website"},"primaryImageOfPage":{"@id":"https:\/\/www.3lo.walbrzych.pl\/wordpress\/duzy-czyta-malemu-3\/#primaryimage"},"image":{"@id":"https:\/\/www.3lo.walbrzych.pl\/wordpress\/duzy-czyta-malemu-3\/#primaryimage"},"thumbnailUrl":"https:\/\/www.3lo.walbrzych.pl\/wordpress\/wp-content\/uploads\/2024\/12\/IMG_2752.jpg","datePublished":"2024-12-02T06:55:46+00:00","dateModified":"2024-12-02T06:55:47+00:00","breadcrumb":{"@id":"https:\/\/www.3lo.walbrzych.pl\/wordpress\/duzy-czyta-malemu-3\/#breadcrumb"},"inLanguage":"pl-PL","potentialAction":[{"@type":"ReadAction","target":["https:\/\/www.3lo.walbrzych.pl\/wordpress\/duzy-czyta-malemu-3\/"]}]},{"@type":"ImageObject","inLanguage":"pl-PL","@id":"https:\/\/www.3lo.walbrzych.pl\/wordpress\/duzy-czyta-malemu-3\/#primaryimage","url":"https:\/\/www.3lo.walbrzych.pl\/wordpress\/wp-content\/uploads\/2024\/12\/IMG_2752.jpg","contentUrl":"https:\/\/www.3lo.walbrzych.pl\/wordpress\/wp-content\/uploads\/2024\/12\/IMG_2752.jpg","width":2000,"height":1501},{"@type":"BreadcrumbList","@id":"https:\/\/www.3lo.walbrzych.pl\/wordpress\/duzy-czyta-malemu-3\/#breadcrumb","itemListElement":[{"@type":"ListItem","position":1,"name":"Strona g\u0142\u00f3wna","item":"https:\/\/www.3lo.walbrzych.pl\/wordpress\/"},{"@type":"ListItem","position":2,"name":"Du\u017cy czyta Ma\u0142emu \u2026"}]},{"@type":"WebSite","@id":"https:\/\/www.3lo.walbrzych.pl\/wordpress\/#website","url":"https:\/\/www.3lo.walbrzych.pl\/wordpress\/","name":"III Liceum Og\u00f3lnokszta\u0142c\u0105ce im. Miko\u0142aja Kopernika","description":"","publisher":{"@id":"https:\/\/www.3lo.walbrzych.pl\/wordpress\/#organization"},"potentialAction":[{"@type":"SearchAction","target":{"@type":"EntryPoint","urlTemplate":"https:\/\/www.3lo.walbrzych.pl\/wordpress\/?s={search_term_string}"},"query-input":{"@type":"PropertyValueSpecification","valueRequired":true,"valueName":"search_term_string"}}],"inLanguage":"pl-PL"},{"@type":"Organization","@id":"https:\/\/www.3lo.walbrzych.pl\/wordpress\/#organization","name":"III Liceum Og\u00f3lnokszta\u0142c\u0105ce im. Miko\u0142aja Kopernika","url":"https:\/\/www.3lo.walbrzych.pl\/wordpress\/","logo":{"@type":"ImageObject","inLanguage":"pl-PL","@id":"https:\/\/www.3lo.walbrzych.pl\/wordpress\/#\/schema\/logo\/image\/","url":"https:\/\/www.3lo.walbrzych.pl\/wordpress\/wp-content\/uploads\/2025\/09\/logo-szkoly-scaled.jpg","contentUrl":"https:\/\/www.3lo.walbrzych.pl\/wordpress\/wp-content\/uploads\/2025\/09\/logo-szkoly-scaled.jpg","width":2560,"height":914,"caption":"III Liceum Og\u00f3lnokszta\u0142c\u0105ce im. Miko\u0142aja Kopernika"},"image":{"@id":"https:\/\/www.3lo.walbrzych.pl\/wordpress\/#\/schema\/logo\/image\/"}},{"@type":"Person","@id":"https:\/\/www.3lo.walbrzych.pl\/wordpress\/#\/schema\/person\/a5a3335dddd08a52fc05f69d575fd448","name":"Tomasz Smejlis","url":"https:\/\/www.3lo.walbrzych.pl\/wordpress\/author\/tfox\/"}]}},"_links":{"self":[{"href":"https:\/\/www.3lo.walbrzych.pl\/wordpress\/wp-json\/wp\/v2\/posts\/8058","targetHints":{"allow":["GET"]}}],"collection":[{"href":"https:\/\/www.3lo.walbrzych.pl\/wordpress\/wp-json\/wp\/v2\/posts"}],"about":[{"href":"https:\/\/www.3lo.walbrzych.pl\/wordpress\/wp-json\/wp\/v2\/types\/post"}],"author":[{"embeddable":true,"href":"https:\/\/www.3lo.walbrzych.pl\/wordpress\/wp-json\/wp\/v2\/users\/4"}],"replies":[{"embeddable":true,"href":"https:\/\/www.3lo.walbrzych.pl\/wordpress\/wp-json\/wp\/v2\/comments?post=8058"}],"version-history":[{"count":1,"href":"https:\/\/www.3lo.walbrzych.pl\/wordpress\/wp-json\/wp\/v2\/posts\/8058\/revisions"}],"predecessor-version":[{"id":8062,"href":"https:\/\/www.3lo.walbrzych.pl\/wordpress\/wp-json\/wp\/v2\/posts\/8058\/revisions\/8062"}],"wp:featuredmedia":[{"embeddable":true,"href":"https:\/\/www.3lo.walbrzych.pl\/wordpress\/wp-json\/wp\/v2\/media\/8059"}],"wp:attachment":[{"href":"https:\/\/www.3lo.walbrzych.pl\/wordpress\/wp-json\/wp\/v2\/media?parent=8058"}],"wp:term":[{"taxonomy":"category","embeddable":true,"href":"https:\/\/www.3lo.walbrzych.pl\/wordpress\/wp-json\/wp\/v2\/categories?post=8058"},{"taxonomy":"post_tag","embeddable":true,"href":"https:\/\/www.3lo.walbrzych.pl\/wordpress\/wp-json\/wp\/v2\/tags?post=8058"}],"curies":[{"name":"wp","href":"https:\/\/api.w.org\/{rel}","templated":true}]}}