{"id":8063,"date":"2024-11-25T07:56:00","date_gmt":"2024-11-25T06:56:00","guid":{"rendered":"https:\/\/www.3lo.walbrzych.pl\/wordpress\/?p=8063"},"modified":"2024-12-02T07:59:27","modified_gmt":"2024-12-02T06:59:27","slug":"kosmiczne-zabawy-z-katedra-wf-2","status":"publish","type":"post","link":"https:\/\/www.3lo.walbrzych.pl\/wordpress\/kosmiczne-zabawy-z-katedra-wf-2\/","title":{"rendered":"\u201eKosmiczne Zabawy\u201d z Katedr\u0105 WF"},"content":{"rendered":"\n<p class=\"wp-block-paragraph\">21 pa\u017adziernika 2024r. KATEDRA WF zorganizowa\u0142a w ramach tegorocznych KOPERNIKALI\u00d3W \u201eKosmiczne Zabawy\u201d dla grupy przedszkolak\u00f3w z Zespo\u0142u Szkolno-Przedszkolnego nr 1 w Wa\u0142brzychu.\u00a0 Tegoroczne spotkanie z maluchami przebiega\u0142o w \u201enowej ods\u0142onie\u201d, kt\u00f3rej my\u015bl\u0105 przewodni\u0105 by\u0142a posta\u0107 naszego patrona Miko\u0142aja Kopernika. Do wsp\u00f3\u0142pracy zaanga\u017cowali\u015bmy tym razem nasze uczennice z klas trzecich, z klasy 3a: A. Gawry\u015b, A. Zabadeusz, W. Szczebak i M. Czyszpak oraz z klasy 3e: W. Buka\u0142\u0119, A. Syn\u00f3wk\u0119, L. Krasick\u0105 i J. Walczy\u0144sk\u0105, kt\u00f3re w powierzonej im nowej roli doskonale si\u0119 odnalaz\u0142y.<\/p>\n\n\n\n<figure class=\"wp-block-image size-large\"><a href=\"https:\/\/www.3lo.walbrzych.pl\/wordpress\/wp-content\/uploads\/2024\/12\/FOTO-004.jpg\"><img loading=\"lazy\" decoding=\"async\" width=\"1024\" height=\"724\" src=\"https:\/\/www.3lo.walbrzych.pl\/wordpress\/wp-content\/uploads\/2024\/12\/FOTO-004-1024x724.jpg\" alt=\"\" class=\"wp-image-8065\" srcset=\"https:\/\/www.3lo.walbrzych.pl\/wordpress\/wp-content\/uploads\/2024\/12\/FOTO-004-1024x724.jpg 1024w, https:\/\/www.3lo.walbrzych.pl\/wordpress\/wp-content\/uploads\/2024\/12\/FOTO-004-300x212.jpg 300w, https:\/\/www.3lo.walbrzych.pl\/wordpress\/wp-content\/uploads\/2024\/12\/FOTO-004-768x543.jpg 768w, https:\/\/www.3lo.walbrzych.pl\/wordpress\/wp-content\/uploads\/2024\/12\/FOTO-004-1536x1086.jpg 1536w, https:\/\/www.3lo.walbrzych.pl\/wordpress\/wp-content\/uploads\/2024\/12\/FOTO-004.jpg 2000w\" sizes=\"auto, (max-width: 1024px) 100vw, 1024px\" \/><\/a><\/figure>\n\n\n\n<p class=\"wp-block-paragraph\">\u00a0\u201eRybki\u201d i \u201eKosmiczne Misie\u201d, bo takie nazwy przybra\u0142y przedszkolaki na czas tej imprezy, wsp\u00f3lnie ze swoimi starszymi kole\u017cankami uczy\u0142y si\u0119 wierszy o Koperniku, uk\u0142ada\u0142y rozsypank\u0119 obrazkow\u0105 z wizerunkiem naszego patrona, kt\u00f3r\u0105 p\u00f3\u017aniej wsp\u00f3lnie z niebywa\u0142\u0105 dba\u0142o\u015bci\u0105 przykleja\u0142y i weso\u0142o bawi\u0142y si\u0119 podczas konkurencji ruchowych, kt\u00f3re przeprowadzali dla nich nauczyciele z KATEDRY WF.<\/p>\n\n\n\n<figure class=\"wp-block-image size-large\"><a href=\"https:\/\/www.3lo.walbrzych.pl\/wordpress\/wp-content\/uploads\/2024\/12\/FOTO-003.jpg\"><img loading=\"lazy\" decoding=\"async\" width=\"1024\" height=\"724\" src=\"https:\/\/www.3lo.walbrzych.pl\/wordpress\/wp-content\/uploads\/2024\/12\/FOTO-003-1024x724.jpg\" alt=\"\" class=\"wp-image-8067\" srcset=\"https:\/\/www.3lo.walbrzych.pl\/wordpress\/wp-content\/uploads\/2024\/12\/FOTO-003-1024x724.jpg 1024w, https:\/\/www.3lo.walbrzych.pl\/wordpress\/wp-content\/uploads\/2024\/12\/FOTO-003-300x212.jpg 300w, https:\/\/www.3lo.walbrzych.pl\/wordpress\/wp-content\/uploads\/2024\/12\/FOTO-003-768x543.jpg 768w, https:\/\/www.3lo.walbrzych.pl\/wordpress\/wp-content\/uploads\/2024\/12\/FOTO-003-1536x1086.jpg 1536w, https:\/\/www.3lo.walbrzych.pl\/wordpress\/wp-content\/uploads\/2024\/12\/FOTO-003.jpg 2000w\" sizes=\"auto, (max-width: 1024px) 100vw, 1024px\" \/><\/a><\/figure>\n\n\n\n<p class=\"wp-block-paragraph\">Dzieci ch\u0119tnie, z rado\u015bci\u0105, niekiedy nawet z przej\u0119ciem wykonywa\u0142y ka\u017cde przygotowane dla nich kosmiczne zadanie, czerpi\u0105c z niego spontaniczn\u0105 rado\u015b\u0107 i zadowolenie. Okres wsp\u00f3lnej weso\u0142ej zabawy szybko min\u0105\u0142 i przyszed\u0142 czas na prezentacj\u0119 wierszy. Ze swoimi starszymi kole\u017cankami \u201eRybki\u201d zaprezentowa\u0142y wiersz \u201ePatron Miko\u0142aj Kopernik\u201d, a grupa \u201eKosmiczne Misie\u201d wiersz \u201eWielki Kopernik\u201d.<\/p>\n\n\n\n<p class=\"wp-block-paragraph\">Na zako\u0144czenie grupa uczennic z klasy 1a przenios\u0142a zaproszonych m\u0142odych go\u015bci w przestrze\u0144 kosmiczn\u0105 prezentuj\u0105c im przedstawienie o Miko\u0142aju Koperniku, kt\u00f3re przygotowa\u0142y pod opiek\u0105 Pani prof. M. Sielenzak. Kosmiczn\u0105 atmosfer\u0119 przedstawienia podkre\u015bla\u0142y przygotowane na t\u0105 okoliczno\u015b\u0107 elementy dekoracji oraz wykonane z rozmys\u0142em i kreatywno\u015bci\u0105 wyj\u0105tkowe stroje m\u0142odych aktorek.<\/p>\n\n\n\n<figure class=\"wp-block-image size-large\"><a href=\"https:\/\/www.3lo.walbrzych.pl\/wordpress\/wp-content\/uploads\/2024\/12\/FOTO-065.jpg\"><img loading=\"lazy\" decoding=\"async\" width=\"1024\" height=\"769\" src=\"https:\/\/www.3lo.walbrzych.pl\/wordpress\/wp-content\/uploads\/2024\/12\/FOTO-065-1024x769.jpg\" alt=\"\" class=\"wp-image-8068\" srcset=\"https:\/\/www.3lo.walbrzych.pl\/wordpress\/wp-content\/uploads\/2024\/12\/FOTO-065-1024x769.jpg 1024w, https:\/\/www.3lo.walbrzych.pl\/wordpress\/wp-content\/uploads\/2024\/12\/FOTO-065-300x225.jpg 300w, https:\/\/www.3lo.walbrzych.pl\/wordpress\/wp-content\/uploads\/2024\/12\/FOTO-065-768x576.jpg 768w, https:\/\/www.3lo.walbrzych.pl\/wordpress\/wp-content\/uploads\/2024\/12\/FOTO-065-1536x1153.jpg 1536w, https:\/\/www.3lo.walbrzych.pl\/wordpress\/wp-content\/uploads\/2024\/12\/FOTO-065.jpg 2000w\" sizes=\"auto, (max-width: 1024px) 100vw, 1024px\" \/><\/a><\/figure>\n\n\n\n<p class=\"wp-block-paragraph\">Jak co roku podsumowaniem \u201eKOSMICZNYCH ZABAW\u201d by\u0142o wr\u0119czenie przez Pani\u0105 wicedyrektor Katarzyn\u0119 Danych dla jej uczestnik\u00f3w pami\u0105tkowych kosmicznych medali, dyplom\u00f3w i drobnych upomink\u00f3w.<\/p>\n","protected":false},"excerpt":{"rendered":"<p>21 pa\u017adziernika 2024r. KATEDRA WF zorganizowa\u0142a w ramach tegorocznych KOPERNIKALI\u00d3W \u201eKosmiczne Zabawy\u201d dla grupy przedszkolak\u00f3w z Zespo\u0142u Szkolno-Przedszkolnego nr 1 w Wa\u0142brzychu.\u00a0 Tegoroczne spotkanie z maluchami przebiega\u0142o w \u201enowej ods\u0142onie\u201d, kt\u00f3rej my\u015bl\u0105 przewodni\u0105 by\u0142a posta\u0107 naszego patrona Miko\u0142aja Kopernika. Do wsp\u00f3\u0142pracy zaanga\u017cowali\u015bmy tym razem nasze uczennice z klas trzecich, z klasy 3a: A. Gawry\u015b, A. [&hellip;]<\/p>\n","protected":false},"author":4,"featured_media":8064,"comment_status":"closed","ping_status":"closed","sticky":false,"template":"","format":"standard","meta":{"footnotes":""},"categories":[19,26],"tags":[],"class_list":["post-8063","post","type-post","status-publish","format-standard","has-post-thumbnail","hentry","category-aktualnosci","category-kopernikalia"],"yoast_head":"<!-- This site is optimized with the Yoast SEO plugin v28.4 - https:\/\/yoast.com\/product\/yoast-seo-wordpress\/ -->\n<title>\u201eKosmiczne Zabawy\u201d z Katedr\u0105 WF - III Liceum Og\u00f3lnokszta\u0142c\u0105ce im. Miko\u0142aja Kopernika<\/title>\n<meta name=\"robots\" content=\"index, follow, max-snippet:-1, max-image-preview:large, max-video-preview:-1\" \/>\n<link rel=\"canonical\" href=\"https:\/\/www.3lo.walbrzych.pl\/wordpress\/kosmiczne-zabawy-z-katedra-wf-2\/\" \/>\n<meta property=\"og:locale\" content=\"pl_PL\" \/>\n<meta property=\"og:type\" content=\"article\" \/>\n<meta property=\"og:title\" content=\"\u201eKosmiczne Zabawy\u201d z Katedr\u0105 WF - III Liceum Og\u00f3lnokszta\u0142c\u0105ce im. Miko\u0142aja Kopernika\" \/>\n<meta property=\"og:description\" content=\"21 pa\u017adziernika 2024r. KATEDRA WF zorganizowa\u0142a w ramach tegorocznych KOPERNIKALI\u00d3W \u201eKosmiczne Zabawy\u201d dla grupy przedszkolak\u00f3w z Zespo\u0142u Szkolno-Przedszkolnego nr 1 w Wa\u0142brzychu.\u00a0 Tegoroczne spotkanie z maluchami przebiega\u0142o w \u201enowej ods\u0142onie\u201d, kt\u00f3rej my\u015bl\u0105 przewodni\u0105 by\u0142a posta\u0107 naszego patrona Miko\u0142aja Kopernika. Do wsp\u00f3\u0142pracy zaanga\u017cowali\u015bmy tym razem nasze uczennice z klas trzecich, z klasy 3a: A. Gawry\u015b, A. [&hellip;]\" \/>\n<meta property=\"og:url\" content=\"https:\/\/www.3lo.walbrzych.pl\/wordpress\/kosmiczne-zabawy-z-katedra-wf-2\/\" \/>\n<meta property=\"og:site_name\" content=\"III Liceum Og\u00f3lnokszta\u0142c\u0105ce im. Miko\u0142aja Kopernika\" \/>\n<meta property=\"article:published_time\" content=\"2024-11-25T06:56:00+00:00\" \/>\n<meta property=\"article:modified_time\" content=\"2024-12-02T06:59:27+00:00\" \/>\n<meta property=\"og:image\" content=\"https:\/\/www.3lo.walbrzych.pl\/wordpress\/wp-content\/uploads\/2024\/12\/FOTO-116.jpg\" \/>\n\t<meta property=\"og:image:width\" content=\"2000\" \/>\n\t<meta property=\"og:image:height\" content=\"1501\" \/>\n\t<meta property=\"og:image:type\" content=\"image\/jpeg\" \/>\n<meta name=\"author\" content=\"Tomasz Smejlis\" \/>\n<meta name=\"twitter:card\" content=\"summary_large_image\" \/>\n<meta name=\"twitter:label1\" content=\"Napisane przez\" \/>\n\t<meta name=\"twitter:data1\" content=\"Tomasz Smejlis\" \/>\n\t<meta name=\"twitter:label2\" content=\"Szacowany czas czytania\" \/>\n\t<meta name=\"twitter:data2\" content=\"2 minuty\" \/>\n<script type=\"application\/ld+json\" class=\"yoast-schema-graph\">{\"@context\":\"https:\\\/\\\/schema.org\",\"@graph\":[{\"@type\":\"Article\",\"@id\":\"https:\\\/\\\/www.3lo.walbrzych.pl\\\/wordpress\\\/kosmiczne-zabawy-z-katedra-wf-2\\\/#article\",\"isPartOf\":{\"@id\":\"https:\\\/\\\/www.3lo.walbrzych.pl\\\/wordpress\\\/kosmiczne-zabawy-z-katedra-wf-2\\\/\"},\"author\":{\"name\":\"Tomasz Smejlis\",\"@id\":\"https:\\\/\\\/www.3lo.walbrzych.pl\\\/wordpress\\\/#\\\/schema\\\/person\\\/a5a3335dddd08a52fc05f69d575fd448\"},\"headline\":\"\u201eKosmiczne Zabawy\u201d z Katedr\u0105 WF\",\"datePublished\":\"2024-11-25T06:56:00+00:00\",\"dateModified\":\"2024-12-02T06:59:27+00:00\",\"mainEntityOfPage\":{\"@id\":\"https:\\\/\\\/www.3lo.walbrzych.pl\\\/wordpress\\\/kosmiczne-zabawy-z-katedra-wf-2\\\/\"},\"wordCount\":325,\"publisher\":{\"@id\":\"https:\\\/\\\/www.3lo.walbrzych.pl\\\/wordpress\\\/#organization\"},\"image\":{\"@id\":\"https:\\\/\\\/www.3lo.walbrzych.pl\\\/wordpress\\\/kosmiczne-zabawy-z-katedra-wf-2\\\/#primaryimage\"},\"thumbnailUrl\":\"https:\\\/\\\/www.3lo.walbrzych.pl\\\/wordpress\\\/wp-content\\\/uploads\\\/2024\\\/12\\\/FOTO-116.jpg\",\"articleSection\":[\"Aktualno\u015bci\",\"Kopernikalia\"],\"inLanguage\":\"pl-PL\"},{\"@type\":\"WebPage\",\"@id\":\"https:\\\/\\\/www.3lo.walbrzych.pl\\\/wordpress\\\/kosmiczne-zabawy-z-katedra-wf-2\\\/\",\"url\":\"https:\\\/\\\/www.3lo.walbrzych.pl\\\/wordpress\\\/kosmiczne-zabawy-z-katedra-wf-2\\\/\",\"name\":\"\u201eKosmiczne Zabawy\u201d z Katedr\u0105 WF - III Liceum Og\u00f3lnokszta\u0142c\u0105ce im. Miko\u0142aja Kopernika\",\"isPartOf\":{\"@id\":\"https:\\\/\\\/www.3lo.walbrzych.pl\\\/wordpress\\\/#website\"},\"primaryImageOfPage\":{\"@id\":\"https:\\\/\\\/www.3lo.walbrzych.pl\\\/wordpress\\\/kosmiczne-zabawy-z-katedra-wf-2\\\/#primaryimage\"},\"image\":{\"@id\":\"https:\\\/\\\/www.3lo.walbrzych.pl\\\/wordpress\\\/kosmiczne-zabawy-z-katedra-wf-2\\\/#primaryimage\"},\"thumbnailUrl\":\"https:\\\/\\\/www.3lo.walbrzych.pl\\\/wordpress\\\/wp-content\\\/uploads\\\/2024\\\/12\\\/FOTO-116.jpg\",\"datePublished\":\"2024-11-25T06:56:00+00:00\",\"dateModified\":\"2024-12-02T06:59:27+00:00\",\"breadcrumb\":{\"@id\":\"https:\\\/\\\/www.3lo.walbrzych.pl\\\/wordpress\\\/kosmiczne-zabawy-z-katedra-wf-2\\\/#breadcrumb\"},\"inLanguage\":\"pl-PL\",\"potentialAction\":[{\"@type\":\"ReadAction\",\"target\":[\"https:\\\/\\\/www.3lo.walbrzych.pl\\\/wordpress\\\/kosmiczne-zabawy-z-katedra-wf-2\\\/\"]}]},{\"@type\":\"ImageObject\",\"inLanguage\":\"pl-PL\",\"@id\":\"https:\\\/\\\/www.3lo.walbrzych.pl\\\/wordpress\\\/kosmiczne-zabawy-z-katedra-wf-2\\\/#primaryimage\",\"url\":\"https:\\\/\\\/www.3lo.walbrzych.pl\\\/wordpress\\\/wp-content\\\/uploads\\\/2024\\\/12\\\/FOTO-116.jpg\",\"contentUrl\":\"https:\\\/\\\/www.3lo.walbrzych.pl\\\/wordpress\\\/wp-content\\\/uploads\\\/2024\\\/12\\\/FOTO-116.jpg\",\"width\":2000,\"height\":1501},{\"@type\":\"BreadcrumbList\",\"@id\":\"https:\\\/\\\/www.3lo.walbrzych.pl\\\/wordpress\\\/kosmiczne-zabawy-z-katedra-wf-2\\\/#breadcrumb\",\"itemListElement\":[{\"@type\":\"ListItem\",\"position\":1,\"name\":\"Strona g\u0142\u00f3wna\",\"item\":\"https:\\\/\\\/www.3lo.walbrzych.pl\\\/wordpress\\\/\"},{\"@type\":\"ListItem\",\"position\":2,\"name\":\"\u201eKosmiczne Zabawy\u201d z Katedr\u0105 WF\"}]},{\"@type\":\"WebSite\",\"@id\":\"https:\\\/\\\/www.3lo.walbrzych.pl\\\/wordpress\\\/#website\",\"url\":\"https:\\\/\\\/www.3lo.walbrzych.pl\\\/wordpress\\\/\",\"name\":\"III Liceum Og\u00f3lnokszta\u0142c\u0105ce im. Miko\u0142aja Kopernika\",\"description\":\"\",\"publisher\":{\"@id\":\"https:\\\/\\\/www.3lo.walbrzych.pl\\\/wordpress\\\/#organization\"},\"potentialAction\":[{\"@type\":\"SearchAction\",\"target\":{\"@type\":\"EntryPoint\",\"urlTemplate\":\"https:\\\/\\\/www.3lo.walbrzych.pl\\\/wordpress\\\/?s={search_term_string}\"},\"query-input\":{\"@type\":\"PropertyValueSpecification\",\"valueRequired\":true,\"valueName\":\"search_term_string\"}}],\"inLanguage\":\"pl-PL\"},{\"@type\":\"Organization\",\"@id\":\"https:\\\/\\\/www.3lo.walbrzych.pl\\\/wordpress\\\/#organization\",\"name\":\"III Liceum Og\u00f3lnokszta\u0142c\u0105ce im. Miko\u0142aja Kopernika\",\"url\":\"https:\\\/\\\/www.3lo.walbrzych.pl\\\/wordpress\\\/\",\"logo\":{\"@type\":\"ImageObject\",\"inLanguage\":\"pl-PL\",\"@id\":\"https:\\\/\\\/www.3lo.walbrzych.pl\\\/wordpress\\\/#\\\/schema\\\/logo\\\/image\\\/\",\"url\":\"https:\\\/\\\/www.3lo.walbrzych.pl\\\/wordpress\\\/wp-content\\\/uploads\\\/2025\\\/09\\\/logo-szkoly-scaled.jpg\",\"contentUrl\":\"https:\\\/\\\/www.3lo.walbrzych.pl\\\/wordpress\\\/wp-content\\\/uploads\\\/2025\\\/09\\\/logo-szkoly-scaled.jpg\",\"width\":2560,\"height\":914,\"caption\":\"III Liceum Og\u00f3lnokszta\u0142c\u0105ce im. Miko\u0142aja Kopernika\"},\"image\":{\"@id\":\"https:\\\/\\\/www.3lo.walbrzych.pl\\\/wordpress\\\/#\\\/schema\\\/logo\\\/image\\\/\"}},{\"@type\":\"Person\",\"@id\":\"https:\\\/\\\/www.3lo.walbrzych.pl\\\/wordpress\\\/#\\\/schema\\\/person\\\/a5a3335dddd08a52fc05f69d575fd448\",\"name\":\"Tomasz Smejlis\",\"url\":\"https:\\\/\\\/www.3lo.walbrzych.pl\\\/wordpress\\\/author\\\/tfox\\\/\"}]}<\/script>\n<!-- \/ Yoast SEO plugin. -->","yoast_head_json":{"title":"\u201eKosmiczne Zabawy\u201d z Katedr\u0105 WF - III Liceum Og\u00f3lnokszta\u0142c\u0105ce im. Miko\u0142aja Kopernika","robots":{"index":"index","follow":"follow","max-snippet":"max-snippet:-1","max-image-preview":"max-image-preview:large","max-video-preview":"max-video-preview:-1"},"canonical":"https:\/\/www.3lo.walbrzych.pl\/wordpress\/kosmiczne-zabawy-z-katedra-wf-2\/","og_locale":"pl_PL","og_type":"article","og_title":"\u201eKosmiczne Zabawy\u201d z Katedr\u0105 WF - III Liceum Og\u00f3lnokszta\u0142c\u0105ce im. Miko\u0142aja Kopernika","og_description":"21 pa\u017adziernika 2024r. KATEDRA WF zorganizowa\u0142a w ramach tegorocznych KOPERNIKALI\u00d3W \u201eKosmiczne Zabawy\u201d dla grupy przedszkolak\u00f3w z Zespo\u0142u Szkolno-Przedszkolnego nr 1 w Wa\u0142brzychu.\u00a0 Tegoroczne spotkanie z maluchami przebiega\u0142o w \u201enowej ods\u0142onie\u201d, kt\u00f3rej my\u015bl\u0105 przewodni\u0105 by\u0142a posta\u0107 naszego patrona Miko\u0142aja Kopernika. Do wsp\u00f3\u0142pracy zaanga\u017cowali\u015bmy tym razem nasze uczennice z klas trzecich, z klasy 3a: A. Gawry\u015b, A. [&hellip;]","og_url":"https:\/\/www.3lo.walbrzych.pl\/wordpress\/kosmiczne-zabawy-z-katedra-wf-2\/","og_site_name":"III Liceum Og\u00f3lnokszta\u0142c\u0105ce im. Miko\u0142aja Kopernika","article_published_time":"2024-11-25T06:56:00+00:00","article_modified_time":"2024-12-02T06:59:27+00:00","og_image":[{"width":2000,"height":1501,"url":"https:\/\/www.3lo.walbrzych.pl\/wordpress\/wp-content\/uploads\/2024\/12\/FOTO-116.jpg","type":"image\/jpeg"}],"author":"Tomasz Smejlis","twitter_card":"summary_large_image","twitter_misc":{"Napisane przez":"Tomasz Smejlis","Szacowany czas czytania":"2 minuty"},"schema":{"@context":"https:\/\/schema.org","@graph":[{"@type":"Article","@id":"https:\/\/www.3lo.walbrzych.pl\/wordpress\/kosmiczne-zabawy-z-katedra-wf-2\/#article","isPartOf":{"@id":"https:\/\/www.3lo.walbrzych.pl\/wordpress\/kosmiczne-zabawy-z-katedra-wf-2\/"},"author":{"name":"Tomasz Smejlis","@id":"https:\/\/www.3lo.walbrzych.pl\/wordpress\/#\/schema\/person\/a5a3335dddd08a52fc05f69d575fd448"},"headline":"\u201eKosmiczne Zabawy\u201d z Katedr\u0105 WF","datePublished":"2024-11-25T06:56:00+00:00","dateModified":"2024-12-02T06:59:27+00:00","mainEntityOfPage":{"@id":"https:\/\/www.3lo.walbrzych.pl\/wordpress\/kosmiczne-zabawy-z-katedra-wf-2\/"},"wordCount":325,"publisher":{"@id":"https:\/\/www.3lo.walbrzych.pl\/wordpress\/#organization"},"image":{"@id":"https:\/\/www.3lo.walbrzych.pl\/wordpress\/kosmiczne-zabawy-z-katedra-wf-2\/#primaryimage"},"thumbnailUrl":"https:\/\/www.3lo.walbrzych.pl\/wordpress\/wp-content\/uploads\/2024\/12\/FOTO-116.jpg","articleSection":["Aktualno\u015bci","Kopernikalia"],"inLanguage":"pl-PL"},{"@type":"WebPage","@id":"https:\/\/www.3lo.walbrzych.pl\/wordpress\/kosmiczne-zabawy-z-katedra-wf-2\/","url":"https:\/\/www.3lo.walbrzych.pl\/wordpress\/kosmiczne-zabawy-z-katedra-wf-2\/","name":"\u201eKosmiczne Zabawy\u201d z Katedr\u0105 WF - III Liceum Og\u00f3lnokszta\u0142c\u0105ce im. Miko\u0142aja Kopernika","isPartOf":{"@id":"https:\/\/www.3lo.walbrzych.pl\/wordpress\/#website"},"primaryImageOfPage":{"@id":"https:\/\/www.3lo.walbrzych.pl\/wordpress\/kosmiczne-zabawy-z-katedra-wf-2\/#primaryimage"},"image":{"@id":"https:\/\/www.3lo.walbrzych.pl\/wordpress\/kosmiczne-zabawy-z-katedra-wf-2\/#primaryimage"},"thumbnailUrl":"https:\/\/www.3lo.walbrzych.pl\/wordpress\/wp-content\/uploads\/2024\/12\/FOTO-116.jpg","datePublished":"2024-11-25T06:56:00+00:00","dateModified":"2024-12-02T06:59:27+00:00","breadcrumb":{"@id":"https:\/\/www.3lo.walbrzych.pl\/wordpress\/kosmiczne-zabawy-z-katedra-wf-2\/#breadcrumb"},"inLanguage":"pl-PL","potentialAction":[{"@type":"ReadAction","target":["https:\/\/www.3lo.walbrzych.pl\/wordpress\/kosmiczne-zabawy-z-katedra-wf-2\/"]}]},{"@type":"ImageObject","inLanguage":"pl-PL","@id":"https:\/\/www.3lo.walbrzych.pl\/wordpress\/kosmiczne-zabawy-z-katedra-wf-2\/#primaryimage","url":"https:\/\/www.3lo.walbrzych.pl\/wordpress\/wp-content\/uploads\/2024\/12\/FOTO-116.jpg","contentUrl":"https:\/\/www.3lo.walbrzych.pl\/wordpress\/wp-content\/uploads\/2024\/12\/FOTO-116.jpg","width":2000,"height":1501},{"@type":"BreadcrumbList","@id":"https:\/\/www.3lo.walbrzych.pl\/wordpress\/kosmiczne-zabawy-z-katedra-wf-2\/#breadcrumb","itemListElement":[{"@type":"ListItem","position":1,"name":"Strona g\u0142\u00f3wna","item":"https:\/\/www.3lo.walbrzych.pl\/wordpress\/"},{"@type":"ListItem","position":2,"name":"\u201eKosmiczne Zabawy\u201d z Katedr\u0105 WF"}]},{"@type":"WebSite","@id":"https:\/\/www.3lo.walbrzych.pl\/wordpress\/#website","url":"https:\/\/www.3lo.walbrzych.pl\/wordpress\/","name":"III Liceum Og\u00f3lnokszta\u0142c\u0105ce im. Miko\u0142aja Kopernika","description":"","publisher":{"@id":"https:\/\/www.3lo.walbrzych.pl\/wordpress\/#organization"},"potentialAction":[{"@type":"SearchAction","target":{"@type":"EntryPoint","urlTemplate":"https:\/\/www.3lo.walbrzych.pl\/wordpress\/?s={search_term_string}"},"query-input":{"@type":"PropertyValueSpecification","valueRequired":true,"valueName":"search_term_string"}}],"inLanguage":"pl-PL"},{"@type":"Organization","@id":"https:\/\/www.3lo.walbrzych.pl\/wordpress\/#organization","name":"III Liceum Og\u00f3lnokszta\u0142c\u0105ce im. Miko\u0142aja Kopernika","url":"https:\/\/www.3lo.walbrzych.pl\/wordpress\/","logo":{"@type":"ImageObject","inLanguage":"pl-PL","@id":"https:\/\/www.3lo.walbrzych.pl\/wordpress\/#\/schema\/logo\/image\/","url":"https:\/\/www.3lo.walbrzych.pl\/wordpress\/wp-content\/uploads\/2025\/09\/logo-szkoly-scaled.jpg","contentUrl":"https:\/\/www.3lo.walbrzych.pl\/wordpress\/wp-content\/uploads\/2025\/09\/logo-szkoly-scaled.jpg","width":2560,"height":914,"caption":"III Liceum Og\u00f3lnokszta\u0142c\u0105ce im. Miko\u0142aja Kopernika"},"image":{"@id":"https:\/\/www.3lo.walbrzych.pl\/wordpress\/#\/schema\/logo\/image\/"}},{"@type":"Person","@id":"https:\/\/www.3lo.walbrzych.pl\/wordpress\/#\/schema\/person\/a5a3335dddd08a52fc05f69d575fd448","name":"Tomasz Smejlis","url":"https:\/\/www.3lo.walbrzych.pl\/wordpress\/author\/tfox\/"}]}},"_links":{"self":[{"href":"https:\/\/www.3lo.walbrzych.pl\/wordpress\/wp-json\/wp\/v2\/posts\/8063","targetHints":{"allow":["GET"]}}],"collection":[{"href":"https:\/\/www.3lo.walbrzych.pl\/wordpress\/wp-json\/wp\/v2\/posts"}],"about":[{"href":"https:\/\/www.3lo.walbrzych.pl\/wordpress\/wp-json\/wp\/v2\/types\/post"}],"author":[{"embeddable":true,"href":"https:\/\/www.3lo.walbrzych.pl\/wordpress\/wp-json\/wp\/v2\/users\/4"}],"replies":[{"embeddable":true,"href":"https:\/\/www.3lo.walbrzych.pl\/wordpress\/wp-json\/wp\/v2\/comments?post=8063"}],"version-history":[{"count":1,"href":"https:\/\/www.3lo.walbrzych.pl\/wordpress\/wp-json\/wp\/v2\/posts\/8063\/revisions"}],"predecessor-version":[{"id":8069,"href":"https:\/\/www.3lo.walbrzych.pl\/wordpress\/wp-json\/wp\/v2\/posts\/8063\/revisions\/8069"}],"wp:featuredmedia":[{"embeddable":true,"href":"https:\/\/www.3lo.walbrzych.pl\/wordpress\/wp-json\/wp\/v2\/media\/8064"}],"wp:attachment":[{"href":"https:\/\/www.3lo.walbrzych.pl\/wordpress\/wp-json\/wp\/v2\/media?parent=8063"}],"wp:term":[{"taxonomy":"category","embeddable":true,"href":"https:\/\/www.3lo.walbrzych.pl\/wordpress\/wp-json\/wp\/v2\/categories?post=8063"},{"taxonomy":"post_tag","embeddable":true,"href":"https:\/\/www.3lo.walbrzych.pl\/wordpress\/wp-json\/wp\/v2\/tags?post=8063"}],"curies":[{"name":"wp","href":"https:\/\/api.w.org\/{rel}","templated":true}]}}