{"id":8103,"date":"2024-12-15T09:30:17","date_gmt":"2024-12-15T08:30:17","guid":{"rendered":"https:\/\/www.3lo.walbrzych.pl\/wordpress\/?p=8103"},"modified":"2025-01-03T09:34:18","modified_gmt":"2025-01-03T08:34:18","slug":"list-otwarty-z-biblioteki","status":"publish","type":"post","link":"https:\/\/www.3lo.walbrzych.pl\/wordpress\/list-otwarty-z-biblioteki\/","title":{"rendered":"List otwarty z biblioteki"},"content":{"rendered":"\n<p class=\"wp-block-paragraph\">Szanowni Rodzice<\/p>\n\n\n\n<p class=\"wp-block-paragraph\">Jedn\u0105 z g\u0142\u00f3wnych trosk o nasze dzieci, uczni\u00f3w jest ich przysz\u0142o\u015b\u0107.&nbsp; Edukacja jest sprawdzonym sposobem na zbudowanie bezpiecznej i stabilnej przysz\u0142o\u015bci. W procesie kszta\u0142cenia ogromn\u0105 rol\u0119 odgrywa czytanie. Obok umiej\u0119tno\u015bci pos\u0142ugiwania si\u0119 technologiami, poruszania si\u0119 w cyfrowym \u015bwiecie, czytanie ze zrozumieniem&nbsp; jest elementem dobrego wykszta\u0142cenia wsp\u00f3\u0142czesnego cz\u0142owieka. Ksi\u0105\u017cki wspieraj\u0105 proces edukacji na ka\u017cdym jej etapie. Zar\u00f3wno dzieci, jak i dorastaj\u0105ca m\u0142odzie\u017c potrzebuj\u0105 naszego wsparcia w kszta\u0142towaniu nawyku si\u0119gania po ksi\u0105\u017ck\u0119. Jest on swoistym procesem i zmienia si\u0119 wraz z wiekiem. Im ucze\u0144 jest starszy, tym trudniejsze teksty pojawiaj\u0105 si\u0119 w jego biblioteczce, operuje bogatszym s\u0142ownictwem, si\u0119ga po r\u00f3\u017cnorakie \u017ar\u00f3d\u0142a informacji.<\/p>\n\n\n\n<p class=\"wp-block-paragraph\">Odpowiednio dobrana ksi\u0105\u017cka nie tylko towarzyszy edukacji, ale mo\u017ce r\u00f3wnie\u017c wspom\u00f3c trudny okres dorastania, w kt\u00f3rym istotn\u0105 kwesti\u0119 odgrywa kszta\u0142towanie si\u0119 to\u017csamo\u015bci. Literatura pomaga w odnalezieniu swojego miejsca w spo\u0142ecze\u0144stwie i otaczaj\u0105cej rzeczywisto\u015bci.<\/p>\n\n\n\n<p class=\"wp-block-paragraph\">Czytanie powinno by\u0107 wa\u017cne i przyjemne, by jednak tak si\u0119 sta\u0142o potrzebny jest doros\u0142y, kt\u00f3ry rozbudzi w m\u0142odych ludziach t\u0119 potrzeb\u0119, zainspiruje ich do czytania. Ju\u017c sam fakt obecno\u015bci ksi\u0105\u017cki w domu stwarza atmosfer\u0119 sprzyjaj\u0105c\u0105 czytaniu, a gromadzenie w\u0142asnych ksi\u0105\u017cek &nbsp;jest przejawem ukszta\u0142towania zainteresowa\u0144 czytelniczych.<\/p>\n\n\n\n<p class=\"wp-block-paragraph\">Z czytania p\u0142ynie wiele korzy\u015bci:<\/p>\n\n\n\n<ul class=\"wp-block-list\">\n<li>czytanie kszta\u0142tuje pami\u0119\u0107 i koncentracj\u0119,<\/li>\n\n\n\n<li>czytanie rozwija wyobra\u017ani\u0119,<\/li>\n\n\n\n<li>czytanie utrwala zasady gramatyki, ortografii i interpunkcji,<\/li>\n\n\n\n<li>czytanie &nbsp;zwi\u0119ksza zdolno\u015bci analityczne,<\/li>\n\n\n\n<li>czytanie odpr\u0119\u017ca,<\/li>\n\n\n\n<li>czytanie &nbsp;uczy cierpliwo\u015bci.<\/li>\n<\/ul>\n\n\n\n<p class=\"wp-block-paragraph\">III LO w Wa\u0142brzychu otrzyma\u0142o dofinansowanie z \u201eNarodowego Programu Rozwoju Czytelnictwa 2.0 na lata 2021-2025\u201d. Dzi\u0119ki temu w naszej bibliotece szkolnej przyby\u0142o warto\u015bciowych pozycji. Wsp\u00f3lnie stw\u00f3rzmy mod\u0119 na czytanie.<\/p>\n\n\n\n<p class=\"wp-block-paragraph\">Z pozdrowieniami nauczyciel bibliotekarz<\/p>\n\n\n\n<p class=\"wp-block-paragraph\">\u0141ucja Jarosz-Osojca<\/p>\n","protected":false},"excerpt":{"rendered":"<p>Szanowni Rodzice Jedn\u0105 z g\u0142\u00f3wnych trosk o nasze dzieci, uczni\u00f3w jest ich przysz\u0142o\u015b\u0107.&nbsp; Edukacja jest sprawdzonym sposobem na zbudowanie bezpiecznej i stabilnej przysz\u0142o\u015bci. W procesie kszta\u0142cenia ogromn\u0105 rol\u0119 odgrywa czytanie. Obok umiej\u0119tno\u015bci pos\u0142ugiwania si\u0119 technologiami, poruszania si\u0119 w cyfrowym \u015bwiecie, czytanie ze zrozumieniem&nbsp; jest elementem dobrego wykszta\u0142cenia wsp\u00f3\u0142czesnego cz\u0142owieka. Ksi\u0105\u017cki wspieraj\u0105 proces edukacji na ka\u017cdym [&hellip;]<\/p>\n","protected":false},"author":4,"featured_media":7009,"comment_status":"closed","ping_status":"closed","sticky":false,"template":"","format":"standard","meta":{"footnotes":""},"categories":[19],"tags":[],"class_list":["post-8103","post","type-post","status-publish","format-standard","has-post-thumbnail","hentry","category-aktualnosci"],"yoast_head":"<!-- This site is optimized with the Yoast SEO plugin v28.4 - https:\/\/yoast.com\/product\/yoast-seo-wordpress\/ -->\n<title>List otwarty z biblioteki - III Liceum Og\u00f3lnokszta\u0142c\u0105ce im. Miko\u0142aja Kopernika<\/title>\n<meta name=\"robots\" content=\"index, follow, max-snippet:-1, max-image-preview:large, max-video-preview:-1\" \/>\n<link rel=\"canonical\" href=\"https:\/\/www.3lo.walbrzych.pl\/wordpress\/list-otwarty-z-biblioteki\/\" \/>\n<meta property=\"og:locale\" content=\"pl_PL\" \/>\n<meta property=\"og:type\" content=\"article\" \/>\n<meta property=\"og:title\" content=\"List otwarty z biblioteki - III Liceum Og\u00f3lnokszta\u0142c\u0105ce im. Miko\u0142aja Kopernika\" \/>\n<meta property=\"og:description\" content=\"Szanowni Rodzice Jedn\u0105 z g\u0142\u00f3wnych trosk o nasze dzieci, uczni\u00f3w jest ich przysz\u0142o\u015b\u0107.&nbsp; Edukacja jest sprawdzonym sposobem na zbudowanie bezpiecznej i stabilnej przysz\u0142o\u015bci. W procesie kszta\u0142cenia ogromn\u0105 rol\u0119 odgrywa czytanie. Obok umiej\u0119tno\u015bci pos\u0142ugiwania si\u0119 technologiami, poruszania si\u0119 w cyfrowym \u015bwiecie, czytanie ze zrozumieniem&nbsp; jest elementem dobrego wykszta\u0142cenia wsp\u00f3\u0142czesnego cz\u0142owieka. Ksi\u0105\u017cki wspieraj\u0105 proces edukacji na ka\u017cdym [&hellip;]\" \/>\n<meta property=\"og:url\" content=\"https:\/\/www.3lo.walbrzych.pl\/wordpress\/list-otwarty-z-biblioteki\/\" \/>\n<meta property=\"og:site_name\" content=\"III Liceum Og\u00f3lnokszta\u0142c\u0105ce im. Miko\u0142aja Kopernika\" \/>\n<meta property=\"article:published_time\" content=\"2024-12-15T08:30:17+00:00\" \/>\n<meta property=\"article:modified_time\" content=\"2025-01-03T08:34:18+00:00\" \/>\n<meta property=\"og:image\" content=\"https:\/\/www.3lo.walbrzych.pl\/wordpress\/wp-content\/uploads\/2023\/08\/FB_IMG_1661683499052.jpg\" \/>\n\t<meta property=\"og:image:width\" content=\"720\" \/>\n\t<meta property=\"og:image:height\" content=\"418\" \/>\n\t<meta property=\"og:image:type\" content=\"image\/jpeg\" \/>\n<meta name=\"author\" content=\"Tomasz Smejlis\" \/>\n<meta name=\"twitter:card\" content=\"summary_large_image\" \/>\n<meta name=\"twitter:label1\" content=\"Napisane przez\" \/>\n\t<meta name=\"twitter:data1\" content=\"Tomasz Smejlis\" \/>\n\t<meta name=\"twitter:label2\" content=\"Szacowany czas czytania\" \/>\n\t<meta name=\"twitter:data2\" content=\"2 minuty\" \/>\n<script type=\"application\/ld+json\" class=\"yoast-schema-graph\">{\"@context\":\"https:\\\/\\\/schema.org\",\"@graph\":[{\"@type\":\"Article\",\"@id\":\"https:\\\/\\\/www.3lo.walbrzych.pl\\\/wordpress\\\/list-otwarty-z-biblioteki\\\/#article\",\"isPartOf\":{\"@id\":\"https:\\\/\\\/www.3lo.walbrzych.pl\\\/wordpress\\\/list-otwarty-z-biblioteki\\\/\"},\"author\":{\"name\":\"Tomasz Smejlis\",\"@id\":\"https:\\\/\\\/www.3lo.walbrzych.pl\\\/wordpress\\\/#\\\/schema\\\/person\\\/a5a3335dddd08a52fc05f69d575fd448\"},\"headline\":\"List otwarty z biblioteki\",\"datePublished\":\"2024-12-15T08:30:17+00:00\",\"dateModified\":\"2025-01-03T08:34:18+00:00\",\"mainEntityOfPage\":{\"@id\":\"https:\\\/\\\/www.3lo.walbrzych.pl\\\/wordpress\\\/list-otwarty-z-biblioteki\\\/\"},\"wordCount\":315,\"publisher\":{\"@id\":\"https:\\\/\\\/www.3lo.walbrzych.pl\\\/wordpress\\\/#organization\"},\"image\":{\"@id\":\"https:\\\/\\\/www.3lo.walbrzych.pl\\\/wordpress\\\/list-otwarty-z-biblioteki\\\/#primaryimage\"},\"thumbnailUrl\":\"https:\\\/\\\/www.3lo.walbrzych.pl\\\/wordpress\\\/wp-content\\\/uploads\\\/2023\\\/08\\\/FB_IMG_1661683499052.jpg\",\"articleSection\":[\"Aktualno\u015bci\"],\"inLanguage\":\"pl-PL\"},{\"@type\":\"WebPage\",\"@id\":\"https:\\\/\\\/www.3lo.walbrzych.pl\\\/wordpress\\\/list-otwarty-z-biblioteki\\\/\",\"url\":\"https:\\\/\\\/www.3lo.walbrzych.pl\\\/wordpress\\\/list-otwarty-z-biblioteki\\\/\",\"name\":\"List otwarty z biblioteki - III Liceum Og\u00f3lnokszta\u0142c\u0105ce im. Miko\u0142aja Kopernika\",\"isPartOf\":{\"@id\":\"https:\\\/\\\/www.3lo.walbrzych.pl\\\/wordpress\\\/#website\"},\"primaryImageOfPage\":{\"@id\":\"https:\\\/\\\/www.3lo.walbrzych.pl\\\/wordpress\\\/list-otwarty-z-biblioteki\\\/#primaryimage\"},\"image\":{\"@id\":\"https:\\\/\\\/www.3lo.walbrzych.pl\\\/wordpress\\\/list-otwarty-z-biblioteki\\\/#primaryimage\"},\"thumbnailUrl\":\"https:\\\/\\\/www.3lo.walbrzych.pl\\\/wordpress\\\/wp-content\\\/uploads\\\/2023\\\/08\\\/FB_IMG_1661683499052.jpg\",\"datePublished\":\"2024-12-15T08:30:17+00:00\",\"dateModified\":\"2025-01-03T08:34:18+00:00\",\"breadcrumb\":{\"@id\":\"https:\\\/\\\/www.3lo.walbrzych.pl\\\/wordpress\\\/list-otwarty-z-biblioteki\\\/#breadcrumb\"},\"inLanguage\":\"pl-PL\",\"potentialAction\":[{\"@type\":\"ReadAction\",\"target\":[\"https:\\\/\\\/www.3lo.walbrzych.pl\\\/wordpress\\\/list-otwarty-z-biblioteki\\\/\"]}]},{\"@type\":\"ImageObject\",\"inLanguage\":\"pl-PL\",\"@id\":\"https:\\\/\\\/www.3lo.walbrzych.pl\\\/wordpress\\\/list-otwarty-z-biblioteki\\\/#primaryimage\",\"url\":\"https:\\\/\\\/www.3lo.walbrzych.pl\\\/wordpress\\\/wp-content\\\/uploads\\\/2023\\\/08\\\/FB_IMG_1661683499052.jpg\",\"contentUrl\":\"https:\\\/\\\/www.3lo.walbrzych.pl\\\/wordpress\\\/wp-content\\\/uploads\\\/2023\\\/08\\\/FB_IMG_1661683499052.jpg\",\"width\":720,\"height\":418},{\"@type\":\"BreadcrumbList\",\"@id\":\"https:\\\/\\\/www.3lo.walbrzych.pl\\\/wordpress\\\/list-otwarty-z-biblioteki\\\/#breadcrumb\",\"itemListElement\":[{\"@type\":\"ListItem\",\"position\":1,\"name\":\"Strona g\u0142\u00f3wna\",\"item\":\"https:\\\/\\\/www.3lo.walbrzych.pl\\\/wordpress\\\/\"},{\"@type\":\"ListItem\",\"position\":2,\"name\":\"List otwarty z biblioteki\"}]},{\"@type\":\"WebSite\",\"@id\":\"https:\\\/\\\/www.3lo.walbrzych.pl\\\/wordpress\\\/#website\",\"url\":\"https:\\\/\\\/www.3lo.walbrzych.pl\\\/wordpress\\\/\",\"name\":\"III Liceum Og\u00f3lnokszta\u0142c\u0105ce im. Miko\u0142aja Kopernika\",\"description\":\"\",\"publisher\":{\"@id\":\"https:\\\/\\\/www.3lo.walbrzych.pl\\\/wordpress\\\/#organization\"},\"potentialAction\":[{\"@type\":\"SearchAction\",\"target\":{\"@type\":\"EntryPoint\",\"urlTemplate\":\"https:\\\/\\\/www.3lo.walbrzych.pl\\\/wordpress\\\/?s={search_term_string}\"},\"query-input\":{\"@type\":\"PropertyValueSpecification\",\"valueRequired\":true,\"valueName\":\"search_term_string\"}}],\"inLanguage\":\"pl-PL\"},{\"@type\":\"Organization\",\"@id\":\"https:\\\/\\\/www.3lo.walbrzych.pl\\\/wordpress\\\/#organization\",\"name\":\"III Liceum Og\u00f3lnokszta\u0142c\u0105ce im. Miko\u0142aja Kopernika\",\"url\":\"https:\\\/\\\/www.3lo.walbrzych.pl\\\/wordpress\\\/\",\"logo\":{\"@type\":\"ImageObject\",\"inLanguage\":\"pl-PL\",\"@id\":\"https:\\\/\\\/www.3lo.walbrzych.pl\\\/wordpress\\\/#\\\/schema\\\/logo\\\/image\\\/\",\"url\":\"https:\\\/\\\/www.3lo.walbrzych.pl\\\/wordpress\\\/wp-content\\\/uploads\\\/2025\\\/09\\\/logo-szkoly-scaled.jpg\",\"contentUrl\":\"https:\\\/\\\/www.3lo.walbrzych.pl\\\/wordpress\\\/wp-content\\\/uploads\\\/2025\\\/09\\\/logo-szkoly-scaled.jpg\",\"width\":2560,\"height\":914,\"caption\":\"III Liceum Og\u00f3lnokszta\u0142c\u0105ce im. Miko\u0142aja Kopernika\"},\"image\":{\"@id\":\"https:\\\/\\\/www.3lo.walbrzych.pl\\\/wordpress\\\/#\\\/schema\\\/logo\\\/image\\\/\"}},{\"@type\":\"Person\",\"@id\":\"https:\\\/\\\/www.3lo.walbrzych.pl\\\/wordpress\\\/#\\\/schema\\\/person\\\/a5a3335dddd08a52fc05f69d575fd448\",\"name\":\"Tomasz Smejlis\",\"url\":\"https:\\\/\\\/www.3lo.walbrzych.pl\\\/wordpress\\\/author\\\/tfox\\\/\"}]}<\/script>\n<!-- \/ Yoast SEO plugin. -->","yoast_head_json":{"title":"List otwarty z biblioteki - III Liceum Og\u00f3lnokszta\u0142c\u0105ce im. Miko\u0142aja Kopernika","robots":{"index":"index","follow":"follow","max-snippet":"max-snippet:-1","max-image-preview":"max-image-preview:large","max-video-preview":"max-video-preview:-1"},"canonical":"https:\/\/www.3lo.walbrzych.pl\/wordpress\/list-otwarty-z-biblioteki\/","og_locale":"pl_PL","og_type":"article","og_title":"List otwarty z biblioteki - III Liceum Og\u00f3lnokszta\u0142c\u0105ce im. Miko\u0142aja Kopernika","og_description":"Szanowni Rodzice Jedn\u0105 z g\u0142\u00f3wnych trosk o nasze dzieci, uczni\u00f3w jest ich przysz\u0142o\u015b\u0107.&nbsp; Edukacja jest sprawdzonym sposobem na zbudowanie bezpiecznej i stabilnej przysz\u0142o\u015bci. W procesie kszta\u0142cenia ogromn\u0105 rol\u0119 odgrywa czytanie. Obok umiej\u0119tno\u015bci pos\u0142ugiwania si\u0119 technologiami, poruszania si\u0119 w cyfrowym \u015bwiecie, czytanie ze zrozumieniem&nbsp; jest elementem dobrego wykszta\u0142cenia wsp\u00f3\u0142czesnego cz\u0142owieka. Ksi\u0105\u017cki wspieraj\u0105 proces edukacji na ka\u017cdym [&hellip;]","og_url":"https:\/\/www.3lo.walbrzych.pl\/wordpress\/list-otwarty-z-biblioteki\/","og_site_name":"III Liceum Og\u00f3lnokszta\u0142c\u0105ce im. Miko\u0142aja Kopernika","article_published_time":"2024-12-15T08:30:17+00:00","article_modified_time":"2025-01-03T08:34:18+00:00","og_image":[{"width":720,"height":418,"url":"https:\/\/www.3lo.walbrzych.pl\/wordpress\/wp-content\/uploads\/2023\/08\/FB_IMG_1661683499052.jpg","type":"image\/jpeg"}],"author":"Tomasz Smejlis","twitter_card":"summary_large_image","twitter_misc":{"Napisane przez":"Tomasz Smejlis","Szacowany czas czytania":"2 minuty"},"schema":{"@context":"https:\/\/schema.org","@graph":[{"@type":"Article","@id":"https:\/\/www.3lo.walbrzych.pl\/wordpress\/list-otwarty-z-biblioteki\/#article","isPartOf":{"@id":"https:\/\/www.3lo.walbrzych.pl\/wordpress\/list-otwarty-z-biblioteki\/"},"author":{"name":"Tomasz Smejlis","@id":"https:\/\/www.3lo.walbrzych.pl\/wordpress\/#\/schema\/person\/a5a3335dddd08a52fc05f69d575fd448"},"headline":"List otwarty z biblioteki","datePublished":"2024-12-15T08:30:17+00:00","dateModified":"2025-01-03T08:34:18+00:00","mainEntityOfPage":{"@id":"https:\/\/www.3lo.walbrzych.pl\/wordpress\/list-otwarty-z-biblioteki\/"},"wordCount":315,"publisher":{"@id":"https:\/\/www.3lo.walbrzych.pl\/wordpress\/#organization"},"image":{"@id":"https:\/\/www.3lo.walbrzych.pl\/wordpress\/list-otwarty-z-biblioteki\/#primaryimage"},"thumbnailUrl":"https:\/\/www.3lo.walbrzych.pl\/wordpress\/wp-content\/uploads\/2023\/08\/FB_IMG_1661683499052.jpg","articleSection":["Aktualno\u015bci"],"inLanguage":"pl-PL"},{"@type":"WebPage","@id":"https:\/\/www.3lo.walbrzych.pl\/wordpress\/list-otwarty-z-biblioteki\/","url":"https:\/\/www.3lo.walbrzych.pl\/wordpress\/list-otwarty-z-biblioteki\/","name":"List otwarty z biblioteki - III Liceum Og\u00f3lnokszta\u0142c\u0105ce im. Miko\u0142aja Kopernika","isPartOf":{"@id":"https:\/\/www.3lo.walbrzych.pl\/wordpress\/#website"},"primaryImageOfPage":{"@id":"https:\/\/www.3lo.walbrzych.pl\/wordpress\/list-otwarty-z-biblioteki\/#primaryimage"},"image":{"@id":"https:\/\/www.3lo.walbrzych.pl\/wordpress\/list-otwarty-z-biblioteki\/#primaryimage"},"thumbnailUrl":"https:\/\/www.3lo.walbrzych.pl\/wordpress\/wp-content\/uploads\/2023\/08\/FB_IMG_1661683499052.jpg","datePublished":"2024-12-15T08:30:17+00:00","dateModified":"2025-01-03T08:34:18+00:00","breadcrumb":{"@id":"https:\/\/www.3lo.walbrzych.pl\/wordpress\/list-otwarty-z-biblioteki\/#breadcrumb"},"inLanguage":"pl-PL","potentialAction":[{"@type":"ReadAction","target":["https:\/\/www.3lo.walbrzych.pl\/wordpress\/list-otwarty-z-biblioteki\/"]}]},{"@type":"ImageObject","inLanguage":"pl-PL","@id":"https:\/\/www.3lo.walbrzych.pl\/wordpress\/list-otwarty-z-biblioteki\/#primaryimage","url":"https:\/\/www.3lo.walbrzych.pl\/wordpress\/wp-content\/uploads\/2023\/08\/FB_IMG_1661683499052.jpg","contentUrl":"https:\/\/www.3lo.walbrzych.pl\/wordpress\/wp-content\/uploads\/2023\/08\/FB_IMG_1661683499052.jpg","width":720,"height":418},{"@type":"BreadcrumbList","@id":"https:\/\/www.3lo.walbrzych.pl\/wordpress\/list-otwarty-z-biblioteki\/#breadcrumb","itemListElement":[{"@type":"ListItem","position":1,"name":"Strona g\u0142\u00f3wna","item":"https:\/\/www.3lo.walbrzych.pl\/wordpress\/"},{"@type":"ListItem","position":2,"name":"List otwarty z biblioteki"}]},{"@type":"WebSite","@id":"https:\/\/www.3lo.walbrzych.pl\/wordpress\/#website","url":"https:\/\/www.3lo.walbrzych.pl\/wordpress\/","name":"III Liceum Og\u00f3lnokszta\u0142c\u0105ce im. Miko\u0142aja Kopernika","description":"","publisher":{"@id":"https:\/\/www.3lo.walbrzych.pl\/wordpress\/#organization"},"potentialAction":[{"@type":"SearchAction","target":{"@type":"EntryPoint","urlTemplate":"https:\/\/www.3lo.walbrzych.pl\/wordpress\/?s={search_term_string}"},"query-input":{"@type":"PropertyValueSpecification","valueRequired":true,"valueName":"search_term_string"}}],"inLanguage":"pl-PL"},{"@type":"Organization","@id":"https:\/\/www.3lo.walbrzych.pl\/wordpress\/#organization","name":"III Liceum Og\u00f3lnokszta\u0142c\u0105ce im. Miko\u0142aja Kopernika","url":"https:\/\/www.3lo.walbrzych.pl\/wordpress\/","logo":{"@type":"ImageObject","inLanguage":"pl-PL","@id":"https:\/\/www.3lo.walbrzych.pl\/wordpress\/#\/schema\/logo\/image\/","url":"https:\/\/www.3lo.walbrzych.pl\/wordpress\/wp-content\/uploads\/2025\/09\/logo-szkoly-scaled.jpg","contentUrl":"https:\/\/www.3lo.walbrzych.pl\/wordpress\/wp-content\/uploads\/2025\/09\/logo-szkoly-scaled.jpg","width":2560,"height":914,"caption":"III Liceum Og\u00f3lnokszta\u0142c\u0105ce im. Miko\u0142aja Kopernika"},"image":{"@id":"https:\/\/www.3lo.walbrzych.pl\/wordpress\/#\/schema\/logo\/image\/"}},{"@type":"Person","@id":"https:\/\/www.3lo.walbrzych.pl\/wordpress\/#\/schema\/person\/a5a3335dddd08a52fc05f69d575fd448","name":"Tomasz Smejlis","url":"https:\/\/www.3lo.walbrzych.pl\/wordpress\/author\/tfox\/"}]}},"_links":{"self":[{"href":"https:\/\/www.3lo.walbrzych.pl\/wordpress\/wp-json\/wp\/v2\/posts\/8103","targetHints":{"allow":["GET"]}}],"collection":[{"href":"https:\/\/www.3lo.walbrzych.pl\/wordpress\/wp-json\/wp\/v2\/posts"}],"about":[{"href":"https:\/\/www.3lo.walbrzych.pl\/wordpress\/wp-json\/wp\/v2\/types\/post"}],"author":[{"embeddable":true,"href":"https:\/\/www.3lo.walbrzych.pl\/wordpress\/wp-json\/wp\/v2\/users\/4"}],"replies":[{"embeddable":true,"href":"https:\/\/www.3lo.walbrzych.pl\/wordpress\/wp-json\/wp\/v2\/comments?post=8103"}],"version-history":[{"count":1,"href":"https:\/\/www.3lo.walbrzych.pl\/wordpress\/wp-json\/wp\/v2\/posts\/8103\/revisions"}],"predecessor-version":[{"id":8104,"href":"https:\/\/www.3lo.walbrzych.pl\/wordpress\/wp-json\/wp\/v2\/posts\/8103\/revisions\/8104"}],"wp:featuredmedia":[{"embeddable":true,"href":"https:\/\/www.3lo.walbrzych.pl\/wordpress\/wp-json\/wp\/v2\/media\/7009"}],"wp:attachment":[{"href":"https:\/\/www.3lo.walbrzych.pl\/wordpress\/wp-json\/wp\/v2\/media?parent=8103"}],"wp:term":[{"taxonomy":"category","embeddable":true,"href":"https:\/\/www.3lo.walbrzych.pl\/wordpress\/wp-json\/wp\/v2\/categories?post=8103"},{"taxonomy":"post_tag","embeddable":true,"href":"https:\/\/www.3lo.walbrzych.pl\/wordpress\/wp-json\/wp\/v2\/tags?post=8103"}],"curies":[{"name":"wp","href":"https:\/\/api.w.org\/{rel}","templated":true}]}}