{"id":8105,"date":"2024-12-17T09:35:49","date_gmt":"2024-12-17T08:35:49","guid":{"rendered":"https:\/\/www.3lo.walbrzych.pl\/wordpress\/?p=8105"},"modified":"2025-01-03T09:38:50","modified_gmt":"2025-01-03T08:38:50","slug":"x-szkola-na-dolnym-slasku","status":"publish","type":"post","link":"https:\/\/www.3lo.walbrzych.pl\/wordpress\/x-szkola-na-dolnym-slasku\/","title":{"rendered":"X szko\u0142a na Dolnym \u015al\u0105sku"},"content":{"rendered":"\n<p class=\"wp-block-paragraph\"><\/p>\n\n\n\n<p class=\"wp-block-paragraph\"><strong>Reprezentacja szko\u0142y w SZACHACH<\/strong> <strong>DRU\u017bYNOWYCH<\/strong> w sk\u0142adzie:<\/p>\n\n\n\n<p class=\"wp-block-paragraph\">Andrzej Juc \u2013 1 szachownica, Nikodem Krakowiak \u2013 2 szachownica,<\/p>\n\n\n\n<p class=\"wp-block-paragraph\">Kajetan Golczak \u2013 3 szachownica i Aleksandra Li\u015bkiewicz \u2013 4 szachownica<\/p>\n\n\n\n<p class=\"wp-block-paragraph\">pod opiek\u0105 p. prof. Zofii \u0141atki, 12 grudnia br. wzi\u0119\u0142a udzia\u0142 w <strong>FINALE DOLNO\u015aL\u0104SKIM<\/strong> tegorocznej LICEALIADY M\u0141ODZIE\u017bY 2024\/25 i zaj\u0119\u0142a w nim <strong>X miejsce w SZACHACH DRU\u017bYNOWYCH<\/strong> (3+1).<\/p>\n\n\n\n<p class=\"wp-block-paragraph\">Organizator Szkolny Zwi\u0105zek Sportowy, tym razem zawody przeprowadzi\u0142 w Centrum Kreatywno\u015bci Talent we Wroc\u0142awiu.<\/p>\n\n\n\n<p class=\"wp-block-paragraph\">Podczas tego turnieju, nasi reprezentanci zmierzy\u0142 si\u0119 z najlepszymi zespo\u0142ami szk\u00f3\u0142 \u015brednich z ca\u0142ego Dolnego \u015al\u0105ska. Fina\u0142 dolno\u015bl\u0105ski rozgrywano systemem \u201eszwajcarskim\u201d,&nbsp; 7 rund, tempem gry: 10 minut + 3 sekundy na posuni\u0119cie dla zawodnika.<\/p>\n\n\n\n<p class=\"wp-block-paragraph\">Wynik, kt\u00f3ry osi\u0105gn\u0119li nasi reprezentanci jest rewelacyjny i jest on najwy\u017cszy z dotychczasowych osi\u0105gni\u0119\u0107 w tej dyscyplinie dla szko\u0142y.<\/p>\n\n\n\n<p class=\"wp-block-paragraph\">Wielkie GRATULACJE dla NICH!!<\/p>\n\n\n\n<figure class=\"wp-block-image size-large\"><a href=\"https:\/\/www.3lo.walbrzych.pl\/wordpress\/wp-content\/uploads\/2025\/01\/IMG_2936.jpg\"><img loading=\"lazy\" decoding=\"async\" width=\"1024\" height=\"768\" src=\"https:\/\/www.3lo.walbrzych.pl\/wordpress\/wp-content\/uploads\/2025\/01\/IMG_2936-1024x768.jpg\" alt=\"\" class=\"wp-image-8107\" srcset=\"https:\/\/www.3lo.walbrzych.pl\/wordpress\/wp-content\/uploads\/2025\/01\/IMG_2936-1024x768.jpg 1024w, https:\/\/www.3lo.walbrzych.pl\/wordpress\/wp-content\/uploads\/2025\/01\/IMG_2936-300x225.jpg 300w, https:\/\/www.3lo.walbrzych.pl\/wordpress\/wp-content\/uploads\/2025\/01\/IMG_2936-768x576.jpg 768w, https:\/\/www.3lo.walbrzych.pl\/wordpress\/wp-content\/uploads\/2025\/01\/IMG_2936-1536x1152.jpg 1536w, https:\/\/www.3lo.walbrzych.pl\/wordpress\/wp-content\/uploads\/2025\/01\/IMG_2936.jpg 2000w\" sizes=\"auto, (max-width: 1024px) 100vw, 1024px\" \/><\/a><\/figure>\n","protected":false},"excerpt":{"rendered":"<p>Reprezentacja szko\u0142y w SZACHACH DRU\u017bYNOWYCH w sk\u0142adzie: Andrzej Juc \u2013 1 szachownica, Nikodem Krakowiak \u2013 2 szachownica, Kajetan Golczak \u2013 3 szachownica i Aleksandra Li\u015bkiewicz \u2013 4 szachownica pod opiek\u0105 p. prof. Zofii \u0141atki, 12 grudnia br. wzi\u0119\u0142a udzia\u0142 w FINALE DOLNO\u015aL\u0104SKIM tegorocznej LICEALIADY M\u0141ODZIE\u017bY 2024\/25 i zaj\u0119\u0142a w nim X miejsce w SZACHACH DRU\u017bYNOWYCH [&hellip;]<\/p>\n","protected":false},"author":4,"featured_media":8106,"comment_status":"closed","ping_status":"closed","sticky":false,"template":"","format":"standard","meta":{"footnotes":""},"categories":[19,20],"tags":[],"class_list":["post-8105","post","type-post","status-publish","format-standard","has-post-thumbnail","hentry","category-aktualnosci","category-konkursy"],"yoast_head":"<!-- This site is optimized with the Yoast SEO plugin v28.4 - https:\/\/yoast.com\/product\/yoast-seo-wordpress\/ -->\n<title>X szko\u0142a na Dolnym \u015al\u0105sku - III Liceum Og\u00f3lnokszta\u0142c\u0105ce im. Miko\u0142aja Kopernika<\/title>\n<meta name=\"robots\" content=\"index, follow, max-snippet:-1, max-image-preview:large, max-video-preview:-1\" \/>\n<link rel=\"canonical\" href=\"https:\/\/www.3lo.walbrzych.pl\/wordpress\/x-szkola-na-dolnym-slasku\/\" \/>\n<meta property=\"og:locale\" content=\"pl_PL\" \/>\n<meta property=\"og:type\" content=\"article\" \/>\n<meta property=\"og:title\" content=\"X szko\u0142a na Dolnym \u015al\u0105sku - III Liceum Og\u00f3lnokszta\u0142c\u0105ce im. Miko\u0142aja Kopernika\" \/>\n<meta property=\"og:description\" content=\"Reprezentacja szko\u0142y w SZACHACH DRU\u017bYNOWYCH w sk\u0142adzie: Andrzej Juc \u2013 1 szachownica, Nikodem Krakowiak \u2013 2 szachownica, Kajetan Golczak \u2013 3 szachownica i Aleksandra Li\u015bkiewicz \u2013 4 szachownica pod opiek\u0105 p. prof. Zofii \u0141atki, 12 grudnia br. wzi\u0119\u0142a udzia\u0142 w FINALE DOLNO\u015aL\u0104SKIM tegorocznej LICEALIADY M\u0141ODZIE\u017bY 2024\/25 i zaj\u0119\u0142a w nim X miejsce w SZACHACH DRU\u017bYNOWYCH [&hellip;]\" \/>\n<meta property=\"og:url\" content=\"https:\/\/www.3lo.walbrzych.pl\/wordpress\/x-szkola-na-dolnym-slasku\/\" \/>\n<meta property=\"og:site_name\" content=\"III Liceum Og\u00f3lnokszta\u0142c\u0105ce im. Miko\u0142aja Kopernika\" \/>\n<meta property=\"article:published_time\" content=\"2024-12-17T08:35:49+00:00\" \/>\n<meta property=\"article:modified_time\" content=\"2025-01-03T08:38:50+00:00\" \/>\n<meta property=\"og:image\" content=\"https:\/\/www.3lo.walbrzych.pl\/wordpress\/wp-content\/uploads\/2025\/01\/IMG_2971.jpg\" \/>\n\t<meta property=\"og:image:width\" content=\"2000\" \/>\n\t<meta property=\"og:image:height\" content=\"1500\" \/>\n\t<meta property=\"og:image:type\" content=\"image\/jpeg\" \/>\n<meta name=\"author\" content=\"Tomasz Smejlis\" \/>\n<meta name=\"twitter:card\" content=\"summary_large_image\" \/>\n<meta name=\"twitter:label1\" content=\"Napisane przez\" \/>\n\t<meta name=\"twitter:data1\" content=\"Tomasz Smejlis\" \/>\n\t<meta name=\"twitter:label2\" content=\"Szacowany czas czytania\" \/>\n\t<meta name=\"twitter:data2\" content=\"1 minuta\" \/>\n<script type=\"application\/ld+json\" class=\"yoast-schema-graph\">{\"@context\":\"https:\\\/\\\/schema.org\",\"@graph\":[{\"@type\":\"Article\",\"@id\":\"https:\\\/\\\/www.3lo.walbrzych.pl\\\/wordpress\\\/x-szkola-na-dolnym-slasku\\\/#article\",\"isPartOf\":{\"@id\":\"https:\\\/\\\/www.3lo.walbrzych.pl\\\/wordpress\\\/x-szkola-na-dolnym-slasku\\\/\"},\"author\":{\"name\":\"Tomasz Smejlis\",\"@id\":\"https:\\\/\\\/www.3lo.walbrzych.pl\\\/wordpress\\\/#\\\/schema\\\/person\\\/a5a3335dddd08a52fc05f69d575fd448\"},\"headline\":\"X szko\u0142a na Dolnym \u015al\u0105sku\",\"datePublished\":\"2024-12-17T08:35:49+00:00\",\"dateModified\":\"2025-01-03T08:38:50+00:00\",\"mainEntityOfPage\":{\"@id\":\"https:\\\/\\\/www.3lo.walbrzych.pl\\\/wordpress\\\/x-szkola-na-dolnym-slasku\\\/\"},\"wordCount\":146,\"publisher\":{\"@id\":\"https:\\\/\\\/www.3lo.walbrzych.pl\\\/wordpress\\\/#organization\"},\"image\":{\"@id\":\"https:\\\/\\\/www.3lo.walbrzych.pl\\\/wordpress\\\/x-szkola-na-dolnym-slasku\\\/#primaryimage\"},\"thumbnailUrl\":\"https:\\\/\\\/www.3lo.walbrzych.pl\\\/wordpress\\\/wp-content\\\/uploads\\\/2025\\\/01\\\/IMG_2971.jpg\",\"articleSection\":[\"Aktualno\u015bci\",\"Konkursy\"],\"inLanguage\":\"pl-PL\"},{\"@type\":\"WebPage\",\"@id\":\"https:\\\/\\\/www.3lo.walbrzych.pl\\\/wordpress\\\/x-szkola-na-dolnym-slasku\\\/\",\"url\":\"https:\\\/\\\/www.3lo.walbrzych.pl\\\/wordpress\\\/x-szkola-na-dolnym-slasku\\\/\",\"name\":\"X szko\u0142a na Dolnym \u015al\u0105sku - III Liceum Og\u00f3lnokszta\u0142c\u0105ce im. Miko\u0142aja Kopernika\",\"isPartOf\":{\"@id\":\"https:\\\/\\\/www.3lo.walbrzych.pl\\\/wordpress\\\/#website\"},\"primaryImageOfPage\":{\"@id\":\"https:\\\/\\\/www.3lo.walbrzych.pl\\\/wordpress\\\/x-szkola-na-dolnym-slasku\\\/#primaryimage\"},\"image\":{\"@id\":\"https:\\\/\\\/www.3lo.walbrzych.pl\\\/wordpress\\\/x-szkola-na-dolnym-slasku\\\/#primaryimage\"},\"thumbnailUrl\":\"https:\\\/\\\/www.3lo.walbrzych.pl\\\/wordpress\\\/wp-content\\\/uploads\\\/2025\\\/01\\\/IMG_2971.jpg\",\"datePublished\":\"2024-12-17T08:35:49+00:00\",\"dateModified\":\"2025-01-03T08:38:50+00:00\",\"breadcrumb\":{\"@id\":\"https:\\\/\\\/www.3lo.walbrzych.pl\\\/wordpress\\\/x-szkola-na-dolnym-slasku\\\/#breadcrumb\"},\"inLanguage\":\"pl-PL\",\"potentialAction\":[{\"@type\":\"ReadAction\",\"target\":[\"https:\\\/\\\/www.3lo.walbrzych.pl\\\/wordpress\\\/x-szkola-na-dolnym-slasku\\\/\"]}]},{\"@type\":\"ImageObject\",\"inLanguage\":\"pl-PL\",\"@id\":\"https:\\\/\\\/www.3lo.walbrzych.pl\\\/wordpress\\\/x-szkola-na-dolnym-slasku\\\/#primaryimage\",\"url\":\"https:\\\/\\\/www.3lo.walbrzych.pl\\\/wordpress\\\/wp-content\\\/uploads\\\/2025\\\/01\\\/IMG_2971.jpg\",\"contentUrl\":\"https:\\\/\\\/www.3lo.walbrzych.pl\\\/wordpress\\\/wp-content\\\/uploads\\\/2025\\\/01\\\/IMG_2971.jpg\",\"width\":2000,\"height\":1500},{\"@type\":\"BreadcrumbList\",\"@id\":\"https:\\\/\\\/www.3lo.walbrzych.pl\\\/wordpress\\\/x-szkola-na-dolnym-slasku\\\/#breadcrumb\",\"itemListElement\":[{\"@type\":\"ListItem\",\"position\":1,\"name\":\"Strona g\u0142\u00f3wna\",\"item\":\"https:\\\/\\\/www.3lo.walbrzych.pl\\\/wordpress\\\/\"},{\"@type\":\"ListItem\",\"position\":2,\"name\":\"X szko\u0142a na Dolnym \u015al\u0105sku\"}]},{\"@type\":\"WebSite\",\"@id\":\"https:\\\/\\\/www.3lo.walbrzych.pl\\\/wordpress\\\/#website\",\"url\":\"https:\\\/\\\/www.3lo.walbrzych.pl\\\/wordpress\\\/\",\"name\":\"III Liceum Og\u00f3lnokszta\u0142c\u0105ce im. Miko\u0142aja Kopernika\",\"description\":\"\",\"publisher\":{\"@id\":\"https:\\\/\\\/www.3lo.walbrzych.pl\\\/wordpress\\\/#organization\"},\"potentialAction\":[{\"@type\":\"SearchAction\",\"target\":{\"@type\":\"EntryPoint\",\"urlTemplate\":\"https:\\\/\\\/www.3lo.walbrzych.pl\\\/wordpress\\\/?s={search_term_string}\"},\"query-input\":{\"@type\":\"PropertyValueSpecification\",\"valueRequired\":true,\"valueName\":\"search_term_string\"}}],\"inLanguage\":\"pl-PL\"},{\"@type\":\"Organization\",\"@id\":\"https:\\\/\\\/www.3lo.walbrzych.pl\\\/wordpress\\\/#organization\",\"name\":\"III Liceum Og\u00f3lnokszta\u0142c\u0105ce im. Miko\u0142aja Kopernika\",\"url\":\"https:\\\/\\\/www.3lo.walbrzych.pl\\\/wordpress\\\/\",\"logo\":{\"@type\":\"ImageObject\",\"inLanguage\":\"pl-PL\",\"@id\":\"https:\\\/\\\/www.3lo.walbrzych.pl\\\/wordpress\\\/#\\\/schema\\\/logo\\\/image\\\/\",\"url\":\"https:\\\/\\\/www.3lo.walbrzych.pl\\\/wordpress\\\/wp-content\\\/uploads\\\/2025\\\/09\\\/logo-szkoly-scaled.jpg\",\"contentUrl\":\"https:\\\/\\\/www.3lo.walbrzych.pl\\\/wordpress\\\/wp-content\\\/uploads\\\/2025\\\/09\\\/logo-szkoly-scaled.jpg\",\"width\":2560,\"height\":914,\"caption\":\"III Liceum Og\u00f3lnokszta\u0142c\u0105ce im. Miko\u0142aja Kopernika\"},\"image\":{\"@id\":\"https:\\\/\\\/www.3lo.walbrzych.pl\\\/wordpress\\\/#\\\/schema\\\/logo\\\/image\\\/\"}},{\"@type\":\"Person\",\"@id\":\"https:\\\/\\\/www.3lo.walbrzych.pl\\\/wordpress\\\/#\\\/schema\\\/person\\\/a5a3335dddd08a52fc05f69d575fd448\",\"name\":\"Tomasz Smejlis\",\"url\":\"https:\\\/\\\/www.3lo.walbrzych.pl\\\/wordpress\\\/author\\\/tfox\\\/\"}]}<\/script>\n<!-- \/ Yoast SEO plugin. -->","yoast_head_json":{"title":"X szko\u0142a na Dolnym \u015al\u0105sku - III Liceum Og\u00f3lnokszta\u0142c\u0105ce im. Miko\u0142aja Kopernika","robots":{"index":"index","follow":"follow","max-snippet":"max-snippet:-1","max-image-preview":"max-image-preview:large","max-video-preview":"max-video-preview:-1"},"canonical":"https:\/\/www.3lo.walbrzych.pl\/wordpress\/x-szkola-na-dolnym-slasku\/","og_locale":"pl_PL","og_type":"article","og_title":"X szko\u0142a na Dolnym \u015al\u0105sku - III Liceum Og\u00f3lnokszta\u0142c\u0105ce im. Miko\u0142aja Kopernika","og_description":"Reprezentacja szko\u0142y w SZACHACH DRU\u017bYNOWYCH w sk\u0142adzie: Andrzej Juc \u2013 1 szachownica, Nikodem Krakowiak \u2013 2 szachownica, Kajetan Golczak \u2013 3 szachownica i Aleksandra Li\u015bkiewicz \u2013 4 szachownica pod opiek\u0105 p. prof. Zofii \u0141atki, 12 grudnia br. wzi\u0119\u0142a udzia\u0142 w FINALE DOLNO\u015aL\u0104SKIM tegorocznej LICEALIADY M\u0141ODZIE\u017bY 2024\/25 i zaj\u0119\u0142a w nim X miejsce w SZACHACH DRU\u017bYNOWYCH [&hellip;]","og_url":"https:\/\/www.3lo.walbrzych.pl\/wordpress\/x-szkola-na-dolnym-slasku\/","og_site_name":"III Liceum Og\u00f3lnokszta\u0142c\u0105ce im. Miko\u0142aja Kopernika","article_published_time":"2024-12-17T08:35:49+00:00","article_modified_time":"2025-01-03T08:38:50+00:00","og_image":[{"width":2000,"height":1500,"url":"https:\/\/www.3lo.walbrzych.pl\/wordpress\/wp-content\/uploads\/2025\/01\/IMG_2971.jpg","type":"image\/jpeg"}],"author":"Tomasz Smejlis","twitter_card":"summary_large_image","twitter_misc":{"Napisane przez":"Tomasz Smejlis","Szacowany czas czytania":"1 minuta"},"schema":{"@context":"https:\/\/schema.org","@graph":[{"@type":"Article","@id":"https:\/\/www.3lo.walbrzych.pl\/wordpress\/x-szkola-na-dolnym-slasku\/#article","isPartOf":{"@id":"https:\/\/www.3lo.walbrzych.pl\/wordpress\/x-szkola-na-dolnym-slasku\/"},"author":{"name":"Tomasz Smejlis","@id":"https:\/\/www.3lo.walbrzych.pl\/wordpress\/#\/schema\/person\/a5a3335dddd08a52fc05f69d575fd448"},"headline":"X szko\u0142a na Dolnym \u015al\u0105sku","datePublished":"2024-12-17T08:35:49+00:00","dateModified":"2025-01-03T08:38:50+00:00","mainEntityOfPage":{"@id":"https:\/\/www.3lo.walbrzych.pl\/wordpress\/x-szkola-na-dolnym-slasku\/"},"wordCount":146,"publisher":{"@id":"https:\/\/www.3lo.walbrzych.pl\/wordpress\/#organization"},"image":{"@id":"https:\/\/www.3lo.walbrzych.pl\/wordpress\/x-szkola-na-dolnym-slasku\/#primaryimage"},"thumbnailUrl":"https:\/\/www.3lo.walbrzych.pl\/wordpress\/wp-content\/uploads\/2025\/01\/IMG_2971.jpg","articleSection":["Aktualno\u015bci","Konkursy"],"inLanguage":"pl-PL"},{"@type":"WebPage","@id":"https:\/\/www.3lo.walbrzych.pl\/wordpress\/x-szkola-na-dolnym-slasku\/","url":"https:\/\/www.3lo.walbrzych.pl\/wordpress\/x-szkola-na-dolnym-slasku\/","name":"X szko\u0142a na Dolnym \u015al\u0105sku - III Liceum Og\u00f3lnokszta\u0142c\u0105ce im. Miko\u0142aja Kopernika","isPartOf":{"@id":"https:\/\/www.3lo.walbrzych.pl\/wordpress\/#website"},"primaryImageOfPage":{"@id":"https:\/\/www.3lo.walbrzych.pl\/wordpress\/x-szkola-na-dolnym-slasku\/#primaryimage"},"image":{"@id":"https:\/\/www.3lo.walbrzych.pl\/wordpress\/x-szkola-na-dolnym-slasku\/#primaryimage"},"thumbnailUrl":"https:\/\/www.3lo.walbrzych.pl\/wordpress\/wp-content\/uploads\/2025\/01\/IMG_2971.jpg","datePublished":"2024-12-17T08:35:49+00:00","dateModified":"2025-01-03T08:38:50+00:00","breadcrumb":{"@id":"https:\/\/www.3lo.walbrzych.pl\/wordpress\/x-szkola-na-dolnym-slasku\/#breadcrumb"},"inLanguage":"pl-PL","potentialAction":[{"@type":"ReadAction","target":["https:\/\/www.3lo.walbrzych.pl\/wordpress\/x-szkola-na-dolnym-slasku\/"]}]},{"@type":"ImageObject","inLanguage":"pl-PL","@id":"https:\/\/www.3lo.walbrzych.pl\/wordpress\/x-szkola-na-dolnym-slasku\/#primaryimage","url":"https:\/\/www.3lo.walbrzych.pl\/wordpress\/wp-content\/uploads\/2025\/01\/IMG_2971.jpg","contentUrl":"https:\/\/www.3lo.walbrzych.pl\/wordpress\/wp-content\/uploads\/2025\/01\/IMG_2971.jpg","width":2000,"height":1500},{"@type":"BreadcrumbList","@id":"https:\/\/www.3lo.walbrzych.pl\/wordpress\/x-szkola-na-dolnym-slasku\/#breadcrumb","itemListElement":[{"@type":"ListItem","position":1,"name":"Strona g\u0142\u00f3wna","item":"https:\/\/www.3lo.walbrzych.pl\/wordpress\/"},{"@type":"ListItem","position":2,"name":"X szko\u0142a na Dolnym \u015al\u0105sku"}]},{"@type":"WebSite","@id":"https:\/\/www.3lo.walbrzych.pl\/wordpress\/#website","url":"https:\/\/www.3lo.walbrzych.pl\/wordpress\/","name":"III Liceum Og\u00f3lnokszta\u0142c\u0105ce im. Miko\u0142aja Kopernika","description":"","publisher":{"@id":"https:\/\/www.3lo.walbrzych.pl\/wordpress\/#organization"},"potentialAction":[{"@type":"SearchAction","target":{"@type":"EntryPoint","urlTemplate":"https:\/\/www.3lo.walbrzych.pl\/wordpress\/?s={search_term_string}"},"query-input":{"@type":"PropertyValueSpecification","valueRequired":true,"valueName":"search_term_string"}}],"inLanguage":"pl-PL"},{"@type":"Organization","@id":"https:\/\/www.3lo.walbrzych.pl\/wordpress\/#organization","name":"III Liceum Og\u00f3lnokszta\u0142c\u0105ce im. Miko\u0142aja Kopernika","url":"https:\/\/www.3lo.walbrzych.pl\/wordpress\/","logo":{"@type":"ImageObject","inLanguage":"pl-PL","@id":"https:\/\/www.3lo.walbrzych.pl\/wordpress\/#\/schema\/logo\/image\/","url":"https:\/\/www.3lo.walbrzych.pl\/wordpress\/wp-content\/uploads\/2025\/09\/logo-szkoly-scaled.jpg","contentUrl":"https:\/\/www.3lo.walbrzych.pl\/wordpress\/wp-content\/uploads\/2025\/09\/logo-szkoly-scaled.jpg","width":2560,"height":914,"caption":"III Liceum Og\u00f3lnokszta\u0142c\u0105ce im. Miko\u0142aja Kopernika"},"image":{"@id":"https:\/\/www.3lo.walbrzych.pl\/wordpress\/#\/schema\/logo\/image\/"}},{"@type":"Person","@id":"https:\/\/www.3lo.walbrzych.pl\/wordpress\/#\/schema\/person\/a5a3335dddd08a52fc05f69d575fd448","name":"Tomasz Smejlis","url":"https:\/\/www.3lo.walbrzych.pl\/wordpress\/author\/tfox\/"}]}},"_links":{"self":[{"href":"https:\/\/www.3lo.walbrzych.pl\/wordpress\/wp-json\/wp\/v2\/posts\/8105","targetHints":{"allow":["GET"]}}],"collection":[{"href":"https:\/\/www.3lo.walbrzych.pl\/wordpress\/wp-json\/wp\/v2\/posts"}],"about":[{"href":"https:\/\/www.3lo.walbrzych.pl\/wordpress\/wp-json\/wp\/v2\/types\/post"}],"author":[{"embeddable":true,"href":"https:\/\/www.3lo.walbrzych.pl\/wordpress\/wp-json\/wp\/v2\/users\/4"}],"replies":[{"embeddable":true,"href":"https:\/\/www.3lo.walbrzych.pl\/wordpress\/wp-json\/wp\/v2\/comments?post=8105"}],"version-history":[{"count":1,"href":"https:\/\/www.3lo.walbrzych.pl\/wordpress\/wp-json\/wp\/v2\/posts\/8105\/revisions"}],"predecessor-version":[{"id":8108,"href":"https:\/\/www.3lo.walbrzych.pl\/wordpress\/wp-json\/wp\/v2\/posts\/8105\/revisions\/8108"}],"wp:featuredmedia":[{"embeddable":true,"href":"https:\/\/www.3lo.walbrzych.pl\/wordpress\/wp-json\/wp\/v2\/media\/8106"}],"wp:attachment":[{"href":"https:\/\/www.3lo.walbrzych.pl\/wordpress\/wp-json\/wp\/v2\/media?parent=8105"}],"wp:term":[{"taxonomy":"category","embeddable":true,"href":"https:\/\/www.3lo.walbrzych.pl\/wordpress\/wp-json\/wp\/v2\/categories?post=8105"},{"taxonomy":"post_tag","embeddable":true,"href":"https:\/\/www.3lo.walbrzych.pl\/wordpress\/wp-json\/wp\/v2\/tags?post=8105"}],"curies":[{"name":"wp","href":"https:\/\/api.w.org\/{rel}","templated":true}]}}