{"id":8115,"date":"2025-01-08T22:00:46","date_gmt":"2025-01-08T21:00:46","guid":{"rendered":"https:\/\/www.3lo.walbrzych.pl\/wordpress\/?p=8115"},"modified":"2025-01-08T22:00:49","modified_gmt":"2025-01-08T21:00:49","slug":"festiwal-tradycji-gorniczych-barborka-2024","status":"publish","type":"post","link":"https:\/\/www.3lo.walbrzych.pl\/wordpress\/festiwal-tradycji-gorniczych-barborka-2024\/","title":{"rendered":"Festiwal Tradycji G\u00f3rniczych Barb\u00f3rka 2024"},"content":{"rendered":"\n<p class=\"wp-block-paragraph\">8 stycznia na terenie Centrum Nauki, Kultury i Sztuki-STARA KOPALNIA , w Sali Multimedialnej, odby\u0142o si\u0119 spotkanie podsumowuj\u0105ce- Festiwal Tradycji G\u00f3rniczych Barb\u00f3rka 2024.<br>Jeszcze raz pragn\u0119 PODZI\u0118KOWA\u0106 wolontariuszkom:<br>KAROLINIE, MAI, LENIE, JOWICIE, kt\u00f3re zaanga\u017cowa\u0142y si\u0119 w SZYCHT\u0118 RODZINN\u0104-01.12.2024 pod opiek\u0105 pani Beaty Wasiek.<\/p>\n\n\n\n<figure class=\"wp-block-image size-large\"><a href=\"https:\/\/www.3lo.walbrzych.pl\/wordpress\/wp-content\/uploads\/2025\/01\/6-1.jpeg\"><img loading=\"lazy\" decoding=\"async\" width=\"768\" height=\"1024\" src=\"https:\/\/www.3lo.walbrzych.pl\/wordpress\/wp-content\/uploads\/2025\/01\/6-1-768x1024.jpeg\" alt=\"\" class=\"wp-image-8117\" srcset=\"https:\/\/www.3lo.walbrzych.pl\/wordpress\/wp-content\/uploads\/2025\/01\/6-1-768x1024.jpeg 768w, https:\/\/www.3lo.walbrzych.pl\/wordpress\/wp-content\/uploads\/2025\/01\/6-1-225x300.jpeg 225w, https:\/\/www.3lo.walbrzych.pl\/wordpress\/wp-content\/uploads\/2025\/01\/6-1-1152x1536.jpeg 1152w, https:\/\/www.3lo.walbrzych.pl\/wordpress\/wp-content\/uploads\/2025\/01\/6-1.jpeg 1500w\" sizes=\"auto, (max-width: 768px) 100vw, 768px\" \/><\/a><\/figure>\n\n\n\n<figure class=\"wp-block-image size-large\"><a href=\"https:\/\/www.3lo.walbrzych.pl\/wordpress\/wp-content\/uploads\/2025\/01\/5-1.jpeg\"><img loading=\"lazy\" decoding=\"async\" width=\"768\" height=\"1024\" src=\"https:\/\/www.3lo.walbrzych.pl\/wordpress\/wp-content\/uploads\/2025\/01\/5-1-768x1024.jpeg\" alt=\"\" class=\"wp-image-8118\" srcset=\"https:\/\/www.3lo.walbrzych.pl\/wordpress\/wp-content\/uploads\/2025\/01\/5-1-768x1024.jpeg 768w, https:\/\/www.3lo.walbrzych.pl\/wordpress\/wp-content\/uploads\/2025\/01\/5-1-225x300.jpeg 225w, https:\/\/www.3lo.walbrzych.pl\/wordpress\/wp-content\/uploads\/2025\/01\/5-1-1152x1536.jpeg 1152w, https:\/\/www.3lo.walbrzych.pl\/wordpress\/wp-content\/uploads\/2025\/01\/5-1.jpeg 1500w\" sizes=\"auto, (max-width: 768px) 100vw, 768px\" \/><\/a><\/figure>\n\n\n\n<figure class=\"wp-block-image size-large\"><a href=\"https:\/\/www.3lo.walbrzych.pl\/wordpress\/wp-content\/uploads\/2025\/01\/4-2.jpeg\"><img loading=\"lazy\" decoding=\"async\" width=\"762\" height=\"1024\" src=\"https:\/\/www.3lo.walbrzych.pl\/wordpress\/wp-content\/uploads\/2025\/01\/4-2-762x1024.jpeg\" alt=\"\" class=\"wp-image-8119\" srcset=\"https:\/\/www.3lo.walbrzych.pl\/wordpress\/wp-content\/uploads\/2025\/01\/4-2-762x1024.jpeg 762w, https:\/\/www.3lo.walbrzych.pl\/wordpress\/wp-content\/uploads\/2025\/01\/4-2-223x300.jpeg 223w, https:\/\/www.3lo.walbrzych.pl\/wordpress\/wp-content\/uploads\/2025\/01\/4-2-768x1032.jpeg 768w, https:\/\/www.3lo.walbrzych.pl\/wordpress\/wp-content\/uploads\/2025\/01\/4-2-1143x1536.jpeg 1143w, https:\/\/www.3lo.walbrzych.pl\/wordpress\/wp-content\/uploads\/2025\/01\/4-2.jpeg 1169w\" sizes=\"auto, (max-width: 762px) 100vw, 762px\" \/><\/a><\/figure>\n\n\n\n<figure class=\"wp-block-image size-large is-resized\"><a href=\"https:\/\/www.3lo.walbrzych.pl\/wordpress\/wp-content\/uploads\/2025\/01\/3-1.jpeg\"><img loading=\"lazy\" decoding=\"async\" src=\"https:\/\/www.3lo.walbrzych.pl\/wordpress\/wp-content\/uploads\/2025\/01\/3-1-716x1024.jpeg\" alt=\"\" class=\"wp-image-8120\" width=\"716\" height=\"1024\" srcset=\"https:\/\/www.3lo.walbrzych.pl\/wordpress\/wp-content\/uploads\/2025\/01\/3-1-716x1024.jpeg 716w, https:\/\/www.3lo.walbrzych.pl\/wordpress\/wp-content\/uploads\/2025\/01\/3-1-210x300.jpeg 210w, https:\/\/www.3lo.walbrzych.pl\/wordpress\/wp-content\/uploads\/2025\/01\/3-1-768x1098.jpeg 768w, https:\/\/www.3lo.walbrzych.pl\/wordpress\/wp-content\/uploads\/2025\/01\/3-1-1074x1536.jpeg 1074w, https:\/\/www.3lo.walbrzych.pl\/wordpress\/wp-content\/uploads\/2025\/01\/3-1.jpeg 1399w\" sizes=\"auto, (max-width: 716px) 100vw, 716px\" \/><\/a><\/figure>\n\n\n\n<figure class=\"wp-block-image size-large\"><a href=\"https:\/\/www.3lo.walbrzych.pl\/wordpress\/wp-content\/uploads\/2025\/01\/2-1.jpeg\"><img loading=\"lazy\" decoding=\"async\" width=\"768\" height=\"1024\" src=\"https:\/\/www.3lo.walbrzych.pl\/wordpress\/wp-content\/uploads\/2025\/01\/2-1-768x1024.jpeg\" alt=\"\" class=\"wp-image-8121\" srcset=\"https:\/\/www.3lo.walbrzych.pl\/wordpress\/wp-content\/uploads\/2025\/01\/2-1-768x1024.jpeg 768w, https:\/\/www.3lo.walbrzych.pl\/wordpress\/wp-content\/uploads\/2025\/01\/2-1-225x300.jpeg 225w, https:\/\/www.3lo.walbrzych.pl\/wordpress\/wp-content\/uploads\/2025\/01\/2-1-1152x1536.jpeg 1152w, https:\/\/www.3lo.walbrzych.pl\/wordpress\/wp-content\/uploads\/2025\/01\/2-1.jpeg 1500w\" sizes=\"auto, (max-width: 768px) 100vw, 768px\" \/><\/a><\/figure>\n","protected":false},"excerpt":{"rendered":"<p>8 stycznia na terenie Centrum Nauki, Kultury i Sztuki-STARA KOPALNIA , w Sali Multimedialnej, odby\u0142o si\u0119 spotkanie podsumowuj\u0105ce- Festiwal Tradycji G\u00f3rniczych Barb\u00f3rka 2024.Jeszcze raz pragn\u0119 PODZI\u0118KOWA\u0106 wolontariuszkom:KAROLINIE, MAI, LENIE, JOWICIE, kt\u00f3re zaanga\u017cowa\u0142y si\u0119 w SZYCHT\u0118 RODZINN\u0104-01.12.2024 pod opiek\u0105 pani Beaty Wasiek.<\/p>\n","protected":false},"author":48,"featured_media":8116,"comment_status":"closed","ping_status":"closed","sticky":false,"template":"","format":"standard","meta":{"footnotes":""},"categories":[19],"tags":[],"class_list":["post-8115","post","type-post","status-publish","format-standard","has-post-thumbnail","hentry","category-aktualnosci"],"yoast_head":"<!-- This site is optimized with the Yoast SEO plugin v28.4 - https:\/\/yoast.com\/product\/yoast-seo-wordpress\/ -->\n<title>Festiwal Tradycji G\u00f3rniczych Barb\u00f3rka 2024 - III Liceum Og\u00f3lnokszta\u0142c\u0105ce im. Miko\u0142aja Kopernika<\/title>\n<meta name=\"robots\" content=\"index, follow, max-snippet:-1, max-image-preview:large, max-video-preview:-1\" \/>\n<link rel=\"canonical\" href=\"https:\/\/www.3lo.walbrzych.pl\/wordpress\/festiwal-tradycji-gorniczych-barborka-2024\/\" \/>\n<meta property=\"og:locale\" content=\"pl_PL\" \/>\n<meta property=\"og:type\" content=\"article\" \/>\n<meta property=\"og:title\" content=\"Festiwal Tradycji G\u00f3rniczych Barb\u00f3rka 2024 - III Liceum Og\u00f3lnokszta\u0142c\u0105ce im. Miko\u0142aja Kopernika\" \/>\n<meta property=\"og:description\" content=\"8 stycznia na terenie Centrum Nauki, Kultury i Sztuki-STARA KOPALNIA , w Sali Multimedialnej, odby\u0142o si\u0119 spotkanie podsumowuj\u0105ce- Festiwal Tradycji G\u00f3rniczych Barb\u00f3rka 2024.Jeszcze raz pragn\u0119 PODZI\u0118KOWA\u0106 wolontariuszkom:KAROLINIE, MAI, LENIE, JOWICIE, kt\u00f3re zaanga\u017cowa\u0142y si\u0119 w SZYCHT\u0118 RODZINN\u0104-01.12.2024 pod opiek\u0105 pani Beaty Wasiek.\" \/>\n<meta property=\"og:url\" content=\"https:\/\/www.3lo.walbrzych.pl\/wordpress\/festiwal-tradycji-gorniczych-barborka-2024\/\" \/>\n<meta property=\"og:site_name\" content=\"III Liceum Og\u00f3lnokszta\u0142c\u0105ce im. Miko\u0142aja Kopernika\" \/>\n<meta property=\"article:published_time\" content=\"2025-01-08T21:00:46+00:00\" \/>\n<meta property=\"article:modified_time\" content=\"2025-01-08T21:00:49+00:00\" \/>\n<meta property=\"og:image\" content=\"https:\/\/www.3lo.walbrzych.pl\/wordpress\/wp-content\/uploads\/2025\/01\/7-1.jpeg\" \/>\n\t<meta property=\"og:image:width\" content=\"1174\" \/>\n\t<meta property=\"og:image:height\" content=\"1348\" \/>\n\t<meta property=\"og:image:type\" content=\"image\/jpeg\" \/>\n<meta name=\"author\" content=\"Micha\u0142 Cetera\" \/>\n<meta name=\"twitter:card\" content=\"summary_large_image\" \/>\n<meta name=\"twitter:label1\" content=\"Napisane przez\" \/>\n\t<meta name=\"twitter:data1\" content=\"Micha\u0142 Cetera\" \/>\n<script type=\"application\/ld+json\" class=\"yoast-schema-graph\">{\"@context\":\"https:\\\/\\\/schema.org\",\"@graph\":[{\"@type\":\"Article\",\"@id\":\"https:\\\/\\\/www.3lo.walbrzych.pl\\\/wordpress\\\/festiwal-tradycji-gorniczych-barborka-2024\\\/#article\",\"isPartOf\":{\"@id\":\"https:\\\/\\\/www.3lo.walbrzych.pl\\\/wordpress\\\/festiwal-tradycji-gorniczych-barborka-2024\\\/\"},\"author\":{\"name\":\"Micha\u0142 Cetera\",\"@id\":\"https:\\\/\\\/www.3lo.walbrzych.pl\\\/wordpress\\\/#\\\/schema\\\/person\\\/ff9afc6eca5e68699c4be1e41f0ec427\"},\"headline\":\"Festiwal Tradycji G\u00f3rniczych Barb\u00f3rka 2024\",\"datePublished\":\"2025-01-08T21:00:46+00:00\",\"dateModified\":\"2025-01-08T21:00:49+00:00\",\"mainEntityOfPage\":{\"@id\":\"https:\\\/\\\/www.3lo.walbrzych.pl\\\/wordpress\\\/festiwal-tradycji-gorniczych-barborka-2024\\\/\"},\"wordCount\":55,\"publisher\":{\"@id\":\"https:\\\/\\\/www.3lo.walbrzych.pl\\\/wordpress\\\/#organization\"},\"image\":{\"@id\":\"https:\\\/\\\/www.3lo.walbrzych.pl\\\/wordpress\\\/festiwal-tradycji-gorniczych-barborka-2024\\\/#primaryimage\"},\"thumbnailUrl\":\"https:\\\/\\\/www.3lo.walbrzych.pl\\\/wordpress\\\/wp-content\\\/uploads\\\/2025\\\/01\\\/7-1.jpeg\",\"articleSection\":[\"Aktualno\u015bci\"],\"inLanguage\":\"pl-PL\"},{\"@type\":\"WebPage\",\"@id\":\"https:\\\/\\\/www.3lo.walbrzych.pl\\\/wordpress\\\/festiwal-tradycji-gorniczych-barborka-2024\\\/\",\"url\":\"https:\\\/\\\/www.3lo.walbrzych.pl\\\/wordpress\\\/festiwal-tradycji-gorniczych-barborka-2024\\\/\",\"name\":\"Festiwal Tradycji G\u00f3rniczych Barb\u00f3rka 2024 - III Liceum Og\u00f3lnokszta\u0142c\u0105ce im. Miko\u0142aja Kopernika\",\"isPartOf\":{\"@id\":\"https:\\\/\\\/www.3lo.walbrzych.pl\\\/wordpress\\\/#website\"},\"primaryImageOfPage\":{\"@id\":\"https:\\\/\\\/www.3lo.walbrzych.pl\\\/wordpress\\\/festiwal-tradycji-gorniczych-barborka-2024\\\/#primaryimage\"},\"image\":{\"@id\":\"https:\\\/\\\/www.3lo.walbrzych.pl\\\/wordpress\\\/festiwal-tradycji-gorniczych-barborka-2024\\\/#primaryimage\"},\"thumbnailUrl\":\"https:\\\/\\\/www.3lo.walbrzych.pl\\\/wordpress\\\/wp-content\\\/uploads\\\/2025\\\/01\\\/7-1.jpeg\",\"datePublished\":\"2025-01-08T21:00:46+00:00\",\"dateModified\":\"2025-01-08T21:00:49+00:00\",\"breadcrumb\":{\"@id\":\"https:\\\/\\\/www.3lo.walbrzych.pl\\\/wordpress\\\/festiwal-tradycji-gorniczych-barborka-2024\\\/#breadcrumb\"},\"inLanguage\":\"pl-PL\",\"potentialAction\":[{\"@type\":\"ReadAction\",\"target\":[\"https:\\\/\\\/www.3lo.walbrzych.pl\\\/wordpress\\\/festiwal-tradycji-gorniczych-barborka-2024\\\/\"]}]},{\"@type\":\"ImageObject\",\"inLanguage\":\"pl-PL\",\"@id\":\"https:\\\/\\\/www.3lo.walbrzych.pl\\\/wordpress\\\/festiwal-tradycji-gorniczych-barborka-2024\\\/#primaryimage\",\"url\":\"https:\\\/\\\/www.3lo.walbrzych.pl\\\/wordpress\\\/wp-content\\\/uploads\\\/2025\\\/01\\\/7-1.jpeg\",\"contentUrl\":\"https:\\\/\\\/www.3lo.walbrzych.pl\\\/wordpress\\\/wp-content\\\/uploads\\\/2025\\\/01\\\/7-1.jpeg\",\"width\":1174,\"height\":1348},{\"@type\":\"BreadcrumbList\",\"@id\":\"https:\\\/\\\/www.3lo.walbrzych.pl\\\/wordpress\\\/festiwal-tradycji-gorniczych-barborka-2024\\\/#breadcrumb\",\"itemListElement\":[{\"@type\":\"ListItem\",\"position\":1,\"name\":\"Strona g\u0142\u00f3wna\",\"item\":\"https:\\\/\\\/www.3lo.walbrzych.pl\\\/wordpress\\\/\"},{\"@type\":\"ListItem\",\"position\":2,\"name\":\"Festiwal Tradycji G\u00f3rniczych Barb\u00f3rka 2024\"}]},{\"@type\":\"WebSite\",\"@id\":\"https:\\\/\\\/www.3lo.walbrzych.pl\\\/wordpress\\\/#website\",\"url\":\"https:\\\/\\\/www.3lo.walbrzych.pl\\\/wordpress\\\/\",\"name\":\"III Liceum Og\u00f3lnokszta\u0142c\u0105ce im. Miko\u0142aja Kopernika\",\"description\":\"\",\"publisher\":{\"@id\":\"https:\\\/\\\/www.3lo.walbrzych.pl\\\/wordpress\\\/#organization\"},\"potentialAction\":[{\"@type\":\"SearchAction\",\"target\":{\"@type\":\"EntryPoint\",\"urlTemplate\":\"https:\\\/\\\/www.3lo.walbrzych.pl\\\/wordpress\\\/?s={search_term_string}\"},\"query-input\":{\"@type\":\"PropertyValueSpecification\",\"valueRequired\":true,\"valueName\":\"search_term_string\"}}],\"inLanguage\":\"pl-PL\"},{\"@type\":\"Organization\",\"@id\":\"https:\\\/\\\/www.3lo.walbrzych.pl\\\/wordpress\\\/#organization\",\"name\":\"III Liceum Og\u00f3lnokszta\u0142c\u0105ce im. Miko\u0142aja Kopernika\",\"url\":\"https:\\\/\\\/www.3lo.walbrzych.pl\\\/wordpress\\\/\",\"logo\":{\"@type\":\"ImageObject\",\"inLanguage\":\"pl-PL\",\"@id\":\"https:\\\/\\\/www.3lo.walbrzych.pl\\\/wordpress\\\/#\\\/schema\\\/logo\\\/image\\\/\",\"url\":\"https:\\\/\\\/www.3lo.walbrzych.pl\\\/wordpress\\\/wp-content\\\/uploads\\\/2025\\\/09\\\/logo-szkoly-scaled.jpg\",\"contentUrl\":\"https:\\\/\\\/www.3lo.walbrzych.pl\\\/wordpress\\\/wp-content\\\/uploads\\\/2025\\\/09\\\/logo-szkoly-scaled.jpg\",\"width\":2560,\"height\":914,\"caption\":\"III Liceum Og\u00f3lnokszta\u0142c\u0105ce im. Miko\u0142aja Kopernika\"},\"image\":{\"@id\":\"https:\\\/\\\/www.3lo.walbrzych.pl\\\/wordpress\\\/#\\\/schema\\\/logo\\\/image\\\/\"}},{\"@type\":\"Person\",\"@id\":\"https:\\\/\\\/www.3lo.walbrzych.pl\\\/wordpress\\\/#\\\/schema\\\/person\\\/ff9afc6eca5e68699c4be1e41f0ec427\",\"name\":\"Micha\u0142 Cetera\",\"url\":\"https:\\\/\\\/www.3lo.walbrzych.pl\\\/wordpress\\\/author\\\/mcetera\\\/\"}]}<\/script>\n<!-- \/ Yoast SEO plugin. -->","yoast_head_json":{"title":"Festiwal Tradycji G\u00f3rniczych Barb\u00f3rka 2024 - III Liceum Og\u00f3lnokszta\u0142c\u0105ce im. Miko\u0142aja Kopernika","robots":{"index":"index","follow":"follow","max-snippet":"max-snippet:-1","max-image-preview":"max-image-preview:large","max-video-preview":"max-video-preview:-1"},"canonical":"https:\/\/www.3lo.walbrzych.pl\/wordpress\/festiwal-tradycji-gorniczych-barborka-2024\/","og_locale":"pl_PL","og_type":"article","og_title":"Festiwal Tradycji G\u00f3rniczych Barb\u00f3rka 2024 - III Liceum Og\u00f3lnokszta\u0142c\u0105ce im. Miko\u0142aja Kopernika","og_description":"8 stycznia na terenie Centrum Nauki, Kultury i Sztuki-STARA KOPALNIA , w Sali Multimedialnej, odby\u0142o si\u0119 spotkanie podsumowuj\u0105ce- Festiwal Tradycji G\u00f3rniczych Barb\u00f3rka 2024.Jeszcze raz pragn\u0119 PODZI\u0118KOWA\u0106 wolontariuszkom:KAROLINIE, MAI, LENIE, JOWICIE, kt\u00f3re zaanga\u017cowa\u0142y si\u0119 w SZYCHT\u0118 RODZINN\u0104-01.12.2024 pod opiek\u0105 pani Beaty Wasiek.","og_url":"https:\/\/www.3lo.walbrzych.pl\/wordpress\/festiwal-tradycji-gorniczych-barborka-2024\/","og_site_name":"III Liceum Og\u00f3lnokszta\u0142c\u0105ce im. Miko\u0142aja Kopernika","article_published_time":"2025-01-08T21:00:46+00:00","article_modified_time":"2025-01-08T21:00:49+00:00","og_image":[{"width":1174,"height":1348,"url":"https:\/\/www.3lo.walbrzych.pl\/wordpress\/wp-content\/uploads\/2025\/01\/7-1.jpeg","type":"image\/jpeg"}],"author":"Micha\u0142 Cetera","twitter_card":"summary_large_image","twitter_misc":{"Napisane przez":"Micha\u0142 Cetera"},"schema":{"@context":"https:\/\/schema.org","@graph":[{"@type":"Article","@id":"https:\/\/www.3lo.walbrzych.pl\/wordpress\/festiwal-tradycji-gorniczych-barborka-2024\/#article","isPartOf":{"@id":"https:\/\/www.3lo.walbrzych.pl\/wordpress\/festiwal-tradycji-gorniczych-barborka-2024\/"},"author":{"name":"Micha\u0142 Cetera","@id":"https:\/\/www.3lo.walbrzych.pl\/wordpress\/#\/schema\/person\/ff9afc6eca5e68699c4be1e41f0ec427"},"headline":"Festiwal Tradycji G\u00f3rniczych Barb\u00f3rka 2024","datePublished":"2025-01-08T21:00:46+00:00","dateModified":"2025-01-08T21:00:49+00:00","mainEntityOfPage":{"@id":"https:\/\/www.3lo.walbrzych.pl\/wordpress\/festiwal-tradycji-gorniczych-barborka-2024\/"},"wordCount":55,"publisher":{"@id":"https:\/\/www.3lo.walbrzych.pl\/wordpress\/#organization"},"image":{"@id":"https:\/\/www.3lo.walbrzych.pl\/wordpress\/festiwal-tradycji-gorniczych-barborka-2024\/#primaryimage"},"thumbnailUrl":"https:\/\/www.3lo.walbrzych.pl\/wordpress\/wp-content\/uploads\/2025\/01\/7-1.jpeg","articleSection":["Aktualno\u015bci"],"inLanguage":"pl-PL"},{"@type":"WebPage","@id":"https:\/\/www.3lo.walbrzych.pl\/wordpress\/festiwal-tradycji-gorniczych-barborka-2024\/","url":"https:\/\/www.3lo.walbrzych.pl\/wordpress\/festiwal-tradycji-gorniczych-barborka-2024\/","name":"Festiwal Tradycji G\u00f3rniczych Barb\u00f3rka 2024 - III Liceum Og\u00f3lnokszta\u0142c\u0105ce im. Miko\u0142aja Kopernika","isPartOf":{"@id":"https:\/\/www.3lo.walbrzych.pl\/wordpress\/#website"},"primaryImageOfPage":{"@id":"https:\/\/www.3lo.walbrzych.pl\/wordpress\/festiwal-tradycji-gorniczych-barborka-2024\/#primaryimage"},"image":{"@id":"https:\/\/www.3lo.walbrzych.pl\/wordpress\/festiwal-tradycji-gorniczych-barborka-2024\/#primaryimage"},"thumbnailUrl":"https:\/\/www.3lo.walbrzych.pl\/wordpress\/wp-content\/uploads\/2025\/01\/7-1.jpeg","datePublished":"2025-01-08T21:00:46+00:00","dateModified":"2025-01-08T21:00:49+00:00","breadcrumb":{"@id":"https:\/\/www.3lo.walbrzych.pl\/wordpress\/festiwal-tradycji-gorniczych-barborka-2024\/#breadcrumb"},"inLanguage":"pl-PL","potentialAction":[{"@type":"ReadAction","target":["https:\/\/www.3lo.walbrzych.pl\/wordpress\/festiwal-tradycji-gorniczych-barborka-2024\/"]}]},{"@type":"ImageObject","inLanguage":"pl-PL","@id":"https:\/\/www.3lo.walbrzych.pl\/wordpress\/festiwal-tradycji-gorniczych-barborka-2024\/#primaryimage","url":"https:\/\/www.3lo.walbrzych.pl\/wordpress\/wp-content\/uploads\/2025\/01\/7-1.jpeg","contentUrl":"https:\/\/www.3lo.walbrzych.pl\/wordpress\/wp-content\/uploads\/2025\/01\/7-1.jpeg","width":1174,"height":1348},{"@type":"BreadcrumbList","@id":"https:\/\/www.3lo.walbrzych.pl\/wordpress\/festiwal-tradycji-gorniczych-barborka-2024\/#breadcrumb","itemListElement":[{"@type":"ListItem","position":1,"name":"Strona g\u0142\u00f3wna","item":"https:\/\/www.3lo.walbrzych.pl\/wordpress\/"},{"@type":"ListItem","position":2,"name":"Festiwal Tradycji G\u00f3rniczych Barb\u00f3rka 2024"}]},{"@type":"WebSite","@id":"https:\/\/www.3lo.walbrzych.pl\/wordpress\/#website","url":"https:\/\/www.3lo.walbrzych.pl\/wordpress\/","name":"III Liceum Og\u00f3lnokszta\u0142c\u0105ce im. Miko\u0142aja Kopernika","description":"","publisher":{"@id":"https:\/\/www.3lo.walbrzych.pl\/wordpress\/#organization"},"potentialAction":[{"@type":"SearchAction","target":{"@type":"EntryPoint","urlTemplate":"https:\/\/www.3lo.walbrzych.pl\/wordpress\/?s={search_term_string}"},"query-input":{"@type":"PropertyValueSpecification","valueRequired":true,"valueName":"search_term_string"}}],"inLanguage":"pl-PL"},{"@type":"Organization","@id":"https:\/\/www.3lo.walbrzych.pl\/wordpress\/#organization","name":"III Liceum Og\u00f3lnokszta\u0142c\u0105ce im. Miko\u0142aja Kopernika","url":"https:\/\/www.3lo.walbrzych.pl\/wordpress\/","logo":{"@type":"ImageObject","inLanguage":"pl-PL","@id":"https:\/\/www.3lo.walbrzych.pl\/wordpress\/#\/schema\/logo\/image\/","url":"https:\/\/www.3lo.walbrzych.pl\/wordpress\/wp-content\/uploads\/2025\/09\/logo-szkoly-scaled.jpg","contentUrl":"https:\/\/www.3lo.walbrzych.pl\/wordpress\/wp-content\/uploads\/2025\/09\/logo-szkoly-scaled.jpg","width":2560,"height":914,"caption":"III Liceum Og\u00f3lnokszta\u0142c\u0105ce im. Miko\u0142aja Kopernika"},"image":{"@id":"https:\/\/www.3lo.walbrzych.pl\/wordpress\/#\/schema\/logo\/image\/"}},{"@type":"Person","@id":"https:\/\/www.3lo.walbrzych.pl\/wordpress\/#\/schema\/person\/ff9afc6eca5e68699c4be1e41f0ec427","name":"Micha\u0142 Cetera","url":"https:\/\/www.3lo.walbrzych.pl\/wordpress\/author\/mcetera\/"}]}},"_links":{"self":[{"href":"https:\/\/www.3lo.walbrzych.pl\/wordpress\/wp-json\/wp\/v2\/posts\/8115","targetHints":{"allow":["GET"]}}],"collection":[{"href":"https:\/\/www.3lo.walbrzych.pl\/wordpress\/wp-json\/wp\/v2\/posts"}],"about":[{"href":"https:\/\/www.3lo.walbrzych.pl\/wordpress\/wp-json\/wp\/v2\/types\/post"}],"author":[{"embeddable":true,"href":"https:\/\/www.3lo.walbrzych.pl\/wordpress\/wp-json\/wp\/v2\/users\/48"}],"replies":[{"embeddable":true,"href":"https:\/\/www.3lo.walbrzych.pl\/wordpress\/wp-json\/wp\/v2\/comments?post=8115"}],"version-history":[{"count":1,"href":"https:\/\/www.3lo.walbrzych.pl\/wordpress\/wp-json\/wp\/v2\/posts\/8115\/revisions"}],"predecessor-version":[{"id":8122,"href":"https:\/\/www.3lo.walbrzych.pl\/wordpress\/wp-json\/wp\/v2\/posts\/8115\/revisions\/8122"}],"wp:featuredmedia":[{"embeddable":true,"href":"https:\/\/www.3lo.walbrzych.pl\/wordpress\/wp-json\/wp\/v2\/media\/8116"}],"wp:attachment":[{"href":"https:\/\/www.3lo.walbrzych.pl\/wordpress\/wp-json\/wp\/v2\/media?parent=8115"}],"wp:term":[{"taxonomy":"category","embeddable":true,"href":"https:\/\/www.3lo.walbrzych.pl\/wordpress\/wp-json\/wp\/v2\/categories?post=8115"},{"taxonomy":"post_tag","embeddable":true,"href":"https:\/\/www.3lo.walbrzych.pl\/wordpress\/wp-json\/wp\/v2\/tags?post=8115"}],"curies":[{"name":"wp","href":"https:\/\/api.w.org\/{rel}","templated":true}]}}