{"id":8176,"date":"2025-06-18T13:23:33","date_gmt":"2025-06-18T11:23:33","guid":{"rendered":"https:\/\/www.3lo.walbrzych.pl\/wordpress\/?p=8176"},"modified":"2025-06-18T13:23:35","modified_gmt":"2025-06-18T11:23:35","slug":"projekt-wsparcie-aktywizacji-zawodowej","status":"publish","type":"post","link":"https:\/\/www.3lo.walbrzych.pl\/wordpress\/projekt-wsparcie-aktywizacji-zawodowej\/","title":{"rendered":"Projekt &#8211; wsparcie aktywizacji zawodowej"},"content":{"rendered":"\n<p class=\"wp-block-paragraph\">Drodzy absolwenci!<\/p>\n\n\n\n<p class=\"wp-block-paragraph\">Zapraszamy do udzia\u0142u w projekcie, kt\u00f3rego celem jest wsparcie aktywizacji zawodowej oraz integracji spo\u0142eczno-gospodarczej m\u0142odych os\u00f3b w wieku 18\u201329 lat, kt\u00f3re nie pracuj\u0105 i nie uczestnicz\u0105 w systemie edukacji.<\/p>\n\n\n\n<p class=\"wp-block-paragraph\">Termin planowanego I naboru do projektu to&nbsp;<strong>01.07.2025 r.<\/strong><\/p>\n\n\n\n<p class=\"wp-block-paragraph\"><strong>Wi\u0119cej informacji zosta\u0142o przes\u0142anych poprzez mobiDziennik<\/strong><\/p>\n\n\n\n<p class=\"wp-block-paragraph\">REGULAMIN P<a href=\"http:\/\/Drodzy absolwenci!  Zapraszamy do udzia\u0142u w projekcie, kt\u00f3rego celem jest wsparcie aktywizacji zawodowej oraz integracji spo\u0142eczno-gospodarczej m\u0142odych os\u00f3b w wieku 18\u201329 lat, kt\u00f3re nie pracuj\u0105 i nie uczestnicz\u0105 w systemie edukacji.  Termin planowanego I naboru do projektu to 01.07.2025 r.  Wi\u0119cej informacji zosta\u0142o przes\u0142anych poprzez mobiDziennik\" target=\"_blank\" rel=\"noreferrer noopener\">ROJEKTU<\/a><\/p>\n\n\n\n<p class=\"wp-block-paragraph\"><a href=\"https:\/\/www.3lo.walbrzych.pl\/wordpress\/wp-content\/uploads\/2025\/06\/Zalacznik-nr-11-Zgoda-na-przetwarzanie-danych-w-celach-marketingowych3.docx\" target=\"_blank\" rel=\"noreferrer noopener\">ZGODA NA PRZETWARZANIE DANYCH OSOBOWYCH<\/a><\/p>\n\n\n\n<p class=\"wp-block-paragraph\"><a href=\"https:\/\/www.3lo.walbrzych.pl\/wordpress\/wp-content\/uploads\/2025\/06\/Zal-12-Deklaracja-udzialu-w-projekcie.odt\">DEKLARACJA UDZIA\u0141U W PROJEKCIE<\/a><\/p>\n\n\n\n<p class=\"wp-block-paragraph\"><a href=\"https:\/\/www.3lo.walbrzych.pl\/wordpress\/wp-content\/uploads\/2025\/06\/Zalacznik-nr-7-Oswiadczenie-o-rachunku-bankowym.docx\">O\u015aWIADCZENIE O RACHUNKU BANKOWYM<\/a><\/p>\n\n\n\n<p class=\"wp-block-paragraph\"><a href=\"https:\/\/www.3lo.walbrzych.pl\/wordpress\/wp-content\/uploads\/2025\/06\/OSWIADCZENIE-KANDYDATKATKI-PROJEKTU.odt\">O\u015aWIADCZENIE KANDYDATA\/TKI PROJEKTU<\/a><\/p>\n\n\n\n<p class=\"wp-block-paragraph\"><a href=\"https:\/\/www.3lo.walbrzych.pl\/wordpress\/wp-content\/uploads\/2025\/06\/Formularz-rekrutacyjny-do-projektu-Badz-aktywny-2025.docx\">FORMULARZ REKRUTACYJNY DO PROJEKTU B\u0105d\u017a aktywny 2025<\/a><\/p>\n\n\n\n<p class=\"wp-block-paragraph\"><\/p>\n","protected":false},"excerpt":{"rendered":"<p>Drodzy absolwenci! Zapraszamy do udzia\u0142u w projekcie, kt\u00f3rego celem jest wsparcie aktywizacji zawodowej oraz integracji spo\u0142eczno-gospodarczej m\u0142odych os\u00f3b w wieku 18\u201329 lat, kt\u00f3re nie pracuj\u0105 i nie uczestnicz\u0105 w systemie edukacji. Termin planowanego I naboru do projektu to&nbsp;01.07.2025 r. Wi\u0119cej informacji zosta\u0142o przes\u0142anych poprzez mobiDziennik REGULAMIN PROJEKTU ZGODA NA PRZETWARZANIE DANYCH OSOBOWYCH DEKLARACJA UDZIA\u0141U W [&hellip;]<\/p>\n","protected":false},"author":4,"featured_media":7943,"comment_status":"closed","ping_status":"closed","sticky":true,"template":"","format":"standard","meta":{"footnotes":""},"categories":[19],"tags":[],"class_list":["post-8176","post","type-post","status-publish","format-standard","has-post-thumbnail","hentry","category-aktualnosci"],"yoast_head":"<!-- This site is optimized with the Yoast SEO plugin v28.4 - https:\/\/yoast.com\/product\/yoast-seo-wordpress\/ -->\n<title>Projekt - wsparcie aktywizacji zawodowej - III Liceum Og\u00f3lnokszta\u0142c\u0105ce im. Miko\u0142aja Kopernika<\/title>\n<meta name=\"robots\" content=\"index, follow, max-snippet:-1, max-image-preview:large, max-video-preview:-1\" \/>\n<link rel=\"canonical\" href=\"https:\/\/www.3lo.walbrzych.pl\/wordpress\/projekt-wsparcie-aktywizacji-zawodowej\/\" \/>\n<meta property=\"og:locale\" content=\"pl_PL\" \/>\n<meta property=\"og:type\" content=\"article\" \/>\n<meta property=\"og:title\" content=\"Projekt - wsparcie aktywizacji zawodowej - III Liceum Og\u00f3lnokszta\u0142c\u0105ce im. Miko\u0142aja Kopernika\" \/>\n<meta property=\"og:description\" content=\"Drodzy absolwenci! Zapraszamy do udzia\u0142u w projekcie, kt\u00f3rego celem jest wsparcie aktywizacji zawodowej oraz integracji spo\u0142eczno-gospodarczej m\u0142odych os\u00f3b w wieku 18\u201329 lat, kt\u00f3re nie pracuj\u0105 i nie uczestnicz\u0105 w systemie edukacji. Termin planowanego I naboru do projektu to&nbsp;01.07.2025 r. Wi\u0119cej informacji zosta\u0142o przes\u0142anych poprzez mobiDziennik REGULAMIN PROJEKTU ZGODA NA PRZETWARZANIE DANYCH OSOBOWYCH DEKLARACJA UDZIA\u0141U W [&hellip;]\" \/>\n<meta property=\"og:url\" content=\"https:\/\/www.3lo.walbrzych.pl\/wordpress\/projekt-wsparcie-aktywizacji-zawodowej\/\" \/>\n<meta property=\"og:site_name\" content=\"III Liceum Og\u00f3lnokszta\u0142c\u0105ce im. Miko\u0142aja Kopernika\" \/>\n<meta property=\"article:published_time\" content=\"2025-06-18T11:23:33+00:00\" \/>\n<meta property=\"article:modified_time\" content=\"2025-06-18T11:23:35+00:00\" \/>\n<meta property=\"og:image\" content=\"https:\/\/www.3lo.walbrzych.pl\/wordpress\/wp-content\/uploads\/2024\/08\/3lodron-13-scaled.jpg\" \/>\n\t<meta property=\"og:image:width\" content=\"2560\" \/>\n\t<meta property=\"og:image:height\" content=\"1707\" \/>\n\t<meta property=\"og:image:type\" content=\"image\/jpeg\" \/>\n<meta name=\"author\" content=\"Tomasz Smejlis\" \/>\n<meta name=\"twitter:card\" content=\"summary_large_image\" \/>\n<meta name=\"twitter:label1\" content=\"Napisane przez\" \/>\n\t<meta name=\"twitter:data1\" content=\"Tomasz Smejlis\" \/>\n<script type=\"application\/ld+json\" class=\"yoast-schema-graph\">{\"@context\":\"https:\\\/\\\/schema.org\",\"@graph\":[{\"@type\":\"Article\",\"@id\":\"https:\\\/\\\/www.3lo.walbrzych.pl\\\/wordpress\\\/projekt-wsparcie-aktywizacji-zawodowej\\\/#article\",\"isPartOf\":{\"@id\":\"https:\\\/\\\/www.3lo.walbrzych.pl\\\/wordpress\\\/projekt-wsparcie-aktywizacji-zawodowej\\\/\"},\"author\":{\"name\":\"Tomasz Smejlis\",\"@id\":\"https:\\\/\\\/www.3lo.walbrzych.pl\\\/wordpress\\\/#\\\/schema\\\/person\\\/a5a3335dddd08a52fc05f69d575fd448\"},\"headline\":\"Projekt &#8211; wsparcie aktywizacji zawodowej\",\"datePublished\":\"2025-06-18T11:23:33+00:00\",\"dateModified\":\"2025-06-18T11:23:35+00:00\",\"mainEntityOfPage\":{\"@id\":\"https:\\\/\\\/www.3lo.walbrzych.pl\\\/wordpress\\\/projekt-wsparcie-aktywizacji-zawodowej\\\/\"},\"wordCount\":88,\"publisher\":{\"@id\":\"https:\\\/\\\/www.3lo.walbrzych.pl\\\/wordpress\\\/#organization\"},\"image\":{\"@id\":\"https:\\\/\\\/www.3lo.walbrzych.pl\\\/wordpress\\\/projekt-wsparcie-aktywizacji-zawodowej\\\/#primaryimage\"},\"thumbnailUrl\":\"https:\\\/\\\/www.3lo.walbrzych.pl\\\/wordpress\\\/wp-content\\\/uploads\\\/2024\\\/08\\\/3lodron-13-scaled.jpg\",\"articleSection\":[\"Aktualno\u015bci\"],\"inLanguage\":\"pl-PL\"},{\"@type\":\"WebPage\",\"@id\":\"https:\\\/\\\/www.3lo.walbrzych.pl\\\/wordpress\\\/projekt-wsparcie-aktywizacji-zawodowej\\\/\",\"url\":\"https:\\\/\\\/www.3lo.walbrzych.pl\\\/wordpress\\\/projekt-wsparcie-aktywizacji-zawodowej\\\/\",\"name\":\"Projekt - wsparcie aktywizacji zawodowej - III Liceum Og\u00f3lnokszta\u0142c\u0105ce im. Miko\u0142aja Kopernika\",\"isPartOf\":{\"@id\":\"https:\\\/\\\/www.3lo.walbrzych.pl\\\/wordpress\\\/#website\"},\"primaryImageOfPage\":{\"@id\":\"https:\\\/\\\/www.3lo.walbrzych.pl\\\/wordpress\\\/projekt-wsparcie-aktywizacji-zawodowej\\\/#primaryimage\"},\"image\":{\"@id\":\"https:\\\/\\\/www.3lo.walbrzych.pl\\\/wordpress\\\/projekt-wsparcie-aktywizacji-zawodowej\\\/#primaryimage\"},\"thumbnailUrl\":\"https:\\\/\\\/www.3lo.walbrzych.pl\\\/wordpress\\\/wp-content\\\/uploads\\\/2024\\\/08\\\/3lodron-13-scaled.jpg\",\"datePublished\":\"2025-06-18T11:23:33+00:00\",\"dateModified\":\"2025-06-18T11:23:35+00:00\",\"breadcrumb\":{\"@id\":\"https:\\\/\\\/www.3lo.walbrzych.pl\\\/wordpress\\\/projekt-wsparcie-aktywizacji-zawodowej\\\/#breadcrumb\"},\"inLanguage\":\"pl-PL\",\"potentialAction\":[{\"@type\":\"ReadAction\",\"target\":[\"https:\\\/\\\/www.3lo.walbrzych.pl\\\/wordpress\\\/projekt-wsparcie-aktywizacji-zawodowej\\\/\"]}]},{\"@type\":\"ImageObject\",\"inLanguage\":\"pl-PL\",\"@id\":\"https:\\\/\\\/www.3lo.walbrzych.pl\\\/wordpress\\\/projekt-wsparcie-aktywizacji-zawodowej\\\/#primaryimage\",\"url\":\"https:\\\/\\\/www.3lo.walbrzych.pl\\\/wordpress\\\/wp-content\\\/uploads\\\/2024\\\/08\\\/3lodron-13-scaled.jpg\",\"contentUrl\":\"https:\\\/\\\/www.3lo.walbrzych.pl\\\/wordpress\\\/wp-content\\\/uploads\\\/2024\\\/08\\\/3lodron-13-scaled.jpg\",\"width\":2560,\"height\":1707,\"caption\":\"default\"},{\"@type\":\"BreadcrumbList\",\"@id\":\"https:\\\/\\\/www.3lo.walbrzych.pl\\\/wordpress\\\/projekt-wsparcie-aktywizacji-zawodowej\\\/#breadcrumb\",\"itemListElement\":[{\"@type\":\"ListItem\",\"position\":1,\"name\":\"Strona g\u0142\u00f3wna\",\"item\":\"https:\\\/\\\/www.3lo.walbrzych.pl\\\/wordpress\\\/\"},{\"@type\":\"ListItem\",\"position\":2,\"name\":\"Projekt &#8211; wsparcie aktywizacji zawodowej\"}]},{\"@type\":\"WebSite\",\"@id\":\"https:\\\/\\\/www.3lo.walbrzych.pl\\\/wordpress\\\/#website\",\"url\":\"https:\\\/\\\/www.3lo.walbrzych.pl\\\/wordpress\\\/\",\"name\":\"III Liceum Og\u00f3lnokszta\u0142c\u0105ce im. Miko\u0142aja Kopernika\",\"description\":\"\",\"publisher\":{\"@id\":\"https:\\\/\\\/www.3lo.walbrzych.pl\\\/wordpress\\\/#organization\"},\"potentialAction\":[{\"@type\":\"SearchAction\",\"target\":{\"@type\":\"EntryPoint\",\"urlTemplate\":\"https:\\\/\\\/www.3lo.walbrzych.pl\\\/wordpress\\\/?s={search_term_string}\"},\"query-input\":{\"@type\":\"PropertyValueSpecification\",\"valueRequired\":true,\"valueName\":\"search_term_string\"}}],\"inLanguage\":\"pl-PL\"},{\"@type\":\"Organization\",\"@id\":\"https:\\\/\\\/www.3lo.walbrzych.pl\\\/wordpress\\\/#organization\",\"name\":\"III Liceum Og\u00f3lnokszta\u0142c\u0105ce im. Miko\u0142aja Kopernika\",\"url\":\"https:\\\/\\\/www.3lo.walbrzych.pl\\\/wordpress\\\/\",\"logo\":{\"@type\":\"ImageObject\",\"inLanguage\":\"pl-PL\",\"@id\":\"https:\\\/\\\/www.3lo.walbrzych.pl\\\/wordpress\\\/#\\\/schema\\\/logo\\\/image\\\/\",\"url\":\"https:\\\/\\\/www.3lo.walbrzych.pl\\\/wordpress\\\/wp-content\\\/uploads\\\/2025\\\/09\\\/logo-szkoly-scaled.jpg\",\"contentUrl\":\"https:\\\/\\\/www.3lo.walbrzych.pl\\\/wordpress\\\/wp-content\\\/uploads\\\/2025\\\/09\\\/logo-szkoly-scaled.jpg\",\"width\":2560,\"height\":914,\"caption\":\"III Liceum Og\u00f3lnokszta\u0142c\u0105ce im. Miko\u0142aja Kopernika\"},\"image\":{\"@id\":\"https:\\\/\\\/www.3lo.walbrzych.pl\\\/wordpress\\\/#\\\/schema\\\/logo\\\/image\\\/\"}},{\"@type\":\"Person\",\"@id\":\"https:\\\/\\\/www.3lo.walbrzych.pl\\\/wordpress\\\/#\\\/schema\\\/person\\\/a5a3335dddd08a52fc05f69d575fd448\",\"name\":\"Tomasz Smejlis\",\"url\":\"https:\\\/\\\/www.3lo.walbrzych.pl\\\/wordpress\\\/author\\\/tfox\\\/\"}]}<\/script>\n<!-- \/ Yoast SEO plugin. -->","yoast_head_json":{"title":"Projekt - wsparcie aktywizacji zawodowej - III Liceum Og\u00f3lnokszta\u0142c\u0105ce im. Miko\u0142aja Kopernika","robots":{"index":"index","follow":"follow","max-snippet":"max-snippet:-1","max-image-preview":"max-image-preview:large","max-video-preview":"max-video-preview:-1"},"canonical":"https:\/\/www.3lo.walbrzych.pl\/wordpress\/projekt-wsparcie-aktywizacji-zawodowej\/","og_locale":"pl_PL","og_type":"article","og_title":"Projekt - wsparcie aktywizacji zawodowej - III Liceum Og\u00f3lnokszta\u0142c\u0105ce im. Miko\u0142aja Kopernika","og_description":"Drodzy absolwenci! Zapraszamy do udzia\u0142u w projekcie, kt\u00f3rego celem jest wsparcie aktywizacji zawodowej oraz integracji spo\u0142eczno-gospodarczej m\u0142odych os\u00f3b w wieku 18\u201329 lat, kt\u00f3re nie pracuj\u0105 i nie uczestnicz\u0105 w systemie edukacji. Termin planowanego I naboru do projektu to&nbsp;01.07.2025 r. Wi\u0119cej informacji zosta\u0142o przes\u0142anych poprzez mobiDziennik REGULAMIN PROJEKTU ZGODA NA PRZETWARZANIE DANYCH OSOBOWYCH DEKLARACJA UDZIA\u0141U W [&hellip;]","og_url":"https:\/\/www.3lo.walbrzych.pl\/wordpress\/projekt-wsparcie-aktywizacji-zawodowej\/","og_site_name":"III Liceum Og\u00f3lnokszta\u0142c\u0105ce im. Miko\u0142aja Kopernika","article_published_time":"2025-06-18T11:23:33+00:00","article_modified_time":"2025-06-18T11:23:35+00:00","og_image":[{"width":2560,"height":1707,"url":"https:\/\/www.3lo.walbrzych.pl\/wordpress\/wp-content\/uploads\/2024\/08\/3lodron-13-scaled.jpg","type":"image\/jpeg"}],"author":"Tomasz Smejlis","twitter_card":"summary_large_image","twitter_misc":{"Napisane przez":"Tomasz Smejlis"},"schema":{"@context":"https:\/\/schema.org","@graph":[{"@type":"Article","@id":"https:\/\/www.3lo.walbrzych.pl\/wordpress\/projekt-wsparcie-aktywizacji-zawodowej\/#article","isPartOf":{"@id":"https:\/\/www.3lo.walbrzych.pl\/wordpress\/projekt-wsparcie-aktywizacji-zawodowej\/"},"author":{"name":"Tomasz Smejlis","@id":"https:\/\/www.3lo.walbrzych.pl\/wordpress\/#\/schema\/person\/a5a3335dddd08a52fc05f69d575fd448"},"headline":"Projekt &#8211; wsparcie aktywizacji zawodowej","datePublished":"2025-06-18T11:23:33+00:00","dateModified":"2025-06-18T11:23:35+00:00","mainEntityOfPage":{"@id":"https:\/\/www.3lo.walbrzych.pl\/wordpress\/projekt-wsparcie-aktywizacji-zawodowej\/"},"wordCount":88,"publisher":{"@id":"https:\/\/www.3lo.walbrzych.pl\/wordpress\/#organization"},"image":{"@id":"https:\/\/www.3lo.walbrzych.pl\/wordpress\/projekt-wsparcie-aktywizacji-zawodowej\/#primaryimage"},"thumbnailUrl":"https:\/\/www.3lo.walbrzych.pl\/wordpress\/wp-content\/uploads\/2024\/08\/3lodron-13-scaled.jpg","articleSection":["Aktualno\u015bci"],"inLanguage":"pl-PL"},{"@type":"WebPage","@id":"https:\/\/www.3lo.walbrzych.pl\/wordpress\/projekt-wsparcie-aktywizacji-zawodowej\/","url":"https:\/\/www.3lo.walbrzych.pl\/wordpress\/projekt-wsparcie-aktywizacji-zawodowej\/","name":"Projekt - wsparcie aktywizacji zawodowej - III Liceum Og\u00f3lnokszta\u0142c\u0105ce im. Miko\u0142aja Kopernika","isPartOf":{"@id":"https:\/\/www.3lo.walbrzych.pl\/wordpress\/#website"},"primaryImageOfPage":{"@id":"https:\/\/www.3lo.walbrzych.pl\/wordpress\/projekt-wsparcie-aktywizacji-zawodowej\/#primaryimage"},"image":{"@id":"https:\/\/www.3lo.walbrzych.pl\/wordpress\/projekt-wsparcie-aktywizacji-zawodowej\/#primaryimage"},"thumbnailUrl":"https:\/\/www.3lo.walbrzych.pl\/wordpress\/wp-content\/uploads\/2024\/08\/3lodron-13-scaled.jpg","datePublished":"2025-06-18T11:23:33+00:00","dateModified":"2025-06-18T11:23:35+00:00","breadcrumb":{"@id":"https:\/\/www.3lo.walbrzych.pl\/wordpress\/projekt-wsparcie-aktywizacji-zawodowej\/#breadcrumb"},"inLanguage":"pl-PL","potentialAction":[{"@type":"ReadAction","target":["https:\/\/www.3lo.walbrzych.pl\/wordpress\/projekt-wsparcie-aktywizacji-zawodowej\/"]}]},{"@type":"ImageObject","inLanguage":"pl-PL","@id":"https:\/\/www.3lo.walbrzych.pl\/wordpress\/projekt-wsparcie-aktywizacji-zawodowej\/#primaryimage","url":"https:\/\/www.3lo.walbrzych.pl\/wordpress\/wp-content\/uploads\/2024\/08\/3lodron-13-scaled.jpg","contentUrl":"https:\/\/www.3lo.walbrzych.pl\/wordpress\/wp-content\/uploads\/2024\/08\/3lodron-13-scaled.jpg","width":2560,"height":1707,"caption":"default"},{"@type":"BreadcrumbList","@id":"https:\/\/www.3lo.walbrzych.pl\/wordpress\/projekt-wsparcie-aktywizacji-zawodowej\/#breadcrumb","itemListElement":[{"@type":"ListItem","position":1,"name":"Strona g\u0142\u00f3wna","item":"https:\/\/www.3lo.walbrzych.pl\/wordpress\/"},{"@type":"ListItem","position":2,"name":"Projekt &#8211; wsparcie aktywizacji zawodowej"}]},{"@type":"WebSite","@id":"https:\/\/www.3lo.walbrzych.pl\/wordpress\/#website","url":"https:\/\/www.3lo.walbrzych.pl\/wordpress\/","name":"III Liceum Og\u00f3lnokszta\u0142c\u0105ce im. Miko\u0142aja Kopernika","description":"","publisher":{"@id":"https:\/\/www.3lo.walbrzych.pl\/wordpress\/#organization"},"potentialAction":[{"@type":"SearchAction","target":{"@type":"EntryPoint","urlTemplate":"https:\/\/www.3lo.walbrzych.pl\/wordpress\/?s={search_term_string}"},"query-input":{"@type":"PropertyValueSpecification","valueRequired":true,"valueName":"search_term_string"}}],"inLanguage":"pl-PL"},{"@type":"Organization","@id":"https:\/\/www.3lo.walbrzych.pl\/wordpress\/#organization","name":"III Liceum Og\u00f3lnokszta\u0142c\u0105ce im. Miko\u0142aja Kopernika","url":"https:\/\/www.3lo.walbrzych.pl\/wordpress\/","logo":{"@type":"ImageObject","inLanguage":"pl-PL","@id":"https:\/\/www.3lo.walbrzych.pl\/wordpress\/#\/schema\/logo\/image\/","url":"https:\/\/www.3lo.walbrzych.pl\/wordpress\/wp-content\/uploads\/2025\/09\/logo-szkoly-scaled.jpg","contentUrl":"https:\/\/www.3lo.walbrzych.pl\/wordpress\/wp-content\/uploads\/2025\/09\/logo-szkoly-scaled.jpg","width":2560,"height":914,"caption":"III Liceum Og\u00f3lnokszta\u0142c\u0105ce im. Miko\u0142aja Kopernika"},"image":{"@id":"https:\/\/www.3lo.walbrzych.pl\/wordpress\/#\/schema\/logo\/image\/"}},{"@type":"Person","@id":"https:\/\/www.3lo.walbrzych.pl\/wordpress\/#\/schema\/person\/a5a3335dddd08a52fc05f69d575fd448","name":"Tomasz Smejlis","url":"https:\/\/www.3lo.walbrzych.pl\/wordpress\/author\/tfox\/"}]}},"_links":{"self":[{"href":"https:\/\/www.3lo.walbrzych.pl\/wordpress\/wp-json\/wp\/v2\/posts\/8176","targetHints":{"allow":["GET"]}}],"collection":[{"href":"https:\/\/www.3lo.walbrzych.pl\/wordpress\/wp-json\/wp\/v2\/posts"}],"about":[{"href":"https:\/\/www.3lo.walbrzych.pl\/wordpress\/wp-json\/wp\/v2\/types\/post"}],"author":[{"embeddable":true,"href":"https:\/\/www.3lo.walbrzych.pl\/wordpress\/wp-json\/wp\/v2\/users\/4"}],"replies":[{"embeddable":true,"href":"https:\/\/www.3lo.walbrzych.pl\/wordpress\/wp-json\/wp\/v2\/comments?post=8176"}],"version-history":[{"count":1,"href":"https:\/\/www.3lo.walbrzych.pl\/wordpress\/wp-json\/wp\/v2\/posts\/8176\/revisions"}],"predecessor-version":[{"id":8183,"href":"https:\/\/www.3lo.walbrzych.pl\/wordpress\/wp-json\/wp\/v2\/posts\/8176\/revisions\/8183"}],"wp:featuredmedia":[{"embeddable":true,"href":"https:\/\/www.3lo.walbrzych.pl\/wordpress\/wp-json\/wp\/v2\/media\/7943"}],"wp:attachment":[{"href":"https:\/\/www.3lo.walbrzych.pl\/wordpress\/wp-json\/wp\/v2\/media?parent=8176"}],"wp:term":[{"taxonomy":"category","embeddable":true,"href":"https:\/\/www.3lo.walbrzych.pl\/wordpress\/wp-json\/wp\/v2\/categories?post=8176"},{"taxonomy":"post_tag","embeddable":true,"href":"https:\/\/www.3lo.walbrzych.pl\/wordpress\/wp-json\/wp\/v2\/tags?post=8176"}],"curies":[{"name":"wp","href":"https:\/\/api.w.org\/{rel}","templated":true}]}}