{"id":8287,"date":"2025-09-10T07:43:00","date_gmt":"2025-09-10T05:43:00","guid":{"rendered":"https:\/\/www.3lo.walbrzych.pl\/wordpress\/?p=8287"},"modified":"2025-09-09T07:45:44","modified_gmt":"2025-09-09T05:45:44","slug":"otwarcie-sezonu-w-szaniawskx","status":"publish","type":"post","link":"https:\/\/www.3lo.walbrzych.pl\/wordpress\/otwarcie-sezonu-w-szaniawskx\/","title":{"rendered":"Otwarcie sezonu w Szaniawskx"},"content":{"rendered":"\n<p class=\"wp-block-paragraph\">Bardzo si\u0119 cieszymy, \u017ce w pi\u0105tek rozpocz\u0119li\u015bmy nowy sezon w Teatrze Dramatycznym SzaniawskiX! Okazuje si\u0119, \u017ce w nieca\u0142e dwie godziny mo\u017cna prze\u017cy\u0107 kilkadziesi\u0105t (albo nawet kilkaset) lat naszej Wa\u0142brzyskiej historii. Jest ona spektakularna &#8211; bez w\u0105tpienia. I mo\u017cna oczywi\u015bcie przeczyta\u0107 tomy podr\u0119cznik\u00f3w, przewodnik\u00f3w, opracowa\u0144, ale mo\u017cna te\u017c zobaczy\u0107 spektakl ,,Sceny z \u017cycia pobo\u017cnych mieszka\u0144c\u00f3w Waldenburga\u201d. I jak w ka\u017cdej historii w teatrze do\u015bwiadczy\u0107 \u015bmiechu, l\u0119ku, strachu, \u0142ez, ale przede wszystkim zrozumienia naszego dziedzictwa.<br>Dzi\u0119kujemy Pani Renacie Ambro\u017cak &#8211; pedago\u017cce teatru, za wprowadzenie do spektaklu, za spotkanie z Krzysztofem Wo\u017aniakiem i Mateuszem Flisem i mo\u017cliwo\u015b\u0107 rozmowy, interpretacji i wys\u0142uchania naszych spostrze\u017ce\u0144.<\/p>\n\n\n\n<p class=\"wp-block-paragraph\">Do zobaczenia w Teatrze\ud83e\udd70<\/p>\n\n\n\n<figure class=\"wp-block-image size-large\"><a href=\"https:\/\/www.3lo.walbrzych.pl\/wordpress\/wp-content\/uploads\/2025\/09\/IMG-2318.jpeg\"><img loading=\"lazy\" decoding=\"async\" width=\"1024\" height=\"768\" src=\"https:\/\/www.3lo.walbrzych.pl\/wordpress\/wp-content\/uploads\/2025\/09\/IMG-2318-1024x768.jpeg\" alt=\"\" class=\"wp-image-8289\" srcset=\"https:\/\/www.3lo.walbrzych.pl\/wordpress\/wp-content\/uploads\/2025\/09\/IMG-2318-1024x768.jpeg 1024w, https:\/\/www.3lo.walbrzych.pl\/wordpress\/wp-content\/uploads\/2025\/09\/IMG-2318-300x225.jpeg 300w, https:\/\/www.3lo.walbrzych.pl\/wordpress\/wp-content\/uploads\/2025\/09\/IMG-2318-768x576.jpeg 768w, https:\/\/www.3lo.walbrzych.pl\/wordpress\/wp-content\/uploads\/2025\/09\/IMG-2318-1536x1152.jpeg 1536w, https:\/\/www.3lo.walbrzych.pl\/wordpress\/wp-content\/uploads\/2025\/09\/IMG-2318.jpeg 2000w\" sizes=\"auto, (max-width: 1024px) 100vw, 1024px\" \/><\/a><\/figure>\n","protected":false},"excerpt":{"rendered":"<p>Bardzo si\u0119 cieszymy, \u017ce w pi\u0105tek rozpocz\u0119li\u015bmy nowy sezon w Teatrze Dramatycznym SzaniawskiX! Okazuje si\u0119, \u017ce w nieca\u0142e dwie godziny mo\u017cna prze\u017cy\u0107 kilkadziesi\u0105t (albo nawet kilkaset) lat naszej Wa\u0142brzyskiej historii. Jest ona spektakularna &#8211; bez w\u0105tpienia. I mo\u017cna oczywi\u015bcie przeczyta\u0107 tomy podr\u0119cznik\u00f3w, przewodnik\u00f3w, opracowa\u0144, ale mo\u017cna te\u017c zobaczy\u0107 spektakl ,,Sceny z \u017cycia pobo\u017cnych mieszka\u0144c\u00f3w Waldenburga\u201d. [&hellip;]<\/p>\n","protected":false},"author":4,"featured_media":8288,"comment_status":"closed","ping_status":"closed","sticky":false,"template":"","format":"standard","meta":{"footnotes":""},"categories":[19],"tags":[],"class_list":["post-8287","post","type-post","status-publish","format-standard","has-post-thumbnail","hentry","category-aktualnosci"],"yoast_head":"<!-- This site is optimized with the Yoast SEO plugin v28.4 - https:\/\/yoast.com\/product\/yoast-seo-wordpress\/ -->\n<title>Otwarcie sezonu w Szaniawskx - III Liceum Og\u00f3lnokszta\u0142c\u0105ce im. Miko\u0142aja Kopernika<\/title>\n<meta name=\"robots\" content=\"index, follow, max-snippet:-1, max-image-preview:large, max-video-preview:-1\" \/>\n<link rel=\"canonical\" href=\"https:\/\/www.3lo.walbrzych.pl\/wordpress\/otwarcie-sezonu-w-szaniawskx\/\" \/>\n<meta property=\"og:locale\" content=\"pl_PL\" \/>\n<meta property=\"og:type\" content=\"article\" \/>\n<meta property=\"og:title\" content=\"Otwarcie sezonu w Szaniawskx - III Liceum Og\u00f3lnokszta\u0142c\u0105ce im. Miko\u0142aja Kopernika\" \/>\n<meta property=\"og:description\" content=\"Bardzo si\u0119 cieszymy, \u017ce w pi\u0105tek rozpocz\u0119li\u015bmy nowy sezon w Teatrze Dramatycznym SzaniawskiX! Okazuje si\u0119, \u017ce w nieca\u0142e dwie godziny mo\u017cna prze\u017cy\u0107 kilkadziesi\u0105t (albo nawet kilkaset) lat naszej Wa\u0142brzyskiej historii. Jest ona spektakularna &#8211; bez w\u0105tpienia. I mo\u017cna oczywi\u015bcie przeczyta\u0107 tomy podr\u0119cznik\u00f3w, przewodnik\u00f3w, opracowa\u0144, ale mo\u017cna te\u017c zobaczy\u0107 spektakl ,,Sceny z \u017cycia pobo\u017cnych mieszka\u0144c\u00f3w Waldenburga\u201d. [&hellip;]\" \/>\n<meta property=\"og:url\" content=\"https:\/\/www.3lo.walbrzych.pl\/wordpress\/otwarcie-sezonu-w-szaniawskx\/\" \/>\n<meta property=\"og:site_name\" content=\"III Liceum Og\u00f3lnokszta\u0142c\u0105ce im. Miko\u0142aja Kopernika\" \/>\n<meta property=\"article:published_time\" content=\"2025-09-10T05:43:00+00:00\" \/>\n<meta property=\"og:image\" content=\"https:\/\/www.3lo.walbrzych.pl\/wordpress\/wp-content\/uploads\/2025\/09\/IMG-2328.jpeg\" \/>\n\t<meta property=\"og:image:width\" content=\"2000\" \/>\n\t<meta property=\"og:image:height\" content=\"1500\" \/>\n\t<meta property=\"og:image:type\" content=\"image\/jpeg\" \/>\n<meta name=\"author\" content=\"Tomasz Smejlis\" \/>\n<meta name=\"twitter:card\" content=\"summary_large_image\" \/>\n<meta name=\"twitter:label1\" content=\"Napisane przez\" \/>\n\t<meta name=\"twitter:data1\" content=\"Tomasz Smejlis\" \/>\n\t<meta name=\"twitter:label2\" content=\"Szacowany czas czytania\" \/>\n\t<meta name=\"twitter:data2\" content=\"2 minuty\" \/>\n<script type=\"application\/ld+json\" class=\"yoast-schema-graph\">{\"@context\":\"https:\\\/\\\/schema.org\",\"@graph\":[{\"@type\":\"Article\",\"@id\":\"https:\\\/\\\/www.3lo.walbrzych.pl\\\/wordpress\\\/otwarcie-sezonu-w-szaniawskx\\\/#article\",\"isPartOf\":{\"@id\":\"https:\\\/\\\/www.3lo.walbrzych.pl\\\/wordpress\\\/otwarcie-sezonu-w-szaniawskx\\\/\"},\"author\":{\"name\":\"Tomasz Smejlis\",\"@id\":\"https:\\\/\\\/www.3lo.walbrzych.pl\\\/wordpress\\\/#\\\/schema\\\/person\\\/a5a3335dddd08a52fc05f69d575fd448\"},\"headline\":\"Otwarcie sezonu w Szaniawskx\",\"datePublished\":\"2025-09-10T05:43:00+00:00\",\"mainEntityOfPage\":{\"@id\":\"https:\\\/\\\/www.3lo.walbrzych.pl\\\/wordpress\\\/otwarcie-sezonu-w-szaniawskx\\\/\"},\"wordCount\":136,\"publisher\":{\"@id\":\"https:\\\/\\\/www.3lo.walbrzych.pl\\\/wordpress\\\/#organization\"},\"image\":{\"@id\":\"https:\\\/\\\/www.3lo.walbrzych.pl\\\/wordpress\\\/otwarcie-sezonu-w-szaniawskx\\\/#primaryimage\"},\"thumbnailUrl\":\"https:\\\/\\\/www.3lo.walbrzych.pl\\\/wordpress\\\/wp-content\\\/uploads\\\/2025\\\/09\\\/IMG-2328.jpeg\",\"articleSection\":[\"Aktualno\u015bci\"],\"inLanguage\":\"pl-PL\"},{\"@type\":\"WebPage\",\"@id\":\"https:\\\/\\\/www.3lo.walbrzych.pl\\\/wordpress\\\/otwarcie-sezonu-w-szaniawskx\\\/\",\"url\":\"https:\\\/\\\/www.3lo.walbrzych.pl\\\/wordpress\\\/otwarcie-sezonu-w-szaniawskx\\\/\",\"name\":\"Otwarcie sezonu w Szaniawskx - III Liceum Og\u00f3lnokszta\u0142c\u0105ce im. Miko\u0142aja Kopernika\",\"isPartOf\":{\"@id\":\"https:\\\/\\\/www.3lo.walbrzych.pl\\\/wordpress\\\/#website\"},\"primaryImageOfPage\":{\"@id\":\"https:\\\/\\\/www.3lo.walbrzych.pl\\\/wordpress\\\/otwarcie-sezonu-w-szaniawskx\\\/#primaryimage\"},\"image\":{\"@id\":\"https:\\\/\\\/www.3lo.walbrzych.pl\\\/wordpress\\\/otwarcie-sezonu-w-szaniawskx\\\/#primaryimage\"},\"thumbnailUrl\":\"https:\\\/\\\/www.3lo.walbrzych.pl\\\/wordpress\\\/wp-content\\\/uploads\\\/2025\\\/09\\\/IMG-2328.jpeg\",\"datePublished\":\"2025-09-10T05:43:00+00:00\",\"breadcrumb\":{\"@id\":\"https:\\\/\\\/www.3lo.walbrzych.pl\\\/wordpress\\\/otwarcie-sezonu-w-szaniawskx\\\/#breadcrumb\"},\"inLanguage\":\"pl-PL\",\"potentialAction\":[{\"@type\":\"ReadAction\",\"target\":[\"https:\\\/\\\/www.3lo.walbrzych.pl\\\/wordpress\\\/otwarcie-sezonu-w-szaniawskx\\\/\"]}]},{\"@type\":\"ImageObject\",\"inLanguage\":\"pl-PL\",\"@id\":\"https:\\\/\\\/www.3lo.walbrzych.pl\\\/wordpress\\\/otwarcie-sezonu-w-szaniawskx\\\/#primaryimage\",\"url\":\"https:\\\/\\\/www.3lo.walbrzych.pl\\\/wordpress\\\/wp-content\\\/uploads\\\/2025\\\/09\\\/IMG-2328.jpeg\",\"contentUrl\":\"https:\\\/\\\/www.3lo.walbrzych.pl\\\/wordpress\\\/wp-content\\\/uploads\\\/2025\\\/09\\\/IMG-2328.jpeg\",\"width\":2000,\"height\":1500},{\"@type\":\"BreadcrumbList\",\"@id\":\"https:\\\/\\\/www.3lo.walbrzych.pl\\\/wordpress\\\/otwarcie-sezonu-w-szaniawskx\\\/#breadcrumb\",\"itemListElement\":[{\"@type\":\"ListItem\",\"position\":1,\"name\":\"Strona g\u0142\u00f3wna\",\"item\":\"https:\\\/\\\/www.3lo.walbrzych.pl\\\/wordpress\\\/\"},{\"@type\":\"ListItem\",\"position\":2,\"name\":\"Otwarcie sezonu w Szaniawskx\"}]},{\"@type\":\"WebSite\",\"@id\":\"https:\\\/\\\/www.3lo.walbrzych.pl\\\/wordpress\\\/#website\",\"url\":\"https:\\\/\\\/www.3lo.walbrzych.pl\\\/wordpress\\\/\",\"name\":\"III Liceum Og\u00f3lnokszta\u0142c\u0105ce im. Miko\u0142aja Kopernika\",\"description\":\"\",\"publisher\":{\"@id\":\"https:\\\/\\\/www.3lo.walbrzych.pl\\\/wordpress\\\/#organization\"},\"potentialAction\":[{\"@type\":\"SearchAction\",\"target\":{\"@type\":\"EntryPoint\",\"urlTemplate\":\"https:\\\/\\\/www.3lo.walbrzych.pl\\\/wordpress\\\/?s={search_term_string}\"},\"query-input\":{\"@type\":\"PropertyValueSpecification\",\"valueRequired\":true,\"valueName\":\"search_term_string\"}}],\"inLanguage\":\"pl-PL\"},{\"@type\":\"Organization\",\"@id\":\"https:\\\/\\\/www.3lo.walbrzych.pl\\\/wordpress\\\/#organization\",\"name\":\"III Liceum Og\u00f3lnokszta\u0142c\u0105ce im. Miko\u0142aja Kopernika\",\"url\":\"https:\\\/\\\/www.3lo.walbrzych.pl\\\/wordpress\\\/\",\"logo\":{\"@type\":\"ImageObject\",\"inLanguage\":\"pl-PL\",\"@id\":\"https:\\\/\\\/www.3lo.walbrzych.pl\\\/wordpress\\\/#\\\/schema\\\/logo\\\/image\\\/\",\"url\":\"https:\\\/\\\/www.3lo.walbrzych.pl\\\/wordpress\\\/wp-content\\\/uploads\\\/2025\\\/09\\\/logo-szkoly-scaled.jpg\",\"contentUrl\":\"https:\\\/\\\/www.3lo.walbrzych.pl\\\/wordpress\\\/wp-content\\\/uploads\\\/2025\\\/09\\\/logo-szkoly-scaled.jpg\",\"width\":2560,\"height\":914,\"caption\":\"III Liceum Og\u00f3lnokszta\u0142c\u0105ce im. Miko\u0142aja Kopernika\"},\"image\":{\"@id\":\"https:\\\/\\\/www.3lo.walbrzych.pl\\\/wordpress\\\/#\\\/schema\\\/logo\\\/image\\\/\"}},{\"@type\":\"Person\",\"@id\":\"https:\\\/\\\/www.3lo.walbrzych.pl\\\/wordpress\\\/#\\\/schema\\\/person\\\/a5a3335dddd08a52fc05f69d575fd448\",\"name\":\"Tomasz Smejlis\",\"url\":\"https:\\\/\\\/www.3lo.walbrzych.pl\\\/wordpress\\\/author\\\/tfox\\\/\"}]}<\/script>\n<!-- \/ Yoast SEO plugin. -->","yoast_head_json":{"title":"Otwarcie sezonu w Szaniawskx - III Liceum Og\u00f3lnokszta\u0142c\u0105ce im. Miko\u0142aja Kopernika","robots":{"index":"index","follow":"follow","max-snippet":"max-snippet:-1","max-image-preview":"max-image-preview:large","max-video-preview":"max-video-preview:-1"},"canonical":"https:\/\/www.3lo.walbrzych.pl\/wordpress\/otwarcie-sezonu-w-szaniawskx\/","og_locale":"pl_PL","og_type":"article","og_title":"Otwarcie sezonu w Szaniawskx - III Liceum Og\u00f3lnokszta\u0142c\u0105ce im. Miko\u0142aja Kopernika","og_description":"Bardzo si\u0119 cieszymy, \u017ce w pi\u0105tek rozpocz\u0119li\u015bmy nowy sezon w Teatrze Dramatycznym SzaniawskiX! Okazuje si\u0119, \u017ce w nieca\u0142e dwie godziny mo\u017cna prze\u017cy\u0107 kilkadziesi\u0105t (albo nawet kilkaset) lat naszej Wa\u0142brzyskiej historii. Jest ona spektakularna &#8211; bez w\u0105tpienia. I mo\u017cna oczywi\u015bcie przeczyta\u0107 tomy podr\u0119cznik\u00f3w, przewodnik\u00f3w, opracowa\u0144, ale mo\u017cna te\u017c zobaczy\u0107 spektakl ,,Sceny z \u017cycia pobo\u017cnych mieszka\u0144c\u00f3w Waldenburga\u201d. [&hellip;]","og_url":"https:\/\/www.3lo.walbrzych.pl\/wordpress\/otwarcie-sezonu-w-szaniawskx\/","og_site_name":"III Liceum Og\u00f3lnokszta\u0142c\u0105ce im. Miko\u0142aja Kopernika","article_published_time":"2025-09-10T05:43:00+00:00","og_image":[{"width":2000,"height":1500,"url":"https:\/\/www.3lo.walbrzych.pl\/wordpress\/wp-content\/uploads\/2025\/09\/IMG-2328.jpeg","type":"image\/jpeg"}],"author":"Tomasz Smejlis","twitter_card":"summary_large_image","twitter_misc":{"Napisane przez":"Tomasz Smejlis","Szacowany czas czytania":"2 minuty"},"schema":{"@context":"https:\/\/schema.org","@graph":[{"@type":"Article","@id":"https:\/\/www.3lo.walbrzych.pl\/wordpress\/otwarcie-sezonu-w-szaniawskx\/#article","isPartOf":{"@id":"https:\/\/www.3lo.walbrzych.pl\/wordpress\/otwarcie-sezonu-w-szaniawskx\/"},"author":{"name":"Tomasz Smejlis","@id":"https:\/\/www.3lo.walbrzych.pl\/wordpress\/#\/schema\/person\/a5a3335dddd08a52fc05f69d575fd448"},"headline":"Otwarcie sezonu w Szaniawskx","datePublished":"2025-09-10T05:43:00+00:00","mainEntityOfPage":{"@id":"https:\/\/www.3lo.walbrzych.pl\/wordpress\/otwarcie-sezonu-w-szaniawskx\/"},"wordCount":136,"publisher":{"@id":"https:\/\/www.3lo.walbrzych.pl\/wordpress\/#organization"},"image":{"@id":"https:\/\/www.3lo.walbrzych.pl\/wordpress\/otwarcie-sezonu-w-szaniawskx\/#primaryimage"},"thumbnailUrl":"https:\/\/www.3lo.walbrzych.pl\/wordpress\/wp-content\/uploads\/2025\/09\/IMG-2328.jpeg","articleSection":["Aktualno\u015bci"],"inLanguage":"pl-PL"},{"@type":"WebPage","@id":"https:\/\/www.3lo.walbrzych.pl\/wordpress\/otwarcie-sezonu-w-szaniawskx\/","url":"https:\/\/www.3lo.walbrzych.pl\/wordpress\/otwarcie-sezonu-w-szaniawskx\/","name":"Otwarcie sezonu w Szaniawskx - III Liceum Og\u00f3lnokszta\u0142c\u0105ce im. Miko\u0142aja Kopernika","isPartOf":{"@id":"https:\/\/www.3lo.walbrzych.pl\/wordpress\/#website"},"primaryImageOfPage":{"@id":"https:\/\/www.3lo.walbrzych.pl\/wordpress\/otwarcie-sezonu-w-szaniawskx\/#primaryimage"},"image":{"@id":"https:\/\/www.3lo.walbrzych.pl\/wordpress\/otwarcie-sezonu-w-szaniawskx\/#primaryimage"},"thumbnailUrl":"https:\/\/www.3lo.walbrzych.pl\/wordpress\/wp-content\/uploads\/2025\/09\/IMG-2328.jpeg","datePublished":"2025-09-10T05:43:00+00:00","breadcrumb":{"@id":"https:\/\/www.3lo.walbrzych.pl\/wordpress\/otwarcie-sezonu-w-szaniawskx\/#breadcrumb"},"inLanguage":"pl-PL","potentialAction":[{"@type":"ReadAction","target":["https:\/\/www.3lo.walbrzych.pl\/wordpress\/otwarcie-sezonu-w-szaniawskx\/"]}]},{"@type":"ImageObject","inLanguage":"pl-PL","@id":"https:\/\/www.3lo.walbrzych.pl\/wordpress\/otwarcie-sezonu-w-szaniawskx\/#primaryimage","url":"https:\/\/www.3lo.walbrzych.pl\/wordpress\/wp-content\/uploads\/2025\/09\/IMG-2328.jpeg","contentUrl":"https:\/\/www.3lo.walbrzych.pl\/wordpress\/wp-content\/uploads\/2025\/09\/IMG-2328.jpeg","width":2000,"height":1500},{"@type":"BreadcrumbList","@id":"https:\/\/www.3lo.walbrzych.pl\/wordpress\/otwarcie-sezonu-w-szaniawskx\/#breadcrumb","itemListElement":[{"@type":"ListItem","position":1,"name":"Strona g\u0142\u00f3wna","item":"https:\/\/www.3lo.walbrzych.pl\/wordpress\/"},{"@type":"ListItem","position":2,"name":"Otwarcie sezonu w Szaniawskx"}]},{"@type":"WebSite","@id":"https:\/\/www.3lo.walbrzych.pl\/wordpress\/#website","url":"https:\/\/www.3lo.walbrzych.pl\/wordpress\/","name":"III Liceum Og\u00f3lnokszta\u0142c\u0105ce im. Miko\u0142aja Kopernika","description":"","publisher":{"@id":"https:\/\/www.3lo.walbrzych.pl\/wordpress\/#organization"},"potentialAction":[{"@type":"SearchAction","target":{"@type":"EntryPoint","urlTemplate":"https:\/\/www.3lo.walbrzych.pl\/wordpress\/?s={search_term_string}"},"query-input":{"@type":"PropertyValueSpecification","valueRequired":true,"valueName":"search_term_string"}}],"inLanguage":"pl-PL"},{"@type":"Organization","@id":"https:\/\/www.3lo.walbrzych.pl\/wordpress\/#organization","name":"III Liceum Og\u00f3lnokszta\u0142c\u0105ce im. Miko\u0142aja Kopernika","url":"https:\/\/www.3lo.walbrzych.pl\/wordpress\/","logo":{"@type":"ImageObject","inLanguage":"pl-PL","@id":"https:\/\/www.3lo.walbrzych.pl\/wordpress\/#\/schema\/logo\/image\/","url":"https:\/\/www.3lo.walbrzych.pl\/wordpress\/wp-content\/uploads\/2025\/09\/logo-szkoly-scaled.jpg","contentUrl":"https:\/\/www.3lo.walbrzych.pl\/wordpress\/wp-content\/uploads\/2025\/09\/logo-szkoly-scaled.jpg","width":2560,"height":914,"caption":"III Liceum Og\u00f3lnokszta\u0142c\u0105ce im. Miko\u0142aja Kopernika"},"image":{"@id":"https:\/\/www.3lo.walbrzych.pl\/wordpress\/#\/schema\/logo\/image\/"}},{"@type":"Person","@id":"https:\/\/www.3lo.walbrzych.pl\/wordpress\/#\/schema\/person\/a5a3335dddd08a52fc05f69d575fd448","name":"Tomasz Smejlis","url":"https:\/\/www.3lo.walbrzych.pl\/wordpress\/author\/tfox\/"}]}},"_links":{"self":[{"href":"https:\/\/www.3lo.walbrzych.pl\/wordpress\/wp-json\/wp\/v2\/posts\/8287","targetHints":{"allow":["GET"]}}],"collection":[{"href":"https:\/\/www.3lo.walbrzych.pl\/wordpress\/wp-json\/wp\/v2\/posts"}],"about":[{"href":"https:\/\/www.3lo.walbrzych.pl\/wordpress\/wp-json\/wp\/v2\/types\/post"}],"author":[{"embeddable":true,"href":"https:\/\/www.3lo.walbrzych.pl\/wordpress\/wp-json\/wp\/v2\/users\/4"}],"replies":[{"embeddable":true,"href":"https:\/\/www.3lo.walbrzych.pl\/wordpress\/wp-json\/wp\/v2\/comments?post=8287"}],"version-history":[{"count":1,"href":"https:\/\/www.3lo.walbrzych.pl\/wordpress\/wp-json\/wp\/v2\/posts\/8287\/revisions"}],"predecessor-version":[{"id":8290,"href":"https:\/\/www.3lo.walbrzych.pl\/wordpress\/wp-json\/wp\/v2\/posts\/8287\/revisions\/8290"}],"wp:featuredmedia":[{"embeddable":true,"href":"https:\/\/www.3lo.walbrzych.pl\/wordpress\/wp-json\/wp\/v2\/media\/8288"}],"wp:attachment":[{"href":"https:\/\/www.3lo.walbrzych.pl\/wordpress\/wp-json\/wp\/v2\/media?parent=8287"}],"wp:term":[{"taxonomy":"category","embeddable":true,"href":"https:\/\/www.3lo.walbrzych.pl\/wordpress\/wp-json\/wp\/v2\/categories?post=8287"},{"taxonomy":"post_tag","embeddable":true,"href":"https:\/\/www.3lo.walbrzych.pl\/wordpress\/wp-json\/wp\/v2\/tags?post=8287"}],"curies":[{"name":"wp","href":"https:\/\/api.w.org\/{rel}","templated":true}]}}