{"id":8322,"date":"2025-09-27T13:15:44","date_gmt":"2025-09-27T11:15:44","guid":{"rendered":"https:\/\/www.3lo.walbrzych.pl\/wordpress\/?p=8322"},"modified":"2025-09-26T13:18:03","modified_gmt":"2025-09-26T11:18:03","slug":"gargantua-i-pantagruel-w-opactwie-theleme-spektakl-teatru-dramatycznego","status":"publish","type":"post","link":"https:\/\/www.3lo.walbrzych.pl\/wordpress\/gargantua-i-pantagruel-w-opactwie-theleme-spektakl-teatru-dramatycznego\/","title":{"rendered":"Gargantua i Pantagruel. W opactwie Theleme &#8211; spektakl Teatru Dramatycznego"},"content":{"rendered":"\n<p class=\"wp-block-paragraph\">To by\u0142 dla nas d\u0142ugi dzie\u0144, a troch\u0119 kr\u00f3tsza noc. Ale warto by\u0142o \ud83e\udd70 dla rozmowy z Angelik\u0105 Cegielsk\u0105 i Czes\u0142awem Skwarkiem &#8211; zawsze\ud83e\udd70 W \u015brod\u0119 rozpocz\u0105\u0142 si\u0119 przegl\u0105d premier MOC w Teatrze Dramatycznym SzaniawskiX i przenios\u0142o nas do \u015bwiata pe\u0142nego humoru, zabawy, absurdu i \u2026. przyjemno\u015bci wszelakich. ,,Gargantua i Pantagruel. W opactwie Theleme\u201d to rozgrzewaj\u0105ca podr\u00f3\u017c do przestrzeni i czasu , w kt\u00f3rych wszystko jest na opak, ale za to rado\u015bnie i szcz\u0119\u015bliwie (do pewnego momentu oczywi\u015bcie). Bardzo serdecznie dzi\u0119kujemy Pani Renacie Ambro\u017cak &#8211; pedago\u017cce teatru, za spotkanie z nami, wprowadzenie i rozmow\u0119\ud83e\udd29 Zapraszamy na wyj\u015bcia do teatru z nami. \ud83e\udd70<\/p>\n\n\n\n<p class=\"wp-block-paragraph\"><\/p>\n","protected":false},"excerpt":{"rendered":"<p>To by\u0142 dla nas d\u0142ugi dzie\u0144, a troch\u0119 kr\u00f3tsza noc. Ale warto by\u0142o \ud83e\udd70 dla rozmowy z Angelik\u0105 Cegielsk\u0105 i Czes\u0142awem Skwarkiem &#8211; zawsze\ud83e\udd70 W \u015brod\u0119 rozpocz\u0105\u0142 si\u0119 przegl\u0105d premier MOC w Teatrze Dramatycznym SzaniawskiX i przenios\u0142o nas do \u015bwiata pe\u0142nego humoru, zabawy, absurdu i \u2026. przyjemno\u015bci wszelakich. ,,Gargantua i Pantagruel. W opactwie Theleme\u201d to [&hellip;]<\/p>\n","protected":false},"author":4,"featured_media":8323,"comment_status":"closed","ping_status":"closed","sticky":false,"template":"","format":"standard","meta":{"footnotes":""},"categories":[1],"tags":[],"class_list":["post-8322","post","type-post","status-publish","format-standard","has-post-thumbnail","hentry","category-bez-kategorii"],"yoast_head":"<!-- This site is optimized with the Yoast SEO plugin v28.4 - https:\/\/yoast.com\/product\/yoast-seo-wordpress\/ -->\n<title>Gargantua i Pantagruel. W opactwie Theleme - spektakl Teatru Dramatycznego - III Liceum Og\u00f3lnokszta\u0142c\u0105ce im. Miko\u0142aja Kopernika<\/title>\n<meta name=\"robots\" content=\"index, follow, max-snippet:-1, max-image-preview:large, max-video-preview:-1\" \/>\n<link rel=\"canonical\" href=\"https:\/\/www.3lo.walbrzych.pl\/wordpress\/gargantua-i-pantagruel-w-opactwie-theleme-spektakl-teatru-dramatycznego\/\" \/>\n<meta property=\"og:locale\" content=\"pl_PL\" \/>\n<meta property=\"og:type\" content=\"article\" \/>\n<meta property=\"og:title\" content=\"Gargantua i Pantagruel. W opactwie Theleme - spektakl Teatru Dramatycznego - III Liceum Og\u00f3lnokszta\u0142c\u0105ce im. Miko\u0142aja Kopernika\" \/>\n<meta property=\"og:description\" content=\"To by\u0142 dla nas d\u0142ugi dzie\u0144, a troch\u0119 kr\u00f3tsza noc. Ale warto by\u0142o \ud83e\udd70 dla rozmowy z Angelik\u0105 Cegielsk\u0105 i Czes\u0142awem Skwarkiem &#8211; zawsze\ud83e\udd70 W \u015brod\u0119 rozpocz\u0105\u0142 si\u0119 przegl\u0105d premier MOC w Teatrze Dramatycznym SzaniawskiX i przenios\u0142o nas do \u015bwiata pe\u0142nego humoru, zabawy, absurdu i \u2026. przyjemno\u015bci wszelakich. ,,Gargantua i Pantagruel. W opactwie Theleme\u201d to [&hellip;]\" \/>\n<meta property=\"og:url\" content=\"https:\/\/www.3lo.walbrzych.pl\/wordpress\/gargantua-i-pantagruel-w-opactwie-theleme-spektakl-teatru-dramatycznego\/\" \/>\n<meta property=\"og:site_name\" content=\"III Liceum Og\u00f3lnokszta\u0142c\u0105ce im. Miko\u0142aja Kopernika\" \/>\n<meta property=\"article:published_time\" content=\"2025-09-27T11:15:44+00:00\" \/>\n<meta property=\"og:image\" content=\"https:\/\/www.3lo.walbrzych.pl\/wordpress\/wp-content\/uploads\/2025\/09\/IMG-2577.jpeg\" \/>\n\t<meta property=\"og:image:width\" content=\"2000\" \/>\n\t<meta property=\"og:image:height\" content=\"1500\" \/>\n\t<meta property=\"og:image:type\" content=\"image\/jpeg\" \/>\n<meta name=\"author\" content=\"Tomasz Smejlis\" \/>\n<meta name=\"twitter:card\" content=\"summary_large_image\" \/>\n<meta name=\"twitter:label1\" content=\"Napisane przez\" \/>\n\t<meta name=\"twitter:data1\" content=\"Tomasz Smejlis\" \/>\n\t<meta name=\"twitter:label2\" content=\"Szacowany czas czytania\" \/>\n\t<meta name=\"twitter:data2\" content=\"1 minuta\" \/>\n<script type=\"application\/ld+json\" class=\"yoast-schema-graph\">{\"@context\":\"https:\\\/\\\/schema.org\",\"@graph\":[{\"@type\":\"Article\",\"@id\":\"https:\\\/\\\/www.3lo.walbrzych.pl\\\/wordpress\\\/gargantua-i-pantagruel-w-opactwie-theleme-spektakl-teatru-dramatycznego\\\/#article\",\"isPartOf\":{\"@id\":\"https:\\\/\\\/www.3lo.walbrzych.pl\\\/wordpress\\\/gargantua-i-pantagruel-w-opactwie-theleme-spektakl-teatru-dramatycznego\\\/\"},\"author\":{\"name\":\"Tomasz Smejlis\",\"@id\":\"https:\\\/\\\/www.3lo.walbrzych.pl\\\/wordpress\\\/#\\\/schema\\\/person\\\/a5a3335dddd08a52fc05f69d575fd448\"},\"headline\":\"Gargantua i Pantagruel. W opactwie Theleme &#8211; spektakl Teatru Dramatycznego\",\"datePublished\":\"2025-09-27T11:15:44+00:00\",\"mainEntityOfPage\":{\"@id\":\"https:\\\/\\\/www.3lo.walbrzych.pl\\\/wordpress\\\/gargantua-i-pantagruel-w-opactwie-theleme-spektakl-teatru-dramatycznego\\\/\"},\"wordCount\":125,\"publisher\":{\"@id\":\"https:\\\/\\\/www.3lo.walbrzych.pl\\\/wordpress\\\/#organization\"},\"image\":{\"@id\":\"https:\\\/\\\/www.3lo.walbrzych.pl\\\/wordpress\\\/gargantua-i-pantagruel-w-opactwie-theleme-spektakl-teatru-dramatycznego\\\/#primaryimage\"},\"thumbnailUrl\":\"https:\\\/\\\/www.3lo.walbrzych.pl\\\/wordpress\\\/wp-content\\\/uploads\\\/2025\\\/09\\\/IMG-2577.jpeg\",\"inLanguage\":\"pl-PL\"},{\"@type\":\"WebPage\",\"@id\":\"https:\\\/\\\/www.3lo.walbrzych.pl\\\/wordpress\\\/gargantua-i-pantagruel-w-opactwie-theleme-spektakl-teatru-dramatycznego\\\/\",\"url\":\"https:\\\/\\\/www.3lo.walbrzych.pl\\\/wordpress\\\/gargantua-i-pantagruel-w-opactwie-theleme-spektakl-teatru-dramatycznego\\\/\",\"name\":\"Gargantua i Pantagruel. W opactwie Theleme - spektakl Teatru Dramatycznego - III Liceum Og\u00f3lnokszta\u0142c\u0105ce im. Miko\u0142aja Kopernika\",\"isPartOf\":{\"@id\":\"https:\\\/\\\/www.3lo.walbrzych.pl\\\/wordpress\\\/#website\"},\"primaryImageOfPage\":{\"@id\":\"https:\\\/\\\/www.3lo.walbrzych.pl\\\/wordpress\\\/gargantua-i-pantagruel-w-opactwie-theleme-spektakl-teatru-dramatycznego\\\/#primaryimage\"},\"image\":{\"@id\":\"https:\\\/\\\/www.3lo.walbrzych.pl\\\/wordpress\\\/gargantua-i-pantagruel-w-opactwie-theleme-spektakl-teatru-dramatycznego\\\/#primaryimage\"},\"thumbnailUrl\":\"https:\\\/\\\/www.3lo.walbrzych.pl\\\/wordpress\\\/wp-content\\\/uploads\\\/2025\\\/09\\\/IMG-2577.jpeg\",\"datePublished\":\"2025-09-27T11:15:44+00:00\",\"breadcrumb\":{\"@id\":\"https:\\\/\\\/www.3lo.walbrzych.pl\\\/wordpress\\\/gargantua-i-pantagruel-w-opactwie-theleme-spektakl-teatru-dramatycznego\\\/#breadcrumb\"},\"inLanguage\":\"pl-PL\",\"potentialAction\":[{\"@type\":\"ReadAction\",\"target\":[\"https:\\\/\\\/www.3lo.walbrzych.pl\\\/wordpress\\\/gargantua-i-pantagruel-w-opactwie-theleme-spektakl-teatru-dramatycznego\\\/\"]}]},{\"@type\":\"ImageObject\",\"inLanguage\":\"pl-PL\",\"@id\":\"https:\\\/\\\/www.3lo.walbrzych.pl\\\/wordpress\\\/gargantua-i-pantagruel-w-opactwie-theleme-spektakl-teatru-dramatycznego\\\/#primaryimage\",\"url\":\"https:\\\/\\\/www.3lo.walbrzych.pl\\\/wordpress\\\/wp-content\\\/uploads\\\/2025\\\/09\\\/IMG-2577.jpeg\",\"contentUrl\":\"https:\\\/\\\/www.3lo.walbrzych.pl\\\/wordpress\\\/wp-content\\\/uploads\\\/2025\\\/09\\\/IMG-2577.jpeg\",\"width\":2000,\"height\":1500},{\"@type\":\"BreadcrumbList\",\"@id\":\"https:\\\/\\\/www.3lo.walbrzych.pl\\\/wordpress\\\/gargantua-i-pantagruel-w-opactwie-theleme-spektakl-teatru-dramatycznego\\\/#breadcrumb\",\"itemListElement\":[{\"@type\":\"ListItem\",\"position\":1,\"name\":\"Strona g\u0142\u00f3wna\",\"item\":\"https:\\\/\\\/www.3lo.walbrzych.pl\\\/wordpress\\\/\"},{\"@type\":\"ListItem\",\"position\":2,\"name\":\"Gargantua i Pantagruel. W opactwie Theleme &#8211; spektakl Teatru Dramatycznego\"}]},{\"@type\":\"WebSite\",\"@id\":\"https:\\\/\\\/www.3lo.walbrzych.pl\\\/wordpress\\\/#website\",\"url\":\"https:\\\/\\\/www.3lo.walbrzych.pl\\\/wordpress\\\/\",\"name\":\"III Liceum Og\u00f3lnokszta\u0142c\u0105ce im. Miko\u0142aja Kopernika\",\"description\":\"\",\"publisher\":{\"@id\":\"https:\\\/\\\/www.3lo.walbrzych.pl\\\/wordpress\\\/#organization\"},\"potentialAction\":[{\"@type\":\"SearchAction\",\"target\":{\"@type\":\"EntryPoint\",\"urlTemplate\":\"https:\\\/\\\/www.3lo.walbrzych.pl\\\/wordpress\\\/?s={search_term_string}\"},\"query-input\":{\"@type\":\"PropertyValueSpecification\",\"valueRequired\":true,\"valueName\":\"search_term_string\"}}],\"inLanguage\":\"pl-PL\"},{\"@type\":\"Organization\",\"@id\":\"https:\\\/\\\/www.3lo.walbrzych.pl\\\/wordpress\\\/#organization\",\"name\":\"III Liceum Og\u00f3lnokszta\u0142c\u0105ce im. Miko\u0142aja Kopernika\",\"url\":\"https:\\\/\\\/www.3lo.walbrzych.pl\\\/wordpress\\\/\",\"logo\":{\"@type\":\"ImageObject\",\"inLanguage\":\"pl-PL\",\"@id\":\"https:\\\/\\\/www.3lo.walbrzych.pl\\\/wordpress\\\/#\\\/schema\\\/logo\\\/image\\\/\",\"url\":\"https:\\\/\\\/www.3lo.walbrzych.pl\\\/wordpress\\\/wp-content\\\/uploads\\\/2025\\\/09\\\/logo-szkoly-scaled.jpg\",\"contentUrl\":\"https:\\\/\\\/www.3lo.walbrzych.pl\\\/wordpress\\\/wp-content\\\/uploads\\\/2025\\\/09\\\/logo-szkoly-scaled.jpg\",\"width\":2560,\"height\":914,\"caption\":\"III Liceum Og\u00f3lnokszta\u0142c\u0105ce im. Miko\u0142aja Kopernika\"},\"image\":{\"@id\":\"https:\\\/\\\/www.3lo.walbrzych.pl\\\/wordpress\\\/#\\\/schema\\\/logo\\\/image\\\/\"}},{\"@type\":\"Person\",\"@id\":\"https:\\\/\\\/www.3lo.walbrzych.pl\\\/wordpress\\\/#\\\/schema\\\/person\\\/a5a3335dddd08a52fc05f69d575fd448\",\"name\":\"Tomasz Smejlis\",\"url\":\"https:\\\/\\\/www.3lo.walbrzych.pl\\\/wordpress\\\/author\\\/tfox\\\/\"}]}<\/script>\n<!-- \/ Yoast SEO plugin. -->","yoast_head_json":{"title":"Gargantua i Pantagruel. W opactwie Theleme - spektakl Teatru Dramatycznego - III Liceum Og\u00f3lnokszta\u0142c\u0105ce im. Miko\u0142aja Kopernika","robots":{"index":"index","follow":"follow","max-snippet":"max-snippet:-1","max-image-preview":"max-image-preview:large","max-video-preview":"max-video-preview:-1"},"canonical":"https:\/\/www.3lo.walbrzych.pl\/wordpress\/gargantua-i-pantagruel-w-opactwie-theleme-spektakl-teatru-dramatycznego\/","og_locale":"pl_PL","og_type":"article","og_title":"Gargantua i Pantagruel. W opactwie Theleme - spektakl Teatru Dramatycznego - III Liceum Og\u00f3lnokszta\u0142c\u0105ce im. Miko\u0142aja Kopernika","og_description":"To by\u0142 dla nas d\u0142ugi dzie\u0144, a troch\u0119 kr\u00f3tsza noc. Ale warto by\u0142o \ud83e\udd70 dla rozmowy z Angelik\u0105 Cegielsk\u0105 i Czes\u0142awem Skwarkiem &#8211; zawsze\ud83e\udd70 W \u015brod\u0119 rozpocz\u0105\u0142 si\u0119 przegl\u0105d premier MOC w Teatrze Dramatycznym SzaniawskiX i przenios\u0142o nas do \u015bwiata pe\u0142nego humoru, zabawy, absurdu i \u2026. przyjemno\u015bci wszelakich. ,,Gargantua i Pantagruel. W opactwie Theleme\u201d to [&hellip;]","og_url":"https:\/\/www.3lo.walbrzych.pl\/wordpress\/gargantua-i-pantagruel-w-opactwie-theleme-spektakl-teatru-dramatycznego\/","og_site_name":"III Liceum Og\u00f3lnokszta\u0142c\u0105ce im. Miko\u0142aja Kopernika","article_published_time":"2025-09-27T11:15:44+00:00","og_image":[{"width":2000,"height":1500,"url":"https:\/\/www.3lo.walbrzych.pl\/wordpress\/wp-content\/uploads\/2025\/09\/IMG-2577.jpeg","type":"image\/jpeg"}],"author":"Tomasz Smejlis","twitter_card":"summary_large_image","twitter_misc":{"Napisane przez":"Tomasz Smejlis","Szacowany czas czytania":"1 minuta"},"schema":{"@context":"https:\/\/schema.org","@graph":[{"@type":"Article","@id":"https:\/\/www.3lo.walbrzych.pl\/wordpress\/gargantua-i-pantagruel-w-opactwie-theleme-spektakl-teatru-dramatycznego\/#article","isPartOf":{"@id":"https:\/\/www.3lo.walbrzych.pl\/wordpress\/gargantua-i-pantagruel-w-opactwie-theleme-spektakl-teatru-dramatycznego\/"},"author":{"name":"Tomasz Smejlis","@id":"https:\/\/www.3lo.walbrzych.pl\/wordpress\/#\/schema\/person\/a5a3335dddd08a52fc05f69d575fd448"},"headline":"Gargantua i Pantagruel. W opactwie Theleme &#8211; spektakl Teatru Dramatycznego","datePublished":"2025-09-27T11:15:44+00:00","mainEntityOfPage":{"@id":"https:\/\/www.3lo.walbrzych.pl\/wordpress\/gargantua-i-pantagruel-w-opactwie-theleme-spektakl-teatru-dramatycznego\/"},"wordCount":125,"publisher":{"@id":"https:\/\/www.3lo.walbrzych.pl\/wordpress\/#organization"},"image":{"@id":"https:\/\/www.3lo.walbrzych.pl\/wordpress\/gargantua-i-pantagruel-w-opactwie-theleme-spektakl-teatru-dramatycznego\/#primaryimage"},"thumbnailUrl":"https:\/\/www.3lo.walbrzych.pl\/wordpress\/wp-content\/uploads\/2025\/09\/IMG-2577.jpeg","inLanguage":"pl-PL"},{"@type":"WebPage","@id":"https:\/\/www.3lo.walbrzych.pl\/wordpress\/gargantua-i-pantagruel-w-opactwie-theleme-spektakl-teatru-dramatycznego\/","url":"https:\/\/www.3lo.walbrzych.pl\/wordpress\/gargantua-i-pantagruel-w-opactwie-theleme-spektakl-teatru-dramatycznego\/","name":"Gargantua i Pantagruel. W opactwie Theleme - spektakl Teatru Dramatycznego - III Liceum Og\u00f3lnokszta\u0142c\u0105ce im. Miko\u0142aja Kopernika","isPartOf":{"@id":"https:\/\/www.3lo.walbrzych.pl\/wordpress\/#website"},"primaryImageOfPage":{"@id":"https:\/\/www.3lo.walbrzych.pl\/wordpress\/gargantua-i-pantagruel-w-opactwie-theleme-spektakl-teatru-dramatycznego\/#primaryimage"},"image":{"@id":"https:\/\/www.3lo.walbrzych.pl\/wordpress\/gargantua-i-pantagruel-w-opactwie-theleme-spektakl-teatru-dramatycznego\/#primaryimage"},"thumbnailUrl":"https:\/\/www.3lo.walbrzych.pl\/wordpress\/wp-content\/uploads\/2025\/09\/IMG-2577.jpeg","datePublished":"2025-09-27T11:15:44+00:00","breadcrumb":{"@id":"https:\/\/www.3lo.walbrzych.pl\/wordpress\/gargantua-i-pantagruel-w-opactwie-theleme-spektakl-teatru-dramatycznego\/#breadcrumb"},"inLanguage":"pl-PL","potentialAction":[{"@type":"ReadAction","target":["https:\/\/www.3lo.walbrzych.pl\/wordpress\/gargantua-i-pantagruel-w-opactwie-theleme-spektakl-teatru-dramatycznego\/"]}]},{"@type":"ImageObject","inLanguage":"pl-PL","@id":"https:\/\/www.3lo.walbrzych.pl\/wordpress\/gargantua-i-pantagruel-w-opactwie-theleme-spektakl-teatru-dramatycznego\/#primaryimage","url":"https:\/\/www.3lo.walbrzych.pl\/wordpress\/wp-content\/uploads\/2025\/09\/IMG-2577.jpeg","contentUrl":"https:\/\/www.3lo.walbrzych.pl\/wordpress\/wp-content\/uploads\/2025\/09\/IMG-2577.jpeg","width":2000,"height":1500},{"@type":"BreadcrumbList","@id":"https:\/\/www.3lo.walbrzych.pl\/wordpress\/gargantua-i-pantagruel-w-opactwie-theleme-spektakl-teatru-dramatycznego\/#breadcrumb","itemListElement":[{"@type":"ListItem","position":1,"name":"Strona g\u0142\u00f3wna","item":"https:\/\/www.3lo.walbrzych.pl\/wordpress\/"},{"@type":"ListItem","position":2,"name":"Gargantua i Pantagruel. W opactwie Theleme &#8211; spektakl Teatru Dramatycznego"}]},{"@type":"WebSite","@id":"https:\/\/www.3lo.walbrzych.pl\/wordpress\/#website","url":"https:\/\/www.3lo.walbrzych.pl\/wordpress\/","name":"III Liceum Og\u00f3lnokszta\u0142c\u0105ce im. Miko\u0142aja Kopernika","description":"","publisher":{"@id":"https:\/\/www.3lo.walbrzych.pl\/wordpress\/#organization"},"potentialAction":[{"@type":"SearchAction","target":{"@type":"EntryPoint","urlTemplate":"https:\/\/www.3lo.walbrzych.pl\/wordpress\/?s={search_term_string}"},"query-input":{"@type":"PropertyValueSpecification","valueRequired":true,"valueName":"search_term_string"}}],"inLanguage":"pl-PL"},{"@type":"Organization","@id":"https:\/\/www.3lo.walbrzych.pl\/wordpress\/#organization","name":"III Liceum Og\u00f3lnokszta\u0142c\u0105ce im. Miko\u0142aja Kopernika","url":"https:\/\/www.3lo.walbrzych.pl\/wordpress\/","logo":{"@type":"ImageObject","inLanguage":"pl-PL","@id":"https:\/\/www.3lo.walbrzych.pl\/wordpress\/#\/schema\/logo\/image\/","url":"https:\/\/www.3lo.walbrzych.pl\/wordpress\/wp-content\/uploads\/2025\/09\/logo-szkoly-scaled.jpg","contentUrl":"https:\/\/www.3lo.walbrzych.pl\/wordpress\/wp-content\/uploads\/2025\/09\/logo-szkoly-scaled.jpg","width":2560,"height":914,"caption":"III Liceum Og\u00f3lnokszta\u0142c\u0105ce im. Miko\u0142aja Kopernika"},"image":{"@id":"https:\/\/www.3lo.walbrzych.pl\/wordpress\/#\/schema\/logo\/image\/"}},{"@type":"Person","@id":"https:\/\/www.3lo.walbrzych.pl\/wordpress\/#\/schema\/person\/a5a3335dddd08a52fc05f69d575fd448","name":"Tomasz Smejlis","url":"https:\/\/www.3lo.walbrzych.pl\/wordpress\/author\/tfox\/"}]}},"_links":{"self":[{"href":"https:\/\/www.3lo.walbrzych.pl\/wordpress\/wp-json\/wp\/v2\/posts\/8322","targetHints":{"allow":["GET"]}}],"collection":[{"href":"https:\/\/www.3lo.walbrzych.pl\/wordpress\/wp-json\/wp\/v2\/posts"}],"about":[{"href":"https:\/\/www.3lo.walbrzych.pl\/wordpress\/wp-json\/wp\/v2\/types\/post"}],"author":[{"embeddable":true,"href":"https:\/\/www.3lo.walbrzych.pl\/wordpress\/wp-json\/wp\/v2\/users\/4"}],"replies":[{"embeddable":true,"href":"https:\/\/www.3lo.walbrzych.pl\/wordpress\/wp-json\/wp\/v2\/comments?post=8322"}],"version-history":[{"count":1,"href":"https:\/\/www.3lo.walbrzych.pl\/wordpress\/wp-json\/wp\/v2\/posts\/8322\/revisions"}],"predecessor-version":[{"id":8324,"href":"https:\/\/www.3lo.walbrzych.pl\/wordpress\/wp-json\/wp\/v2\/posts\/8322\/revisions\/8324"}],"wp:featuredmedia":[{"embeddable":true,"href":"https:\/\/www.3lo.walbrzych.pl\/wordpress\/wp-json\/wp\/v2\/media\/8323"}],"wp:attachment":[{"href":"https:\/\/www.3lo.walbrzych.pl\/wordpress\/wp-json\/wp\/v2\/media?parent=8322"}],"wp:term":[{"taxonomy":"category","embeddable":true,"href":"https:\/\/www.3lo.walbrzych.pl\/wordpress\/wp-json\/wp\/v2\/categories?post=8322"},{"taxonomy":"post_tag","embeddable":true,"href":"https:\/\/www.3lo.walbrzych.pl\/wordpress\/wp-json\/wp\/v2\/tags?post=8322"}],"curies":[{"name":"wp","href":"https:\/\/api.w.org\/{rel}","templated":true}]}}