{"id":8335,"date":"2025-11-04T16:54:21","date_gmt":"2025-11-04T15:54:21","guid":{"rendered":"https:\/\/www.3lo.walbrzych.pl\/wordpress\/?p=8335"},"modified":"2025-11-04T16:54:22","modified_gmt":"2025-11-04T15:54:22","slug":"informacja-o-podjeciu-uchwaly-o-likwidacji","status":"publish","type":"post","link":"https:\/\/www.3lo.walbrzych.pl\/wordpress\/informacja-o-podjeciu-uchwaly-o-likwidacji\/","title":{"rendered":"INFORMACJA O PODJ\u0118CIU UCHWA\u0141Y O LIKWIDACJI"},"content":{"rendered":"\n<p class=\"wp-block-paragraph\"><strong>INFORMACJA O PODJ\u0118CIU UCHWA\u0141Y O LIKWIDACJI Stowarzyszenia Przyjaci\u00f3\u0142 III Liceum Og\u00f3lnokszta\u0142c\u0105cego w Wa\u0142brzychu.<\/strong><\/p>\n\n\n\n<p class=\"wp-block-paragraph\"><strong>Zarz\u0105d Stowarzyszenia Przyjaci\u00f3\u0142 III Liceum Og\u00f3lnokszta\u0142c\u0105cego w Wa\u0142brzychu informuje, \u017ce w dniu 12.12.2024 podj\u0119to uchwa\u0142\u0119 o rozwi\u0105zaniu i likwidacji Stowarzyszenia Przyjaci\u00f3\u0142 III Liceum Og\u00f3lnokszta\u0142c\u0105cego w Wa\u0142brzychu.<\/strong><\/p>\n\n\n\n<p class=\"wp-block-paragraph\"><strong>Na stanowisko likwidatora<\/strong><strong>&nbsp;Stowarzyszenia Przyjaci\u00f3\u0142 III Liceum Og\u00f3lnokszta\u0142c\u0105cego&nbsp;<\/strong><strong>&nbsp;zosta\u0142y powo\u0142ane<\/strong><strong><br><\/strong><strong>Jolanta \u017baba i Ma\u0142gorzata Rolka<\/strong><\/p>\n\n\n\n<p class=\"wp-block-paragraph\"><strong>WEZWANIE DO ZG\u0141ASZANIA WIERZYTELNO\u015aCI<\/strong><\/p>\n\n\n\n<p class=\"wp-block-paragraph\"><strong>Na podstawie art. 19 ust. 1 ustawy z dnia 6 kwietnia 1984 r. o fundacjach (Dz.U. 2023 poz. 571) oraz art. 58 \u00a7 2 ustawy z dnia 23 kwietnia 1964 r. &#8211; Kodeks cywilny, wzywamy wszystkich&nbsp;<\/strong><strong>wierzycieli&nbsp;<\/strong><strong>Stowarzyszenia Przyjaci\u00f3\u0142 III Liceum Og\u00f3lnokszta\u0142c\u0105cego&nbsp;<\/strong><strong>&nbsp;do zg\u0142aszania swoich wierzytelno\u015bci w terminie 3 miesi\u0119cy<\/strong><strong>&nbsp;od daty niniejszego og\u0142oszenia.<\/strong><\/p>\n\n\n\n<p class=\"wp-block-paragraph\"><strong>Wierzytelno\u015bci nale\u017cy zg\u0142asza\u0107 na adres mailowy:&nbsp;<\/strong><strong>sekretariat@3lo.<\/strong><em><strong>walbrzych<\/strong><\/em><strong>.pl<\/strong><strong><br><\/strong><\/p>\n\n\n\n<p class=\"wp-block-paragraph\"><strong>Zg\u0142oszenie powinno zawiera\u0107:<\/strong><\/p>\n\n\n\n<p class=\"wp-block-paragraph\">\u00b7&nbsp;&nbsp;&nbsp;&nbsp;&nbsp;&nbsp;&nbsp;&nbsp;<strong>dane wierzyciela (imi\u0119 i nazwisko\/nazw\u0119, adres)<\/strong><\/p>\n\n\n\n<p class=\"wp-block-paragraph\">\u00b7&nbsp;&nbsp;&nbsp;&nbsp;&nbsp;&nbsp;&nbsp;&nbsp;<strong>kwot\u0119 wierzytelno\u015bci<\/strong><\/p>\n\n\n\n<p class=\"wp-block-paragraph\">\u00b7&nbsp;&nbsp;&nbsp;&nbsp;&nbsp;&nbsp;&nbsp;&nbsp;<strong>podstaw\u0119 prawn\u0105 roszczenia<\/strong><\/p>\n\n\n\n<p class=\"wp-block-paragraph\">\u00b7&nbsp;&nbsp;&nbsp;&nbsp;&nbsp;&nbsp;&nbsp;&nbsp;<strong>dokumenty potwierdzaj\u0105ce wierzytelno\u015b\u0107<\/strong><\/p>\n\n\n\n<p class=\"wp-block-paragraph\"><strong>INFORMACJE DODATKOWE<\/strong><\/p>\n\n\n\n<p class=\"wp-block-paragraph\"><strong>Maj\u0105tek pozosta\u0142y po zaspokojeniu wierzycieli zostanie przeznaczony zgodnie ze statutem Stowarzyszenia oraz przepisami ustawy o stowarzyszeniach. Likwidacja zostanie przeprowadzona zgodnie z obowi\u0105zuj\u0105cymi przepisami prawa.<\/strong><\/p>\n\n\n\n<p class=\"wp-block-paragraph\"><strong>Data og\u0142oszenia zgodnie z decyzj\u0105 s\u0105du KRS :&nbsp;<\/strong><strong>23.10.2025<\/strong><\/p>\n\n\n\n<p class=\"wp-block-paragraph\"><strong>Likwidatorzy&nbsp;<\/strong><strong>Stowarzyszenia Przyjaci\u00f3\u0142 III Liceum Og\u00f3lnokszta\u0142c\u0105cego w Wa\u0142brzychu<\/strong><\/p>\n\n\n\n<p class=\"wp-block-paragraph\"><strong>Jolanta \u017baba, Ma\u0142gorzata Rolka<\/strong><\/p>\n\n\n\n<p class=\"wp-block-paragraph\"><\/p>\n","protected":false},"excerpt":{"rendered":"<p>INFORMACJA O PODJ\u0118CIU UCHWA\u0141Y O LIKWIDACJI Stowarzyszenia Przyjaci\u00f3\u0142 III Liceum Og\u00f3lnokszta\u0142c\u0105cego w Wa\u0142brzychu. Zarz\u0105d Stowarzyszenia Przyjaci\u00f3\u0142 III Liceum Og\u00f3lnokszta\u0142c\u0105cego w Wa\u0142brzychu informuje, \u017ce w dniu 12.12.2024 podj\u0119to uchwa\u0142\u0119 o rozwi\u0105zaniu i likwidacji Stowarzyszenia Przyjaci\u00f3\u0142 III Liceum Og\u00f3lnokszta\u0142c\u0105cego w Wa\u0142brzychu. Na stanowisko likwidatora&nbsp;Stowarzyszenia Przyjaci\u00f3\u0142 III Liceum Og\u00f3lnokszta\u0142c\u0105cego&nbsp;&nbsp;zosta\u0142y powo\u0142aneJolanta \u017baba i Ma\u0142gorzata Rolka WEZWANIE DO ZG\u0141ASZANIA WIERZYTELNO\u015aCI [&hellip;]<\/p>\n","protected":false},"author":4,"featured_media":8233,"comment_status":"closed","ping_status":"closed","sticky":false,"template":"","format":"standard","meta":{"footnotes":""},"categories":[19],"tags":[],"class_list":["post-8335","post","type-post","status-publish","format-standard","has-post-thumbnail","hentry","category-aktualnosci"],"yoast_head":"<!-- This site is optimized with the Yoast SEO plugin v28.4 - https:\/\/yoast.com\/product\/yoast-seo-wordpress\/ -->\n<title>INFORMACJA O PODJ\u0118CIU UCHWA\u0141Y O LIKWIDACJI - III Liceum Og\u00f3lnokszta\u0142c\u0105ce im. Miko\u0142aja Kopernika<\/title>\n<meta name=\"robots\" content=\"index, follow, max-snippet:-1, max-image-preview:large, max-video-preview:-1\" \/>\n<link rel=\"canonical\" href=\"https:\/\/www.3lo.walbrzych.pl\/wordpress\/informacja-o-podjeciu-uchwaly-o-likwidacji\/\" \/>\n<meta property=\"og:locale\" content=\"pl_PL\" \/>\n<meta property=\"og:type\" content=\"article\" \/>\n<meta property=\"og:title\" content=\"INFORMACJA O PODJ\u0118CIU UCHWA\u0141Y O LIKWIDACJI - III Liceum Og\u00f3lnokszta\u0142c\u0105ce im. Miko\u0142aja Kopernika\" \/>\n<meta property=\"og:description\" content=\"INFORMACJA O PODJ\u0118CIU UCHWA\u0141Y O LIKWIDACJI Stowarzyszenia Przyjaci\u00f3\u0142 III Liceum Og\u00f3lnokszta\u0142c\u0105cego w Wa\u0142brzychu. Zarz\u0105d Stowarzyszenia Przyjaci\u00f3\u0142 III Liceum Og\u00f3lnokszta\u0142c\u0105cego w Wa\u0142brzychu informuje, \u017ce w dniu 12.12.2024 podj\u0119to uchwa\u0142\u0119 o rozwi\u0105zaniu i likwidacji Stowarzyszenia Przyjaci\u00f3\u0142 III Liceum Og\u00f3lnokszta\u0142c\u0105cego w Wa\u0142brzychu. Na stanowisko likwidatora&nbsp;Stowarzyszenia Przyjaci\u00f3\u0142 III Liceum Og\u00f3lnokszta\u0142c\u0105cego&nbsp;&nbsp;zosta\u0142y powo\u0142aneJolanta \u017baba i Ma\u0142gorzata Rolka WEZWANIE DO ZG\u0141ASZANIA WIERZYTELNO\u015aCI [&hellip;]\" \/>\n<meta property=\"og:url\" content=\"https:\/\/www.3lo.walbrzych.pl\/wordpress\/informacja-o-podjeciu-uchwaly-o-likwidacji\/\" \/>\n<meta property=\"og:site_name\" content=\"III Liceum Og\u00f3lnokszta\u0142c\u0105ce im. Miko\u0142aja Kopernika\" \/>\n<meta property=\"article:published_time\" content=\"2025-11-04T15:54:21+00:00\" \/>\n<meta property=\"article:modified_time\" content=\"2025-11-04T15:54:22+00:00\" \/>\n<meta property=\"og:image\" content=\"https:\/\/www.3lo.walbrzych.pl\/wordpress\/wp-content\/uploads\/2025\/08\/3lodron-41-scaled-1.jpg\" \/>\n\t<meta property=\"og:image:width\" content=\"2560\" \/>\n\t<meta property=\"og:image:height\" content=\"1707\" \/>\n\t<meta property=\"og:image:type\" content=\"image\/jpeg\" \/>\n<meta name=\"author\" content=\"Tomasz Smejlis\" \/>\n<meta name=\"twitter:card\" content=\"summary_large_image\" \/>\n<meta name=\"twitter:label1\" content=\"Napisane przez\" \/>\n\t<meta name=\"twitter:data1\" content=\"Tomasz Smejlis\" \/>\n\t<meta name=\"twitter:label2\" content=\"Szacowany czas czytania\" \/>\n\t<meta name=\"twitter:data2\" content=\"2 minuty\" \/>\n<script type=\"application\/ld+json\" class=\"yoast-schema-graph\">{\"@context\":\"https:\\\/\\\/schema.org\",\"@graph\":[{\"@type\":\"Article\",\"@id\":\"https:\\\/\\\/www.3lo.walbrzych.pl\\\/wordpress\\\/informacja-o-podjeciu-uchwaly-o-likwidacji\\\/#article\",\"isPartOf\":{\"@id\":\"https:\\\/\\\/www.3lo.walbrzych.pl\\\/wordpress\\\/informacja-o-podjeciu-uchwaly-o-likwidacji\\\/\"},\"author\":{\"name\":\"Tomasz Smejlis\",\"@id\":\"https:\\\/\\\/www.3lo.walbrzych.pl\\\/wordpress\\\/#\\\/schema\\\/person\\\/a5a3335dddd08a52fc05f69d575fd448\"},\"headline\":\"INFORMACJA O PODJ\u0118CIU UCHWA\u0141Y O LIKWIDACJI\",\"datePublished\":\"2025-11-04T15:54:21+00:00\",\"dateModified\":\"2025-11-04T15:54:22+00:00\",\"mainEntityOfPage\":{\"@id\":\"https:\\\/\\\/www.3lo.walbrzych.pl\\\/wordpress\\\/informacja-o-podjeciu-uchwaly-o-likwidacji\\\/\"},\"wordCount\":273,\"publisher\":{\"@id\":\"https:\\\/\\\/www.3lo.walbrzych.pl\\\/wordpress\\\/#organization\"},\"image\":{\"@id\":\"https:\\\/\\\/www.3lo.walbrzych.pl\\\/wordpress\\\/informacja-o-podjeciu-uchwaly-o-likwidacji\\\/#primaryimage\"},\"thumbnailUrl\":\"https:\\\/\\\/www.3lo.walbrzych.pl\\\/wordpress\\\/wp-content\\\/uploads\\\/2025\\\/08\\\/3lodron-41-scaled-1.jpg\",\"articleSection\":[\"Aktualno\u015bci\"],\"inLanguage\":\"pl-PL\"},{\"@type\":\"WebPage\",\"@id\":\"https:\\\/\\\/www.3lo.walbrzych.pl\\\/wordpress\\\/informacja-o-podjeciu-uchwaly-o-likwidacji\\\/\",\"url\":\"https:\\\/\\\/www.3lo.walbrzych.pl\\\/wordpress\\\/informacja-o-podjeciu-uchwaly-o-likwidacji\\\/\",\"name\":\"INFORMACJA O PODJ\u0118CIU UCHWA\u0141Y O LIKWIDACJI - III Liceum Og\u00f3lnokszta\u0142c\u0105ce im. Miko\u0142aja Kopernika\",\"isPartOf\":{\"@id\":\"https:\\\/\\\/www.3lo.walbrzych.pl\\\/wordpress\\\/#website\"},\"primaryImageOfPage\":{\"@id\":\"https:\\\/\\\/www.3lo.walbrzych.pl\\\/wordpress\\\/informacja-o-podjeciu-uchwaly-o-likwidacji\\\/#primaryimage\"},\"image\":{\"@id\":\"https:\\\/\\\/www.3lo.walbrzych.pl\\\/wordpress\\\/informacja-o-podjeciu-uchwaly-o-likwidacji\\\/#primaryimage\"},\"thumbnailUrl\":\"https:\\\/\\\/www.3lo.walbrzych.pl\\\/wordpress\\\/wp-content\\\/uploads\\\/2025\\\/08\\\/3lodron-41-scaled-1.jpg\",\"datePublished\":\"2025-11-04T15:54:21+00:00\",\"dateModified\":\"2025-11-04T15:54:22+00:00\",\"breadcrumb\":{\"@id\":\"https:\\\/\\\/www.3lo.walbrzych.pl\\\/wordpress\\\/informacja-o-podjeciu-uchwaly-o-likwidacji\\\/#breadcrumb\"},\"inLanguage\":\"pl-PL\",\"potentialAction\":[{\"@type\":\"ReadAction\",\"target\":[\"https:\\\/\\\/www.3lo.walbrzych.pl\\\/wordpress\\\/informacja-o-podjeciu-uchwaly-o-likwidacji\\\/\"]}]},{\"@type\":\"ImageObject\",\"inLanguage\":\"pl-PL\",\"@id\":\"https:\\\/\\\/www.3lo.walbrzych.pl\\\/wordpress\\\/informacja-o-podjeciu-uchwaly-o-likwidacji\\\/#primaryimage\",\"url\":\"https:\\\/\\\/www.3lo.walbrzych.pl\\\/wordpress\\\/wp-content\\\/uploads\\\/2025\\\/08\\\/3lodron-41-scaled-1.jpg\",\"contentUrl\":\"https:\\\/\\\/www.3lo.walbrzych.pl\\\/wordpress\\\/wp-content\\\/uploads\\\/2025\\\/08\\\/3lodron-41-scaled-1.jpg\",\"width\":2560,\"height\":1707},{\"@type\":\"BreadcrumbList\",\"@id\":\"https:\\\/\\\/www.3lo.walbrzych.pl\\\/wordpress\\\/informacja-o-podjeciu-uchwaly-o-likwidacji\\\/#breadcrumb\",\"itemListElement\":[{\"@type\":\"ListItem\",\"position\":1,\"name\":\"Strona g\u0142\u00f3wna\",\"item\":\"https:\\\/\\\/www.3lo.walbrzych.pl\\\/wordpress\\\/\"},{\"@type\":\"ListItem\",\"position\":2,\"name\":\"INFORMACJA O PODJ\u0118CIU UCHWA\u0141Y O LIKWIDACJI\"}]},{\"@type\":\"WebSite\",\"@id\":\"https:\\\/\\\/www.3lo.walbrzych.pl\\\/wordpress\\\/#website\",\"url\":\"https:\\\/\\\/www.3lo.walbrzych.pl\\\/wordpress\\\/\",\"name\":\"III Liceum Og\u00f3lnokszta\u0142c\u0105ce im. Miko\u0142aja Kopernika\",\"description\":\"\",\"publisher\":{\"@id\":\"https:\\\/\\\/www.3lo.walbrzych.pl\\\/wordpress\\\/#organization\"},\"potentialAction\":[{\"@type\":\"SearchAction\",\"target\":{\"@type\":\"EntryPoint\",\"urlTemplate\":\"https:\\\/\\\/www.3lo.walbrzych.pl\\\/wordpress\\\/?s={search_term_string}\"},\"query-input\":{\"@type\":\"PropertyValueSpecification\",\"valueRequired\":true,\"valueName\":\"search_term_string\"}}],\"inLanguage\":\"pl-PL\"},{\"@type\":\"Organization\",\"@id\":\"https:\\\/\\\/www.3lo.walbrzych.pl\\\/wordpress\\\/#organization\",\"name\":\"III Liceum Og\u00f3lnokszta\u0142c\u0105ce im. Miko\u0142aja Kopernika\",\"url\":\"https:\\\/\\\/www.3lo.walbrzych.pl\\\/wordpress\\\/\",\"logo\":{\"@type\":\"ImageObject\",\"inLanguage\":\"pl-PL\",\"@id\":\"https:\\\/\\\/www.3lo.walbrzych.pl\\\/wordpress\\\/#\\\/schema\\\/logo\\\/image\\\/\",\"url\":\"https:\\\/\\\/www.3lo.walbrzych.pl\\\/wordpress\\\/wp-content\\\/uploads\\\/2025\\\/09\\\/logo-szkoly-scaled.jpg\",\"contentUrl\":\"https:\\\/\\\/www.3lo.walbrzych.pl\\\/wordpress\\\/wp-content\\\/uploads\\\/2025\\\/09\\\/logo-szkoly-scaled.jpg\",\"width\":2560,\"height\":914,\"caption\":\"III Liceum Og\u00f3lnokszta\u0142c\u0105ce im. Miko\u0142aja Kopernika\"},\"image\":{\"@id\":\"https:\\\/\\\/www.3lo.walbrzych.pl\\\/wordpress\\\/#\\\/schema\\\/logo\\\/image\\\/\"}},{\"@type\":\"Person\",\"@id\":\"https:\\\/\\\/www.3lo.walbrzych.pl\\\/wordpress\\\/#\\\/schema\\\/person\\\/a5a3335dddd08a52fc05f69d575fd448\",\"name\":\"Tomasz Smejlis\",\"url\":\"https:\\\/\\\/www.3lo.walbrzych.pl\\\/wordpress\\\/author\\\/tfox\\\/\"}]}<\/script>\n<!-- \/ Yoast SEO plugin. -->","yoast_head_json":{"title":"INFORMACJA O PODJ\u0118CIU UCHWA\u0141Y O LIKWIDACJI - III Liceum Og\u00f3lnokszta\u0142c\u0105ce im. Miko\u0142aja Kopernika","robots":{"index":"index","follow":"follow","max-snippet":"max-snippet:-1","max-image-preview":"max-image-preview:large","max-video-preview":"max-video-preview:-1"},"canonical":"https:\/\/www.3lo.walbrzych.pl\/wordpress\/informacja-o-podjeciu-uchwaly-o-likwidacji\/","og_locale":"pl_PL","og_type":"article","og_title":"INFORMACJA O PODJ\u0118CIU UCHWA\u0141Y O LIKWIDACJI - III Liceum Og\u00f3lnokszta\u0142c\u0105ce im. Miko\u0142aja Kopernika","og_description":"INFORMACJA O PODJ\u0118CIU UCHWA\u0141Y O LIKWIDACJI Stowarzyszenia Przyjaci\u00f3\u0142 III Liceum Og\u00f3lnokszta\u0142c\u0105cego w Wa\u0142brzychu. Zarz\u0105d Stowarzyszenia Przyjaci\u00f3\u0142 III Liceum Og\u00f3lnokszta\u0142c\u0105cego w Wa\u0142brzychu informuje, \u017ce w dniu 12.12.2024 podj\u0119to uchwa\u0142\u0119 o rozwi\u0105zaniu i likwidacji Stowarzyszenia Przyjaci\u00f3\u0142 III Liceum Og\u00f3lnokszta\u0142c\u0105cego w Wa\u0142brzychu. Na stanowisko likwidatora&nbsp;Stowarzyszenia Przyjaci\u00f3\u0142 III Liceum Og\u00f3lnokszta\u0142c\u0105cego&nbsp;&nbsp;zosta\u0142y powo\u0142aneJolanta \u017baba i Ma\u0142gorzata Rolka WEZWANIE DO ZG\u0141ASZANIA WIERZYTELNO\u015aCI [&hellip;]","og_url":"https:\/\/www.3lo.walbrzych.pl\/wordpress\/informacja-o-podjeciu-uchwaly-o-likwidacji\/","og_site_name":"III Liceum Og\u00f3lnokszta\u0142c\u0105ce im. Miko\u0142aja Kopernika","article_published_time":"2025-11-04T15:54:21+00:00","article_modified_time":"2025-11-04T15:54:22+00:00","og_image":[{"width":2560,"height":1707,"url":"https:\/\/www.3lo.walbrzych.pl\/wordpress\/wp-content\/uploads\/2025\/08\/3lodron-41-scaled-1.jpg","type":"image\/jpeg"}],"author":"Tomasz Smejlis","twitter_card":"summary_large_image","twitter_misc":{"Napisane przez":"Tomasz Smejlis","Szacowany czas czytania":"2 minuty"},"schema":{"@context":"https:\/\/schema.org","@graph":[{"@type":"Article","@id":"https:\/\/www.3lo.walbrzych.pl\/wordpress\/informacja-o-podjeciu-uchwaly-o-likwidacji\/#article","isPartOf":{"@id":"https:\/\/www.3lo.walbrzych.pl\/wordpress\/informacja-o-podjeciu-uchwaly-o-likwidacji\/"},"author":{"name":"Tomasz Smejlis","@id":"https:\/\/www.3lo.walbrzych.pl\/wordpress\/#\/schema\/person\/a5a3335dddd08a52fc05f69d575fd448"},"headline":"INFORMACJA O PODJ\u0118CIU UCHWA\u0141Y O LIKWIDACJI","datePublished":"2025-11-04T15:54:21+00:00","dateModified":"2025-11-04T15:54:22+00:00","mainEntityOfPage":{"@id":"https:\/\/www.3lo.walbrzych.pl\/wordpress\/informacja-o-podjeciu-uchwaly-o-likwidacji\/"},"wordCount":273,"publisher":{"@id":"https:\/\/www.3lo.walbrzych.pl\/wordpress\/#organization"},"image":{"@id":"https:\/\/www.3lo.walbrzych.pl\/wordpress\/informacja-o-podjeciu-uchwaly-o-likwidacji\/#primaryimage"},"thumbnailUrl":"https:\/\/www.3lo.walbrzych.pl\/wordpress\/wp-content\/uploads\/2025\/08\/3lodron-41-scaled-1.jpg","articleSection":["Aktualno\u015bci"],"inLanguage":"pl-PL"},{"@type":"WebPage","@id":"https:\/\/www.3lo.walbrzych.pl\/wordpress\/informacja-o-podjeciu-uchwaly-o-likwidacji\/","url":"https:\/\/www.3lo.walbrzych.pl\/wordpress\/informacja-o-podjeciu-uchwaly-o-likwidacji\/","name":"INFORMACJA O PODJ\u0118CIU UCHWA\u0141Y O LIKWIDACJI - III Liceum Og\u00f3lnokszta\u0142c\u0105ce im. Miko\u0142aja Kopernika","isPartOf":{"@id":"https:\/\/www.3lo.walbrzych.pl\/wordpress\/#website"},"primaryImageOfPage":{"@id":"https:\/\/www.3lo.walbrzych.pl\/wordpress\/informacja-o-podjeciu-uchwaly-o-likwidacji\/#primaryimage"},"image":{"@id":"https:\/\/www.3lo.walbrzych.pl\/wordpress\/informacja-o-podjeciu-uchwaly-o-likwidacji\/#primaryimage"},"thumbnailUrl":"https:\/\/www.3lo.walbrzych.pl\/wordpress\/wp-content\/uploads\/2025\/08\/3lodron-41-scaled-1.jpg","datePublished":"2025-11-04T15:54:21+00:00","dateModified":"2025-11-04T15:54:22+00:00","breadcrumb":{"@id":"https:\/\/www.3lo.walbrzych.pl\/wordpress\/informacja-o-podjeciu-uchwaly-o-likwidacji\/#breadcrumb"},"inLanguage":"pl-PL","potentialAction":[{"@type":"ReadAction","target":["https:\/\/www.3lo.walbrzych.pl\/wordpress\/informacja-o-podjeciu-uchwaly-o-likwidacji\/"]}]},{"@type":"ImageObject","inLanguage":"pl-PL","@id":"https:\/\/www.3lo.walbrzych.pl\/wordpress\/informacja-o-podjeciu-uchwaly-o-likwidacji\/#primaryimage","url":"https:\/\/www.3lo.walbrzych.pl\/wordpress\/wp-content\/uploads\/2025\/08\/3lodron-41-scaled-1.jpg","contentUrl":"https:\/\/www.3lo.walbrzych.pl\/wordpress\/wp-content\/uploads\/2025\/08\/3lodron-41-scaled-1.jpg","width":2560,"height":1707},{"@type":"BreadcrumbList","@id":"https:\/\/www.3lo.walbrzych.pl\/wordpress\/informacja-o-podjeciu-uchwaly-o-likwidacji\/#breadcrumb","itemListElement":[{"@type":"ListItem","position":1,"name":"Strona g\u0142\u00f3wna","item":"https:\/\/www.3lo.walbrzych.pl\/wordpress\/"},{"@type":"ListItem","position":2,"name":"INFORMACJA O PODJ\u0118CIU UCHWA\u0141Y O LIKWIDACJI"}]},{"@type":"WebSite","@id":"https:\/\/www.3lo.walbrzych.pl\/wordpress\/#website","url":"https:\/\/www.3lo.walbrzych.pl\/wordpress\/","name":"III Liceum Og\u00f3lnokszta\u0142c\u0105ce im. Miko\u0142aja Kopernika","description":"","publisher":{"@id":"https:\/\/www.3lo.walbrzych.pl\/wordpress\/#organization"},"potentialAction":[{"@type":"SearchAction","target":{"@type":"EntryPoint","urlTemplate":"https:\/\/www.3lo.walbrzych.pl\/wordpress\/?s={search_term_string}"},"query-input":{"@type":"PropertyValueSpecification","valueRequired":true,"valueName":"search_term_string"}}],"inLanguage":"pl-PL"},{"@type":"Organization","@id":"https:\/\/www.3lo.walbrzych.pl\/wordpress\/#organization","name":"III Liceum Og\u00f3lnokszta\u0142c\u0105ce im. Miko\u0142aja Kopernika","url":"https:\/\/www.3lo.walbrzych.pl\/wordpress\/","logo":{"@type":"ImageObject","inLanguage":"pl-PL","@id":"https:\/\/www.3lo.walbrzych.pl\/wordpress\/#\/schema\/logo\/image\/","url":"https:\/\/www.3lo.walbrzych.pl\/wordpress\/wp-content\/uploads\/2025\/09\/logo-szkoly-scaled.jpg","contentUrl":"https:\/\/www.3lo.walbrzych.pl\/wordpress\/wp-content\/uploads\/2025\/09\/logo-szkoly-scaled.jpg","width":2560,"height":914,"caption":"III Liceum Og\u00f3lnokszta\u0142c\u0105ce im. Miko\u0142aja Kopernika"},"image":{"@id":"https:\/\/www.3lo.walbrzych.pl\/wordpress\/#\/schema\/logo\/image\/"}},{"@type":"Person","@id":"https:\/\/www.3lo.walbrzych.pl\/wordpress\/#\/schema\/person\/a5a3335dddd08a52fc05f69d575fd448","name":"Tomasz Smejlis","url":"https:\/\/www.3lo.walbrzych.pl\/wordpress\/author\/tfox\/"}]}},"_links":{"self":[{"href":"https:\/\/www.3lo.walbrzych.pl\/wordpress\/wp-json\/wp\/v2\/posts\/8335","targetHints":{"allow":["GET"]}}],"collection":[{"href":"https:\/\/www.3lo.walbrzych.pl\/wordpress\/wp-json\/wp\/v2\/posts"}],"about":[{"href":"https:\/\/www.3lo.walbrzych.pl\/wordpress\/wp-json\/wp\/v2\/types\/post"}],"author":[{"embeddable":true,"href":"https:\/\/www.3lo.walbrzych.pl\/wordpress\/wp-json\/wp\/v2\/users\/4"}],"replies":[{"embeddable":true,"href":"https:\/\/www.3lo.walbrzych.pl\/wordpress\/wp-json\/wp\/v2\/comments?post=8335"}],"version-history":[{"count":1,"href":"https:\/\/www.3lo.walbrzych.pl\/wordpress\/wp-json\/wp\/v2\/posts\/8335\/revisions"}],"predecessor-version":[{"id":8336,"href":"https:\/\/www.3lo.walbrzych.pl\/wordpress\/wp-json\/wp\/v2\/posts\/8335\/revisions\/8336"}],"wp:featuredmedia":[{"embeddable":true,"href":"https:\/\/www.3lo.walbrzych.pl\/wordpress\/wp-json\/wp\/v2\/media\/8233"}],"wp:attachment":[{"href":"https:\/\/www.3lo.walbrzych.pl\/wordpress\/wp-json\/wp\/v2\/media?parent=8335"}],"wp:term":[{"taxonomy":"category","embeddable":true,"href":"https:\/\/www.3lo.walbrzych.pl\/wordpress\/wp-json\/wp\/v2\/categories?post=8335"},{"taxonomy":"post_tag","embeddable":true,"href":"https:\/\/www.3lo.walbrzych.pl\/wordpress\/wp-json\/wp\/v2\/tags?post=8335"}],"curies":[{"name":"wp","href":"https:\/\/api.w.org\/{rel}","templated":true}]}}