{"id":8339,"date":"2025-11-26T08:07:39","date_gmt":"2025-11-26T07:07:39","guid":{"rendered":"https:\/\/www.3lo.walbrzych.pl\/wordpress\/?p=8339"},"modified":"2025-11-26T08:07:56","modified_gmt":"2025-11-26T07:07:56","slug":"rok-walbrzyskiej-porcelany-2025-final","status":"publish","type":"post","link":"https:\/\/www.3lo.walbrzych.pl\/wordpress\/rok-walbrzyskiej-porcelany-2025-final\/","title":{"rendered":"Rok Wa\u0142brzyskiej Porcelany 2025 &#8211; fina\u0142"},"content":{"rendered":"\n<p class=\"wp-block-paragraph\">W ramach fina\u0142u ca\u0142orocznego projektu <strong>Rok Wa\u0142brzyskiej Porcelany<\/strong> uczniowie klas <strong>1b\/h, 2c oraz 3f<\/strong> wzi\u0119li udzia\u0142 w wyj\u0105tkowym wydarzeniu kulturalnym. M\u0142odzie\u017c uda\u0142a si\u0119 do <strong>Teatru Dramatycznego w Wa\u0142brzychu<\/strong>, gdzie obejrza\u0142a spektakl <em>\u201ePilnie kupi\u0119 biografi\u0119\u201d<\/em> \u2014 poruszaj\u0105cy duodram po\u015bwi\u0119cony losom wa\u0142brzyszanek i wa\u0142brzyszan zwi\u0105zanych z dawnymi, dzi\u015b ju\u017c nieistniej\u0105cymi zak\u0142adami porcelany <strong>\u201eKrzysztof\u201d<\/strong>, <strong>\u201eWa\u0142brzych\u201d<\/strong> i <strong>\u201eKsi\u0105\u017c\u201d<\/strong>.<\/p>\n\n\n\n<figure class=\"wp-block-image size-large\"><a href=\"https:\/\/www.3lo.walbrzych.pl\/wordpress\/wp-content\/uploads\/2025\/11\/IMG_20251121_120828753-scaled.jpg\"><img loading=\"lazy\" decoding=\"async\" width=\"1024\" height=\"768\" src=\"https:\/\/www.3lo.walbrzych.pl\/wordpress\/wp-content\/uploads\/2025\/11\/IMG_20251121_120828753-1024x768.jpg\" alt=\"\" class=\"wp-image-8341\" srcset=\"https:\/\/www.3lo.walbrzych.pl\/wordpress\/wp-content\/uploads\/2025\/11\/IMG_20251121_120828753-1024x768.jpg 1024w, https:\/\/www.3lo.walbrzych.pl\/wordpress\/wp-content\/uploads\/2025\/11\/IMG_20251121_120828753-300x225.jpg 300w, https:\/\/www.3lo.walbrzych.pl\/wordpress\/wp-content\/uploads\/2025\/11\/IMG_20251121_120828753-768x576.jpg 768w, https:\/\/www.3lo.walbrzych.pl\/wordpress\/wp-content\/uploads\/2025\/11\/IMG_20251121_120828753-1536x1152.jpg 1536w, https:\/\/www.3lo.walbrzych.pl\/wordpress\/wp-content\/uploads\/2025\/11\/IMG_20251121_120828753-2048x1536.jpg 2048w\" sizes=\"auto, (max-width: 1024px) 100vw, 1024px\" \/><\/a><\/figure>\n\n\n\n<p class=\"wp-block-paragraph\">Przedstawienie, oparte na autentycznych wspomnieniach i lokalnej historii, ukaza\u0142o codzienno\u015b\u0107 pracownik\u00f3w fabryk, ich pasje, wysi\u0142ek i trud, jaki przez dziesi\u0119ciolecia wk\u0142adali w rozw\u00f3j jednego z najwa\u017cniejszych symboli regionalnej to\u017csamo\u015bci. Uczniowie mieli okazj\u0119 pozna\u0107 bli\u017cej nie tylko realia pracy w zak\u0142adach porcelany, lecz tak\u017ce emocjonalny wymiar opowie\u015bci o ludziach, kt\u00f3rych biografie nierozerwalnie splataj\u0105 si\u0119 z histori\u0105 Wa\u0142brzycha.<\/p>\n\n\n\n<p class=\"wp-block-paragraph\">Wyj\u015bcie do teatru stanowi\u0142o znakomite podsumowanie ca\u0142orocznej pracy nad projektem \u2013 pozwoli\u0142o m\u0142odzie\u017cy zobaczy\u0107, jak sztuka teatralna potrafi tw\u00f3rczo i refleksyjnie opowiada\u0107 o lokalnym dziedzictwie, a tak\u017ce u\u015bwiadomi\u0142o, jak wa\u017cne jest zachowywanie pami\u0119ci o miejscach i ludziach, kt\u00f3rzy tworzyli to\u017csamo\u015b\u0107 regionu.<\/p>\n","protected":false},"excerpt":{"rendered":"<p>W ramach fina\u0142u ca\u0142orocznego projektu Rok Wa\u0142brzyskiej Porcelany uczniowie klas 1b\/h, 2c oraz 3f wzi\u0119li udzia\u0142 w wyj\u0105tkowym wydarzeniu kulturalnym. M\u0142odzie\u017c uda\u0142a si\u0119 do Teatru Dramatycznego w Wa\u0142brzychu, gdzie obejrza\u0142a spektakl \u201ePilnie kupi\u0119 biografi\u0119\u201d \u2014 poruszaj\u0105cy duodram po\u015bwi\u0119cony losom wa\u0142brzyszanek i wa\u0142brzyszan zwi\u0105zanych z dawnymi, dzi\u015b ju\u017c nieistniej\u0105cymi zak\u0142adami porcelany \u201eKrzysztof\u201d, \u201eWa\u0142brzych\u201d i \u201eKsi\u0105\u017c\u201d. Przedstawienie, [&hellip;]<\/p>\n","protected":false},"author":4,"featured_media":8340,"comment_status":"closed","ping_status":"closed","sticky":false,"template":"","format":"standard","meta":{"footnotes":""},"categories":[19,1],"tags":[],"class_list":["post-8339","post","type-post","status-publish","format-standard","has-post-thumbnail","hentry","category-aktualnosci","category-bez-kategorii"],"yoast_head":"<!-- This site is optimized with the Yoast SEO plugin v28.4 - https:\/\/yoast.com\/product\/yoast-seo-wordpress\/ -->\n<title>Rok Wa\u0142brzyskiej Porcelany 2025 - fina\u0142 - III Liceum Og\u00f3lnokszta\u0142c\u0105ce im. Miko\u0142aja Kopernika<\/title>\n<meta name=\"robots\" content=\"index, follow, max-snippet:-1, max-image-preview:large, max-video-preview:-1\" \/>\n<link rel=\"canonical\" href=\"https:\/\/www.3lo.walbrzych.pl\/wordpress\/rok-walbrzyskiej-porcelany-2025-final\/\" \/>\n<meta property=\"og:locale\" content=\"pl_PL\" \/>\n<meta property=\"og:type\" content=\"article\" \/>\n<meta property=\"og:title\" content=\"Rok Wa\u0142brzyskiej Porcelany 2025 - fina\u0142 - III Liceum Og\u00f3lnokszta\u0142c\u0105ce im. Miko\u0142aja Kopernika\" \/>\n<meta property=\"og:description\" content=\"W ramach fina\u0142u ca\u0142orocznego projektu Rok Wa\u0142brzyskiej Porcelany uczniowie klas 1b\/h, 2c oraz 3f wzi\u0119li udzia\u0142 w wyj\u0105tkowym wydarzeniu kulturalnym. M\u0142odzie\u017c uda\u0142a si\u0119 do Teatru Dramatycznego w Wa\u0142brzychu, gdzie obejrza\u0142a spektakl \u201ePilnie kupi\u0119 biografi\u0119\u201d \u2014 poruszaj\u0105cy duodram po\u015bwi\u0119cony losom wa\u0142brzyszanek i wa\u0142brzyszan zwi\u0105zanych z dawnymi, dzi\u015b ju\u017c nieistniej\u0105cymi zak\u0142adami porcelany \u201eKrzysztof\u201d, \u201eWa\u0142brzych\u201d i \u201eKsi\u0105\u017c\u201d. Przedstawienie, [&hellip;]\" \/>\n<meta property=\"og:url\" content=\"https:\/\/www.3lo.walbrzych.pl\/wordpress\/rok-walbrzyskiej-porcelany-2025-final\/\" \/>\n<meta property=\"og:site_name\" content=\"III Liceum Og\u00f3lnokszta\u0142c\u0105ce im. Miko\u0142aja Kopernika\" \/>\n<meta property=\"article:published_time\" content=\"2025-11-26T07:07:39+00:00\" \/>\n<meta property=\"article:modified_time\" content=\"2025-11-26T07:07:56+00:00\" \/>\n<meta property=\"og:image\" content=\"https:\/\/www.3lo.walbrzych.pl\/wordpress\/wp-content\/uploads\/2025\/11\/IMG_20251121_120800444-scaled.jpg\" \/>\n\t<meta property=\"og:image:width\" content=\"2560\" \/>\n\t<meta property=\"og:image:height\" content=\"1920\" \/>\n\t<meta property=\"og:image:type\" content=\"image\/jpeg\" \/>\n<meta name=\"author\" content=\"Tomasz Smejlis\" \/>\n<meta name=\"twitter:card\" content=\"summary_large_image\" \/>\n<meta name=\"twitter:label1\" content=\"Napisane przez\" \/>\n\t<meta name=\"twitter:data1\" content=\"Tomasz Smejlis\" \/>\n\t<meta name=\"twitter:label2\" content=\"Szacowany czas czytania\" \/>\n\t<meta name=\"twitter:data2\" content=\"2 minuty\" \/>\n<script type=\"application\/ld+json\" class=\"yoast-schema-graph\">{\"@context\":\"https:\\\/\\\/schema.org\",\"@graph\":[{\"@type\":\"Article\",\"@id\":\"https:\\\/\\\/www.3lo.walbrzych.pl\\\/wordpress\\\/rok-walbrzyskiej-porcelany-2025-final\\\/#article\",\"isPartOf\":{\"@id\":\"https:\\\/\\\/www.3lo.walbrzych.pl\\\/wordpress\\\/rok-walbrzyskiej-porcelany-2025-final\\\/\"},\"author\":{\"name\":\"Tomasz Smejlis\",\"@id\":\"https:\\\/\\\/www.3lo.walbrzych.pl\\\/wordpress\\\/#\\\/schema\\\/person\\\/a5a3335dddd08a52fc05f69d575fd448\"},\"headline\":\"Rok Wa\u0142brzyskiej Porcelany 2025 &#8211; fina\u0142\",\"datePublished\":\"2025-11-26T07:07:39+00:00\",\"dateModified\":\"2025-11-26T07:07:56+00:00\",\"mainEntityOfPage\":{\"@id\":\"https:\\\/\\\/www.3lo.walbrzych.pl\\\/wordpress\\\/rok-walbrzyskiej-porcelany-2025-final\\\/\"},\"wordCount\":203,\"publisher\":{\"@id\":\"https:\\\/\\\/www.3lo.walbrzych.pl\\\/wordpress\\\/#organization\"},\"image\":{\"@id\":\"https:\\\/\\\/www.3lo.walbrzych.pl\\\/wordpress\\\/rok-walbrzyskiej-porcelany-2025-final\\\/#primaryimage\"},\"thumbnailUrl\":\"https:\\\/\\\/www.3lo.walbrzych.pl\\\/wordpress\\\/wp-content\\\/uploads\\\/2025\\\/11\\\/IMG_20251121_120800444-scaled.jpg\",\"articleSection\":[\"Aktualno\u015bci\"],\"inLanguage\":\"pl-PL\"},{\"@type\":\"WebPage\",\"@id\":\"https:\\\/\\\/www.3lo.walbrzych.pl\\\/wordpress\\\/rok-walbrzyskiej-porcelany-2025-final\\\/\",\"url\":\"https:\\\/\\\/www.3lo.walbrzych.pl\\\/wordpress\\\/rok-walbrzyskiej-porcelany-2025-final\\\/\",\"name\":\"Rok Wa\u0142brzyskiej Porcelany 2025 - fina\u0142 - III Liceum Og\u00f3lnokszta\u0142c\u0105ce im. Miko\u0142aja Kopernika\",\"isPartOf\":{\"@id\":\"https:\\\/\\\/www.3lo.walbrzych.pl\\\/wordpress\\\/#website\"},\"primaryImageOfPage\":{\"@id\":\"https:\\\/\\\/www.3lo.walbrzych.pl\\\/wordpress\\\/rok-walbrzyskiej-porcelany-2025-final\\\/#primaryimage\"},\"image\":{\"@id\":\"https:\\\/\\\/www.3lo.walbrzych.pl\\\/wordpress\\\/rok-walbrzyskiej-porcelany-2025-final\\\/#primaryimage\"},\"thumbnailUrl\":\"https:\\\/\\\/www.3lo.walbrzych.pl\\\/wordpress\\\/wp-content\\\/uploads\\\/2025\\\/11\\\/IMG_20251121_120800444-scaled.jpg\",\"datePublished\":\"2025-11-26T07:07:39+00:00\",\"dateModified\":\"2025-11-26T07:07:56+00:00\",\"breadcrumb\":{\"@id\":\"https:\\\/\\\/www.3lo.walbrzych.pl\\\/wordpress\\\/rok-walbrzyskiej-porcelany-2025-final\\\/#breadcrumb\"},\"inLanguage\":\"pl-PL\",\"potentialAction\":[{\"@type\":\"ReadAction\",\"target\":[\"https:\\\/\\\/www.3lo.walbrzych.pl\\\/wordpress\\\/rok-walbrzyskiej-porcelany-2025-final\\\/\"]}]},{\"@type\":\"ImageObject\",\"inLanguage\":\"pl-PL\",\"@id\":\"https:\\\/\\\/www.3lo.walbrzych.pl\\\/wordpress\\\/rok-walbrzyskiej-porcelany-2025-final\\\/#primaryimage\",\"url\":\"https:\\\/\\\/www.3lo.walbrzych.pl\\\/wordpress\\\/wp-content\\\/uploads\\\/2025\\\/11\\\/IMG_20251121_120800444-scaled.jpg\",\"contentUrl\":\"https:\\\/\\\/www.3lo.walbrzych.pl\\\/wordpress\\\/wp-content\\\/uploads\\\/2025\\\/11\\\/IMG_20251121_120800444-scaled.jpg\",\"width\":2560,\"height\":1920},{\"@type\":\"BreadcrumbList\",\"@id\":\"https:\\\/\\\/www.3lo.walbrzych.pl\\\/wordpress\\\/rok-walbrzyskiej-porcelany-2025-final\\\/#breadcrumb\",\"itemListElement\":[{\"@type\":\"ListItem\",\"position\":1,\"name\":\"Strona g\u0142\u00f3wna\",\"item\":\"https:\\\/\\\/www.3lo.walbrzych.pl\\\/wordpress\\\/\"},{\"@type\":\"ListItem\",\"position\":2,\"name\":\"Rok Wa\u0142brzyskiej Porcelany 2025 &#8211; fina\u0142\"}]},{\"@type\":\"WebSite\",\"@id\":\"https:\\\/\\\/www.3lo.walbrzych.pl\\\/wordpress\\\/#website\",\"url\":\"https:\\\/\\\/www.3lo.walbrzych.pl\\\/wordpress\\\/\",\"name\":\"III Liceum Og\u00f3lnokszta\u0142c\u0105ce im. Miko\u0142aja Kopernika\",\"description\":\"\",\"publisher\":{\"@id\":\"https:\\\/\\\/www.3lo.walbrzych.pl\\\/wordpress\\\/#organization\"},\"potentialAction\":[{\"@type\":\"SearchAction\",\"target\":{\"@type\":\"EntryPoint\",\"urlTemplate\":\"https:\\\/\\\/www.3lo.walbrzych.pl\\\/wordpress\\\/?s={search_term_string}\"},\"query-input\":{\"@type\":\"PropertyValueSpecification\",\"valueRequired\":true,\"valueName\":\"search_term_string\"}}],\"inLanguage\":\"pl-PL\"},{\"@type\":\"Organization\",\"@id\":\"https:\\\/\\\/www.3lo.walbrzych.pl\\\/wordpress\\\/#organization\",\"name\":\"III Liceum Og\u00f3lnokszta\u0142c\u0105ce im. Miko\u0142aja Kopernika\",\"url\":\"https:\\\/\\\/www.3lo.walbrzych.pl\\\/wordpress\\\/\",\"logo\":{\"@type\":\"ImageObject\",\"inLanguage\":\"pl-PL\",\"@id\":\"https:\\\/\\\/www.3lo.walbrzych.pl\\\/wordpress\\\/#\\\/schema\\\/logo\\\/image\\\/\",\"url\":\"https:\\\/\\\/www.3lo.walbrzych.pl\\\/wordpress\\\/wp-content\\\/uploads\\\/2025\\\/09\\\/logo-szkoly-scaled.jpg\",\"contentUrl\":\"https:\\\/\\\/www.3lo.walbrzych.pl\\\/wordpress\\\/wp-content\\\/uploads\\\/2025\\\/09\\\/logo-szkoly-scaled.jpg\",\"width\":2560,\"height\":914,\"caption\":\"III Liceum Og\u00f3lnokszta\u0142c\u0105ce im. Miko\u0142aja Kopernika\"},\"image\":{\"@id\":\"https:\\\/\\\/www.3lo.walbrzych.pl\\\/wordpress\\\/#\\\/schema\\\/logo\\\/image\\\/\"}},{\"@type\":\"Person\",\"@id\":\"https:\\\/\\\/www.3lo.walbrzych.pl\\\/wordpress\\\/#\\\/schema\\\/person\\\/a5a3335dddd08a52fc05f69d575fd448\",\"name\":\"Tomasz Smejlis\",\"url\":\"https:\\\/\\\/www.3lo.walbrzych.pl\\\/wordpress\\\/author\\\/tfox\\\/\"}]}<\/script>\n<!-- \/ Yoast SEO plugin. -->","yoast_head_json":{"title":"Rok Wa\u0142brzyskiej Porcelany 2025 - fina\u0142 - III Liceum Og\u00f3lnokszta\u0142c\u0105ce im. Miko\u0142aja Kopernika","robots":{"index":"index","follow":"follow","max-snippet":"max-snippet:-1","max-image-preview":"max-image-preview:large","max-video-preview":"max-video-preview:-1"},"canonical":"https:\/\/www.3lo.walbrzych.pl\/wordpress\/rok-walbrzyskiej-porcelany-2025-final\/","og_locale":"pl_PL","og_type":"article","og_title":"Rok Wa\u0142brzyskiej Porcelany 2025 - fina\u0142 - III Liceum Og\u00f3lnokszta\u0142c\u0105ce im. Miko\u0142aja Kopernika","og_description":"W ramach fina\u0142u ca\u0142orocznego projektu Rok Wa\u0142brzyskiej Porcelany uczniowie klas 1b\/h, 2c oraz 3f wzi\u0119li udzia\u0142 w wyj\u0105tkowym wydarzeniu kulturalnym. M\u0142odzie\u017c uda\u0142a si\u0119 do Teatru Dramatycznego w Wa\u0142brzychu, gdzie obejrza\u0142a spektakl \u201ePilnie kupi\u0119 biografi\u0119\u201d \u2014 poruszaj\u0105cy duodram po\u015bwi\u0119cony losom wa\u0142brzyszanek i wa\u0142brzyszan zwi\u0105zanych z dawnymi, dzi\u015b ju\u017c nieistniej\u0105cymi zak\u0142adami porcelany \u201eKrzysztof\u201d, \u201eWa\u0142brzych\u201d i \u201eKsi\u0105\u017c\u201d. Przedstawienie, [&hellip;]","og_url":"https:\/\/www.3lo.walbrzych.pl\/wordpress\/rok-walbrzyskiej-porcelany-2025-final\/","og_site_name":"III Liceum Og\u00f3lnokszta\u0142c\u0105ce im. Miko\u0142aja Kopernika","article_published_time":"2025-11-26T07:07:39+00:00","article_modified_time":"2025-11-26T07:07:56+00:00","og_image":[{"width":2560,"height":1920,"url":"https:\/\/www.3lo.walbrzych.pl\/wordpress\/wp-content\/uploads\/2025\/11\/IMG_20251121_120800444-scaled.jpg","type":"image\/jpeg"}],"author":"Tomasz Smejlis","twitter_card":"summary_large_image","twitter_misc":{"Napisane przez":"Tomasz Smejlis","Szacowany czas czytania":"2 minuty"},"schema":{"@context":"https:\/\/schema.org","@graph":[{"@type":"Article","@id":"https:\/\/www.3lo.walbrzych.pl\/wordpress\/rok-walbrzyskiej-porcelany-2025-final\/#article","isPartOf":{"@id":"https:\/\/www.3lo.walbrzych.pl\/wordpress\/rok-walbrzyskiej-porcelany-2025-final\/"},"author":{"name":"Tomasz Smejlis","@id":"https:\/\/www.3lo.walbrzych.pl\/wordpress\/#\/schema\/person\/a5a3335dddd08a52fc05f69d575fd448"},"headline":"Rok Wa\u0142brzyskiej Porcelany 2025 &#8211; fina\u0142","datePublished":"2025-11-26T07:07:39+00:00","dateModified":"2025-11-26T07:07:56+00:00","mainEntityOfPage":{"@id":"https:\/\/www.3lo.walbrzych.pl\/wordpress\/rok-walbrzyskiej-porcelany-2025-final\/"},"wordCount":203,"publisher":{"@id":"https:\/\/www.3lo.walbrzych.pl\/wordpress\/#organization"},"image":{"@id":"https:\/\/www.3lo.walbrzych.pl\/wordpress\/rok-walbrzyskiej-porcelany-2025-final\/#primaryimage"},"thumbnailUrl":"https:\/\/www.3lo.walbrzych.pl\/wordpress\/wp-content\/uploads\/2025\/11\/IMG_20251121_120800444-scaled.jpg","articleSection":["Aktualno\u015bci"],"inLanguage":"pl-PL"},{"@type":"WebPage","@id":"https:\/\/www.3lo.walbrzych.pl\/wordpress\/rok-walbrzyskiej-porcelany-2025-final\/","url":"https:\/\/www.3lo.walbrzych.pl\/wordpress\/rok-walbrzyskiej-porcelany-2025-final\/","name":"Rok Wa\u0142brzyskiej Porcelany 2025 - fina\u0142 - III Liceum Og\u00f3lnokszta\u0142c\u0105ce im. Miko\u0142aja Kopernika","isPartOf":{"@id":"https:\/\/www.3lo.walbrzych.pl\/wordpress\/#website"},"primaryImageOfPage":{"@id":"https:\/\/www.3lo.walbrzych.pl\/wordpress\/rok-walbrzyskiej-porcelany-2025-final\/#primaryimage"},"image":{"@id":"https:\/\/www.3lo.walbrzych.pl\/wordpress\/rok-walbrzyskiej-porcelany-2025-final\/#primaryimage"},"thumbnailUrl":"https:\/\/www.3lo.walbrzych.pl\/wordpress\/wp-content\/uploads\/2025\/11\/IMG_20251121_120800444-scaled.jpg","datePublished":"2025-11-26T07:07:39+00:00","dateModified":"2025-11-26T07:07:56+00:00","breadcrumb":{"@id":"https:\/\/www.3lo.walbrzych.pl\/wordpress\/rok-walbrzyskiej-porcelany-2025-final\/#breadcrumb"},"inLanguage":"pl-PL","potentialAction":[{"@type":"ReadAction","target":["https:\/\/www.3lo.walbrzych.pl\/wordpress\/rok-walbrzyskiej-porcelany-2025-final\/"]}]},{"@type":"ImageObject","inLanguage":"pl-PL","@id":"https:\/\/www.3lo.walbrzych.pl\/wordpress\/rok-walbrzyskiej-porcelany-2025-final\/#primaryimage","url":"https:\/\/www.3lo.walbrzych.pl\/wordpress\/wp-content\/uploads\/2025\/11\/IMG_20251121_120800444-scaled.jpg","contentUrl":"https:\/\/www.3lo.walbrzych.pl\/wordpress\/wp-content\/uploads\/2025\/11\/IMG_20251121_120800444-scaled.jpg","width":2560,"height":1920},{"@type":"BreadcrumbList","@id":"https:\/\/www.3lo.walbrzych.pl\/wordpress\/rok-walbrzyskiej-porcelany-2025-final\/#breadcrumb","itemListElement":[{"@type":"ListItem","position":1,"name":"Strona g\u0142\u00f3wna","item":"https:\/\/www.3lo.walbrzych.pl\/wordpress\/"},{"@type":"ListItem","position":2,"name":"Rok Wa\u0142brzyskiej Porcelany 2025 &#8211; fina\u0142"}]},{"@type":"WebSite","@id":"https:\/\/www.3lo.walbrzych.pl\/wordpress\/#website","url":"https:\/\/www.3lo.walbrzych.pl\/wordpress\/","name":"III Liceum Og\u00f3lnokszta\u0142c\u0105ce im. Miko\u0142aja Kopernika","description":"","publisher":{"@id":"https:\/\/www.3lo.walbrzych.pl\/wordpress\/#organization"},"potentialAction":[{"@type":"SearchAction","target":{"@type":"EntryPoint","urlTemplate":"https:\/\/www.3lo.walbrzych.pl\/wordpress\/?s={search_term_string}"},"query-input":{"@type":"PropertyValueSpecification","valueRequired":true,"valueName":"search_term_string"}}],"inLanguage":"pl-PL"},{"@type":"Organization","@id":"https:\/\/www.3lo.walbrzych.pl\/wordpress\/#organization","name":"III Liceum Og\u00f3lnokszta\u0142c\u0105ce im. Miko\u0142aja Kopernika","url":"https:\/\/www.3lo.walbrzych.pl\/wordpress\/","logo":{"@type":"ImageObject","inLanguage":"pl-PL","@id":"https:\/\/www.3lo.walbrzych.pl\/wordpress\/#\/schema\/logo\/image\/","url":"https:\/\/www.3lo.walbrzych.pl\/wordpress\/wp-content\/uploads\/2025\/09\/logo-szkoly-scaled.jpg","contentUrl":"https:\/\/www.3lo.walbrzych.pl\/wordpress\/wp-content\/uploads\/2025\/09\/logo-szkoly-scaled.jpg","width":2560,"height":914,"caption":"III Liceum Og\u00f3lnokszta\u0142c\u0105ce im. Miko\u0142aja Kopernika"},"image":{"@id":"https:\/\/www.3lo.walbrzych.pl\/wordpress\/#\/schema\/logo\/image\/"}},{"@type":"Person","@id":"https:\/\/www.3lo.walbrzych.pl\/wordpress\/#\/schema\/person\/a5a3335dddd08a52fc05f69d575fd448","name":"Tomasz Smejlis","url":"https:\/\/www.3lo.walbrzych.pl\/wordpress\/author\/tfox\/"}]}},"_links":{"self":[{"href":"https:\/\/www.3lo.walbrzych.pl\/wordpress\/wp-json\/wp\/v2\/posts\/8339","targetHints":{"allow":["GET"]}}],"collection":[{"href":"https:\/\/www.3lo.walbrzych.pl\/wordpress\/wp-json\/wp\/v2\/posts"}],"about":[{"href":"https:\/\/www.3lo.walbrzych.pl\/wordpress\/wp-json\/wp\/v2\/types\/post"}],"author":[{"embeddable":true,"href":"https:\/\/www.3lo.walbrzych.pl\/wordpress\/wp-json\/wp\/v2\/users\/4"}],"replies":[{"embeddable":true,"href":"https:\/\/www.3lo.walbrzych.pl\/wordpress\/wp-json\/wp\/v2\/comments?post=8339"}],"version-history":[{"count":1,"href":"https:\/\/www.3lo.walbrzych.pl\/wordpress\/wp-json\/wp\/v2\/posts\/8339\/revisions"}],"predecessor-version":[{"id":8342,"href":"https:\/\/www.3lo.walbrzych.pl\/wordpress\/wp-json\/wp\/v2\/posts\/8339\/revisions\/8342"}],"wp:featuredmedia":[{"embeddable":true,"href":"https:\/\/www.3lo.walbrzych.pl\/wordpress\/wp-json\/wp\/v2\/media\/8340"}],"wp:attachment":[{"href":"https:\/\/www.3lo.walbrzych.pl\/wordpress\/wp-json\/wp\/v2\/media?parent=8339"}],"wp:term":[{"taxonomy":"category","embeddable":true,"href":"https:\/\/www.3lo.walbrzych.pl\/wordpress\/wp-json\/wp\/v2\/categories?post=8339"},{"taxonomy":"post_tag","embeddable":true,"href":"https:\/\/www.3lo.walbrzych.pl\/wordpress\/wp-json\/wp\/v2\/tags?post=8339"}],"curies":[{"name":"wp","href":"https:\/\/api.w.org\/{rel}","templated":true}]}}