{"id":8477,"date":"2026-05-18T17:54:21","date_gmt":"2026-05-18T15:54:21","guid":{"rendered":"https:\/\/www.3lo.walbrzych.pl\/wordpress\/?p=8477"},"modified":"2026-06-05T17:58:09","modified_gmt":"2026-06-05T15:58:09","slug":"mrozek-w-iii-lo","status":"publish","type":"post","link":"https:\/\/www.3lo.walbrzych.pl\/wordpress\/mrozek-w-iii-lo\/","title":{"rendered":"Mro\u017cek w III LO"},"content":{"rendered":"\n<p class=\"wp-block-paragraph\">Po zdj\u0119ciach pewnie nietrudno domy\u015bli\u0107 si\u0119, \u017ce zagrali\u015bmy ,,Tango&#8221; (dodamy, \u017ce ,,Tango&#8221; S. Mro\u017cka, czyli lektur\u0119:). Pomys\u0142 by\u0142 m\u00f3j, a Reszta musia\u0142a stan\u0105\u0107 na wysoko\u015bci zadania. Do tego stopnia, \u017ce potrafi\u0142am wprowadzi\u0107 zmiany na dzie\u0144 przed premierowym pokazem. I Wszyscy z K\u00f3\u0142ka Teatralnego wykazali si\u0119 ogromn\u0105 cierpliwo\u015bci\u0105 i jeszcze wi\u0119kszym spokojem, za co im bardzo bardzo DZI\u0118KUJ\u0118. Na scenie jest nas zdecydowanie wi\u0119cej ni\u017c postaci przewidzianych przez Mro\u017cka:) to by\u0142a nasza innowacja i taka troch\u0119 zabawa z konwencj\u0105. Najpro\u015bciej rzecz ujmuj\u0105c postacie by\u0142y pomno\u017cone: x3, a nawet x4. <\/p>\n\n\n\n<figure class=\"wp-block-image size-large\"><a href=\"https:\/\/www.3lo.walbrzych.pl\/wordpress\/wp-content\/uploads\/2026\/06\/702539227_1611745370951951_7771733597447680274_n.jpg\"><img loading=\"lazy\" decoding=\"async\" width=\"1024\" height=\"682\" src=\"https:\/\/www.3lo.walbrzych.pl\/wordpress\/wp-content\/uploads\/2026\/06\/702539227_1611745370951951_7771733597447680274_n-1024x682.jpg\" alt=\"\" class=\"wp-image-8479\" srcset=\"https:\/\/www.3lo.walbrzych.pl\/wordpress\/wp-content\/uploads\/2026\/06\/702539227_1611745370951951_7771733597447680274_n-1024x682.jpg 1024w, https:\/\/www.3lo.walbrzych.pl\/wordpress\/wp-content\/uploads\/2026\/06\/702539227_1611745370951951_7771733597447680274_n-300x200.jpg 300w, https:\/\/www.3lo.walbrzych.pl\/wordpress\/wp-content\/uploads\/2026\/06\/702539227_1611745370951951_7771733597447680274_n-768x512.jpg 768w, https:\/\/www.3lo.walbrzych.pl\/wordpress\/wp-content\/uploads\/2026\/06\/702539227_1611745370951951_7771733597447680274_n-1536x1024.jpg 1536w, https:\/\/www.3lo.walbrzych.pl\/wordpress\/wp-content\/uploads\/2026\/06\/702539227_1611745370951951_7771733597447680274_n.jpg 2000w\" sizes=\"auto, (max-width: 1024px) 100vw, 1024px\" \/><\/a><\/figure>\n\n\n\n<p class=\"wp-block-paragraph\">I cho\u0107 pokazali\u015bmy ,,Tango&#8221; przed zako\u0144czeniem roku klas czwartych, czyli przed maj\u00f3wk\u0105 i przed maturami, to wpis jest dopiero teraz, a to dlatego, \u017ce zbiera\u0142am si\u0119 do niego najd\u0142u\u017cej w ca\u0142ej historii wyst\u0119p\u00f3w K\u00f3\u0142ka Teatralnego. Najpierw musia\u0142am pomy\u015ble\u0107, wybra\u0107 zdj\u0119cia, co\u015b napisa\u0107 (i skasowa\u0107 x kilka razy) i w ko\u0144cu przyzna\u0107 si\u0119 sama przed sob\u0105, \u017ce trudno napisa\u0107 wpis taki troch\u0119 \u2026 po\u017cegnalny, bo w takim zespole, jak tutaj, ju\u017c nie pojawimy si\u0119 ani na scenie, ani na zdj\u0119ciach. <\/p>\n\n\n\n<figure class=\"wp-block-image size-large\"><a href=\"https:\/\/www.3lo.walbrzych.pl\/wordpress\/wp-content\/uploads\/2026\/06\/702487417_1611745510951937_6542519250329320461_n.jpg\"><img loading=\"lazy\" decoding=\"async\" width=\"1024\" height=\"682\" src=\"https:\/\/www.3lo.walbrzych.pl\/wordpress\/wp-content\/uploads\/2026\/06\/702487417_1611745510951937_6542519250329320461_n-1024x682.jpg\" alt=\"\" class=\"wp-image-8480\" srcset=\"https:\/\/www.3lo.walbrzych.pl\/wordpress\/wp-content\/uploads\/2026\/06\/702487417_1611745510951937_6542519250329320461_n-1024x682.jpg 1024w, https:\/\/www.3lo.walbrzych.pl\/wordpress\/wp-content\/uploads\/2026\/06\/702487417_1611745510951937_6542519250329320461_n-300x200.jpg 300w, https:\/\/www.3lo.walbrzych.pl\/wordpress\/wp-content\/uploads\/2026\/06\/702487417_1611745510951937_6542519250329320461_n-768x512.jpg 768w, https:\/\/www.3lo.walbrzych.pl\/wordpress\/wp-content\/uploads\/2026\/06\/702487417_1611745510951937_6542519250329320461_n-1536x1024.jpg 1536w, https:\/\/www.3lo.walbrzych.pl\/wordpress\/wp-content\/uploads\/2026\/06\/702487417_1611745510951937_6542519250329320461_n.jpg 2000w\" sizes=\"auto, (max-width: 1024px) 100vw, 1024px\" \/><\/a><\/figure>\n\n\n\n<p class=\"wp-block-paragraph\">Tym spektaklem zako\u0144czyli swoj\u0105 przygod\u0119 z nami Uczniowie klasy czwartej: Karolinka, Maja, Maja (czyli Maja do kwadratu:), Micha\u0142 i Kuba. I to by\u0142o w tym wszystkim zdecydowanie najtrudniejsze. Dzi\u0119kuj\u0119 ca\u0142ej mojej fantastycznej Grupie za prac\u0119, wyrozumia\u0142o\u015b\u0107 i wielkie serce do sztuki i teatru (E. Molenda). Pracujemy nad kolejnym spektaklem, tym razem takim \u2026 od zera:) czyli jest pomys\u0142, reszta uk\u0142ada si\u0119 sama. Do zobaczenia na scenie.<\/p>\n","protected":false},"excerpt":{"rendered":"<p>Po zdj\u0119ciach pewnie nietrudno domy\u015bli\u0107 si\u0119, \u017ce zagrali\u015bmy ,,Tango&#8221; (dodamy, \u017ce ,,Tango&#8221; S. Mro\u017cka, czyli lektur\u0119:). Pomys\u0142 by\u0142 m\u00f3j, a Reszta musia\u0142a stan\u0105\u0107 na wysoko\u015bci zadania. Do tego stopnia, \u017ce potrafi\u0142am wprowadzi\u0107 zmiany na dzie\u0144 przed premierowym pokazem. I Wszyscy z K\u00f3\u0142ka Teatralnego wykazali si\u0119 ogromn\u0105 cierpliwo\u015bci\u0105 i jeszcze wi\u0119kszym spokojem, za co im bardzo [&hellip;]<\/p>\n","protected":false},"author":48,"featured_media":8478,"comment_status":"closed","ping_status":"closed","sticky":false,"template":"","format":"standard","meta":{"footnotes":""},"categories":[31,32],"tags":[],"class_list":["post-8477","post","type-post","status-publish","format-standard","has-post-thumbnail","hentry","category-teatr","category-teatr-aktualnosci"],"yoast_head":"<!-- This site is optimized with the Yoast SEO plugin v28.4 - https:\/\/yoast.com\/product\/yoast-seo-wordpress\/ -->\n<title>Mro\u017cek w III LO - III Liceum Og\u00f3lnokszta\u0142c\u0105ce im. Miko\u0142aja Kopernika<\/title>\n<meta name=\"robots\" content=\"index, follow, max-snippet:-1, max-image-preview:large, max-video-preview:-1\" \/>\n<link rel=\"canonical\" href=\"https:\/\/www.3lo.walbrzych.pl\/wordpress\/mrozek-w-iii-lo\/\" \/>\n<meta property=\"og:locale\" content=\"pl_PL\" \/>\n<meta property=\"og:type\" content=\"article\" \/>\n<meta property=\"og:title\" content=\"Mro\u017cek w III LO - III Liceum Og\u00f3lnokszta\u0142c\u0105ce im. Miko\u0142aja Kopernika\" \/>\n<meta property=\"og:description\" content=\"Po zdj\u0119ciach pewnie nietrudno domy\u015bli\u0107 si\u0119, \u017ce zagrali\u015bmy ,,Tango&#8221; (dodamy, \u017ce ,,Tango&#8221; S. Mro\u017cka, czyli lektur\u0119:). Pomys\u0142 by\u0142 m\u00f3j, a Reszta musia\u0142a stan\u0105\u0107 na wysoko\u015bci zadania. Do tego stopnia, \u017ce potrafi\u0142am wprowadzi\u0107 zmiany na dzie\u0144 przed premierowym pokazem. I Wszyscy z K\u00f3\u0142ka Teatralnego wykazali si\u0119 ogromn\u0105 cierpliwo\u015bci\u0105 i jeszcze wi\u0119kszym spokojem, za co im bardzo [&hellip;]\" \/>\n<meta property=\"og:url\" content=\"https:\/\/www.3lo.walbrzych.pl\/wordpress\/mrozek-w-iii-lo\/\" \/>\n<meta property=\"og:site_name\" content=\"III Liceum Og\u00f3lnokszta\u0142c\u0105ce im. Miko\u0142aja Kopernika\" \/>\n<meta property=\"article:published_time\" content=\"2026-05-18T15:54:21+00:00\" \/>\n<meta property=\"article:modified_time\" content=\"2026-06-05T15:58:09+00:00\" \/>\n<meta property=\"og:image\" content=\"https:\/\/www.3lo.walbrzych.pl\/wordpress\/wp-content\/uploads\/2026\/06\/702325025_1611745360951952_2636286105030623140_n.jpg\" \/>\n\t<meta property=\"og:image:width\" content=\"2000\" \/>\n\t<meta property=\"og:image:height\" content=\"1333\" \/>\n\t<meta property=\"og:image:type\" content=\"image\/jpeg\" \/>\n<meta name=\"author\" content=\"Micha\u0142 Cetera\" \/>\n<meta name=\"twitter:card\" content=\"summary_large_image\" \/>\n<meta name=\"twitter:label1\" content=\"Napisane przez\" \/>\n\t<meta name=\"twitter:data1\" content=\"Micha\u0142 Cetera\" \/>\n\t<meta name=\"twitter:label2\" content=\"Szacowany czas czytania\" \/>\n\t<meta name=\"twitter:data2\" content=\"2 minuty\" \/>\n<script type=\"application\/ld+json\" class=\"yoast-schema-graph\">{\"@context\":\"https:\\\/\\\/schema.org\",\"@graph\":[{\"@type\":\"Article\",\"@id\":\"https:\\\/\\\/www.3lo.walbrzych.pl\\\/wordpress\\\/mrozek-w-iii-lo\\\/#article\",\"isPartOf\":{\"@id\":\"https:\\\/\\\/www.3lo.walbrzych.pl\\\/wordpress\\\/mrozek-w-iii-lo\\\/\"},\"author\":{\"name\":\"Micha\u0142 Cetera\",\"@id\":\"https:\\\/\\\/www.3lo.walbrzych.pl\\\/wordpress\\\/#\\\/schema\\\/person\\\/ff9afc6eca5e68699c4be1e41f0ec427\"},\"headline\":\"Mro\u017cek w III LO\",\"datePublished\":\"2026-05-18T15:54:21+00:00\",\"dateModified\":\"2026-06-05T15:58:09+00:00\",\"mainEntityOfPage\":{\"@id\":\"https:\\\/\\\/www.3lo.walbrzych.pl\\\/wordpress\\\/mrozek-w-iii-lo\\\/\"},\"wordCount\":277,\"publisher\":{\"@id\":\"https:\\\/\\\/www.3lo.walbrzych.pl\\\/wordpress\\\/#organization\"},\"image\":{\"@id\":\"https:\\\/\\\/www.3lo.walbrzych.pl\\\/wordpress\\\/mrozek-w-iii-lo\\\/#primaryimage\"},\"thumbnailUrl\":\"https:\\\/\\\/www.3lo.walbrzych.pl\\\/wordpress\\\/wp-content\\\/uploads\\\/2026\\\/06\\\/702325025_1611745360951952_2636286105030623140_n.jpg\",\"articleSection\":[\"Teatr\",\"Teatr\"],\"inLanguage\":\"pl-PL\"},{\"@type\":\"WebPage\",\"@id\":\"https:\\\/\\\/www.3lo.walbrzych.pl\\\/wordpress\\\/mrozek-w-iii-lo\\\/\",\"url\":\"https:\\\/\\\/www.3lo.walbrzych.pl\\\/wordpress\\\/mrozek-w-iii-lo\\\/\",\"name\":\"Mro\u017cek w III LO - III Liceum Og\u00f3lnokszta\u0142c\u0105ce im. Miko\u0142aja Kopernika\",\"isPartOf\":{\"@id\":\"https:\\\/\\\/www.3lo.walbrzych.pl\\\/wordpress\\\/#website\"},\"primaryImageOfPage\":{\"@id\":\"https:\\\/\\\/www.3lo.walbrzych.pl\\\/wordpress\\\/mrozek-w-iii-lo\\\/#primaryimage\"},\"image\":{\"@id\":\"https:\\\/\\\/www.3lo.walbrzych.pl\\\/wordpress\\\/mrozek-w-iii-lo\\\/#primaryimage\"},\"thumbnailUrl\":\"https:\\\/\\\/www.3lo.walbrzych.pl\\\/wordpress\\\/wp-content\\\/uploads\\\/2026\\\/06\\\/702325025_1611745360951952_2636286105030623140_n.jpg\",\"datePublished\":\"2026-05-18T15:54:21+00:00\",\"dateModified\":\"2026-06-05T15:58:09+00:00\",\"breadcrumb\":{\"@id\":\"https:\\\/\\\/www.3lo.walbrzych.pl\\\/wordpress\\\/mrozek-w-iii-lo\\\/#breadcrumb\"},\"inLanguage\":\"pl-PL\",\"potentialAction\":[{\"@type\":\"ReadAction\",\"target\":[\"https:\\\/\\\/www.3lo.walbrzych.pl\\\/wordpress\\\/mrozek-w-iii-lo\\\/\"]}]},{\"@type\":\"ImageObject\",\"inLanguage\":\"pl-PL\",\"@id\":\"https:\\\/\\\/www.3lo.walbrzych.pl\\\/wordpress\\\/mrozek-w-iii-lo\\\/#primaryimage\",\"url\":\"https:\\\/\\\/www.3lo.walbrzych.pl\\\/wordpress\\\/wp-content\\\/uploads\\\/2026\\\/06\\\/702325025_1611745360951952_2636286105030623140_n.jpg\",\"contentUrl\":\"https:\\\/\\\/www.3lo.walbrzych.pl\\\/wordpress\\\/wp-content\\\/uploads\\\/2026\\\/06\\\/702325025_1611745360951952_2636286105030623140_n.jpg\",\"width\":2000,\"height\":1333},{\"@type\":\"BreadcrumbList\",\"@id\":\"https:\\\/\\\/www.3lo.walbrzych.pl\\\/wordpress\\\/mrozek-w-iii-lo\\\/#breadcrumb\",\"itemListElement\":[{\"@type\":\"ListItem\",\"position\":1,\"name\":\"Strona g\u0142\u00f3wna\",\"item\":\"https:\\\/\\\/www.3lo.walbrzych.pl\\\/wordpress\\\/\"},{\"@type\":\"ListItem\",\"position\":2,\"name\":\"Mro\u017cek w III LO\"}]},{\"@type\":\"WebSite\",\"@id\":\"https:\\\/\\\/www.3lo.walbrzych.pl\\\/wordpress\\\/#website\",\"url\":\"https:\\\/\\\/www.3lo.walbrzych.pl\\\/wordpress\\\/\",\"name\":\"III Liceum Og\u00f3lnokszta\u0142c\u0105ce im. Miko\u0142aja Kopernika\",\"description\":\"\",\"publisher\":{\"@id\":\"https:\\\/\\\/www.3lo.walbrzych.pl\\\/wordpress\\\/#organization\"},\"potentialAction\":[{\"@type\":\"SearchAction\",\"target\":{\"@type\":\"EntryPoint\",\"urlTemplate\":\"https:\\\/\\\/www.3lo.walbrzych.pl\\\/wordpress\\\/?s={search_term_string}\"},\"query-input\":{\"@type\":\"PropertyValueSpecification\",\"valueRequired\":true,\"valueName\":\"search_term_string\"}}],\"inLanguage\":\"pl-PL\"},{\"@type\":\"Organization\",\"@id\":\"https:\\\/\\\/www.3lo.walbrzych.pl\\\/wordpress\\\/#organization\",\"name\":\"III Liceum Og\u00f3lnokszta\u0142c\u0105ce im. Miko\u0142aja Kopernika\",\"url\":\"https:\\\/\\\/www.3lo.walbrzych.pl\\\/wordpress\\\/\",\"logo\":{\"@type\":\"ImageObject\",\"inLanguage\":\"pl-PL\",\"@id\":\"https:\\\/\\\/www.3lo.walbrzych.pl\\\/wordpress\\\/#\\\/schema\\\/logo\\\/image\\\/\",\"url\":\"https:\\\/\\\/www.3lo.walbrzych.pl\\\/wordpress\\\/wp-content\\\/uploads\\\/2025\\\/09\\\/logo-szkoly-scaled.jpg\",\"contentUrl\":\"https:\\\/\\\/www.3lo.walbrzych.pl\\\/wordpress\\\/wp-content\\\/uploads\\\/2025\\\/09\\\/logo-szkoly-scaled.jpg\",\"width\":2560,\"height\":914,\"caption\":\"III Liceum Og\u00f3lnokszta\u0142c\u0105ce im. Miko\u0142aja Kopernika\"},\"image\":{\"@id\":\"https:\\\/\\\/www.3lo.walbrzych.pl\\\/wordpress\\\/#\\\/schema\\\/logo\\\/image\\\/\"}},{\"@type\":\"Person\",\"@id\":\"https:\\\/\\\/www.3lo.walbrzych.pl\\\/wordpress\\\/#\\\/schema\\\/person\\\/ff9afc6eca5e68699c4be1e41f0ec427\",\"name\":\"Micha\u0142 Cetera\",\"url\":\"https:\\\/\\\/www.3lo.walbrzych.pl\\\/wordpress\\\/author\\\/mcetera\\\/\"}]}<\/script>\n<!-- \/ Yoast SEO plugin. -->","yoast_head_json":{"title":"Mro\u017cek w III LO - III Liceum Og\u00f3lnokszta\u0142c\u0105ce im. Miko\u0142aja Kopernika","robots":{"index":"index","follow":"follow","max-snippet":"max-snippet:-1","max-image-preview":"max-image-preview:large","max-video-preview":"max-video-preview:-1"},"canonical":"https:\/\/www.3lo.walbrzych.pl\/wordpress\/mrozek-w-iii-lo\/","og_locale":"pl_PL","og_type":"article","og_title":"Mro\u017cek w III LO - III Liceum Og\u00f3lnokszta\u0142c\u0105ce im. Miko\u0142aja Kopernika","og_description":"Po zdj\u0119ciach pewnie nietrudno domy\u015bli\u0107 si\u0119, \u017ce zagrali\u015bmy ,,Tango&#8221; (dodamy, \u017ce ,,Tango&#8221; S. Mro\u017cka, czyli lektur\u0119:). Pomys\u0142 by\u0142 m\u00f3j, a Reszta musia\u0142a stan\u0105\u0107 na wysoko\u015bci zadania. Do tego stopnia, \u017ce potrafi\u0142am wprowadzi\u0107 zmiany na dzie\u0144 przed premierowym pokazem. I Wszyscy z K\u00f3\u0142ka Teatralnego wykazali si\u0119 ogromn\u0105 cierpliwo\u015bci\u0105 i jeszcze wi\u0119kszym spokojem, za co im bardzo [&hellip;]","og_url":"https:\/\/www.3lo.walbrzych.pl\/wordpress\/mrozek-w-iii-lo\/","og_site_name":"III Liceum Og\u00f3lnokszta\u0142c\u0105ce im. Miko\u0142aja Kopernika","article_published_time":"2026-05-18T15:54:21+00:00","article_modified_time":"2026-06-05T15:58:09+00:00","og_image":[{"width":2000,"height":1333,"url":"https:\/\/www.3lo.walbrzych.pl\/wordpress\/wp-content\/uploads\/2026\/06\/702325025_1611745360951952_2636286105030623140_n.jpg","type":"image\/jpeg"}],"author":"Micha\u0142 Cetera","twitter_card":"summary_large_image","twitter_misc":{"Napisane przez":"Micha\u0142 Cetera","Szacowany czas czytania":"2 minuty"},"schema":{"@context":"https:\/\/schema.org","@graph":[{"@type":"Article","@id":"https:\/\/www.3lo.walbrzych.pl\/wordpress\/mrozek-w-iii-lo\/#article","isPartOf":{"@id":"https:\/\/www.3lo.walbrzych.pl\/wordpress\/mrozek-w-iii-lo\/"},"author":{"name":"Micha\u0142 Cetera","@id":"https:\/\/www.3lo.walbrzych.pl\/wordpress\/#\/schema\/person\/ff9afc6eca5e68699c4be1e41f0ec427"},"headline":"Mro\u017cek w III LO","datePublished":"2026-05-18T15:54:21+00:00","dateModified":"2026-06-05T15:58:09+00:00","mainEntityOfPage":{"@id":"https:\/\/www.3lo.walbrzych.pl\/wordpress\/mrozek-w-iii-lo\/"},"wordCount":277,"publisher":{"@id":"https:\/\/www.3lo.walbrzych.pl\/wordpress\/#organization"},"image":{"@id":"https:\/\/www.3lo.walbrzych.pl\/wordpress\/mrozek-w-iii-lo\/#primaryimage"},"thumbnailUrl":"https:\/\/www.3lo.walbrzych.pl\/wordpress\/wp-content\/uploads\/2026\/06\/702325025_1611745360951952_2636286105030623140_n.jpg","articleSection":["Teatr","Teatr"],"inLanguage":"pl-PL"},{"@type":"WebPage","@id":"https:\/\/www.3lo.walbrzych.pl\/wordpress\/mrozek-w-iii-lo\/","url":"https:\/\/www.3lo.walbrzych.pl\/wordpress\/mrozek-w-iii-lo\/","name":"Mro\u017cek w III LO - III Liceum Og\u00f3lnokszta\u0142c\u0105ce im. Miko\u0142aja Kopernika","isPartOf":{"@id":"https:\/\/www.3lo.walbrzych.pl\/wordpress\/#website"},"primaryImageOfPage":{"@id":"https:\/\/www.3lo.walbrzych.pl\/wordpress\/mrozek-w-iii-lo\/#primaryimage"},"image":{"@id":"https:\/\/www.3lo.walbrzych.pl\/wordpress\/mrozek-w-iii-lo\/#primaryimage"},"thumbnailUrl":"https:\/\/www.3lo.walbrzych.pl\/wordpress\/wp-content\/uploads\/2026\/06\/702325025_1611745360951952_2636286105030623140_n.jpg","datePublished":"2026-05-18T15:54:21+00:00","dateModified":"2026-06-05T15:58:09+00:00","breadcrumb":{"@id":"https:\/\/www.3lo.walbrzych.pl\/wordpress\/mrozek-w-iii-lo\/#breadcrumb"},"inLanguage":"pl-PL","potentialAction":[{"@type":"ReadAction","target":["https:\/\/www.3lo.walbrzych.pl\/wordpress\/mrozek-w-iii-lo\/"]}]},{"@type":"ImageObject","inLanguage":"pl-PL","@id":"https:\/\/www.3lo.walbrzych.pl\/wordpress\/mrozek-w-iii-lo\/#primaryimage","url":"https:\/\/www.3lo.walbrzych.pl\/wordpress\/wp-content\/uploads\/2026\/06\/702325025_1611745360951952_2636286105030623140_n.jpg","contentUrl":"https:\/\/www.3lo.walbrzych.pl\/wordpress\/wp-content\/uploads\/2026\/06\/702325025_1611745360951952_2636286105030623140_n.jpg","width":2000,"height":1333},{"@type":"BreadcrumbList","@id":"https:\/\/www.3lo.walbrzych.pl\/wordpress\/mrozek-w-iii-lo\/#breadcrumb","itemListElement":[{"@type":"ListItem","position":1,"name":"Strona g\u0142\u00f3wna","item":"https:\/\/www.3lo.walbrzych.pl\/wordpress\/"},{"@type":"ListItem","position":2,"name":"Mro\u017cek w III LO"}]},{"@type":"WebSite","@id":"https:\/\/www.3lo.walbrzych.pl\/wordpress\/#website","url":"https:\/\/www.3lo.walbrzych.pl\/wordpress\/","name":"III Liceum Og\u00f3lnokszta\u0142c\u0105ce im. Miko\u0142aja Kopernika","description":"","publisher":{"@id":"https:\/\/www.3lo.walbrzych.pl\/wordpress\/#organization"},"potentialAction":[{"@type":"SearchAction","target":{"@type":"EntryPoint","urlTemplate":"https:\/\/www.3lo.walbrzych.pl\/wordpress\/?s={search_term_string}"},"query-input":{"@type":"PropertyValueSpecification","valueRequired":true,"valueName":"search_term_string"}}],"inLanguage":"pl-PL"},{"@type":"Organization","@id":"https:\/\/www.3lo.walbrzych.pl\/wordpress\/#organization","name":"III Liceum Og\u00f3lnokszta\u0142c\u0105ce im. Miko\u0142aja Kopernika","url":"https:\/\/www.3lo.walbrzych.pl\/wordpress\/","logo":{"@type":"ImageObject","inLanguage":"pl-PL","@id":"https:\/\/www.3lo.walbrzych.pl\/wordpress\/#\/schema\/logo\/image\/","url":"https:\/\/www.3lo.walbrzych.pl\/wordpress\/wp-content\/uploads\/2025\/09\/logo-szkoly-scaled.jpg","contentUrl":"https:\/\/www.3lo.walbrzych.pl\/wordpress\/wp-content\/uploads\/2025\/09\/logo-szkoly-scaled.jpg","width":2560,"height":914,"caption":"III Liceum Og\u00f3lnokszta\u0142c\u0105ce im. Miko\u0142aja Kopernika"},"image":{"@id":"https:\/\/www.3lo.walbrzych.pl\/wordpress\/#\/schema\/logo\/image\/"}},{"@type":"Person","@id":"https:\/\/www.3lo.walbrzych.pl\/wordpress\/#\/schema\/person\/ff9afc6eca5e68699c4be1e41f0ec427","name":"Micha\u0142 Cetera","url":"https:\/\/www.3lo.walbrzych.pl\/wordpress\/author\/mcetera\/"}]}},"_links":{"self":[{"href":"https:\/\/www.3lo.walbrzych.pl\/wordpress\/wp-json\/wp\/v2\/posts\/8477","targetHints":{"allow":["GET"]}}],"collection":[{"href":"https:\/\/www.3lo.walbrzych.pl\/wordpress\/wp-json\/wp\/v2\/posts"}],"about":[{"href":"https:\/\/www.3lo.walbrzych.pl\/wordpress\/wp-json\/wp\/v2\/types\/post"}],"author":[{"embeddable":true,"href":"https:\/\/www.3lo.walbrzych.pl\/wordpress\/wp-json\/wp\/v2\/users\/48"}],"replies":[{"embeddable":true,"href":"https:\/\/www.3lo.walbrzych.pl\/wordpress\/wp-json\/wp\/v2\/comments?post=8477"}],"version-history":[{"count":1,"href":"https:\/\/www.3lo.walbrzych.pl\/wordpress\/wp-json\/wp\/v2\/posts\/8477\/revisions"}],"predecessor-version":[{"id":8481,"href":"https:\/\/www.3lo.walbrzych.pl\/wordpress\/wp-json\/wp\/v2\/posts\/8477\/revisions\/8481"}],"wp:featuredmedia":[{"embeddable":true,"href":"https:\/\/www.3lo.walbrzych.pl\/wordpress\/wp-json\/wp\/v2\/media\/8478"}],"wp:attachment":[{"href":"https:\/\/www.3lo.walbrzych.pl\/wordpress\/wp-json\/wp\/v2\/media?parent=8477"}],"wp:term":[{"taxonomy":"category","embeddable":true,"href":"https:\/\/www.3lo.walbrzych.pl\/wordpress\/wp-json\/wp\/v2\/categories?post=8477"},{"taxonomy":"post_tag","embeddable":true,"href":"https:\/\/www.3lo.walbrzych.pl\/wordpress\/wp-json\/wp\/v2\/tags?post=8477"}],"curies":[{"name":"wp","href":"https:\/\/api.w.org\/{rel}","templated":true}]}}