{"id":8482,"date":"2026-06-05T18:09:30","date_gmt":"2026-06-05T16:09:30","guid":{"rendered":"https:\/\/www.3lo.walbrzych.pl\/wordpress\/?p=8482"},"modified":"2026-06-05T18:09:36","modified_gmt":"2026-06-05T16:09:36","slug":"ii-edycja-art-festiwalu-w-iii-lo","status":"publish","type":"post","link":"https:\/\/www.3lo.walbrzych.pl\/wordpress\/ii-edycja-art-festiwalu-w-iii-lo\/","title":{"rendered":"II edycja Art-Festiwalu w III LO"},"content":{"rendered":"\n<p class=\"wp-block-paragraph\">Za nami wyj\u0105tkowe dni pe\u0142ne sztuki, emocji, kreatywno\u015bci i spotka\u0144 z niezwyk\u0142ymi lud\u017ami. II Art-Festiwal pokaza\u0142, jak ogromny potencja\u0142 i pasj\u0119 maj\u0105 uczniowie naszej szko\u0142y. By\u0142 przestrzeni\u0105, w kt\u00f3rej mo\u017cna by\u0142o pr\u00f3bowa\u0107 nowych rzeczy, odkrywa\u0107 w\u0142asne talenty, dzieli\u0107 si\u0119 nimi z innymi, zdobywa\u0107 nowe umiej\u0119tno\u015bci i przekonywa\u0107 si\u0119, \u017ce sztuka ma wiele twarzy \u2013 od muzyki, teatru i literatury, po fotografi\u0119, r\u0119kodzie\u0142o, film, komiks, malarstwo i charakteryzacj\u0119. Idea Art-Festiwalu zrodzi\u0142a si\u0119 z prostego, ale niezwykle wa\u017cnego spostrze\u017cenia \u2013 w naszej szkole nie brakuje m\u0142odych ludzi obdarzonych talentem, kt\u00f3rzy cz\u0119sto nie maj\u0105 okazji go zaprezentowa\u0107 lub rozwin\u0105\u0107. <\/p>\n\n\n\n<figure class=\"wp-block-image size-large\"><a href=\"https:\/\/www.3lo.walbrzych.pl\/wordpress\/wp-content\/uploads\/2026\/06\/716591282_1630049475788207_545314501919746576_n.jpg\"><img loading=\"lazy\" decoding=\"async\" width=\"768\" height=\"1024\" src=\"https:\/\/www.3lo.walbrzych.pl\/wordpress\/wp-content\/uploads\/2026\/06\/716591282_1630049475788207_545314501919746576_n-768x1024.jpg\" alt=\"\" class=\"wp-image-8484\" srcset=\"https:\/\/www.3lo.walbrzych.pl\/wordpress\/wp-content\/uploads\/2026\/06\/716591282_1630049475788207_545314501919746576_n-768x1024.jpg 768w, https:\/\/www.3lo.walbrzych.pl\/wordpress\/wp-content\/uploads\/2026\/06\/716591282_1630049475788207_545314501919746576_n-225x300.jpg 225w, https:\/\/www.3lo.walbrzych.pl\/wordpress\/wp-content\/uploads\/2026\/06\/716591282_1630049475788207_545314501919746576_n-1152x1536.jpg 1152w, https:\/\/www.3lo.walbrzych.pl\/wordpress\/wp-content\/uploads\/2026\/06\/716591282_1630049475788207_545314501919746576_n.jpg 1500w\" sizes=\"auto, (max-width: 768px) 100vw, 768px\" \/><\/a><\/figure>\n\n\n\n<p class=\"wp-block-paragraph\">To w\u0142a\u015bnie dlatego Pani Marzena Sielenzak, pomys\u0142odawczyni i g\u0142\u00f3wna organizatorka wydarzenia, postanowi\u0142a stworzy\u0107 przestrze\u0144, w kt\u00f3rej ka\u017cdy ucze\u0144 m\u00f3g\u0142by poczu\u0107, \u017ce jego pasja ma znaczenie. Dzi\u0119kujemy za odwag\u0119, by zamieni\u0107 pomys\u0142 w rzeczywisto\u015b\u0107, za wiele godzin po\u015bwi\u0119conych na organizacj\u0119, za wiar\u0119 w m\u0142odych ludzi i ich mo\u017cliwo\u015bci, za to, \u017ce dostrzega Pani w uczniach to, czego czasem oni sami jeszcze nie widz\u0105 \u2013 talent, potencja\u0142 i wyj\u0105tkowo\u015b\u0107. Dzi\u0119ki temu powsta\u0142o wydarzenie, kt\u00f3re nie tylko pozwoli\u0142o zaprezentowa\u0107 umiej\u0119tno\u015bci naszych uczni\u00f3w, ale przede wszystkim pokaza\u0142o im, \u017ce warto marzy\u0107, pr\u00f3bowa\u0107 i rozwija\u0107 swoje pasje. Dodatkowo wok\u00f3\u0142 tej idei zgromadzi\u0142a grono ludzi o wielkich sercach \u2013 artyst\u00f3w, tw\u00f3rc\u00f3w, instruktor\u00f3w i pasjonat\u00f3w z naszego miasta i okolic. <\/p>\n\n\n\n<figure class=\"wp-block-image size-large\"><a href=\"https:\/\/www.3lo.walbrzych.pl\/wordpress\/wp-content\/uploads\/2026\/06\/715376524_1630049879121500_5968767622457976906_n.jpg\"><img loading=\"lazy\" decoding=\"async\" width=\"1024\" height=\"768\" src=\"https:\/\/www.3lo.walbrzych.pl\/wordpress\/wp-content\/uploads\/2026\/06\/715376524_1630049879121500_5968767622457976906_n-1024x768.jpg\" alt=\"\" class=\"wp-image-8485\" srcset=\"https:\/\/www.3lo.walbrzych.pl\/wordpress\/wp-content\/uploads\/2026\/06\/715376524_1630049879121500_5968767622457976906_n-1024x768.jpg 1024w, https:\/\/www.3lo.walbrzych.pl\/wordpress\/wp-content\/uploads\/2026\/06\/715376524_1630049879121500_5968767622457976906_n-300x225.jpg 300w, https:\/\/www.3lo.walbrzych.pl\/wordpress\/wp-content\/uploads\/2026\/06\/715376524_1630049879121500_5968767622457976906_n-768x576.jpg 768w, https:\/\/www.3lo.walbrzych.pl\/wordpress\/wp-content\/uploads\/2026\/06\/715376524_1630049879121500_5968767622457976906_n-1536x1152.jpg 1536w, https:\/\/www.3lo.walbrzych.pl\/wordpress\/wp-content\/uploads\/2026\/06\/715376524_1630049879121500_5968767622457976906_n.jpg 2048w\" sizes=\"auto, (max-width: 1024px) 100vw, 1024px\" \/><\/a><\/figure>\n\n\n\n<p class=\"wp-block-paragraph\">Bezinteresownie, z ogromnym zaanga\u017cowaniem i pasj\u0105 po\u015bwi\u0119cili sw\u00f3j czas, aby podzieli\u0107 si\u0119 z m\u0142odzie\u017c\u0105 swoj\u0105 wiedz\u0105, do\u015bwiadczeniem i mi\u0142o\u015bci\u0105 do sztuki. Dzi\u0119ki nim festiwal sta\u0142 si\u0119 prawdziwym \u015bwi\u0119tem kreatywno\u015bci: Agnieszka Dobkiewicz, Agnieszka Karecka, Anna Ko\u015bci\u00f3w, Ma\u0142gorzata Rzempowska- Sk\u00f3ra, Karolina Oschia \u2013 Zalas, Ewelina Ma\u0142ecka, Marta Cz\u0142apa, Karolina D\u0105browska, Renata Ambro\u017cak i Tomasz J\u0119kot, \u0141ukasz Ci\u017cmowski, Teatr Dramatyczny w Wa\u0142brzychu oraz Stara Kopalnia w Wa\u0142brzychu. <\/p>\n\n\n\n<figure class=\"wp-block-image size-large\"><a href=\"https:\/\/www.3lo.walbrzych.pl\/wordpress\/wp-content\/uploads\/2026\/06\/715360240_1630047819121706_1479663782215360418_n.jpg\"><img loading=\"lazy\" decoding=\"async\" width=\"1024\" height=\"768\" src=\"https:\/\/www.3lo.walbrzych.pl\/wordpress\/wp-content\/uploads\/2026\/06\/715360240_1630047819121706_1479663782215360418_n-1024x768.jpg\" alt=\"\" class=\"wp-image-8487\" srcset=\"https:\/\/www.3lo.walbrzych.pl\/wordpress\/wp-content\/uploads\/2026\/06\/715360240_1630047819121706_1479663782215360418_n-1024x768.jpg 1024w, https:\/\/www.3lo.walbrzych.pl\/wordpress\/wp-content\/uploads\/2026\/06\/715360240_1630047819121706_1479663782215360418_n-300x225.jpg 300w, https:\/\/www.3lo.walbrzych.pl\/wordpress\/wp-content\/uploads\/2026\/06\/715360240_1630047819121706_1479663782215360418_n-768x576.jpg 768w, https:\/\/www.3lo.walbrzych.pl\/wordpress\/wp-content\/uploads\/2026\/06\/715360240_1630047819121706_1479663782215360418_n-1536x1152.jpg 1536w, https:\/\/www.3lo.walbrzych.pl\/wordpress\/wp-content\/uploads\/2026\/06\/715360240_1630047819121706_1479663782215360418_n.jpg 1600w\" sizes=\"auto, (max-width: 1024px) 100vw, 1024px\" \/><\/a><\/figure>\n\n\n\n<p class=\"wp-block-paragraph\">Szczeg\u00f3lne podzi\u0119kowania kierujemy r\u00f3wnie\u017c do Pani Dyrektor Joanna Dominiak, kt\u00f3ra od pierwszej chwili dostrzeg\u0142a potencja\u0142 tej inicjatywy. Z entuzjazmem przyj\u0119\u0142a pomys\u0142 stworzenia Art-Festiwalu, obdarzy\u0142a go zaufaniem i wspiera\u0142a jego realizacj\u0119 na ka\u017cdym etapie. Dzi\u0119ki jej otwarto\u015bci, \u017cyczliwo\u015bci i nieocenionej pomocy organizacyjnej mo\u017cliwe by\u0142o stworzenie wydarzenia, kt\u00f3re na kilka dni zamieni\u0142o nasz\u0105 szko\u0142\u0119 w prawdziw\u0105 przestrze\u0144 sztuki, kreatywno\u015bci i inspiracji. <\/p>\n\n\n\n<figure class=\"wp-block-image size-large\"><a href=\"https:\/\/www.3lo.walbrzych.pl\/wordpress\/wp-content\/uploads\/2026\/06\/712469530_1630047755788379_139575791639325379_n.jpg\"><img loading=\"lazy\" decoding=\"async\" width=\"1024\" height=\"682\" src=\"https:\/\/www.3lo.walbrzych.pl\/wordpress\/wp-content\/uploads\/2026\/06\/712469530_1630047755788379_139575791639325379_n-1024x682.jpg\" alt=\"\" class=\"wp-image-8488\" srcset=\"https:\/\/www.3lo.walbrzych.pl\/wordpress\/wp-content\/uploads\/2026\/06\/712469530_1630047755788379_139575791639325379_n-1024x682.jpg 1024w, https:\/\/www.3lo.walbrzych.pl\/wordpress\/wp-content\/uploads\/2026\/06\/712469530_1630047755788379_139575791639325379_n-300x200.jpg 300w, https:\/\/www.3lo.walbrzych.pl\/wordpress\/wp-content\/uploads\/2026\/06\/712469530_1630047755788379_139575791639325379_n-768x512.jpg 768w, https:\/\/www.3lo.walbrzych.pl\/wordpress\/wp-content\/uploads\/2026\/06\/712469530_1630047755788379_139575791639325379_n.jpg 1280w\" sizes=\"auto, (max-width: 1024px) 100vw, 1024px\" \/><\/a><\/figure>\n\n\n\n<p class=\"wp-block-paragraph\">Dzi\u0119kujemy sponsorom: WZK Victoria S.A., Toyota Motor Manufacturing Poland s.p z o.o, Uzdrowisko Szczawno- Jedlina, pos\u0142ankom: Aleksandra Leo, Sylwia Bielawska. Dzi\u0119kujemy wolontariuszkom (Amelii, Wiktorii, Zuzi, Amelii, Mai, Julii, Hani, Darii, Oli, Mai, Zuzi, Weronice, Oliwii, Zuzi, Marysi, Karolinie, Nikoli, Julii), nauczycielom, pracownikom szko\u0142y oraz uczniom, kt\u00f3rzy wsp\u00f3\u0142tworzyli to wydarzenie. Ka\u017cdy z Was do\u0142o\u017cy\u0142 swoj\u0105 cegie\u0142k\u0119 do sukcesu Art-Festiwalu. Dzi\u0119kujemy, \u017ce byli\u015bcie z nami!<\/p>\n\n\n\n<figure class=\"wp-block-image size-large\"><a href=\"https:\/\/www.3lo.walbrzych.pl\/wordpress\/wp-content\/uploads\/2026\/06\/716137757_1630049275788227_2300088769979431647_n.jpg\"><img loading=\"lazy\" decoding=\"async\" width=\"1024\" height=\"768\" src=\"https:\/\/www.3lo.walbrzych.pl\/wordpress\/wp-content\/uploads\/2026\/06\/716137757_1630049275788227_2300088769979431647_n-1024x768.jpg\" alt=\"\" class=\"wp-image-8489\" srcset=\"https:\/\/www.3lo.walbrzych.pl\/wordpress\/wp-content\/uploads\/2026\/06\/716137757_1630049275788227_2300088769979431647_n-1024x768.jpg 1024w, https:\/\/www.3lo.walbrzych.pl\/wordpress\/wp-content\/uploads\/2026\/06\/716137757_1630049275788227_2300088769979431647_n-300x225.jpg 300w, https:\/\/www.3lo.walbrzych.pl\/wordpress\/wp-content\/uploads\/2026\/06\/716137757_1630049275788227_2300088769979431647_n-768x576.jpg 768w, https:\/\/www.3lo.walbrzych.pl\/wordpress\/wp-content\/uploads\/2026\/06\/716137757_1630049275788227_2300088769979431647_n-1536x1152.jpg 1536w, https:\/\/www.3lo.walbrzych.pl\/wordpress\/wp-content\/uploads\/2026\/06\/716137757_1630049275788227_2300088769979431647_n.jpg 2000w\" sizes=\"auto, (max-width: 1024px) 100vw, 1024px\" \/><\/a><\/figure>\n","protected":false},"excerpt":{"rendered":"<p>Za nami wyj\u0105tkowe dni pe\u0142ne sztuki, emocji, kreatywno\u015bci i spotka\u0144 z niezwyk\u0142ymi lud\u017ami. II Art-Festiwal pokaza\u0142, jak ogromny potencja\u0142 i pasj\u0119 maj\u0105 uczniowie naszej szko\u0142y. By\u0142 przestrzeni\u0105, w kt\u00f3rej mo\u017cna by\u0142o pr\u00f3bowa\u0107 nowych rzeczy, odkrywa\u0107 w\u0142asne talenty, dzieli\u0107 si\u0119 nimi z innymi, zdobywa\u0107 nowe umiej\u0119tno\u015bci i przekonywa\u0107 si\u0119, \u017ce sztuka ma wiele twarzy \u2013 od [&hellip;]<\/p>\n","protected":false},"author":48,"featured_media":8483,"comment_status":"closed","ping_status":"closed","sticky":false,"template":"","format":"standard","meta":{"footnotes":""},"categories":[19],"tags":[],"class_list":["post-8482","post","type-post","status-publish","format-standard","has-post-thumbnail","hentry","category-aktualnosci"],"yoast_head":"<!-- This site is optimized with the Yoast SEO plugin v28.4 - https:\/\/yoast.com\/product\/yoast-seo-wordpress\/ -->\n<title>II edycja Art-Festiwalu w III LO - III Liceum Og\u00f3lnokszta\u0142c\u0105ce im. Miko\u0142aja Kopernika<\/title>\n<meta name=\"robots\" content=\"index, follow, max-snippet:-1, max-image-preview:large, max-video-preview:-1\" \/>\n<link rel=\"canonical\" href=\"https:\/\/www.3lo.walbrzych.pl\/wordpress\/ii-edycja-art-festiwalu-w-iii-lo\/\" \/>\n<meta property=\"og:locale\" content=\"pl_PL\" \/>\n<meta property=\"og:type\" content=\"article\" \/>\n<meta property=\"og:title\" content=\"II edycja Art-Festiwalu w III LO - III Liceum Og\u00f3lnokszta\u0142c\u0105ce im. Miko\u0142aja Kopernika\" \/>\n<meta property=\"og:description\" content=\"Za nami wyj\u0105tkowe dni pe\u0142ne sztuki, emocji, kreatywno\u015bci i spotka\u0144 z niezwyk\u0142ymi lud\u017ami. II Art-Festiwal pokaza\u0142, jak ogromny potencja\u0142 i pasj\u0119 maj\u0105 uczniowie naszej szko\u0142y. By\u0142 przestrzeni\u0105, w kt\u00f3rej mo\u017cna by\u0142o pr\u00f3bowa\u0107 nowych rzeczy, odkrywa\u0107 w\u0142asne talenty, dzieli\u0107 si\u0119 nimi z innymi, zdobywa\u0107 nowe umiej\u0119tno\u015bci i przekonywa\u0107 si\u0119, \u017ce sztuka ma wiele twarzy \u2013 od [&hellip;]\" \/>\n<meta property=\"og:url\" content=\"https:\/\/www.3lo.walbrzych.pl\/wordpress\/ii-edycja-art-festiwalu-w-iii-lo\/\" \/>\n<meta property=\"og:site_name\" content=\"III Liceum Og\u00f3lnokszta\u0142c\u0105ce im. Miko\u0142aja Kopernika\" \/>\n<meta property=\"article:published_time\" content=\"2026-06-05T16:09:30+00:00\" \/>\n<meta property=\"article:modified_time\" content=\"2026-06-05T16:09:36+00:00\" \/>\n<meta property=\"og:image\" content=\"https:\/\/www.3lo.walbrzych.pl\/wordpress\/wp-content\/uploads\/2026\/06\/715059937_1630049622454859_1343428313704321163_n.jpg\" \/>\n\t<meta property=\"og:image:width\" content=\"2016\" \/>\n\t<meta property=\"og:image:height\" content=\"1512\" \/>\n\t<meta property=\"og:image:type\" content=\"image\/jpeg\" \/>\n<meta name=\"author\" content=\"Micha\u0142 Cetera\" \/>\n<meta name=\"twitter:card\" content=\"summary_large_image\" \/>\n<meta name=\"twitter:label1\" content=\"Napisane przez\" \/>\n\t<meta name=\"twitter:data1\" content=\"Micha\u0142 Cetera\" \/>\n\t<meta name=\"twitter:label2\" content=\"Szacowany czas czytania\" \/>\n\t<meta name=\"twitter:data2\" content=\"4 minuty\" \/>\n<script type=\"application\/ld+json\" class=\"yoast-schema-graph\">{\"@context\":\"https:\\\/\\\/schema.org\",\"@graph\":[{\"@type\":\"Article\",\"@id\":\"https:\\\/\\\/www.3lo.walbrzych.pl\\\/wordpress\\\/ii-edycja-art-festiwalu-w-iii-lo\\\/#article\",\"isPartOf\":{\"@id\":\"https:\\\/\\\/www.3lo.walbrzych.pl\\\/wordpress\\\/ii-edycja-art-festiwalu-w-iii-lo\\\/\"},\"author\":{\"name\":\"Micha\u0142 Cetera\",\"@id\":\"https:\\\/\\\/www.3lo.walbrzych.pl\\\/wordpress\\\/#\\\/schema\\\/person\\\/ff9afc6eca5e68699c4be1e41f0ec427\"},\"headline\":\"II edycja Art-Festiwalu w III LO\",\"datePublished\":\"2026-06-05T16:09:30+00:00\",\"dateModified\":\"2026-06-05T16:09:36+00:00\",\"mainEntityOfPage\":{\"@id\":\"https:\\\/\\\/www.3lo.walbrzych.pl\\\/wordpress\\\/ii-edycja-art-festiwalu-w-iii-lo\\\/\"},\"wordCount\":503,\"publisher\":{\"@id\":\"https:\\\/\\\/www.3lo.walbrzych.pl\\\/wordpress\\\/#organization\"},\"image\":{\"@id\":\"https:\\\/\\\/www.3lo.walbrzych.pl\\\/wordpress\\\/ii-edycja-art-festiwalu-w-iii-lo\\\/#primaryimage\"},\"thumbnailUrl\":\"https:\\\/\\\/www.3lo.walbrzych.pl\\\/wordpress\\\/wp-content\\\/uploads\\\/2026\\\/06\\\/715059937_1630049622454859_1343428313704321163_n.jpg\",\"articleSection\":[\"Aktualno\u015bci\"],\"inLanguage\":\"pl-PL\"},{\"@type\":\"WebPage\",\"@id\":\"https:\\\/\\\/www.3lo.walbrzych.pl\\\/wordpress\\\/ii-edycja-art-festiwalu-w-iii-lo\\\/\",\"url\":\"https:\\\/\\\/www.3lo.walbrzych.pl\\\/wordpress\\\/ii-edycja-art-festiwalu-w-iii-lo\\\/\",\"name\":\"II edycja Art-Festiwalu w III LO - III Liceum Og\u00f3lnokszta\u0142c\u0105ce im. Miko\u0142aja Kopernika\",\"isPartOf\":{\"@id\":\"https:\\\/\\\/www.3lo.walbrzych.pl\\\/wordpress\\\/#website\"},\"primaryImageOfPage\":{\"@id\":\"https:\\\/\\\/www.3lo.walbrzych.pl\\\/wordpress\\\/ii-edycja-art-festiwalu-w-iii-lo\\\/#primaryimage\"},\"image\":{\"@id\":\"https:\\\/\\\/www.3lo.walbrzych.pl\\\/wordpress\\\/ii-edycja-art-festiwalu-w-iii-lo\\\/#primaryimage\"},\"thumbnailUrl\":\"https:\\\/\\\/www.3lo.walbrzych.pl\\\/wordpress\\\/wp-content\\\/uploads\\\/2026\\\/06\\\/715059937_1630049622454859_1343428313704321163_n.jpg\",\"datePublished\":\"2026-06-05T16:09:30+00:00\",\"dateModified\":\"2026-06-05T16:09:36+00:00\",\"breadcrumb\":{\"@id\":\"https:\\\/\\\/www.3lo.walbrzych.pl\\\/wordpress\\\/ii-edycja-art-festiwalu-w-iii-lo\\\/#breadcrumb\"},\"inLanguage\":\"pl-PL\",\"potentialAction\":[{\"@type\":\"ReadAction\",\"target\":[\"https:\\\/\\\/www.3lo.walbrzych.pl\\\/wordpress\\\/ii-edycja-art-festiwalu-w-iii-lo\\\/\"]}]},{\"@type\":\"ImageObject\",\"inLanguage\":\"pl-PL\",\"@id\":\"https:\\\/\\\/www.3lo.walbrzych.pl\\\/wordpress\\\/ii-edycja-art-festiwalu-w-iii-lo\\\/#primaryimage\",\"url\":\"https:\\\/\\\/www.3lo.walbrzych.pl\\\/wordpress\\\/wp-content\\\/uploads\\\/2026\\\/06\\\/715059937_1630049622454859_1343428313704321163_n.jpg\",\"contentUrl\":\"https:\\\/\\\/www.3lo.walbrzych.pl\\\/wordpress\\\/wp-content\\\/uploads\\\/2026\\\/06\\\/715059937_1630049622454859_1343428313704321163_n.jpg\",\"width\":2016,\"height\":1512},{\"@type\":\"BreadcrumbList\",\"@id\":\"https:\\\/\\\/www.3lo.walbrzych.pl\\\/wordpress\\\/ii-edycja-art-festiwalu-w-iii-lo\\\/#breadcrumb\",\"itemListElement\":[{\"@type\":\"ListItem\",\"position\":1,\"name\":\"Strona g\u0142\u00f3wna\",\"item\":\"https:\\\/\\\/www.3lo.walbrzych.pl\\\/wordpress\\\/\"},{\"@type\":\"ListItem\",\"position\":2,\"name\":\"II edycja Art-Festiwalu w III LO\"}]},{\"@type\":\"WebSite\",\"@id\":\"https:\\\/\\\/www.3lo.walbrzych.pl\\\/wordpress\\\/#website\",\"url\":\"https:\\\/\\\/www.3lo.walbrzych.pl\\\/wordpress\\\/\",\"name\":\"III Liceum Og\u00f3lnokszta\u0142c\u0105ce im. Miko\u0142aja Kopernika\",\"description\":\"\",\"publisher\":{\"@id\":\"https:\\\/\\\/www.3lo.walbrzych.pl\\\/wordpress\\\/#organization\"},\"potentialAction\":[{\"@type\":\"SearchAction\",\"target\":{\"@type\":\"EntryPoint\",\"urlTemplate\":\"https:\\\/\\\/www.3lo.walbrzych.pl\\\/wordpress\\\/?s={search_term_string}\"},\"query-input\":{\"@type\":\"PropertyValueSpecification\",\"valueRequired\":true,\"valueName\":\"search_term_string\"}}],\"inLanguage\":\"pl-PL\"},{\"@type\":\"Organization\",\"@id\":\"https:\\\/\\\/www.3lo.walbrzych.pl\\\/wordpress\\\/#organization\",\"name\":\"III Liceum Og\u00f3lnokszta\u0142c\u0105ce im. Miko\u0142aja Kopernika\",\"url\":\"https:\\\/\\\/www.3lo.walbrzych.pl\\\/wordpress\\\/\",\"logo\":{\"@type\":\"ImageObject\",\"inLanguage\":\"pl-PL\",\"@id\":\"https:\\\/\\\/www.3lo.walbrzych.pl\\\/wordpress\\\/#\\\/schema\\\/logo\\\/image\\\/\",\"url\":\"https:\\\/\\\/www.3lo.walbrzych.pl\\\/wordpress\\\/wp-content\\\/uploads\\\/2025\\\/09\\\/logo-szkoly-scaled.jpg\",\"contentUrl\":\"https:\\\/\\\/www.3lo.walbrzych.pl\\\/wordpress\\\/wp-content\\\/uploads\\\/2025\\\/09\\\/logo-szkoly-scaled.jpg\",\"width\":2560,\"height\":914,\"caption\":\"III Liceum Og\u00f3lnokszta\u0142c\u0105ce im. Miko\u0142aja Kopernika\"},\"image\":{\"@id\":\"https:\\\/\\\/www.3lo.walbrzych.pl\\\/wordpress\\\/#\\\/schema\\\/logo\\\/image\\\/\"}},{\"@type\":\"Person\",\"@id\":\"https:\\\/\\\/www.3lo.walbrzych.pl\\\/wordpress\\\/#\\\/schema\\\/person\\\/ff9afc6eca5e68699c4be1e41f0ec427\",\"name\":\"Micha\u0142 Cetera\",\"url\":\"https:\\\/\\\/www.3lo.walbrzych.pl\\\/wordpress\\\/author\\\/mcetera\\\/\"}]}<\/script>\n<!-- \/ Yoast SEO plugin. -->","yoast_head_json":{"title":"II edycja Art-Festiwalu w III LO - III Liceum Og\u00f3lnokszta\u0142c\u0105ce im. Miko\u0142aja Kopernika","robots":{"index":"index","follow":"follow","max-snippet":"max-snippet:-1","max-image-preview":"max-image-preview:large","max-video-preview":"max-video-preview:-1"},"canonical":"https:\/\/www.3lo.walbrzych.pl\/wordpress\/ii-edycja-art-festiwalu-w-iii-lo\/","og_locale":"pl_PL","og_type":"article","og_title":"II edycja Art-Festiwalu w III LO - III Liceum Og\u00f3lnokszta\u0142c\u0105ce im. Miko\u0142aja Kopernika","og_description":"Za nami wyj\u0105tkowe dni pe\u0142ne sztuki, emocji, kreatywno\u015bci i spotka\u0144 z niezwyk\u0142ymi lud\u017ami. II Art-Festiwal pokaza\u0142, jak ogromny potencja\u0142 i pasj\u0119 maj\u0105 uczniowie naszej szko\u0142y. By\u0142 przestrzeni\u0105, w kt\u00f3rej mo\u017cna by\u0142o pr\u00f3bowa\u0107 nowych rzeczy, odkrywa\u0107 w\u0142asne talenty, dzieli\u0107 si\u0119 nimi z innymi, zdobywa\u0107 nowe umiej\u0119tno\u015bci i przekonywa\u0107 si\u0119, \u017ce sztuka ma wiele twarzy \u2013 od [&hellip;]","og_url":"https:\/\/www.3lo.walbrzych.pl\/wordpress\/ii-edycja-art-festiwalu-w-iii-lo\/","og_site_name":"III Liceum Og\u00f3lnokszta\u0142c\u0105ce im. Miko\u0142aja Kopernika","article_published_time":"2026-06-05T16:09:30+00:00","article_modified_time":"2026-06-05T16:09:36+00:00","og_image":[{"width":2016,"height":1512,"url":"https:\/\/www.3lo.walbrzych.pl\/wordpress\/wp-content\/uploads\/2026\/06\/715059937_1630049622454859_1343428313704321163_n.jpg","type":"image\/jpeg"}],"author":"Micha\u0142 Cetera","twitter_card":"summary_large_image","twitter_misc":{"Napisane przez":"Micha\u0142 Cetera","Szacowany czas czytania":"4 minuty"},"schema":{"@context":"https:\/\/schema.org","@graph":[{"@type":"Article","@id":"https:\/\/www.3lo.walbrzych.pl\/wordpress\/ii-edycja-art-festiwalu-w-iii-lo\/#article","isPartOf":{"@id":"https:\/\/www.3lo.walbrzych.pl\/wordpress\/ii-edycja-art-festiwalu-w-iii-lo\/"},"author":{"name":"Micha\u0142 Cetera","@id":"https:\/\/www.3lo.walbrzych.pl\/wordpress\/#\/schema\/person\/ff9afc6eca5e68699c4be1e41f0ec427"},"headline":"II edycja Art-Festiwalu w III LO","datePublished":"2026-06-05T16:09:30+00:00","dateModified":"2026-06-05T16:09:36+00:00","mainEntityOfPage":{"@id":"https:\/\/www.3lo.walbrzych.pl\/wordpress\/ii-edycja-art-festiwalu-w-iii-lo\/"},"wordCount":503,"publisher":{"@id":"https:\/\/www.3lo.walbrzych.pl\/wordpress\/#organization"},"image":{"@id":"https:\/\/www.3lo.walbrzych.pl\/wordpress\/ii-edycja-art-festiwalu-w-iii-lo\/#primaryimage"},"thumbnailUrl":"https:\/\/www.3lo.walbrzych.pl\/wordpress\/wp-content\/uploads\/2026\/06\/715059937_1630049622454859_1343428313704321163_n.jpg","articleSection":["Aktualno\u015bci"],"inLanguage":"pl-PL"},{"@type":"WebPage","@id":"https:\/\/www.3lo.walbrzych.pl\/wordpress\/ii-edycja-art-festiwalu-w-iii-lo\/","url":"https:\/\/www.3lo.walbrzych.pl\/wordpress\/ii-edycja-art-festiwalu-w-iii-lo\/","name":"II edycja Art-Festiwalu w III LO - III Liceum Og\u00f3lnokszta\u0142c\u0105ce im. Miko\u0142aja Kopernika","isPartOf":{"@id":"https:\/\/www.3lo.walbrzych.pl\/wordpress\/#website"},"primaryImageOfPage":{"@id":"https:\/\/www.3lo.walbrzych.pl\/wordpress\/ii-edycja-art-festiwalu-w-iii-lo\/#primaryimage"},"image":{"@id":"https:\/\/www.3lo.walbrzych.pl\/wordpress\/ii-edycja-art-festiwalu-w-iii-lo\/#primaryimage"},"thumbnailUrl":"https:\/\/www.3lo.walbrzych.pl\/wordpress\/wp-content\/uploads\/2026\/06\/715059937_1630049622454859_1343428313704321163_n.jpg","datePublished":"2026-06-05T16:09:30+00:00","dateModified":"2026-06-05T16:09:36+00:00","breadcrumb":{"@id":"https:\/\/www.3lo.walbrzych.pl\/wordpress\/ii-edycja-art-festiwalu-w-iii-lo\/#breadcrumb"},"inLanguage":"pl-PL","potentialAction":[{"@type":"ReadAction","target":["https:\/\/www.3lo.walbrzych.pl\/wordpress\/ii-edycja-art-festiwalu-w-iii-lo\/"]}]},{"@type":"ImageObject","inLanguage":"pl-PL","@id":"https:\/\/www.3lo.walbrzych.pl\/wordpress\/ii-edycja-art-festiwalu-w-iii-lo\/#primaryimage","url":"https:\/\/www.3lo.walbrzych.pl\/wordpress\/wp-content\/uploads\/2026\/06\/715059937_1630049622454859_1343428313704321163_n.jpg","contentUrl":"https:\/\/www.3lo.walbrzych.pl\/wordpress\/wp-content\/uploads\/2026\/06\/715059937_1630049622454859_1343428313704321163_n.jpg","width":2016,"height":1512},{"@type":"BreadcrumbList","@id":"https:\/\/www.3lo.walbrzych.pl\/wordpress\/ii-edycja-art-festiwalu-w-iii-lo\/#breadcrumb","itemListElement":[{"@type":"ListItem","position":1,"name":"Strona g\u0142\u00f3wna","item":"https:\/\/www.3lo.walbrzych.pl\/wordpress\/"},{"@type":"ListItem","position":2,"name":"II edycja Art-Festiwalu w III LO"}]},{"@type":"WebSite","@id":"https:\/\/www.3lo.walbrzych.pl\/wordpress\/#website","url":"https:\/\/www.3lo.walbrzych.pl\/wordpress\/","name":"III Liceum Og\u00f3lnokszta\u0142c\u0105ce im. Miko\u0142aja Kopernika","description":"","publisher":{"@id":"https:\/\/www.3lo.walbrzych.pl\/wordpress\/#organization"},"potentialAction":[{"@type":"SearchAction","target":{"@type":"EntryPoint","urlTemplate":"https:\/\/www.3lo.walbrzych.pl\/wordpress\/?s={search_term_string}"},"query-input":{"@type":"PropertyValueSpecification","valueRequired":true,"valueName":"search_term_string"}}],"inLanguage":"pl-PL"},{"@type":"Organization","@id":"https:\/\/www.3lo.walbrzych.pl\/wordpress\/#organization","name":"III Liceum Og\u00f3lnokszta\u0142c\u0105ce im. Miko\u0142aja Kopernika","url":"https:\/\/www.3lo.walbrzych.pl\/wordpress\/","logo":{"@type":"ImageObject","inLanguage":"pl-PL","@id":"https:\/\/www.3lo.walbrzych.pl\/wordpress\/#\/schema\/logo\/image\/","url":"https:\/\/www.3lo.walbrzych.pl\/wordpress\/wp-content\/uploads\/2025\/09\/logo-szkoly-scaled.jpg","contentUrl":"https:\/\/www.3lo.walbrzych.pl\/wordpress\/wp-content\/uploads\/2025\/09\/logo-szkoly-scaled.jpg","width":2560,"height":914,"caption":"III Liceum Og\u00f3lnokszta\u0142c\u0105ce im. Miko\u0142aja Kopernika"},"image":{"@id":"https:\/\/www.3lo.walbrzych.pl\/wordpress\/#\/schema\/logo\/image\/"}},{"@type":"Person","@id":"https:\/\/www.3lo.walbrzych.pl\/wordpress\/#\/schema\/person\/ff9afc6eca5e68699c4be1e41f0ec427","name":"Micha\u0142 Cetera","url":"https:\/\/www.3lo.walbrzych.pl\/wordpress\/author\/mcetera\/"}]}},"_links":{"self":[{"href":"https:\/\/www.3lo.walbrzych.pl\/wordpress\/wp-json\/wp\/v2\/posts\/8482","targetHints":{"allow":["GET"]}}],"collection":[{"href":"https:\/\/www.3lo.walbrzych.pl\/wordpress\/wp-json\/wp\/v2\/posts"}],"about":[{"href":"https:\/\/www.3lo.walbrzych.pl\/wordpress\/wp-json\/wp\/v2\/types\/post"}],"author":[{"embeddable":true,"href":"https:\/\/www.3lo.walbrzych.pl\/wordpress\/wp-json\/wp\/v2\/users\/48"}],"replies":[{"embeddable":true,"href":"https:\/\/www.3lo.walbrzych.pl\/wordpress\/wp-json\/wp\/v2\/comments?post=8482"}],"version-history":[{"count":1,"href":"https:\/\/www.3lo.walbrzych.pl\/wordpress\/wp-json\/wp\/v2\/posts\/8482\/revisions"}],"predecessor-version":[{"id":8490,"href":"https:\/\/www.3lo.walbrzych.pl\/wordpress\/wp-json\/wp\/v2\/posts\/8482\/revisions\/8490"}],"wp:featuredmedia":[{"embeddable":true,"href":"https:\/\/www.3lo.walbrzych.pl\/wordpress\/wp-json\/wp\/v2\/media\/8483"}],"wp:attachment":[{"href":"https:\/\/www.3lo.walbrzych.pl\/wordpress\/wp-json\/wp\/v2\/media?parent=8482"}],"wp:term":[{"taxonomy":"category","embeddable":true,"href":"https:\/\/www.3lo.walbrzych.pl\/wordpress\/wp-json\/wp\/v2\/categories?post=8482"},{"taxonomy":"post_tag","embeddable":true,"href":"https:\/\/www.3lo.walbrzych.pl\/wordpress\/wp-json\/wp\/v2\/tags?post=8482"}],"curies":[{"name":"wp","href":"https:\/\/api.w.org\/{rel}","templated":true}]}}