{"id":8491,"date":"2026-05-01T18:19:58","date_gmt":"2026-05-01T16:19:58","guid":{"rendered":"https:\/\/www.3lo.walbrzych.pl\/wordpress\/?p=8491"},"modified":"2026-06-05T18:26:00","modified_gmt":"2026-06-05T16:26:00","slug":"zakonczenie-roku-szkolnego-maturzystow","status":"publish","type":"post","link":"https:\/\/www.3lo.walbrzych.pl\/wordpress\/zakonczenie-roku-szkolnego-maturzystow\/","title":{"rendered":"Zako\u0144czenie roku szkolnego maturzyst\u00f3w"},"content":{"rendered":"\n<p class=\"wp-block-paragraph\">Jeden ze szcz\u0119\u015bliwych ojc\u00f3w powiedzia\u0142 w pi\u0105tek, \u017ce teraz dla absolwent\u00f3w jest najwspanialszy czas: cztery miesi\u0105ce wakacji, \u017cadnych obowi\u0105zk\u00f3w, podatk\u00f3w i tym podobnych. Chyba zapomnia\u0142 co maj\u0105 za tydzie\u0144: MATUR\u0118!!! Ale rozumiemy go, dla naszych absolwent\u00f3w to tylko formalno\u015b\u0107. Powodzenia kochani!!!<\/p>\n\n\n\n<figure class=\"wp-block-image size-full\"><a href=\"https:\/\/www.3lo.walbrzych.pl\/wordpress\/wp-content\/uploads\/2026\/06\/680654115_1592124682914020_3522172998233515081_n.jpg\"><img loading=\"lazy\" decoding=\"async\" width=\"1000\" height=\"667\" src=\"https:\/\/www.3lo.walbrzych.pl\/wordpress\/wp-content\/uploads\/2026\/06\/680654115_1592124682914020_3522172998233515081_n.jpg\" alt=\"\" class=\"wp-image-8493\" srcset=\"https:\/\/www.3lo.walbrzych.pl\/wordpress\/wp-content\/uploads\/2026\/06\/680654115_1592124682914020_3522172998233515081_n.jpg 1000w, https:\/\/www.3lo.walbrzych.pl\/wordpress\/wp-content\/uploads\/2026\/06\/680654115_1592124682914020_3522172998233515081_n-300x200.jpg 300w, https:\/\/www.3lo.walbrzych.pl\/wordpress\/wp-content\/uploads\/2026\/06\/680654115_1592124682914020_3522172998233515081_n-768x512.jpg 768w\" sizes=\"auto, (max-width: 1000px) 100vw, 1000px\" \/><\/a><\/figure>\n\n\n\n<figure class=\"wp-block-image size-full\"><a href=\"https:\/\/www.3lo.walbrzych.pl\/wordpress\/wp-content\/uploads\/2026\/06\/679333279_1592125396247282_3219211737754869691_n.jpg\"><img loading=\"lazy\" decoding=\"async\" width=\"1000\" height=\"667\" src=\"https:\/\/www.3lo.walbrzych.pl\/wordpress\/wp-content\/uploads\/2026\/06\/679333279_1592125396247282_3219211737754869691_n.jpg\" alt=\"\" class=\"wp-image-8494\" srcset=\"https:\/\/www.3lo.walbrzych.pl\/wordpress\/wp-content\/uploads\/2026\/06\/679333279_1592125396247282_3219211737754869691_n.jpg 1000w, https:\/\/www.3lo.walbrzych.pl\/wordpress\/wp-content\/uploads\/2026\/06\/679333279_1592125396247282_3219211737754869691_n-300x200.jpg 300w, https:\/\/www.3lo.walbrzych.pl\/wordpress\/wp-content\/uploads\/2026\/06\/679333279_1592125396247282_3219211737754869691_n-768x512.jpg 768w\" sizes=\"auto, (max-width: 1000px) 100vw, 1000px\" \/><\/a><\/figure>\n\n\n\n<figure class=\"wp-block-image size-full\"><a href=\"https:\/\/www.3lo.walbrzych.pl\/wordpress\/wp-content\/uploads\/2026\/06\/683634891_1592121839580971_1899151512493381055_n.jpg\"><img loading=\"lazy\" decoding=\"async\" width=\"1000\" height=\"667\" src=\"https:\/\/www.3lo.walbrzych.pl\/wordpress\/wp-content\/uploads\/2026\/06\/683634891_1592121839580971_1899151512493381055_n.jpg\" alt=\"\" class=\"wp-image-8495\" srcset=\"https:\/\/www.3lo.walbrzych.pl\/wordpress\/wp-content\/uploads\/2026\/06\/683634891_1592121839580971_1899151512493381055_n.jpg 1000w, https:\/\/www.3lo.walbrzych.pl\/wordpress\/wp-content\/uploads\/2026\/06\/683634891_1592121839580971_1899151512493381055_n-300x200.jpg 300w, https:\/\/www.3lo.walbrzych.pl\/wordpress\/wp-content\/uploads\/2026\/06\/683634891_1592121839580971_1899151512493381055_n-768x512.jpg 768w\" sizes=\"auto, (max-width: 1000px) 100vw, 1000px\" \/><\/a><\/figure>\n\n\n\n<figure class=\"wp-block-image size-full\"><a href=\"https:\/\/www.3lo.walbrzych.pl\/wordpress\/wp-content\/uploads\/2026\/06\/679130222_1592121899580965_3643186935991711122_n.jpg\"><img loading=\"lazy\" decoding=\"async\" width=\"1000\" height=\"667\" src=\"https:\/\/www.3lo.walbrzych.pl\/wordpress\/wp-content\/uploads\/2026\/06\/679130222_1592121899580965_3643186935991711122_n.jpg\" alt=\"\" class=\"wp-image-8496\" srcset=\"https:\/\/www.3lo.walbrzych.pl\/wordpress\/wp-content\/uploads\/2026\/06\/679130222_1592121899580965_3643186935991711122_n.jpg 1000w, https:\/\/www.3lo.walbrzych.pl\/wordpress\/wp-content\/uploads\/2026\/06\/679130222_1592121899580965_3643186935991711122_n-300x200.jpg 300w, https:\/\/www.3lo.walbrzych.pl\/wordpress\/wp-content\/uploads\/2026\/06\/679130222_1592121899580965_3643186935991711122_n-768x512.jpg 768w\" sizes=\"auto, (max-width: 1000px) 100vw, 1000px\" \/><\/a><\/figure>\n\n\n\n<figure class=\"wp-block-image size-full\"><a href=\"https:\/\/www.3lo.walbrzych.pl\/wordpress\/wp-content\/uploads\/2026\/06\/678987099_1592122439580911_2031052589722571943_n.jpg\"><img loading=\"lazy\" decoding=\"async\" width=\"1000\" height=\"667\" src=\"https:\/\/www.3lo.walbrzych.pl\/wordpress\/wp-content\/uploads\/2026\/06\/678987099_1592122439580911_2031052589722571943_n.jpg\" alt=\"\" class=\"wp-image-8497\" srcset=\"https:\/\/www.3lo.walbrzych.pl\/wordpress\/wp-content\/uploads\/2026\/06\/678987099_1592122439580911_2031052589722571943_n.jpg 1000w, https:\/\/www.3lo.walbrzych.pl\/wordpress\/wp-content\/uploads\/2026\/06\/678987099_1592122439580911_2031052589722571943_n-300x200.jpg 300w, https:\/\/www.3lo.walbrzych.pl\/wordpress\/wp-content\/uploads\/2026\/06\/678987099_1592122439580911_2031052589722571943_n-768x512.jpg 768w\" sizes=\"auto, (max-width: 1000px) 100vw, 1000px\" \/><\/a><\/figure>\n\n\n\n<figure class=\"wp-block-image size-full\"><a href=\"https:\/\/www.3lo.walbrzych.pl\/wordpress\/wp-content\/uploads\/2026\/06\/681181758_1592122759580879_7017017487267745375_n.jpg\"><img loading=\"lazy\" decoding=\"async\" width=\"1000\" height=\"667\" src=\"https:\/\/www.3lo.walbrzych.pl\/wordpress\/wp-content\/uploads\/2026\/06\/681181758_1592122759580879_7017017487267745375_n.jpg\" alt=\"\" class=\"wp-image-8498\" srcset=\"https:\/\/www.3lo.walbrzych.pl\/wordpress\/wp-content\/uploads\/2026\/06\/681181758_1592122759580879_7017017487267745375_n.jpg 1000w, https:\/\/www.3lo.walbrzych.pl\/wordpress\/wp-content\/uploads\/2026\/06\/681181758_1592122759580879_7017017487267745375_n-300x200.jpg 300w, https:\/\/www.3lo.walbrzych.pl\/wordpress\/wp-content\/uploads\/2026\/06\/681181758_1592122759580879_7017017487267745375_n-768x512.jpg 768w\" sizes=\"auto, (max-width: 1000px) 100vw, 1000px\" \/><\/a><\/figure>\n\n\n\n<figure class=\"wp-block-image size-full\"><a href=\"https:\/\/www.3lo.walbrzych.pl\/wordpress\/wp-content\/uploads\/2026\/06\/680992941_1592122476247574_4409125741729173268_n.jpg\"><img loading=\"lazy\" decoding=\"async\" width=\"1000\" height=\"667\" src=\"https:\/\/www.3lo.walbrzych.pl\/wordpress\/wp-content\/uploads\/2026\/06\/680992941_1592122476247574_4409125741729173268_n.jpg\" alt=\"\" class=\"wp-image-8499\" srcset=\"https:\/\/www.3lo.walbrzych.pl\/wordpress\/wp-content\/uploads\/2026\/06\/680992941_1592122476247574_4409125741729173268_n.jpg 1000w, https:\/\/www.3lo.walbrzych.pl\/wordpress\/wp-content\/uploads\/2026\/06\/680992941_1592122476247574_4409125741729173268_n-300x200.jpg 300w, https:\/\/www.3lo.walbrzych.pl\/wordpress\/wp-content\/uploads\/2026\/06\/680992941_1592122476247574_4409125741729173268_n-768x512.jpg 768w\" sizes=\"auto, (max-width: 1000px) 100vw, 1000px\" \/><\/a><\/figure>\n\n\n\n<figure class=\"wp-block-image size-full\"><a href=\"https:\/\/www.3lo.walbrzych.pl\/wordpress\/wp-content\/uploads\/2026\/06\/680006038_1592122656247556_3286094670241624771_n.jpg\"><img loading=\"lazy\" decoding=\"async\" width=\"1000\" height=\"667\" src=\"https:\/\/www.3lo.walbrzych.pl\/wordpress\/wp-content\/uploads\/2026\/06\/680006038_1592122656247556_3286094670241624771_n.jpg\" alt=\"\" class=\"wp-image-8500\" srcset=\"https:\/\/www.3lo.walbrzych.pl\/wordpress\/wp-content\/uploads\/2026\/06\/680006038_1592122656247556_3286094670241624771_n.jpg 1000w, https:\/\/www.3lo.walbrzych.pl\/wordpress\/wp-content\/uploads\/2026\/06\/680006038_1592122656247556_3286094670241624771_n-300x200.jpg 300w, https:\/\/www.3lo.walbrzych.pl\/wordpress\/wp-content\/uploads\/2026\/06\/680006038_1592122656247556_3286094670241624771_n-768x512.jpg 768w\" sizes=\"auto, (max-width: 1000px) 100vw, 1000px\" \/><\/a><\/figure>\n\n\n\n<figure class=\"wp-block-image size-full\"><a href=\"https:\/\/www.3lo.walbrzych.pl\/wordpress\/wp-content\/uploads\/2026\/06\/681225629_1592122986247523_4025922216348086265_n.jpg\"><img loading=\"lazy\" decoding=\"async\" width=\"1000\" height=\"667\" src=\"https:\/\/www.3lo.walbrzych.pl\/wordpress\/wp-content\/uploads\/2026\/06\/681225629_1592122986247523_4025922216348086265_n.jpg\" alt=\"\" class=\"wp-image-8501\" srcset=\"https:\/\/www.3lo.walbrzych.pl\/wordpress\/wp-content\/uploads\/2026\/06\/681225629_1592122986247523_4025922216348086265_n.jpg 1000w, https:\/\/www.3lo.walbrzych.pl\/wordpress\/wp-content\/uploads\/2026\/06\/681225629_1592122986247523_4025922216348086265_n-300x200.jpg 300w, https:\/\/www.3lo.walbrzych.pl\/wordpress\/wp-content\/uploads\/2026\/06\/681225629_1592122986247523_4025922216348086265_n-768x512.jpg 768w\" sizes=\"auto, (max-width: 1000px) 100vw, 1000px\" \/><\/a><\/figure>\n\n\n\n<figure class=\"wp-block-image size-full\"><a href=\"https:\/\/www.3lo.walbrzych.pl\/wordpress\/wp-content\/uploads\/2026\/06\/679363460_1592122952914193_4832259596821878067_n.jpg\"><img loading=\"lazy\" decoding=\"async\" width=\"1000\" height=\"667\" src=\"https:\/\/www.3lo.walbrzych.pl\/wordpress\/wp-content\/uploads\/2026\/06\/679363460_1592122952914193_4832259596821878067_n.jpg\" alt=\"\" class=\"wp-image-8502\" srcset=\"https:\/\/www.3lo.walbrzych.pl\/wordpress\/wp-content\/uploads\/2026\/06\/679363460_1592122952914193_4832259596821878067_n.jpg 1000w, https:\/\/www.3lo.walbrzych.pl\/wordpress\/wp-content\/uploads\/2026\/06\/679363460_1592122952914193_4832259596821878067_n-300x200.jpg 300w, https:\/\/www.3lo.walbrzych.pl\/wordpress\/wp-content\/uploads\/2026\/06\/679363460_1592122952914193_4832259596821878067_n-768x512.jpg 768w\" sizes=\"auto, (max-width: 1000px) 100vw, 1000px\" \/><\/a><\/figure>\n\n\n\n<figure class=\"wp-block-image size-full\"><a href=\"https:\/\/www.3lo.walbrzych.pl\/wordpress\/wp-content\/uploads\/2026\/06\/679138136_1592122642914224_1363146041214325883_n.jpg\"><img loading=\"lazy\" decoding=\"async\" width=\"1000\" height=\"667\" src=\"https:\/\/www.3lo.walbrzych.pl\/wordpress\/wp-content\/uploads\/2026\/06\/679138136_1592122642914224_1363146041214325883_n.jpg\" alt=\"\" class=\"wp-image-8503\" srcset=\"https:\/\/www.3lo.walbrzych.pl\/wordpress\/wp-content\/uploads\/2026\/06\/679138136_1592122642914224_1363146041214325883_n.jpg 1000w, https:\/\/www.3lo.walbrzych.pl\/wordpress\/wp-content\/uploads\/2026\/06\/679138136_1592122642914224_1363146041214325883_n-300x200.jpg 300w, https:\/\/www.3lo.walbrzych.pl\/wordpress\/wp-content\/uploads\/2026\/06\/679138136_1592122642914224_1363146041214325883_n-768x512.jpg 768w\" sizes=\"auto, (max-width: 1000px) 100vw, 1000px\" \/><\/a><\/figure>\n\n\n\n<figure class=\"wp-block-image size-full\"><a href=\"https:\/\/www.3lo.walbrzych.pl\/wordpress\/wp-content\/uploads\/2026\/06\/680232200_1592122989580856_5611048832102457160_n.jpg\"><img loading=\"lazy\" decoding=\"async\" width=\"1000\" height=\"667\" src=\"https:\/\/www.3lo.walbrzych.pl\/wordpress\/wp-content\/uploads\/2026\/06\/680232200_1592122989580856_5611048832102457160_n.jpg\" alt=\"\" class=\"wp-image-8505\" srcset=\"https:\/\/www.3lo.walbrzych.pl\/wordpress\/wp-content\/uploads\/2026\/06\/680232200_1592122989580856_5611048832102457160_n.jpg 1000w, https:\/\/www.3lo.walbrzych.pl\/wordpress\/wp-content\/uploads\/2026\/06\/680232200_1592122989580856_5611048832102457160_n-300x200.jpg 300w, https:\/\/www.3lo.walbrzych.pl\/wordpress\/wp-content\/uploads\/2026\/06\/680232200_1592122989580856_5611048832102457160_n-768x512.jpg 768w\" sizes=\"auto, (max-width: 1000px) 100vw, 1000px\" \/><\/a><\/figure>\n\n\n\n<figure class=\"wp-block-image size-full\"><a href=\"https:\/\/www.3lo.walbrzych.pl\/wordpress\/wp-content\/uploads\/2026\/06\/681108080_1592123009580854_6201742725643691733_n.jpg\"><img loading=\"lazy\" decoding=\"async\" width=\"1000\" height=\"667\" src=\"https:\/\/www.3lo.walbrzych.pl\/wordpress\/wp-content\/uploads\/2026\/06\/681108080_1592123009580854_6201742725643691733_n.jpg\" alt=\"\" class=\"wp-image-8506\" srcset=\"https:\/\/www.3lo.walbrzych.pl\/wordpress\/wp-content\/uploads\/2026\/06\/681108080_1592123009580854_6201742725643691733_n.jpg 1000w, https:\/\/www.3lo.walbrzych.pl\/wordpress\/wp-content\/uploads\/2026\/06\/681108080_1592123009580854_6201742725643691733_n-300x200.jpg 300w, https:\/\/www.3lo.walbrzych.pl\/wordpress\/wp-content\/uploads\/2026\/06\/681108080_1592123009580854_6201742725643691733_n-768x512.jpg 768w\" sizes=\"auto, (max-width: 1000px) 100vw, 1000px\" \/><\/a><\/figure>\n","protected":false},"excerpt":{"rendered":"<p>Jeden ze szcz\u0119\u015bliwych ojc\u00f3w powiedzia\u0142 w pi\u0105tek, \u017ce teraz dla absolwent\u00f3w jest najwspanialszy czas: cztery miesi\u0105ce wakacji, \u017cadnych obowi\u0105zk\u00f3w, podatk\u00f3w i tym podobnych. Chyba zapomnia\u0142 co maj\u0105 za tydzie\u0144: MATUR\u0118!!! Ale rozumiemy go, dla naszych absolwent\u00f3w to tylko formalno\u015b\u0107. Powodzenia kochani!!!<\/p>\n","protected":false},"author":48,"featured_media":8492,"comment_status":"closed","ping_status":"closed","sticky":false,"template":"","format":"standard","meta":{"footnotes":""},"categories":[19],"tags":[],"class_list":["post-8491","post","type-post","status-publish","format-standard","has-post-thumbnail","hentry","category-aktualnosci"],"yoast_head":"<!-- This site is optimized with the Yoast SEO plugin v28.4 - https:\/\/yoast.com\/product\/yoast-seo-wordpress\/ -->\n<title>Zako\u0144czenie roku szkolnego maturzyst\u00f3w - III Liceum Og\u00f3lnokszta\u0142c\u0105ce im. Miko\u0142aja Kopernika<\/title>\n<meta name=\"robots\" content=\"index, follow, max-snippet:-1, max-image-preview:large, max-video-preview:-1\" \/>\n<link rel=\"canonical\" href=\"https:\/\/www.3lo.walbrzych.pl\/wordpress\/zakonczenie-roku-szkolnego-maturzystow\/\" \/>\n<meta property=\"og:locale\" content=\"pl_PL\" \/>\n<meta property=\"og:type\" content=\"article\" \/>\n<meta property=\"og:title\" content=\"Zako\u0144czenie roku szkolnego maturzyst\u00f3w - III Liceum Og\u00f3lnokszta\u0142c\u0105ce im. Miko\u0142aja Kopernika\" \/>\n<meta property=\"og:description\" content=\"Jeden ze szcz\u0119\u015bliwych ojc\u00f3w powiedzia\u0142 w pi\u0105tek, \u017ce teraz dla absolwent\u00f3w jest najwspanialszy czas: cztery miesi\u0105ce wakacji, \u017cadnych obowi\u0105zk\u00f3w, podatk\u00f3w i tym podobnych. Chyba zapomnia\u0142 co maj\u0105 za tydzie\u0144: MATUR\u0118!!! Ale rozumiemy go, dla naszych absolwent\u00f3w to tylko formalno\u015b\u0107. Powodzenia kochani!!!\" \/>\n<meta property=\"og:url\" content=\"https:\/\/www.3lo.walbrzych.pl\/wordpress\/zakonczenie-roku-szkolnego-maturzystow\/\" \/>\n<meta property=\"og:site_name\" content=\"III Liceum Og\u00f3lnokszta\u0142c\u0105ce im. Miko\u0142aja Kopernika\" \/>\n<meta property=\"article:published_time\" content=\"2026-05-01T16:19:58+00:00\" \/>\n<meta property=\"article:modified_time\" content=\"2026-06-05T16:26:00+00:00\" \/>\n<meta property=\"og:image\" content=\"https:\/\/www.3lo.walbrzych.pl\/wordpress\/wp-content\/uploads\/2026\/06\/683043614_1592124219580733_6148800940139891002_n.jpg\" \/>\n\t<meta property=\"og:image:width\" content=\"1000\" \/>\n\t<meta property=\"og:image:height\" content=\"667\" \/>\n\t<meta property=\"og:image:type\" content=\"image\/jpeg\" \/>\n<meta name=\"author\" content=\"Micha\u0142 Cetera\" \/>\n<meta name=\"twitter:card\" content=\"summary_large_image\" \/>\n<meta name=\"twitter:label1\" content=\"Napisane przez\" \/>\n\t<meta name=\"twitter:data1\" content=\"Micha\u0142 Cetera\" \/>\n\t<meta name=\"twitter:label2\" content=\"Szacowany czas czytania\" \/>\n\t<meta name=\"twitter:data2\" content=\"4 minuty\" \/>\n<script type=\"application\/ld+json\" class=\"yoast-schema-graph\">{\"@context\":\"https:\\\/\\\/schema.org\",\"@graph\":[{\"@type\":\"Article\",\"@id\":\"https:\\\/\\\/www.3lo.walbrzych.pl\\\/wordpress\\\/zakonczenie-roku-szkolnego-maturzystow\\\/#article\",\"isPartOf\":{\"@id\":\"https:\\\/\\\/www.3lo.walbrzych.pl\\\/wordpress\\\/zakonczenie-roku-szkolnego-maturzystow\\\/\"},\"author\":{\"name\":\"Micha\u0142 Cetera\",\"@id\":\"https:\\\/\\\/www.3lo.walbrzych.pl\\\/wordpress\\\/#\\\/schema\\\/person\\\/ff9afc6eca5e68699c4be1e41f0ec427\"},\"headline\":\"Zako\u0144czenie roku szkolnego maturzyst\u00f3w\",\"datePublished\":\"2026-05-01T16:19:58+00:00\",\"dateModified\":\"2026-06-05T16:26:00+00:00\",\"mainEntityOfPage\":{\"@id\":\"https:\\\/\\\/www.3lo.walbrzych.pl\\\/wordpress\\\/zakonczenie-roku-szkolnego-maturzystow\\\/\"},\"wordCount\":56,\"publisher\":{\"@id\":\"https:\\\/\\\/www.3lo.walbrzych.pl\\\/wordpress\\\/#organization\"},\"image\":{\"@id\":\"https:\\\/\\\/www.3lo.walbrzych.pl\\\/wordpress\\\/zakonczenie-roku-szkolnego-maturzystow\\\/#primaryimage\"},\"thumbnailUrl\":\"https:\\\/\\\/www.3lo.walbrzych.pl\\\/wordpress\\\/wp-content\\\/uploads\\\/2026\\\/06\\\/683043614_1592124219580733_6148800940139891002_n.jpg\",\"articleSection\":[\"Aktualno\u015bci\"],\"inLanguage\":\"pl-PL\"},{\"@type\":\"WebPage\",\"@id\":\"https:\\\/\\\/www.3lo.walbrzych.pl\\\/wordpress\\\/zakonczenie-roku-szkolnego-maturzystow\\\/\",\"url\":\"https:\\\/\\\/www.3lo.walbrzych.pl\\\/wordpress\\\/zakonczenie-roku-szkolnego-maturzystow\\\/\",\"name\":\"Zako\u0144czenie roku szkolnego maturzyst\u00f3w - III Liceum Og\u00f3lnokszta\u0142c\u0105ce im. Miko\u0142aja Kopernika\",\"isPartOf\":{\"@id\":\"https:\\\/\\\/www.3lo.walbrzych.pl\\\/wordpress\\\/#website\"},\"primaryImageOfPage\":{\"@id\":\"https:\\\/\\\/www.3lo.walbrzych.pl\\\/wordpress\\\/zakonczenie-roku-szkolnego-maturzystow\\\/#primaryimage\"},\"image\":{\"@id\":\"https:\\\/\\\/www.3lo.walbrzych.pl\\\/wordpress\\\/zakonczenie-roku-szkolnego-maturzystow\\\/#primaryimage\"},\"thumbnailUrl\":\"https:\\\/\\\/www.3lo.walbrzych.pl\\\/wordpress\\\/wp-content\\\/uploads\\\/2026\\\/06\\\/683043614_1592124219580733_6148800940139891002_n.jpg\",\"datePublished\":\"2026-05-01T16:19:58+00:00\",\"dateModified\":\"2026-06-05T16:26:00+00:00\",\"breadcrumb\":{\"@id\":\"https:\\\/\\\/www.3lo.walbrzych.pl\\\/wordpress\\\/zakonczenie-roku-szkolnego-maturzystow\\\/#breadcrumb\"},\"inLanguage\":\"pl-PL\",\"potentialAction\":[{\"@type\":\"ReadAction\",\"target\":[\"https:\\\/\\\/www.3lo.walbrzych.pl\\\/wordpress\\\/zakonczenie-roku-szkolnego-maturzystow\\\/\"]}]},{\"@type\":\"ImageObject\",\"inLanguage\":\"pl-PL\",\"@id\":\"https:\\\/\\\/www.3lo.walbrzych.pl\\\/wordpress\\\/zakonczenie-roku-szkolnego-maturzystow\\\/#primaryimage\",\"url\":\"https:\\\/\\\/www.3lo.walbrzych.pl\\\/wordpress\\\/wp-content\\\/uploads\\\/2026\\\/06\\\/683043614_1592124219580733_6148800940139891002_n.jpg\",\"contentUrl\":\"https:\\\/\\\/www.3lo.walbrzych.pl\\\/wordpress\\\/wp-content\\\/uploads\\\/2026\\\/06\\\/683043614_1592124219580733_6148800940139891002_n.jpg\",\"width\":1000,\"height\":667},{\"@type\":\"BreadcrumbList\",\"@id\":\"https:\\\/\\\/www.3lo.walbrzych.pl\\\/wordpress\\\/zakonczenie-roku-szkolnego-maturzystow\\\/#breadcrumb\",\"itemListElement\":[{\"@type\":\"ListItem\",\"position\":1,\"name\":\"Strona g\u0142\u00f3wna\",\"item\":\"https:\\\/\\\/www.3lo.walbrzych.pl\\\/wordpress\\\/\"},{\"@type\":\"ListItem\",\"position\":2,\"name\":\"Zako\u0144czenie roku szkolnego maturzyst\u00f3w\"}]},{\"@type\":\"WebSite\",\"@id\":\"https:\\\/\\\/www.3lo.walbrzych.pl\\\/wordpress\\\/#website\",\"url\":\"https:\\\/\\\/www.3lo.walbrzych.pl\\\/wordpress\\\/\",\"name\":\"III Liceum Og\u00f3lnokszta\u0142c\u0105ce im. Miko\u0142aja Kopernika\",\"description\":\"\",\"publisher\":{\"@id\":\"https:\\\/\\\/www.3lo.walbrzych.pl\\\/wordpress\\\/#organization\"},\"potentialAction\":[{\"@type\":\"SearchAction\",\"target\":{\"@type\":\"EntryPoint\",\"urlTemplate\":\"https:\\\/\\\/www.3lo.walbrzych.pl\\\/wordpress\\\/?s={search_term_string}\"},\"query-input\":{\"@type\":\"PropertyValueSpecification\",\"valueRequired\":true,\"valueName\":\"search_term_string\"}}],\"inLanguage\":\"pl-PL\"},{\"@type\":\"Organization\",\"@id\":\"https:\\\/\\\/www.3lo.walbrzych.pl\\\/wordpress\\\/#organization\",\"name\":\"III Liceum Og\u00f3lnokszta\u0142c\u0105ce im. Miko\u0142aja Kopernika\",\"url\":\"https:\\\/\\\/www.3lo.walbrzych.pl\\\/wordpress\\\/\",\"logo\":{\"@type\":\"ImageObject\",\"inLanguage\":\"pl-PL\",\"@id\":\"https:\\\/\\\/www.3lo.walbrzych.pl\\\/wordpress\\\/#\\\/schema\\\/logo\\\/image\\\/\",\"url\":\"https:\\\/\\\/www.3lo.walbrzych.pl\\\/wordpress\\\/wp-content\\\/uploads\\\/2025\\\/09\\\/logo-szkoly-scaled.jpg\",\"contentUrl\":\"https:\\\/\\\/www.3lo.walbrzych.pl\\\/wordpress\\\/wp-content\\\/uploads\\\/2025\\\/09\\\/logo-szkoly-scaled.jpg\",\"width\":2560,\"height\":914,\"caption\":\"III Liceum Og\u00f3lnokszta\u0142c\u0105ce im. Miko\u0142aja Kopernika\"},\"image\":{\"@id\":\"https:\\\/\\\/www.3lo.walbrzych.pl\\\/wordpress\\\/#\\\/schema\\\/logo\\\/image\\\/\"}},{\"@type\":\"Person\",\"@id\":\"https:\\\/\\\/www.3lo.walbrzych.pl\\\/wordpress\\\/#\\\/schema\\\/person\\\/ff9afc6eca5e68699c4be1e41f0ec427\",\"name\":\"Micha\u0142 Cetera\",\"url\":\"https:\\\/\\\/www.3lo.walbrzych.pl\\\/wordpress\\\/author\\\/mcetera\\\/\"}]}<\/script>\n<!-- \/ Yoast SEO plugin. -->","yoast_head_json":{"title":"Zako\u0144czenie roku szkolnego maturzyst\u00f3w - III Liceum Og\u00f3lnokszta\u0142c\u0105ce im. Miko\u0142aja Kopernika","robots":{"index":"index","follow":"follow","max-snippet":"max-snippet:-1","max-image-preview":"max-image-preview:large","max-video-preview":"max-video-preview:-1"},"canonical":"https:\/\/www.3lo.walbrzych.pl\/wordpress\/zakonczenie-roku-szkolnego-maturzystow\/","og_locale":"pl_PL","og_type":"article","og_title":"Zako\u0144czenie roku szkolnego maturzyst\u00f3w - III Liceum Og\u00f3lnokszta\u0142c\u0105ce im. Miko\u0142aja Kopernika","og_description":"Jeden ze szcz\u0119\u015bliwych ojc\u00f3w powiedzia\u0142 w pi\u0105tek, \u017ce teraz dla absolwent\u00f3w jest najwspanialszy czas: cztery miesi\u0105ce wakacji, \u017cadnych obowi\u0105zk\u00f3w, podatk\u00f3w i tym podobnych. Chyba zapomnia\u0142 co maj\u0105 za tydzie\u0144: MATUR\u0118!!! Ale rozumiemy go, dla naszych absolwent\u00f3w to tylko formalno\u015b\u0107. Powodzenia kochani!!!","og_url":"https:\/\/www.3lo.walbrzych.pl\/wordpress\/zakonczenie-roku-szkolnego-maturzystow\/","og_site_name":"III Liceum Og\u00f3lnokszta\u0142c\u0105ce im. Miko\u0142aja Kopernika","article_published_time":"2026-05-01T16:19:58+00:00","article_modified_time":"2026-06-05T16:26:00+00:00","og_image":[{"width":1000,"height":667,"url":"https:\/\/www.3lo.walbrzych.pl\/wordpress\/wp-content\/uploads\/2026\/06\/683043614_1592124219580733_6148800940139891002_n.jpg","type":"image\/jpeg"}],"author":"Micha\u0142 Cetera","twitter_card":"summary_large_image","twitter_misc":{"Napisane przez":"Micha\u0142 Cetera","Szacowany czas czytania":"4 minuty"},"schema":{"@context":"https:\/\/schema.org","@graph":[{"@type":"Article","@id":"https:\/\/www.3lo.walbrzych.pl\/wordpress\/zakonczenie-roku-szkolnego-maturzystow\/#article","isPartOf":{"@id":"https:\/\/www.3lo.walbrzych.pl\/wordpress\/zakonczenie-roku-szkolnego-maturzystow\/"},"author":{"name":"Micha\u0142 Cetera","@id":"https:\/\/www.3lo.walbrzych.pl\/wordpress\/#\/schema\/person\/ff9afc6eca5e68699c4be1e41f0ec427"},"headline":"Zako\u0144czenie roku szkolnego maturzyst\u00f3w","datePublished":"2026-05-01T16:19:58+00:00","dateModified":"2026-06-05T16:26:00+00:00","mainEntityOfPage":{"@id":"https:\/\/www.3lo.walbrzych.pl\/wordpress\/zakonczenie-roku-szkolnego-maturzystow\/"},"wordCount":56,"publisher":{"@id":"https:\/\/www.3lo.walbrzych.pl\/wordpress\/#organization"},"image":{"@id":"https:\/\/www.3lo.walbrzych.pl\/wordpress\/zakonczenie-roku-szkolnego-maturzystow\/#primaryimage"},"thumbnailUrl":"https:\/\/www.3lo.walbrzych.pl\/wordpress\/wp-content\/uploads\/2026\/06\/683043614_1592124219580733_6148800940139891002_n.jpg","articleSection":["Aktualno\u015bci"],"inLanguage":"pl-PL"},{"@type":"WebPage","@id":"https:\/\/www.3lo.walbrzych.pl\/wordpress\/zakonczenie-roku-szkolnego-maturzystow\/","url":"https:\/\/www.3lo.walbrzych.pl\/wordpress\/zakonczenie-roku-szkolnego-maturzystow\/","name":"Zako\u0144czenie roku szkolnego maturzyst\u00f3w - III Liceum Og\u00f3lnokszta\u0142c\u0105ce im. Miko\u0142aja Kopernika","isPartOf":{"@id":"https:\/\/www.3lo.walbrzych.pl\/wordpress\/#website"},"primaryImageOfPage":{"@id":"https:\/\/www.3lo.walbrzych.pl\/wordpress\/zakonczenie-roku-szkolnego-maturzystow\/#primaryimage"},"image":{"@id":"https:\/\/www.3lo.walbrzych.pl\/wordpress\/zakonczenie-roku-szkolnego-maturzystow\/#primaryimage"},"thumbnailUrl":"https:\/\/www.3lo.walbrzych.pl\/wordpress\/wp-content\/uploads\/2026\/06\/683043614_1592124219580733_6148800940139891002_n.jpg","datePublished":"2026-05-01T16:19:58+00:00","dateModified":"2026-06-05T16:26:00+00:00","breadcrumb":{"@id":"https:\/\/www.3lo.walbrzych.pl\/wordpress\/zakonczenie-roku-szkolnego-maturzystow\/#breadcrumb"},"inLanguage":"pl-PL","potentialAction":[{"@type":"ReadAction","target":["https:\/\/www.3lo.walbrzych.pl\/wordpress\/zakonczenie-roku-szkolnego-maturzystow\/"]}]},{"@type":"ImageObject","inLanguage":"pl-PL","@id":"https:\/\/www.3lo.walbrzych.pl\/wordpress\/zakonczenie-roku-szkolnego-maturzystow\/#primaryimage","url":"https:\/\/www.3lo.walbrzych.pl\/wordpress\/wp-content\/uploads\/2026\/06\/683043614_1592124219580733_6148800940139891002_n.jpg","contentUrl":"https:\/\/www.3lo.walbrzych.pl\/wordpress\/wp-content\/uploads\/2026\/06\/683043614_1592124219580733_6148800940139891002_n.jpg","width":1000,"height":667},{"@type":"BreadcrumbList","@id":"https:\/\/www.3lo.walbrzych.pl\/wordpress\/zakonczenie-roku-szkolnego-maturzystow\/#breadcrumb","itemListElement":[{"@type":"ListItem","position":1,"name":"Strona g\u0142\u00f3wna","item":"https:\/\/www.3lo.walbrzych.pl\/wordpress\/"},{"@type":"ListItem","position":2,"name":"Zako\u0144czenie roku szkolnego maturzyst\u00f3w"}]},{"@type":"WebSite","@id":"https:\/\/www.3lo.walbrzych.pl\/wordpress\/#website","url":"https:\/\/www.3lo.walbrzych.pl\/wordpress\/","name":"III Liceum Og\u00f3lnokszta\u0142c\u0105ce im. Miko\u0142aja Kopernika","description":"","publisher":{"@id":"https:\/\/www.3lo.walbrzych.pl\/wordpress\/#organization"},"potentialAction":[{"@type":"SearchAction","target":{"@type":"EntryPoint","urlTemplate":"https:\/\/www.3lo.walbrzych.pl\/wordpress\/?s={search_term_string}"},"query-input":{"@type":"PropertyValueSpecification","valueRequired":true,"valueName":"search_term_string"}}],"inLanguage":"pl-PL"},{"@type":"Organization","@id":"https:\/\/www.3lo.walbrzych.pl\/wordpress\/#organization","name":"III Liceum Og\u00f3lnokszta\u0142c\u0105ce im. Miko\u0142aja Kopernika","url":"https:\/\/www.3lo.walbrzych.pl\/wordpress\/","logo":{"@type":"ImageObject","inLanguage":"pl-PL","@id":"https:\/\/www.3lo.walbrzych.pl\/wordpress\/#\/schema\/logo\/image\/","url":"https:\/\/www.3lo.walbrzych.pl\/wordpress\/wp-content\/uploads\/2025\/09\/logo-szkoly-scaled.jpg","contentUrl":"https:\/\/www.3lo.walbrzych.pl\/wordpress\/wp-content\/uploads\/2025\/09\/logo-szkoly-scaled.jpg","width":2560,"height":914,"caption":"III Liceum Og\u00f3lnokszta\u0142c\u0105ce im. Miko\u0142aja Kopernika"},"image":{"@id":"https:\/\/www.3lo.walbrzych.pl\/wordpress\/#\/schema\/logo\/image\/"}},{"@type":"Person","@id":"https:\/\/www.3lo.walbrzych.pl\/wordpress\/#\/schema\/person\/ff9afc6eca5e68699c4be1e41f0ec427","name":"Micha\u0142 Cetera","url":"https:\/\/www.3lo.walbrzych.pl\/wordpress\/author\/mcetera\/"}]}},"_links":{"self":[{"href":"https:\/\/www.3lo.walbrzych.pl\/wordpress\/wp-json\/wp\/v2\/posts\/8491","targetHints":{"allow":["GET"]}}],"collection":[{"href":"https:\/\/www.3lo.walbrzych.pl\/wordpress\/wp-json\/wp\/v2\/posts"}],"about":[{"href":"https:\/\/www.3lo.walbrzych.pl\/wordpress\/wp-json\/wp\/v2\/types\/post"}],"author":[{"embeddable":true,"href":"https:\/\/www.3lo.walbrzych.pl\/wordpress\/wp-json\/wp\/v2\/users\/48"}],"replies":[{"embeddable":true,"href":"https:\/\/www.3lo.walbrzych.pl\/wordpress\/wp-json\/wp\/v2\/comments?post=8491"}],"version-history":[{"count":1,"href":"https:\/\/www.3lo.walbrzych.pl\/wordpress\/wp-json\/wp\/v2\/posts\/8491\/revisions"}],"predecessor-version":[{"id":8507,"href":"https:\/\/www.3lo.walbrzych.pl\/wordpress\/wp-json\/wp\/v2\/posts\/8491\/revisions\/8507"}],"wp:featuredmedia":[{"embeddable":true,"href":"https:\/\/www.3lo.walbrzych.pl\/wordpress\/wp-json\/wp\/v2\/media\/8492"}],"wp:attachment":[{"href":"https:\/\/www.3lo.walbrzych.pl\/wordpress\/wp-json\/wp\/v2\/media?parent=8491"}],"wp:term":[{"taxonomy":"category","embeddable":true,"href":"https:\/\/www.3lo.walbrzych.pl\/wordpress\/wp-json\/wp\/v2\/categories?post=8491"},{"taxonomy":"post_tag","embeddable":true,"href":"https:\/\/www.3lo.walbrzych.pl\/wordpress\/wp-json\/wp\/v2\/tags?post=8491"}],"curies":[{"name":"wp","href":"https:\/\/api.w.org\/{rel}","templated":true}]}}